{"id":143223,"date":"2024-11-13T08:50:21","date_gmt":"2024-11-13T15:50:21","guid":{"rendered":"https:\/\/nbcs.mx\/?p=143223"},"modified":"2024-11-12T18:53:13","modified_gmt":"2024-11-13T01:53:13","slug":"todos-santos-se-consolida-como-referente-turistico-en-el-festival-de-pueblos-magicos","status":"publish","type":"post","link":"https:\/\/nbcs.mx\/?p=143223","title":{"rendered":"Todos Santos se consolida como referente tur\u00edstico en el Festival de Pueblos M\u00e1gicos"},"content":{"rendered":"<p style=\"font-weight: 400; text-align: justify;\"><img loading=\"lazy\" decoding=\"async\" class=\" wp-image-143224 alignleft\" src=\"https:\/\/nbcs.mx\/wp-content\/uploads\/2024\/11\/Todos-Santos-se-consolida-como-referente-turistico-en-el-Festival-de-Pueblos-Magicos-755x492.jpeg\" alt=\"\" width=\"358\" height=\"233\" srcset=\"https:\/\/nbcs.mx\/wp-content\/uploads\/2024\/11\/Todos-Santos-se-consolida-como-referente-turistico-en-el-Festival-de-Pueblos-Magicos-755x492.jpeg 755w, https:\/\/nbcs.mx\/wp-content\/uploads\/2024\/11\/Todos-Santos-se-consolida-como-referente-turistico-en-el-Festival-de-Pueblos-Magicos-1024x667.jpeg 1024w, https:\/\/nbcs.mx\/wp-content\/uploads\/2024\/11\/Todos-Santos-se-consolida-como-referente-turistico-en-el-Festival-de-Pueblos-Magicos-150x98.jpeg 150w, https:\/\/nbcs.mx\/wp-content\/uploads\/2024\/11\/Todos-Santos-se-consolida-como-referente-turistico-en-el-Festival-de-Pueblos-Magicos-768x500.jpeg 768w, https:\/\/nbcs.mx\/wp-content\/uploads\/2024\/11\/Todos-Santos-se-consolida-como-referente-turistico-en-el-Festival-de-Pueblos-Magicos-1536x1000.jpeg 1536w, https:\/\/nbcs.mx\/wp-content\/uploads\/2024\/11\/Todos-Santos-se-consolida-como-referente-turistico-en-el-Festival-de-Pueblos-Magicos.jpeg 1600w\" sizes=\"auto, (max-width: 358px) 100vw, 358px\" \/>Todos Santos se consolid\u00f3 como referente tur\u00edstico a nivel nacional e internacional durante la segunda edici\u00f3n del\u00a0 Festival de Pueblos M\u00e1gicos del Golfo de California, que se llev\u00f3 a cabo en Ures, Sonora, con la visita de m\u00e1s de mil personas que se acercaron para conocer m\u00e1s sobre este destino, destac\u00f3 la Directora Municipal de Turismo, Natalia Ruffo Cata\u00f1o.<\/p>\n<p style=\"font-weight: 400; text-align: justify;\">\n<p style=\"font-weight: 400; text-align: justify;\">En ese sentido, asegur\u00f3 que promover el crecimiento econ\u00f3mico, lograr el desarrollo integral y sustentable de esta comunidad, es fundamental para la administraci\u00f3n que encabeza la Alcaldesa, Milena Quiroga Romero, por lo que en este festival se mostr\u00f3 no solo su belleza natural y hospitalidad, sino tambi\u00e9n su compromiso con la promoci\u00f3n cultural y tur\u00edstica.<\/p>\n<p style=\"font-weight: 400; text-align: justify;\">\n<p style=\"font-weight: 400; text-align: justify;\">\u201cTuvimos la oportunidad de promover a Todos Santos desde lo regional, 1,013 personas nos visitaron durante la exhibici\u00f3n en la que pudimos platicarles sobre todos los servicios tur\u00edsticos y atractivos con los que contamos\u201d, puntualiz\u00f3 la Directora Municipal de Turismo.<\/p>\n<p style=\"font-weight: 400; text-align: justify;\">\n<p style=\"font-weight: 400; text-align: justify;\">Para concluir, Ruffo Casta\u00f1o, destac\u00f3 que se promocionaron artesan\u00edas, productos gastron\u00f3micos y servicios tur\u00edsticos, atrayendo a numerosos visitantes interesados en viajar a la localidad, fortaleciendo as\u00ed su posici\u00f3n como uno de los destinos tur\u00edsticos m\u00e1s apreciados del municipio de La Paz.<\/p>\n","protected":false},"excerpt":{"rendered":"<p>Todos Santos se consolid\u00f3 como referente tur\u00edstico a nivel nacional e internacional durante la segunda edici\u00f3n del\u00a0 Festival de Pueblos<\/p>\n","protected":false},"author":1,"featured_media":143224,"comment_status":"open","ping_status":"closed","sticky":false,"template":"","format":"standard","meta":{"colormag_page_container_layout":"default_layout","colormag_page_sidebar_layout":"default_layout","_jetpack_memberships_contains_paid_content":false,"footnotes":"","jetpack_publicize_message":"","jetpack_publicize_feature_enabled":true,"jetpack_social_post_already_shared":true,"jetpack_social_options":{"image_generator_settings":{"template":"highway","default_image_id":0,"font":"","enabled":false},"version":2}},"categories":[40],"tags":[],"class_list":["post-143223","post","type-post","status-publish","format-standard","has-post-thumbnail","hentry","category-municipios"],"yoast_head":"<!-- This site is optimized with the Yoast SEO plugin v27.5 - https:\/\/yoast.com\/product\/yoast-seo-wordpress\/ -->\n<title>Todos Santos se consolida como referente tur\u00edstico en el Festival de Pueblos M\u00e1gicos - NBCS Noticias<\/title>\n<meta name=\"robots\" content=\"index, follow, max-snippet:-1, max-image-preview:large, max-video-preview:-1\" \/>\n<link rel=\"canonical\" href=\"https:\/\/nbcs.mx\/?p=143223\" \/>\n<meta property=\"og:locale\" content=\"es_ES\" \/>\n<meta property=\"og:type\" content=\"article\" \/>\n<meta property=\"og:title\" content=\"Todos Santos se consolida como referente tur\u00edstico en el Festival de Pueblos M\u00e1gicos - NBCS Noticias\" \/>\n<meta property=\"og:description\" content=\"Todos Santos se consolid\u00f3 como referente tur\u00edstico a nivel nacional e internacional durante la segunda edici\u00f3n del\u00a0 Festival de Pueblos\" \/>\n<meta property=\"og:url\" content=\"https:\/\/nbcs.mx\/?p=143223\" \/>\n<meta property=\"og:site_name\" content=\"NBCS Noticias\" \/>\n<meta property=\"article:publisher\" content=\"https:\/\/www.facebook.com\/NBCSnoticias\" \/>\n<meta property=\"article:author\" content=\"https:\/\/www.facebook.com\/NBCSnoticias\" \/>\n<meta property=\"article:published_time\" content=\"2024-11-13T15:50:21+00:00\" \/>\n<meta property=\"og:image\" content=\"https:\/\/nbcs.mx\/wp-content\/uploads\/2024\/11\/Todos-Santos-se-consolida-como-referente-turistico-en-el-Festival-de-Pueblos-Magicos.jpeg\" \/>\n\t<meta property=\"og:image:width\" content=\"1600\" \/>\n\t<meta property=\"og:image:height\" content=\"1042\" \/>\n\t<meta property=\"og:image:type\" content=\"image\/jpeg\" \/>\n<meta name=\"author\" content=\"NBCS Noticias\" \/>\n<meta name=\"twitter:card\" content=\"summary_large_image\" \/>\n<meta name=\"twitter:creator\" content=\"@https:\/\/twitter.com\/NBCSnoticias\" \/>\n<meta name=\"twitter:site\" content=\"@NBCSnoticias\" \/>\n<meta name=\"twitter:label1\" content=\"Escrito por\" \/>\n\t<meta name=\"twitter:data1\" content=\"NBCS Noticias\" \/>\n\t<meta name=\"twitter:label2\" content=\"Tiempo de lectura\" \/>\n\t<meta name=\"twitter:data2\" content=\"2 minutos\" \/>\n<script type=\"application\/ld+json\" class=\"yoast-schema-graph\">{\"@context\":\"https:\\\/\\\/schema.org\",\"@graph\":[{\"@type\":\"Article\",\"@id\":\"https:\\\/\\\/nbcs.mx\\\/?p=143223#article\",\"isPartOf\":{\"@id\":\"https:\\\/\\\/nbcs.mx\\\/?p=143223\"},\"author\":{\"name\":\"NBCS Noticias\",\"@id\":\"https:\\\/\\\/nbcs.mx\\\/#\\\/schema\\\/person\\\/ece58bab9a7c1e87a4d28ec9ecd79ff4\"},\"headline\":\"Todos Santos se consolida como referente tur\u00edstico en el Festival de Pueblos M\u00e1gicos\",\"datePublished\":\"2024-11-13T15:50:21+00:00\",\"mainEntityOfPage\":{\"@id\":\"https:\\\/\\\/nbcs.mx\\\/?p=143223\"},\"wordCount\":229,\"commentCount\":0,\"publisher\":{\"@id\":\"https:\\\/\\\/nbcs.mx\\\/#organization\"},\"image\":{\"@id\":\"https:\\\/\\\/nbcs.mx\\\/?p=143223#primaryimage\"},\"thumbnailUrl\":\"https:\\\/\\\/nbcs.mx\\\/wp-content\\\/uploads\\\/2024\\\/11\\\/Todos-Santos-se-consolida-como-referente-turistico-en-el-Festival-de-Pueblos-Magicos.jpeg\",\"articleSection\":[\"Municipios\"],\"inLanguage\":\"es\",\"potentialAction\":[{\"@type\":\"CommentAction\",\"name\":\"Comment\",\"target\":[\"https:\\\/\\\/nbcs.mx\\\/?p=143223#respond\"]}]},{\"@type\":\"WebPage\",\"@id\":\"https:\\\/\\\/nbcs.mx\\\/?p=143223\",\"url\":\"https:\\\/\\\/nbcs.mx\\\/?p=143223\",\"name\":\"Todos Santos se consolida como referente tur\u00edstico en el Festival de Pueblos M\u00e1gicos - NBCS Noticias\",\"isPartOf\":{\"@id\":\"https:\\\/\\\/nbcs.mx\\\/#website\"},\"primaryImageOfPage\":{\"@id\":\"https:\\\/\\\/nbcs.mx\\\/?p=143223#primaryimage\"},\"image\":{\"@id\":\"https:\\\/\\\/nbcs.mx\\\/?p=143223#primaryimage\"},\"thumbnailUrl\":\"https:\\\/\\\/nbcs.mx\\\/wp-content\\\/uploads\\\/2024\\\/11\\\/Todos-Santos-se-consolida-como-referente-turistico-en-el-Festival-de-Pueblos-Magicos.jpeg\",\"datePublished\":\"2024-11-13T15:50:21+00:00\",\"breadcrumb\":{\"@id\":\"https:\\\/\\\/nbcs.mx\\\/?p=143223#breadcrumb\"},\"inLanguage\":\"es\",\"potentialAction\":[{\"@type\":\"ReadAction\",\"target\":[\"https:\\\/\\\/nbcs.mx\\\/?p=143223\"]}]},{\"@type\":\"ImageObject\",\"inLanguage\":\"es\",\"@id\":\"https:\\\/\\\/nbcs.mx\\\/?p=143223#primaryimage\",\"url\":\"https:\\\/\\\/nbcs.mx\\\/wp-content\\\/uploads\\\/2024\\\/11\\\/Todos-Santos-se-consolida-como-referente-turistico-en-el-Festival-de-Pueblos-Magicos.jpeg\",\"contentUrl\":\"https:\\\/\\\/nbcs.mx\\\/wp-content\\\/uploads\\\/2024\\\/11\\\/Todos-Santos-se-consolida-como-referente-turistico-en-el-Festival-de-Pueblos-Magicos.jpeg\",\"width\":1600,\"height\":1042},{\"@type\":\"BreadcrumbList\",\"@id\":\"https:\\\/\\\/nbcs.mx\\\/?p=143223#breadcrumb\",\"itemListElement\":[{\"@type\":\"ListItem\",\"position\":1,\"name\":\"Portada\",\"item\":\"https:\\\/\\\/nbcs.mx\\\/\"},{\"@type\":\"ListItem\",\"position\":2,\"name\":\"Todos Santos se consolida como referente tur\u00edstico en el Festival de Pueblos M\u00e1gicos\"}]},{\"@type\":\"WebSite\",\"@id\":\"https:\\\/\\\/nbcs.mx\\\/#website\",\"url\":\"https:\\\/\\\/nbcs.mx\\\/\",\"name\":\"NBCS Noticias\",\"description\":\"Sitio web de noticias en Baja California Sur\",\"publisher\":{\"@id\":\"https:\\\/\\\/nbcs.mx\\\/#organization\"},\"potentialAction\":[{\"@type\":\"SearchAction\",\"target\":{\"@type\":\"EntryPoint\",\"urlTemplate\":\"https:\\\/\\\/nbcs.mx\\\/?s={search_term_string}\"},\"query-input\":{\"@type\":\"PropertyValueSpecification\",\"valueRequired\":true,\"valueName\":\"search_term_string\"}}],\"inLanguage\":\"es\"},{\"@type\":\"Organization\",\"@id\":\"https:\\\/\\\/nbcs.mx\\\/#organization\",\"name\":\"NBCS Noticias\",\"url\":\"https:\\\/\\\/nbcs.mx\\\/\",\"logo\":{\"@type\":\"ImageObject\",\"inLanguage\":\"es\",\"@id\":\"https:\\\/\\\/nbcs.mx\\\/#\\\/schema\\\/logo\\\/image\\\/\",\"url\":\"https:\\\/\\\/nbcs.mx\\\/wp-content\\\/uploads\\\/2018\\\/09\\\/057b69485e93575a5c2b1c1dde2dd297.jpeg\",\"contentUrl\":\"https:\\\/\\\/nbcs.mx\\\/wp-content\\\/uploads\\\/2018\\\/09\\\/057b69485e93575a5c2b1c1dde2dd297.jpeg\",\"width\":64,\"height\":64,\"caption\":\"NBCS Noticias\"},\"image\":{\"@id\":\"https:\\\/\\\/nbcs.mx\\\/#\\\/schema\\\/logo\\\/image\\\/\"},\"sameAs\":[\"https:\\\/\\\/www.facebook.com\\\/NBCSnoticias\",\"https:\\\/\\\/x.com\\\/NBCSnoticias\"]},{\"@type\":\"Person\",\"@id\":\"https:\\\/\\\/nbcs.mx\\\/#\\\/schema\\\/person\\\/ece58bab9a7c1e87a4d28ec9ecd79ff4\",\"name\":\"NBCS Noticias\",\"image\":{\"@type\":\"ImageObject\",\"inLanguage\":\"es\",\"@id\":\"https:\\\/\\\/secure.gravatar.com\\\/avatar\\\/4e52110cad1c4054b43271a0d14bbe9e2ea76aecd0e1097edfc670798d9ca1d4?s=96&d=blank&r=g\",\"url\":\"https:\\\/\\\/secure.gravatar.com\\\/avatar\\\/4e52110cad1c4054b43271a0d14bbe9e2ea76aecd0e1097edfc670798d9ca1d4?s=96&d=blank&r=g\",\"contentUrl\":\"https:\\\/\\\/secure.gravatar.com\\\/avatar\\\/4e52110cad1c4054b43271a0d14bbe9e2ea76aecd0e1097edfc670798d9ca1d4?s=96&d=blank&r=g\",\"caption\":\"NBCS Noticias\"},\"description\":\"\u00bfTienes fotos o video de alg\u00fan acto de posible negligencia, corrupci\u00f3n y abuso de autoridad? M\u00e1ndalo al WhatsApp de NBCS Noticias: 612 141 98 08\",\"sameAs\":[\"https:\\\/\\\/www.nbcs.mx\",\"https:\\\/\\\/www.facebook.com\\\/NBCSnoticias\",\"https:\\\/\\\/www.instagram.com\\\/nbcsnoticias\\\/\",\"https:\\\/\\\/x.com\\\/https:\\\/\\\/twitter.com\\\/NBCSnoticias\"]}]}<\/script>\n<!-- \/ Yoast SEO plugin. -->","yoast_head_json":{"title":"Todos Santos se consolida como referente tur\u00edstico en el Festival de Pueblos M\u00e1gicos - NBCS Noticias","robots":{"index":"index","follow":"follow","max-snippet":"max-snippet:-1","max-image-preview":"max-image-preview:large","max-video-preview":"max-video-preview:-1"},"canonical":"https:\/\/nbcs.mx\/?p=143223","og_locale":"es_ES","og_type":"article","og_title":"Todos Santos se consolida como referente tur\u00edstico en el Festival de Pueblos M\u00e1gicos - NBCS Noticias","og_description":"Todos Santos se consolid\u00f3 como referente tur\u00edstico a nivel nacional e internacional durante la segunda edici\u00f3n del\u00a0 Festival de Pueblos","og_url":"https:\/\/nbcs.mx\/?p=143223","og_site_name":"NBCS Noticias","article_publisher":"https:\/\/www.facebook.com\/NBCSnoticias","article_author":"https:\/\/www.facebook.com\/NBCSnoticias","article_published_time":"2024-11-13T15:50:21+00:00","og_image":[{"width":1600,"height":1042,"url":"https:\/\/nbcs.mx\/wp-content\/uploads\/2024\/11\/Todos-Santos-se-consolida-como-referente-turistico-en-el-Festival-de-Pueblos-Magicos.jpeg","type":"image\/jpeg"}],"author":"NBCS Noticias","twitter_card":"summary_large_image","twitter_creator":"@https:\/\/twitter.com\/NBCSnoticias","twitter_site":"@NBCSnoticias","twitter_misc":{"Escrito por":"NBCS Noticias","Tiempo de lectura":"2 minutos"},"schema":{"@context":"https:\/\/schema.org","@graph":[{"@type":"Article","@id":"https:\/\/nbcs.mx\/?p=143223#article","isPartOf":{"@id":"https:\/\/nbcs.mx\/?p=143223"},"author":{"name":"NBCS Noticias","@id":"https:\/\/nbcs.mx\/#\/schema\/person\/ece58bab9a7c1e87a4d28ec9ecd79ff4"},"headline":"Todos Santos se consolida como referente tur\u00edstico en el Festival de Pueblos M\u00e1gicos","datePublished":"2024-11-13T15:50:21+00:00","mainEntityOfPage":{"@id":"https:\/\/nbcs.mx\/?p=143223"},"wordCount":229,"commentCount":0,"publisher":{"@id":"https:\/\/nbcs.mx\/#organization"},"image":{"@id":"https:\/\/nbcs.mx\/?p=143223#primaryimage"},"thumbnailUrl":"https:\/\/nbcs.mx\/wp-content\/uploads\/2024\/11\/Todos-Santos-se-consolida-como-referente-turistico-en-el-Festival-de-Pueblos-Magicos.jpeg","articleSection":["Municipios"],"inLanguage":"es","potentialAction":[{"@type":"CommentAction","name":"Comment","target":["https:\/\/nbcs.mx\/?p=143223#respond"]}]},{"@type":"WebPage","@id":"https:\/\/nbcs.mx\/?p=143223","url":"https:\/\/nbcs.mx\/?p=143223","name":"Todos Santos se consolida como referente tur\u00edstico en el Festival de Pueblos M\u00e1gicos - NBCS Noticias","isPartOf":{"@id":"https:\/\/nbcs.mx\/#website"},"primaryImageOfPage":{"@id":"https:\/\/nbcs.mx\/?p=143223#primaryimage"},"image":{"@id":"https:\/\/nbcs.mx\/?p=143223#primaryimage"},"thumbnailUrl":"https:\/\/nbcs.mx\/wp-content\/uploads\/2024\/11\/Todos-Santos-se-consolida-como-referente-turistico-en-el-Festival-de-Pueblos-Magicos.jpeg","datePublished":"2024-11-13T15:50:21+00:00","breadcrumb":{"@id":"https:\/\/nbcs.mx\/?p=143223#breadcrumb"},"inLanguage":"es","potentialAction":[{"@type":"ReadAction","target":["https:\/\/nbcs.mx\/?p=143223"]}]},{"@type":"ImageObject","inLanguage":"es","@id":"https:\/\/nbcs.mx\/?p=143223#primaryimage","url":"https:\/\/nbcs.mx\/wp-content\/uploads\/2024\/11\/Todos-Santos-se-consolida-como-referente-turistico-en-el-Festival-de-Pueblos-Magicos.jpeg","contentUrl":"https:\/\/nbcs.mx\/wp-content\/uploads\/2024\/11\/Todos-Santos-se-consolida-como-referente-turistico-en-el-Festival-de-Pueblos-Magicos.jpeg","width":1600,"height":1042},{"@type":"BreadcrumbList","@id":"https:\/\/nbcs.mx\/?p=143223#breadcrumb","itemListElement":[{"@type":"ListItem","position":1,"name":"Portada","item":"https:\/\/nbcs.mx\/"},{"@type":"ListItem","position":2,"name":"Todos Santos se consolida como referente tur\u00edstico en el Festival de Pueblos M\u00e1gicos"}]},{"@type":"WebSite","@id":"https:\/\/nbcs.mx\/#website","url":"https:\/\/nbcs.mx\/","name":"NBCS Noticias","description":"Sitio web de noticias en Baja California Sur","publisher":{"@id":"https:\/\/nbcs.mx\/#organization"},"potentialAction":[{"@type":"SearchAction","target":{"@type":"EntryPoint","urlTemplate":"https:\/\/nbcs.mx\/?s={search_term_string}"},"query-input":{"@type":"PropertyValueSpecification","valueRequired":true,"valueName":"search_term_string"}}],"inLanguage":"es"},{"@type":"Organization","@id":"https:\/\/nbcs.mx\/#organization","name":"NBCS Noticias","url":"https:\/\/nbcs.mx\/","logo":{"@type":"ImageObject","inLanguage":"es","@id":"https:\/\/nbcs.mx\/#\/schema\/logo\/image\/","url":"https:\/\/nbcs.mx\/wp-content\/uploads\/2018\/09\/057b69485e93575a5c2b1c1dde2dd297.jpeg","contentUrl":"https:\/\/nbcs.mx\/wp-content\/uploads\/2018\/09\/057b69485e93575a5c2b1c1dde2dd297.jpeg","width":64,"height":64,"caption":"NBCS Noticias"},"image":{"@id":"https:\/\/nbcs.mx\/#\/schema\/logo\/image\/"},"sameAs":["https:\/\/www.facebook.com\/NBCSnoticias","https:\/\/x.com\/NBCSnoticias"]},{"@type":"Person","@id":"https:\/\/nbcs.mx\/#\/schema\/person\/ece58bab9a7c1e87a4d28ec9ecd79ff4","name":"NBCS Noticias","image":{"@type":"ImageObject","inLanguage":"es","@id":"https:\/\/secure.gravatar.com\/avatar\/4e52110cad1c4054b43271a0d14bbe9e2ea76aecd0e1097edfc670798d9ca1d4?s=96&d=blank&r=g","url":"https:\/\/secure.gravatar.com\/avatar\/4e52110cad1c4054b43271a0d14bbe9e2ea76aecd0e1097edfc670798d9ca1d4?s=96&d=blank&r=g","contentUrl":"https:\/\/secure.gravatar.com\/avatar\/4e52110cad1c4054b43271a0d14bbe9e2ea76aecd0e1097edfc670798d9ca1d4?s=96&d=blank&r=g","caption":"NBCS Noticias"},"description":"\u00bfTienes fotos o video de alg\u00fan acto de posible negligencia, corrupci\u00f3n y abuso de autoridad? M\u00e1ndalo al WhatsApp de NBCS Noticias: 612 141 98 08","sameAs":["https:\/\/www.nbcs.mx","https:\/\/www.facebook.com\/NBCSnoticias","https:\/\/www.instagram.com\/nbcsnoticias\/","https:\/\/x.com\/https:\/\/twitter.com\/NBCSnoticias"]}]}},"jetpack_publicize_connections":[],"jetpack_featured_media_url":"https:\/\/nbcs.mx\/wp-content\/uploads\/2024\/11\/Todos-Santos-se-consolida-como-referente-turistico-en-el-Festival-de-Pueblos-Magicos.jpeg","jetpack_sharing_enabled":true,"_links":{"self":[{"href":"https:\/\/nbcs.mx\/index.php?rest_route=\/wp\/v2\/posts\/143223","targetHints":{"allow":["GET"]}}],"collection":[{"href":"https:\/\/nbcs.mx\/index.php?rest_route=\/wp\/v2\/posts"}],"about":[{"href":"https:\/\/nbcs.mx\/index.php?rest_route=\/wp\/v2\/types\/post"}],"author":[{"embeddable":true,"href":"https:\/\/nbcs.mx\/index.php?rest_route=\/wp\/v2\/users\/1"}],"replies":[{"embeddable":true,"href":"https:\/\/nbcs.mx\/index.php?rest_route=%2Fwp%2Fv2%2Fcomments&post=143223"}],"version-history":[{"count":1,"href":"https:\/\/nbcs.mx\/index.php?rest_route=\/wp\/v2\/posts\/143223\/revisions"}],"predecessor-version":[{"id":143225,"href":"https:\/\/nbcs.mx\/index.php?rest_route=\/wp\/v2\/posts\/143223\/revisions\/143225"}],"wp:featuredmedia":[{"embeddable":true,"href":"https:\/\/nbcs.mx\/index.php?rest_route=\/wp\/v2\/media\/143224"}],"wp:attachment":[{"href":"https:\/\/nbcs.mx\/index.php?rest_route=%2Fwp%2Fv2%2Fmedia&parent=143223"}],"wp:term":[{"taxonomy":"category","embeddable":true,"href":"https:\/\/nbcs.mx\/index.php?rest_route=%2Fwp%2Fv2%2Fcategories&post=143223"},{"taxonomy":"post_tag","embeddable":true,"href":"https:\/\/nbcs.mx\/index.php?rest_route=%2Fwp%2Fv2%2Ftags&post=143223"}],"curies":[{"name":"wp","href":"https:\/\/api.w.org\/{rel}","templated":true}]}}