{"id":143546,"date":"2024-11-22T08:03:23","date_gmt":"2024-11-22T15:03:23","guid":{"rendered":"https:\/\/nbcs.mx\/?p=143546"},"modified":"2024-11-22T08:03:37","modified_gmt":"2024-11-22T15:03:37","slug":"buro-politico-transformacion-y-desafios","status":"publish","type":"post","link":"https:\/\/nbcs.mx\/?p=143546","title":{"rendered":"BUR\u00d3 POL\u00cdTICO\/ \u00a1TRANSFORMACI\u00d3N Y DESAF\u00cdOS!"},"content":{"rendered":"<p style=\"text-align: justify;\"><img loading=\"lazy\" decoding=\"async\" class=\" wp-image-110097 alignleft\" src=\"https:\/\/nbcs.mx\/wp-content\/uploads\/2022\/07\/GOBERNADOR-VICTOR-MANUEL-CASTRO-COSIO-1-755x462.jpeg\" alt=\"\" width=\"389\" height=\"238\" srcset=\"https:\/\/nbcs.mx\/wp-content\/uploads\/2022\/07\/GOBERNADOR-VICTOR-MANUEL-CASTRO-COSIO-1-755x462.jpeg 755w, https:\/\/nbcs.mx\/wp-content\/uploads\/2022\/07\/GOBERNADOR-VICTOR-MANUEL-CASTRO-COSIO-1-150x92.jpeg 150w, https:\/\/nbcs.mx\/wp-content\/uploads\/2022\/07\/GOBERNADOR-VICTOR-MANUEL-CASTRO-COSIO-1-768x470.jpeg 768w, https:\/\/nbcs.mx\/wp-content\/uploads\/2022\/07\/GOBERNADOR-VICTOR-MANUEL-CASTRO-COSIO-1.jpeg 1024w\" sizes=\"auto, (max-width: 389px) 100vw, 389px\" \/>POR ARIEL VILCHIS<\/p>\n<p style=\"text-align: justify;\">Desde el inicio de su gobierno, V\u00edctor Castro Cos\u00edo ha establecido la Justicia Social como uno de los pilares fundamentales para transformar Baja California Sur, implementando pol\u00edticas p\u00fablicas para mejorar la calidad de vida de los sudcalifornianos y lograr igualdad de oportunidades para todos.<\/p>\n<p style=\"text-align: justify;\">Con esa premisa, en su tercer a\u00f1o de gobierno, ha enfocado sus esfuerzos en la transparencia y rendici\u00f3n de cuentas abatiendo la corrupci\u00f3n; lo cual es patente con el despido de funcionarios de su administraci\u00f3n, lo que ha fortalecido la confianza de la gente hacia su gobierno.<\/p>\n<p style=\"text-align: justify;\">Otro aspecto importante, el cual ha mencionado en un sin fin de ocasiones pero que tambi\u00e9n ha llevado a la pr\u00e1ctica, es la austeridad y la eficiencia en el gasto de gobierno. Ahora se prioriza a los que menos tienen, los grupos prioritarios, las necesidades m\u00e1s apremiantes de la gente.<\/p>\n<p style=\"text-align: justify;\">Por ello, en este tercer a\u00f1o de gobierno del profe\u00a0 V\u00edctor Castro, los logros y avances son significativos en materia de salud, educaci\u00f3n, Inclusi\u00f3n social, infraestructura y seguridad p\u00fablica, con lo cual se camina de la mano entre en crecimiento econ\u00f3mico y el desarrollo social.<\/p>\n<p style=\"text-align: justify;\">Hoy por hoy, Baja California Sur es un buen lugar para vivir. Con oportunidades de vivir en paz, con altos niveles de seguridad, oportunidades para la inversi\u00f3n y los negocios, acceso a la educaci\u00f3n y la salud con igualdad y equidad.<\/p>\n<p style=\"text-align: justify;\">Tres a\u00f1os de gobierno y el gobernador V\u00edctor Castro ha hecho la tarea y le cumple a los sudcalifornianos. A mitad del camino, su visi\u00f3n de gobierno ha dado resultados con logros, avances y desaf\u00edos, sin pensar que el trabajo\u00a0 est\u00e1 concluido, pues tiene grandes retos que se deben enfrentar como la mejora en infraestructura y mantener los altos niveles de seguridad p\u00fablica.<\/p>\n<p style=\"text-align: justify;\">Sin duda para ello trabaja, al lado de un gran equipo de colaboradores, como el Secretario General Sa\u00fal Gonz\u00e1lez, la Secretaria de Finanzas Bertha Monta\u00f1o, en Salud la Dra. Ana Luisa Guluarte, el secretario del Trabajo Omar Zavala, Maribel Collins en Turismo,\u00a0 entre muchos otros. As\u00ed como aliado\u00a0 de los cinco alcald\u00edas de la entidad y una relaci\u00f3n de respeto con los poderes legislativo y judicial.<\/p>\n<p style=\"text-align: justify;\">As\u00ed llega la administraci\u00f3n del gobernador V\u00edctor Castro a la mitad del camino.<\/p>\n<p style=\"text-align: justify;\">Ya veremos qu\u00e9 sucede. Es mi opini\u00f3n, al tiempo\u2026<\/p>\n","protected":false},"excerpt":{"rendered":"<p>POR ARIEL VILCHIS Desde el inicio de su gobierno, V\u00edctor Castro Cos\u00edo ha establecido la Justicia Social como uno de<\/p>\n","protected":false},"author":1,"featured_media":110097,"comment_status":"open","ping_status":"closed","sticky":false,"template":"","format":"standard","meta":{"colormag_page_container_layout":"default_layout","colormag_page_sidebar_layout":"default_layout","_jetpack_memberships_contains_paid_content":false,"footnotes":"","jetpack_publicize_message":"","jetpack_publicize_feature_enabled":true,"jetpack_social_post_already_shared":true,"jetpack_social_options":{"image_generator_settings":{"template":"highway","default_image_id":0,"font":"","enabled":false},"version":2}},"categories":[41],"tags":[],"class_list":["post-143546","post","type-post","status-publish","format-standard","has-post-thumbnail","hentry","category-las-columnas"],"yoast_head":"<!-- This site is optimized with the Yoast SEO plugin v27.4 - https:\/\/yoast.com\/product\/yoast-seo-wordpress\/ -->\n<title>BUR\u00d3 POL\u00cdTICO\/ \u00a1TRANSFORMACI\u00d3N Y DESAF\u00cdOS! - NBCS Noticias<\/title>\n<meta name=\"robots\" content=\"index, follow, max-snippet:-1, max-image-preview:large, max-video-preview:-1\" \/>\n<link rel=\"canonical\" href=\"https:\/\/nbcs.mx\/?p=143546\" \/>\n<meta property=\"og:locale\" content=\"es_ES\" \/>\n<meta property=\"og:type\" content=\"article\" \/>\n<meta property=\"og:title\" content=\"BUR\u00d3 POL\u00cdTICO\/ \u00a1TRANSFORMACI\u00d3N Y DESAF\u00cdOS! - NBCS Noticias\" \/>\n<meta property=\"og:description\" content=\"POR ARIEL VILCHIS Desde el inicio de su gobierno, V\u00edctor Castro Cos\u00edo ha establecido la Justicia Social como uno de\" \/>\n<meta property=\"og:url\" content=\"https:\/\/nbcs.mx\/?p=143546\" \/>\n<meta property=\"og:site_name\" content=\"NBCS Noticias\" \/>\n<meta property=\"article:publisher\" content=\"https:\/\/www.facebook.com\/NBCSnoticias\" \/>\n<meta property=\"article:author\" content=\"https:\/\/www.facebook.com\/NBCSnoticias\" \/>\n<meta property=\"article:published_time\" content=\"2024-11-22T15:03:23+00:00\" \/>\n<meta property=\"article:modified_time\" content=\"2024-11-22T15:03:37+00:00\" \/>\n<meta property=\"og:image\" content=\"https:\/\/nbcs.mx\/wp-content\/uploads\/2022\/07\/GOBERNADOR-VICTOR-MANUEL-CASTRO-COSIO-1.jpeg\" \/>\n\t<meta property=\"og:image:width\" content=\"1024\" \/>\n\t<meta property=\"og:image:height\" content=\"626\" \/>\n\t<meta property=\"og:image:type\" content=\"image\/jpeg\" \/>\n<meta name=\"author\" content=\"NBCS Noticias\" \/>\n<meta name=\"twitter:card\" content=\"summary_large_image\" \/>\n<meta name=\"twitter:creator\" content=\"@https:\/\/twitter.com\/NBCSnoticias\" \/>\n<meta name=\"twitter:site\" content=\"@NBCSnoticias\" \/>\n<meta name=\"twitter:label1\" content=\"Escrito por\" \/>\n\t<meta name=\"twitter:data1\" content=\"NBCS Noticias\" \/>\n\t<meta name=\"twitter:label2\" content=\"Tiempo de lectura\" \/>\n\t<meta name=\"twitter:data2\" content=\"3 minutos\" \/>\n<script type=\"application\/ld+json\" class=\"yoast-schema-graph\">{\"@context\":\"https:\\\/\\\/schema.org\",\"@graph\":[{\"@type\":\"Article\",\"@id\":\"https:\\\/\\\/nbcs.mx\\\/?p=143546#article\",\"isPartOf\":{\"@id\":\"https:\\\/\\\/nbcs.mx\\\/?p=143546\"},\"author\":{\"name\":\"NBCS Noticias\",\"@id\":\"https:\\\/\\\/nbcs.mx\\\/#\\\/schema\\\/person\\\/ece58bab9a7c1e87a4d28ec9ecd79ff4\"},\"headline\":\"BUR\u00d3 POL\u00cdTICO\\\/ \u00a1TRANSFORMACI\u00d3N Y DESAF\u00cdOS!\",\"datePublished\":\"2024-11-22T15:03:23+00:00\",\"dateModified\":\"2024-11-22T15:03:37+00:00\",\"mainEntityOfPage\":{\"@id\":\"https:\\\/\\\/nbcs.mx\\\/?p=143546\"},\"wordCount\":421,\"commentCount\":0,\"publisher\":{\"@id\":\"https:\\\/\\\/nbcs.mx\\\/#organization\"},\"image\":{\"@id\":\"https:\\\/\\\/nbcs.mx\\\/?p=143546#primaryimage\"},\"thumbnailUrl\":\"https:\\\/\\\/nbcs.mx\\\/wp-content\\\/uploads\\\/2022\\\/07\\\/GOBERNADOR-VICTOR-MANUEL-CASTRO-COSIO-1.jpeg\",\"articleSection\":[\"Las Columnas\"],\"inLanguage\":\"es\",\"potentialAction\":[{\"@type\":\"CommentAction\",\"name\":\"Comment\",\"target\":[\"https:\\\/\\\/nbcs.mx\\\/?p=143546#respond\"]}]},{\"@type\":\"WebPage\",\"@id\":\"https:\\\/\\\/nbcs.mx\\\/?p=143546\",\"url\":\"https:\\\/\\\/nbcs.mx\\\/?p=143546\",\"name\":\"BUR\u00d3 POL\u00cdTICO\\\/ \u00a1TRANSFORMACI\u00d3N Y DESAF\u00cdOS! - NBCS Noticias\",\"isPartOf\":{\"@id\":\"https:\\\/\\\/nbcs.mx\\\/#website\"},\"primaryImageOfPage\":{\"@id\":\"https:\\\/\\\/nbcs.mx\\\/?p=143546#primaryimage\"},\"image\":{\"@id\":\"https:\\\/\\\/nbcs.mx\\\/?p=143546#primaryimage\"},\"thumbnailUrl\":\"https:\\\/\\\/nbcs.mx\\\/wp-content\\\/uploads\\\/2022\\\/07\\\/GOBERNADOR-VICTOR-MANUEL-CASTRO-COSIO-1.jpeg\",\"datePublished\":\"2024-11-22T15:03:23+00:00\",\"dateModified\":\"2024-11-22T15:03:37+00:00\",\"breadcrumb\":{\"@id\":\"https:\\\/\\\/nbcs.mx\\\/?p=143546#breadcrumb\"},\"inLanguage\":\"es\",\"potentialAction\":[{\"@type\":\"ReadAction\",\"target\":[\"https:\\\/\\\/nbcs.mx\\\/?p=143546\"]}]},{\"@type\":\"ImageObject\",\"inLanguage\":\"es\",\"@id\":\"https:\\\/\\\/nbcs.mx\\\/?p=143546#primaryimage\",\"url\":\"https:\\\/\\\/nbcs.mx\\\/wp-content\\\/uploads\\\/2022\\\/07\\\/GOBERNADOR-VICTOR-MANUEL-CASTRO-COSIO-1.jpeg\",\"contentUrl\":\"https:\\\/\\\/nbcs.mx\\\/wp-content\\\/uploads\\\/2022\\\/07\\\/GOBERNADOR-VICTOR-MANUEL-CASTRO-COSIO-1.jpeg\",\"width\":1024,\"height\":626},{\"@type\":\"BreadcrumbList\",\"@id\":\"https:\\\/\\\/nbcs.mx\\\/?p=143546#breadcrumb\",\"itemListElement\":[{\"@type\":\"ListItem\",\"position\":1,\"name\":\"Portada\",\"item\":\"https:\\\/\\\/nbcs.mx\\\/\"},{\"@type\":\"ListItem\",\"position\":2,\"name\":\"BUR\u00d3 POL\u00cdTICO\\\/ \u00a1TRANSFORMACI\u00d3N Y DESAF\u00cdOS!\"}]},{\"@type\":\"WebSite\",\"@id\":\"https:\\\/\\\/nbcs.mx\\\/#website\",\"url\":\"https:\\\/\\\/nbcs.mx\\\/\",\"name\":\"NBCS Noticias\",\"description\":\"Sitio web de noticias en Baja California Sur\",\"publisher\":{\"@id\":\"https:\\\/\\\/nbcs.mx\\\/#organization\"},\"potentialAction\":[{\"@type\":\"SearchAction\",\"target\":{\"@type\":\"EntryPoint\",\"urlTemplate\":\"https:\\\/\\\/nbcs.mx\\\/?s={search_term_string}\"},\"query-input\":{\"@type\":\"PropertyValueSpecification\",\"valueRequired\":true,\"valueName\":\"search_term_string\"}}],\"inLanguage\":\"es\"},{\"@type\":\"Organization\",\"@id\":\"https:\\\/\\\/nbcs.mx\\\/#organization\",\"name\":\"NBCS Noticias\",\"url\":\"https:\\\/\\\/nbcs.mx\\\/\",\"logo\":{\"@type\":\"ImageObject\",\"inLanguage\":\"es\",\"@id\":\"https:\\\/\\\/nbcs.mx\\\/#\\\/schema\\\/logo\\\/image\\\/\",\"url\":\"https:\\\/\\\/nbcs.mx\\\/wp-content\\\/uploads\\\/2018\\\/09\\\/057b69485e93575a5c2b1c1dde2dd297.jpeg\",\"contentUrl\":\"https:\\\/\\\/nbcs.mx\\\/wp-content\\\/uploads\\\/2018\\\/09\\\/057b69485e93575a5c2b1c1dde2dd297.jpeg\",\"width\":64,\"height\":64,\"caption\":\"NBCS Noticias\"},\"image\":{\"@id\":\"https:\\\/\\\/nbcs.mx\\\/#\\\/schema\\\/logo\\\/image\\\/\"},\"sameAs\":[\"https:\\\/\\\/www.facebook.com\\\/NBCSnoticias\",\"https:\\\/\\\/x.com\\\/NBCSnoticias\"]},{\"@type\":\"Person\",\"@id\":\"https:\\\/\\\/nbcs.mx\\\/#\\\/schema\\\/person\\\/ece58bab9a7c1e87a4d28ec9ecd79ff4\",\"name\":\"NBCS Noticias\",\"image\":{\"@type\":\"ImageObject\",\"inLanguage\":\"es\",\"@id\":\"https:\\\/\\\/secure.gravatar.com\\\/avatar\\\/4e52110cad1c4054b43271a0d14bbe9e2ea76aecd0e1097edfc670798d9ca1d4?s=96&d=blank&r=g\",\"url\":\"https:\\\/\\\/secure.gravatar.com\\\/avatar\\\/4e52110cad1c4054b43271a0d14bbe9e2ea76aecd0e1097edfc670798d9ca1d4?s=96&d=blank&r=g\",\"contentUrl\":\"https:\\\/\\\/secure.gravatar.com\\\/avatar\\\/4e52110cad1c4054b43271a0d14bbe9e2ea76aecd0e1097edfc670798d9ca1d4?s=96&d=blank&r=g\",\"caption\":\"NBCS Noticias\"},\"description\":\"\u00bfTienes fotos o video de alg\u00fan acto de posible negligencia, corrupci\u00f3n y abuso de autoridad? M\u00e1ndalo al WhatsApp de NBCS Noticias: 612 141 98 08\",\"sameAs\":[\"https:\\\/\\\/www.nbcs.mx\",\"https:\\\/\\\/www.facebook.com\\\/NBCSnoticias\",\"https:\\\/\\\/www.instagram.com\\\/nbcsnoticias\\\/\",\"https:\\\/\\\/x.com\\\/https:\\\/\\\/twitter.com\\\/NBCSnoticias\"]}]}<\/script>\n<!-- \/ Yoast SEO plugin. -->","yoast_head_json":{"title":"BUR\u00d3 POL\u00cdTICO\/ \u00a1TRANSFORMACI\u00d3N Y DESAF\u00cdOS! - NBCS Noticias","robots":{"index":"index","follow":"follow","max-snippet":"max-snippet:-1","max-image-preview":"max-image-preview:large","max-video-preview":"max-video-preview:-1"},"canonical":"https:\/\/nbcs.mx\/?p=143546","og_locale":"es_ES","og_type":"article","og_title":"BUR\u00d3 POL\u00cdTICO\/ \u00a1TRANSFORMACI\u00d3N Y DESAF\u00cdOS! - NBCS Noticias","og_description":"POR ARIEL VILCHIS Desde el inicio de su gobierno, V\u00edctor Castro Cos\u00edo ha establecido la Justicia Social como uno de","og_url":"https:\/\/nbcs.mx\/?p=143546","og_site_name":"NBCS Noticias","article_publisher":"https:\/\/www.facebook.com\/NBCSnoticias","article_author":"https:\/\/www.facebook.com\/NBCSnoticias","article_published_time":"2024-11-22T15:03:23+00:00","article_modified_time":"2024-11-22T15:03:37+00:00","og_image":[{"width":1024,"height":626,"url":"https:\/\/nbcs.mx\/wp-content\/uploads\/2022\/07\/GOBERNADOR-VICTOR-MANUEL-CASTRO-COSIO-1.jpeg","type":"image\/jpeg"}],"author":"NBCS Noticias","twitter_card":"summary_large_image","twitter_creator":"@https:\/\/twitter.com\/NBCSnoticias","twitter_site":"@NBCSnoticias","twitter_misc":{"Escrito por":"NBCS Noticias","Tiempo de lectura":"3 minutos"},"schema":{"@context":"https:\/\/schema.org","@graph":[{"@type":"Article","@id":"https:\/\/nbcs.mx\/?p=143546#article","isPartOf":{"@id":"https:\/\/nbcs.mx\/?p=143546"},"author":{"name":"NBCS Noticias","@id":"https:\/\/nbcs.mx\/#\/schema\/person\/ece58bab9a7c1e87a4d28ec9ecd79ff4"},"headline":"BUR\u00d3 POL\u00cdTICO\/ \u00a1TRANSFORMACI\u00d3N Y DESAF\u00cdOS!","datePublished":"2024-11-22T15:03:23+00:00","dateModified":"2024-11-22T15:03:37+00:00","mainEntityOfPage":{"@id":"https:\/\/nbcs.mx\/?p=143546"},"wordCount":421,"commentCount":0,"publisher":{"@id":"https:\/\/nbcs.mx\/#organization"},"image":{"@id":"https:\/\/nbcs.mx\/?p=143546#primaryimage"},"thumbnailUrl":"https:\/\/nbcs.mx\/wp-content\/uploads\/2022\/07\/GOBERNADOR-VICTOR-MANUEL-CASTRO-COSIO-1.jpeg","articleSection":["Las Columnas"],"inLanguage":"es","potentialAction":[{"@type":"CommentAction","name":"Comment","target":["https:\/\/nbcs.mx\/?p=143546#respond"]}]},{"@type":"WebPage","@id":"https:\/\/nbcs.mx\/?p=143546","url":"https:\/\/nbcs.mx\/?p=143546","name":"BUR\u00d3 POL\u00cdTICO\/ \u00a1TRANSFORMACI\u00d3N Y DESAF\u00cdOS! - NBCS Noticias","isPartOf":{"@id":"https:\/\/nbcs.mx\/#website"},"primaryImageOfPage":{"@id":"https:\/\/nbcs.mx\/?p=143546#primaryimage"},"image":{"@id":"https:\/\/nbcs.mx\/?p=143546#primaryimage"},"thumbnailUrl":"https:\/\/nbcs.mx\/wp-content\/uploads\/2022\/07\/GOBERNADOR-VICTOR-MANUEL-CASTRO-COSIO-1.jpeg","datePublished":"2024-11-22T15:03:23+00:00","dateModified":"2024-11-22T15:03:37+00:00","breadcrumb":{"@id":"https:\/\/nbcs.mx\/?p=143546#breadcrumb"},"inLanguage":"es","potentialAction":[{"@type":"ReadAction","target":["https:\/\/nbcs.mx\/?p=143546"]}]},{"@type":"ImageObject","inLanguage":"es","@id":"https:\/\/nbcs.mx\/?p=143546#primaryimage","url":"https:\/\/nbcs.mx\/wp-content\/uploads\/2022\/07\/GOBERNADOR-VICTOR-MANUEL-CASTRO-COSIO-1.jpeg","contentUrl":"https:\/\/nbcs.mx\/wp-content\/uploads\/2022\/07\/GOBERNADOR-VICTOR-MANUEL-CASTRO-COSIO-1.jpeg","width":1024,"height":626},{"@type":"BreadcrumbList","@id":"https:\/\/nbcs.mx\/?p=143546#breadcrumb","itemListElement":[{"@type":"ListItem","position":1,"name":"Portada","item":"https:\/\/nbcs.mx\/"},{"@type":"ListItem","position":2,"name":"BUR\u00d3 POL\u00cdTICO\/ \u00a1TRANSFORMACI\u00d3N Y DESAF\u00cdOS!"}]},{"@type":"WebSite","@id":"https:\/\/nbcs.mx\/#website","url":"https:\/\/nbcs.mx\/","name":"NBCS Noticias","description":"Sitio web de noticias en Baja California Sur","publisher":{"@id":"https:\/\/nbcs.mx\/#organization"},"potentialAction":[{"@type":"SearchAction","target":{"@type":"EntryPoint","urlTemplate":"https:\/\/nbcs.mx\/?s={search_term_string}"},"query-input":{"@type":"PropertyValueSpecification","valueRequired":true,"valueName":"search_term_string"}}],"inLanguage":"es"},{"@type":"Organization","@id":"https:\/\/nbcs.mx\/#organization","name":"NBCS Noticias","url":"https:\/\/nbcs.mx\/","logo":{"@type":"ImageObject","inLanguage":"es","@id":"https:\/\/nbcs.mx\/#\/schema\/logo\/image\/","url":"https:\/\/nbcs.mx\/wp-content\/uploads\/2018\/09\/057b69485e93575a5c2b1c1dde2dd297.jpeg","contentUrl":"https:\/\/nbcs.mx\/wp-content\/uploads\/2018\/09\/057b69485e93575a5c2b1c1dde2dd297.jpeg","width":64,"height":64,"caption":"NBCS Noticias"},"image":{"@id":"https:\/\/nbcs.mx\/#\/schema\/logo\/image\/"},"sameAs":["https:\/\/www.facebook.com\/NBCSnoticias","https:\/\/x.com\/NBCSnoticias"]},{"@type":"Person","@id":"https:\/\/nbcs.mx\/#\/schema\/person\/ece58bab9a7c1e87a4d28ec9ecd79ff4","name":"NBCS Noticias","image":{"@type":"ImageObject","inLanguage":"es","@id":"https:\/\/secure.gravatar.com\/avatar\/4e52110cad1c4054b43271a0d14bbe9e2ea76aecd0e1097edfc670798d9ca1d4?s=96&d=blank&r=g","url":"https:\/\/secure.gravatar.com\/avatar\/4e52110cad1c4054b43271a0d14bbe9e2ea76aecd0e1097edfc670798d9ca1d4?s=96&d=blank&r=g","contentUrl":"https:\/\/secure.gravatar.com\/avatar\/4e52110cad1c4054b43271a0d14bbe9e2ea76aecd0e1097edfc670798d9ca1d4?s=96&d=blank&r=g","caption":"NBCS Noticias"},"description":"\u00bfTienes fotos o video de alg\u00fan acto de posible negligencia, corrupci\u00f3n y abuso de autoridad? M\u00e1ndalo al WhatsApp de NBCS Noticias: 612 141 98 08","sameAs":["https:\/\/www.nbcs.mx","https:\/\/www.facebook.com\/NBCSnoticias","https:\/\/www.instagram.com\/nbcsnoticias\/","https:\/\/x.com\/https:\/\/twitter.com\/NBCSnoticias"]}]}},"jetpack_publicize_connections":[],"jetpack_featured_media_url":"https:\/\/nbcs.mx\/wp-content\/uploads\/2022\/07\/GOBERNADOR-VICTOR-MANUEL-CASTRO-COSIO-1.jpeg","jetpack_sharing_enabled":true,"_links":{"self":[{"href":"https:\/\/nbcs.mx\/index.php?rest_route=\/wp\/v2\/posts\/143546","targetHints":{"allow":["GET"]}}],"collection":[{"href":"https:\/\/nbcs.mx\/index.php?rest_route=\/wp\/v2\/posts"}],"about":[{"href":"https:\/\/nbcs.mx\/index.php?rest_route=\/wp\/v2\/types\/post"}],"author":[{"embeddable":true,"href":"https:\/\/nbcs.mx\/index.php?rest_route=\/wp\/v2\/users\/1"}],"replies":[{"embeddable":true,"href":"https:\/\/nbcs.mx\/index.php?rest_route=%2Fwp%2Fv2%2Fcomments&post=143546"}],"version-history":[{"count":1,"href":"https:\/\/nbcs.mx\/index.php?rest_route=\/wp\/v2\/posts\/143546\/revisions"}],"predecessor-version":[{"id":143547,"href":"https:\/\/nbcs.mx\/index.php?rest_route=\/wp\/v2\/posts\/143546\/revisions\/143547"}],"wp:featuredmedia":[{"embeddable":true,"href":"https:\/\/nbcs.mx\/index.php?rest_route=\/wp\/v2\/media\/110097"}],"wp:attachment":[{"href":"https:\/\/nbcs.mx\/index.php?rest_route=%2Fwp%2Fv2%2Fmedia&parent=143546"}],"wp:term":[{"taxonomy":"category","embeddable":true,"href":"https:\/\/nbcs.mx\/index.php?rest_route=%2Fwp%2Fv2%2Fcategories&post=143546"},{"taxonomy":"post_tag","embeddable":true,"href":"https:\/\/nbcs.mx\/index.php?rest_route=%2Fwp%2Fv2%2Ftags&post=143546"}],"curies":[{"name":"wp","href":"https:\/\/api.w.org\/{rel}","templated":true}]}}