{"id":144348,"date":"2024-12-11T10:00:42","date_gmt":"2024-12-11T17:00:42","guid":{"rendered":"https:\/\/nbcs.mx\/?p=144348"},"modified":"2024-12-11T10:00:42","modified_gmt":"2024-12-11T17:00:42","slug":"micropolis-lo-soez-del-mensaje","status":"publish","type":"post","link":"https:\/\/nbcs.mx\/?p=144348","title":{"rendered":"MICR\u00d3POLIS \/ LO SOEZ DEL MENSAJE"},"content":{"rendered":"<p style=\"font-weight: 400; text-align: justify;\"><strong><img loading=\"lazy\" decoding=\"async\" class=\" wp-image-144349 alignleft\" src=\"https:\/\/nbcs.mx\/wp-content\/uploads\/2024\/12\/\u00b401-MICROPOLIS-738x492.jpg\" alt=\"\" width=\"392\" height=\"261\" \/>Por Bertoldo Velasco Silva<\/strong><\/p>\n<p style=\"font-weight: 400; text-align: justify;\">\n<p style=\"font-weight: 400; text-align: justify;\">En M\u00e9xico, la prensa escrita naci\u00f3 el 1 de enero de 1722, con el primer peri\u00f3dico de Am\u00e9rica Latina que se llam\u00f3 Gazeta de M\u00e9xico y Noticias de la Nueva Espa\u00f1a. En el devenir del tiempo, apareci\u00f3 la Radiodifusi\u00f3n en 1921. Entonces se predijo, que desaparecer\u00edan los medios impresos. Cuando lleg\u00f3 la televisi\u00f3n en 1964, se vaticin\u00f3 que perder\u00edan importancia los medios de comunicaci\u00f3n impresos como radiof\u00f3nicos; y se pens\u00f3 lo mismo cuando aparecieron en1986, las redes sociales. Y nada, todos siguen en la palestra.<\/p>\n<p style=\"font-weight: 400; text-align: justify;\">En este caso de muchos medios impresos que desaparecieron o que se transformaron pasando a las redes sociales o trabajan en ambos, influyeron los factores econ\u00f3micos y la inmediates en la transmisi\u00f3n de datos e informaci\u00f3n.<\/p>\n<p style=\"font-weight: 400; text-align: justify;\">Muchos de quienes ten\u00edamos un medio impreso, nos tuvimos que transformar con la llegada de las nuevas tecnolog\u00edas que nos ofrece el Internet, la que demanda, por su multitud de cibernautas, la rapidez para enviar el mensaje -emisor- y recibirlo -receptor-, que por cierto, este concepto de la comunicaci\u00f3n no cambia, salvo el contenido de lo que se dice e informa, y su consume entre los lectores.<\/p>\n<p style=\"font-weight: 400; text-align: justify;\">Lo cierto de todo esto, es que los medios impresos, los que a\u00fan existen en nuestro pa\u00eds como en nuestro estado, aunado a la radio y la televisi\u00f3n, siguen siendo medios de comunicaci\u00f3n muy importantes, que sumados a los que ya operan en las redes sociales, son fundamentales para esa conexi\u00f3n gobierno-sociedad, teniendo como enlace a los medios informativos, impresos, electr\u00f3nicos y cibern\u00e9ticos. Este concepto, no se ha modificado, como tambi\u00e9n son elementales para fortalecer la democracia.<\/p>\n<p style=\"font-weight: 400; text-align: justify;\">Ahora, todos los medios de comunicaci\u00f3n de aqu\u00ed y de all\u00e1, con sus diferentes estilos, presentaciones, cobertura, pol\u00edticas, pero todos, cumplen con la funci\u00f3n, ya sea de entretener -con su programaci\u00f3n- como de informar del acontecer diario, pues en ellos se publica informaci\u00f3n de todo tipo: de pol\u00edtica, de econom\u00eda, de finanzas, de deportes, de espect\u00e1culos, de cultura, de agronom\u00eda, de la industria, del comercio, etc. Cada uno, aprovechando los diversos g\u00e9neros period\u00edsticos, como la nota informativa, la cr\u00f3nica, la entrevista, el reportaje, el art\u00edculo de fondo, la columna, la editorial, la fotograf\u00eda, la caricatura.<\/p>\n<p style=\"font-weight: 400; text-align: justify;\">Todos ellos, sin excepci\u00f3n alguna, se mantienen ya sea de la publicidad, aquellos espacios comerciales de las empresas que demandan la difusi\u00f3n de sus negocios o productos que ofrecen al gran p\u00fablico consumidor, o de las instituciones gubernamentales para difundir sus actividades o acciones hacia la sociedad.<\/p>\n<p style=\"font-weight: 400; text-align: justify;\">La mayor\u00eda de los Medios de Comunicaci\u00f3n locales como de corte nacional, cumplen formalmente pagando los impuestos y diversos servicios, cuentan con empleados, a quienes hay que cubrirle sueldo, su seguro social y de vivienda, se paga el servicio el\u00e9ctrico, diversos insumos para seguir operando, como cualquier empresa del sector privado, valga la redundancia.<\/p>\n<p style=\"font-weight: 400; text-align: justify;\">Probablemente haya gente que desconozca la importancia de los medios de comunicaci\u00f3n y el por qu\u00e9 de su funcionamiento, para qu\u00e9 son \u00fatiles, a qu\u00e9 p\u00fablico est\u00e1 dirigido, porque no se entiende que un <strong>pol\u00edtico<\/strong> -no funcionario, aclaro-, se le ocurri\u00f3 decir una sarta de sandeces, que agredieron verbalmente a quienes nos dedicamos a esta dif\u00edcil profesi\u00f3n.<\/p>\n<p style=\"font-weight: 400; text-align: justify;\">En la entrega de este mismo espacio del pasado lunes, al final del Tema \u201cMICROTEMAS\u201d, dediqu\u00e9 unas l\u00edneas donde escrib\u00ed: FRASE PARA NO OLVIDAR, que un pol\u00edtico choyero expres\u00f3 en una reuni\u00f3n con empresarios y pescadores en Los Barriles, sin imaginar siquiera que causaron mucho malestar entre la concurrencia, y que uno de ellos hiciera llegar hasta este Analista Pol\u00edtico, porque sab\u00eda que no pod\u00eda quedar en el olvido ni mucho menos su soez mensaje. Porque esa persona en su carrera pol\u00edtica ha aprovechado a los diferentes Medios de Comunicaci\u00f3n de BCS, para lograr sus fines pol\u00edticos.<\/p>\n<p style=\"font-weight: 400; text-align: justify;\">Transcribo el texto literal de su ruin mensaje, \u201c<strong>yo no le pago a los medios de comunicaci\u00f3n, porque son unos muertos de hambre<\/strong>\u201d.<\/p>\n<p style=\"font-weight: 400; text-align: justify;\">Afortunadamente, quienes nos dedicamos a esta actividad como PROFESI\u00d3N, entendemos su desvar\u00edo, porque cuando una persona habla de esa manera, es porque no sabe conectar la lengua con el cerebro, y me da a entender, que como pol\u00edtico, no vale nada, y lo soez de su mensaje, en mi caso particular, lo tomo de qui\u00e9n viene.<\/p>\n<p style=\"font-weight: 400; text-align: justify;\">Pol\u00edticos como \u00e9ste, que por cierto, no vale la pena ni citar su nombre, es mejor ignorarlo. La verdad, se sabr\u00e1 pronto.<\/p>\n<p style=\"font-weight: 400; text-align: justify;\"><strong>MICROTEMAS<\/strong>. El Gobernador <strong>V\u00cdCTOR CASTRO COS\u00cdO<\/strong>, al participar en la reuni\u00f3n del Consejo Nacional de Seguridad P\u00fablica, convocada por la presidenta de M\u00e9xico, Claudia Sheinbaum Pardo, celebrada en el puerto de Acapulco, en el estado de Guerrero, sostuvo que Baja California Sur es la entidad m\u00e1s segura del pa\u00eds, pues en este 2024, ha registrado una disminuci\u00f3n significativa en delitos como extorsi\u00f3n, violaci\u00f3n y robo en sus distintas modalidades: a casa habitaci\u00f3n, a transporte y a negocios, y que estas cifras positivas, son las m\u00e1s altas desde el 2015. Estos n\u00fameros, afirm\u00f3 el mandatario Sudcaliforniano, son el resultado del trabajo coordinado entre los tres \u00f3rdenes de gobierno, lo que ha permitido garantizar la tranquilidad tanto de los Sudcalifornianos como de quienes visitan a BCS.<\/p>\n<p style=\"font-weight: 400; text-align: justify;\">El <strong>Consejo General Universitario<\/strong>, como m\u00e1ximo \u00f3rgano de gobierno en la Universidad Aut\u00f3noma de Baja California Sur, en ceremonia protocolaria que encabez\u00f3 el Rector, Dr. <strong>DANTE ARTURO SALGADO GONZ\u00c1LEZ<\/strong>, le tom\u00f3 la protesta de estatutaria a jefes y jefas de departamento acad\u00e9mico que resultaron electos en el reciente proceso electoral, de ellos, fueron 4 nuevos nombramientos y cinco fueron reelectos. Los nuevos, el Mtro. Francisco Isa\u00edas Ruiz Cese\u00f1a, como jefe del Departamento Acad\u00e9mico de Econom\u00eda; la Dra. Marta Pi\u00f1a Zentella, jefa del Departamento Acad\u00e9mico de Humanidades; Dr. Rafael de Luna de la Pe\u00f1a, jefe del Departamento Acad\u00e9mico de Ciencia Animal y Conservaci\u00f3n del H\u00e1bitat; y el Dr. Miguel \u00c1ngel Imaz Lamadrid, jefe del Departamento Acad\u00e9mico de Ingenier\u00eda en Pesquer\u00edas. Quienes fueron reelectos en sus cargos, fueron la Dra. Georgina Brabata Dom\u00ednguez, como jefa del Departamento Acad\u00e9mico de Ciencias Marinas y Costeras; Dra. Mara Yadira Cort\u00e9s Mart\u00ednez, jefa del Departamento Acad\u00e9mico de Ciencias de la Tierra; la Dra. Brenda Elizabeth Ram\u00edrez D\u00edaz, jefa del Departamento Acad\u00e9mico de Ciencias Sociales y Jur\u00eddicas; el Dr. Manuel Arturo Coronado Garc\u00eda, jefe del Departamento Acad\u00e9mico de Agronom\u00eda; y el Dr. Jes\u00fas Andr\u00e9s Sandoval Bringas, jefe del Departamento Acad\u00e9mico de Sistemas Computacionales.<\/p>\n<p style=\"font-weight: 400; text-align: justify;\">Ayer, el maestro <strong>OMAR CASTRO COTA<\/strong>, Jefe de la Oficina del Ejecutivo en representaci\u00f3n del gobernador V\u00edctor Castro Cos\u00edo, encabez\u00f3 el festejo del D\u00eda de la Secretaria, en la cual les reconoci\u00f3 la labor en las distintas dependencias del gobierno del estado, ya que trabajan diariamente por el bienestar de los sudcalifornianos, y en especial, de la poblaci\u00f3n m\u00e1s vulnerable, por ello destac\u00f3 su vocaci\u00f3n y labor procesional, porque constituyen el pilar fundamental en la operatividad de las instituciones gubernamentales. Castro Cota dijo que ellas brindan desde sus respectivas \u00e1reas de trabajo, servicios dignos, de calidad, con esmero y humanismo, que hacen que la administraci\u00f3n se constituya m\u00e1s s\u00f3lida, contribuyendo en el bien de la construcci\u00f3n de Baja California Sur.<\/p>\n<p style=\"font-weight: 400; text-align: justify;\"><strong>ALBERTO RENTER\u00cdA SANTANA<\/strong>, Secretario General del Ayuntamiento de Los Cabos sostuvo una reuni\u00f3n de trabajo para impulsar la inclusi\u00f3n de las mujeres en el sector transporte a trav\u00e9s de proyectos como la creaci\u00f3n de una l\u00ednea de taxis rosa en el municipio. Acompa\u00f1ado por las regidoras Valerie Olmos y Adriana Cos\u00edo, en la reuni\u00f3n de trabajo lograron generar acuerdos importantes, como la propuesta de trabajar directamente con los gremios de transporte existentes para implementar esta iniciativa<strong>, <\/strong>como el que tienen ya 35 mujeres que ya forman parte de este sistema de transporte desempe\u00f1\u00e1ndose como taxistas con antig\u00fcedades de hasta 3 a\u00f1os. \u201cLa estrategia planteada incluye promover que m\u00e1s mujeres se integren a estos gremios, con el objetivo de agruparse y, eventualmente, obtener concesiones propias para operar dentro del sistema establecido\u201d.<\/p>\n<p style=\"font-weight: 400; text-align: justify;\">En Loreto, su presidenta Municipal, <strong>PAZ DEL ALMA OCHOA AMADOR, <\/strong>sostuvo que la transparencia y rendici\u00f3n de cuentas, son pilares imprescindibles en su gobierno, porque con ello se genera confianza y credibilidad ante la ciudadan\u00eda, solo as\u00ed, conocen el destino y buen uso de los recursos p\u00fablicos. La alcaldesa loretana se\u00f1al\u00f3, durante la formalizaci\u00f3n del Comit\u00e9 de Transparencia del XI Ayuntamiento, que las decisiones que se tomen por parte del gobierno, estar\u00e1n al alcance de la ciudadan\u00eda de una forma accesible, clara y veraz, lo que facilita la constante vigilancia de los recursos p\u00fablicos y que \u00e9stos a su vez, se ejerzan en estricto apego a la ley. En la sala de Cabildo Jos\u00e9 Mar\u00eda Mata, fue instalado de manera oficial este Comit\u00e9, el cual qued\u00f3 integrado como Presidente: Mart\u00edn Murillo Romero, titular de la Contralor\u00eda Municipal; Secretaria T\u00e9cnica, Karen Guadalupe L\u00f3pez Villalejo, titular de la Unidad Municipal de Transparencia y como vocal, Alejandro Alberto Mayoral Agruel, titular del \u00c1rea Jur\u00eddica.<\/p>\n<p style=\"font-weight: 400; text-align: justify;\"><strong><em>Buen d\u00eda Amigas y Amigos, espero nos puedan favorecer envi\u00e1ndonos sus cr\u00edticas, comentarios o sugerencias al correo electr\u00f3nico: bertoldovs@gmail.com.<\/em><\/strong><\/p>\n<p style=\"font-weight: 400; text-align: justify;\"><strong>\u00a0<\/strong><\/p>\n<p style=\"font-weight: 400; text-align: justify;\">\n<p style=\"font-weight: 400; text-align: justify;\">\n<p style=\"font-weight: 400; text-align: justify;\">\n<p style=\"font-weight: 400; text-align: justify;\">\n","protected":false},"excerpt":{"rendered":"<p>Por Bertoldo Velasco Silva En M\u00e9xico, la prensa escrita naci\u00f3 el 1 de enero de 1722, con el primer peri\u00f3dico<\/p>\n","protected":false},"author":1,"featured_media":0,"comment_status":"open","ping_status":"closed","sticky":false,"template":"","format":"standard","meta":{"colormag_page_container_layout":"default_layout","colormag_page_sidebar_layout":"default_layout","_jetpack_memberships_contains_paid_content":false,"footnotes":"","jetpack_publicize_message":"","jetpack_publicize_feature_enabled":true,"jetpack_social_post_already_shared":true,"jetpack_social_options":{"image_generator_settings":{"template":"highway","default_image_id":0,"font":"","enabled":false},"version":2}},"categories":[41],"tags":[],"class_list":["post-144348","post","type-post","status-publish","format-standard","hentry","category-las-columnas"],"yoast_head":"<!-- This site is optimized with the Yoast SEO plugin v27.4 - https:\/\/yoast.com\/product\/yoast-seo-wordpress\/ -->\n<title>MICR\u00d3POLIS \/ LO SOEZ DEL MENSAJE - NBCS Noticias<\/title>\n<meta name=\"robots\" content=\"index, follow, max-snippet:-1, max-image-preview:large, max-video-preview:-1\" \/>\n<link rel=\"canonical\" href=\"https:\/\/nbcs.mx\/?p=144348\" \/>\n<meta property=\"og:locale\" content=\"es_ES\" \/>\n<meta property=\"og:type\" content=\"article\" \/>\n<meta property=\"og:title\" content=\"MICR\u00d3POLIS \/ LO SOEZ DEL MENSAJE - NBCS Noticias\" \/>\n<meta property=\"og:description\" content=\"Por Bertoldo Velasco Silva En M\u00e9xico, la prensa escrita naci\u00f3 el 1 de enero de 1722, con el primer peri\u00f3dico\" \/>\n<meta property=\"og:url\" content=\"https:\/\/nbcs.mx\/?p=144348\" \/>\n<meta property=\"og:site_name\" content=\"NBCS Noticias\" \/>\n<meta property=\"article:publisher\" content=\"https:\/\/www.facebook.com\/NBCSnoticias\" \/>\n<meta property=\"article:author\" content=\"https:\/\/www.facebook.com\/NBCSnoticias\" \/>\n<meta property=\"article:published_time\" content=\"2024-12-11T17:00:42+00:00\" \/>\n<meta property=\"og:image\" content=\"https:\/\/nbcs.mx\/wp-content\/uploads\/2024\/12\/\u00b401-MICROPOLIS.jpg\" \/>\n\t<meta property=\"og:image:width\" content=\"2481\" \/>\n\t<meta property=\"og:image:height\" content=\"1654\" \/>\n\t<meta property=\"og:image:type\" content=\"image\/jpeg\" \/>\n<meta name=\"author\" content=\"NBCS Noticias\" \/>\n<meta name=\"twitter:card\" content=\"summary_large_image\" \/>\n<meta name=\"twitter:creator\" content=\"@https:\/\/twitter.com\/NBCSnoticias\" \/>\n<meta name=\"twitter:site\" content=\"@NBCSnoticias\" \/>\n<meta name=\"twitter:label1\" content=\"Escrito por\" \/>\n\t<meta name=\"twitter:data1\" content=\"NBCS Noticias\" \/>\n\t<meta name=\"twitter:label2\" content=\"Tiempo de lectura\" \/>\n\t<meta name=\"twitter:data2\" content=\"8 minutos\" \/>\n<script type=\"application\/ld+json\" class=\"yoast-schema-graph\">{\"@context\":\"https:\\\/\\\/schema.org\",\"@graph\":[{\"@type\":\"Article\",\"@id\":\"https:\\\/\\\/nbcs.mx\\\/?p=144348#article\",\"isPartOf\":{\"@id\":\"https:\\\/\\\/nbcs.mx\\\/?p=144348\"},\"author\":{\"name\":\"NBCS Noticias\",\"@id\":\"https:\\\/\\\/nbcs.mx\\\/#\\\/schema\\\/person\\\/ece58bab9a7c1e87a4d28ec9ecd79ff4\"},\"headline\":\"MICR\u00d3POLIS \\\/ LO SOEZ DEL MENSAJE\",\"datePublished\":\"2024-12-11T17:00:42+00:00\",\"mainEntityOfPage\":{\"@id\":\"https:\\\/\\\/nbcs.mx\\\/?p=144348\"},\"wordCount\":1621,\"commentCount\":0,\"publisher\":{\"@id\":\"https:\\\/\\\/nbcs.mx\\\/#organization\"},\"articleSection\":[\"Las Columnas\"],\"inLanguage\":\"es\",\"potentialAction\":[{\"@type\":\"CommentAction\",\"name\":\"Comment\",\"target\":[\"https:\\\/\\\/nbcs.mx\\\/?p=144348#respond\"]}]},{\"@type\":\"WebPage\",\"@id\":\"https:\\\/\\\/nbcs.mx\\\/?p=144348\",\"url\":\"https:\\\/\\\/nbcs.mx\\\/?p=144348\",\"name\":\"MICR\u00d3POLIS \\\/ LO SOEZ DEL MENSAJE - NBCS Noticias\",\"isPartOf\":{\"@id\":\"https:\\\/\\\/nbcs.mx\\\/#website\"},\"datePublished\":\"2024-12-11T17:00:42+00:00\",\"breadcrumb\":{\"@id\":\"https:\\\/\\\/nbcs.mx\\\/?p=144348#breadcrumb\"},\"inLanguage\":\"es\",\"potentialAction\":[{\"@type\":\"ReadAction\",\"target\":[\"https:\\\/\\\/nbcs.mx\\\/?p=144348\"]}]},{\"@type\":\"BreadcrumbList\",\"@id\":\"https:\\\/\\\/nbcs.mx\\\/?p=144348#breadcrumb\",\"itemListElement\":[{\"@type\":\"ListItem\",\"position\":1,\"name\":\"Portada\",\"item\":\"https:\\\/\\\/nbcs.mx\\\/\"},{\"@type\":\"ListItem\",\"position\":2,\"name\":\"MICR\u00d3POLIS \\\/ LO SOEZ DEL MENSAJE\"}]},{\"@type\":\"WebSite\",\"@id\":\"https:\\\/\\\/nbcs.mx\\\/#website\",\"url\":\"https:\\\/\\\/nbcs.mx\\\/\",\"name\":\"NBCS Noticias\",\"description\":\"Sitio web de noticias en Baja California Sur\",\"publisher\":{\"@id\":\"https:\\\/\\\/nbcs.mx\\\/#organization\"},\"potentialAction\":[{\"@type\":\"SearchAction\",\"target\":{\"@type\":\"EntryPoint\",\"urlTemplate\":\"https:\\\/\\\/nbcs.mx\\\/?s={search_term_string}\"},\"query-input\":{\"@type\":\"PropertyValueSpecification\",\"valueRequired\":true,\"valueName\":\"search_term_string\"}}],\"inLanguage\":\"es\"},{\"@type\":\"Organization\",\"@id\":\"https:\\\/\\\/nbcs.mx\\\/#organization\",\"name\":\"NBCS Noticias\",\"url\":\"https:\\\/\\\/nbcs.mx\\\/\",\"logo\":{\"@type\":\"ImageObject\",\"inLanguage\":\"es\",\"@id\":\"https:\\\/\\\/nbcs.mx\\\/#\\\/schema\\\/logo\\\/image\\\/\",\"url\":\"https:\\\/\\\/nbcs.mx\\\/wp-content\\\/uploads\\\/2018\\\/09\\\/057b69485e93575a5c2b1c1dde2dd297.jpeg\",\"contentUrl\":\"https:\\\/\\\/nbcs.mx\\\/wp-content\\\/uploads\\\/2018\\\/09\\\/057b69485e93575a5c2b1c1dde2dd297.jpeg\",\"width\":64,\"height\":64,\"caption\":\"NBCS Noticias\"},\"image\":{\"@id\":\"https:\\\/\\\/nbcs.mx\\\/#\\\/schema\\\/logo\\\/image\\\/\"},\"sameAs\":[\"https:\\\/\\\/www.facebook.com\\\/NBCSnoticias\",\"https:\\\/\\\/x.com\\\/NBCSnoticias\"]},{\"@type\":\"Person\",\"@id\":\"https:\\\/\\\/nbcs.mx\\\/#\\\/schema\\\/person\\\/ece58bab9a7c1e87a4d28ec9ecd79ff4\",\"name\":\"NBCS Noticias\",\"image\":{\"@type\":\"ImageObject\",\"inLanguage\":\"es\",\"@id\":\"https:\\\/\\\/secure.gravatar.com\\\/avatar\\\/4e52110cad1c4054b43271a0d14bbe9e2ea76aecd0e1097edfc670798d9ca1d4?s=96&d=blank&r=g\",\"url\":\"https:\\\/\\\/secure.gravatar.com\\\/avatar\\\/4e52110cad1c4054b43271a0d14bbe9e2ea76aecd0e1097edfc670798d9ca1d4?s=96&d=blank&r=g\",\"contentUrl\":\"https:\\\/\\\/secure.gravatar.com\\\/avatar\\\/4e52110cad1c4054b43271a0d14bbe9e2ea76aecd0e1097edfc670798d9ca1d4?s=96&d=blank&r=g\",\"caption\":\"NBCS Noticias\"},\"description\":\"\u00bfTienes fotos o video de alg\u00fan acto de posible negligencia, corrupci\u00f3n y abuso de autoridad? M\u00e1ndalo al WhatsApp de NBCS Noticias: 612 141 98 08\",\"sameAs\":[\"https:\\\/\\\/www.nbcs.mx\",\"https:\\\/\\\/www.facebook.com\\\/NBCSnoticias\",\"https:\\\/\\\/www.instagram.com\\\/nbcsnoticias\\\/\",\"https:\\\/\\\/x.com\\\/https:\\\/\\\/twitter.com\\\/NBCSnoticias\"]}]}<\/script>\n<!-- \/ Yoast SEO plugin. -->","yoast_head_json":{"title":"MICR\u00d3POLIS \/ LO SOEZ DEL MENSAJE - NBCS Noticias","robots":{"index":"index","follow":"follow","max-snippet":"max-snippet:-1","max-image-preview":"max-image-preview:large","max-video-preview":"max-video-preview:-1"},"canonical":"https:\/\/nbcs.mx\/?p=144348","og_locale":"es_ES","og_type":"article","og_title":"MICR\u00d3POLIS \/ LO SOEZ DEL MENSAJE - NBCS Noticias","og_description":"Por Bertoldo Velasco Silva En M\u00e9xico, la prensa escrita naci\u00f3 el 1 de enero de 1722, con el primer peri\u00f3dico","og_url":"https:\/\/nbcs.mx\/?p=144348","og_site_name":"NBCS Noticias","article_publisher":"https:\/\/www.facebook.com\/NBCSnoticias","article_author":"https:\/\/www.facebook.com\/NBCSnoticias","article_published_time":"2024-12-11T17:00:42+00:00","og_image":[{"width":2481,"height":1654,"url":"https:\/\/nbcs.mx\/wp-content\/uploads\/2024\/12\/\u00b401-MICROPOLIS.jpg","type":"image\/jpeg"}],"author":"NBCS Noticias","twitter_card":"summary_large_image","twitter_creator":"@https:\/\/twitter.com\/NBCSnoticias","twitter_site":"@NBCSnoticias","twitter_misc":{"Escrito por":"NBCS Noticias","Tiempo de lectura":"8 minutos"},"schema":{"@context":"https:\/\/schema.org","@graph":[{"@type":"Article","@id":"https:\/\/nbcs.mx\/?p=144348#article","isPartOf":{"@id":"https:\/\/nbcs.mx\/?p=144348"},"author":{"name":"NBCS Noticias","@id":"https:\/\/nbcs.mx\/#\/schema\/person\/ece58bab9a7c1e87a4d28ec9ecd79ff4"},"headline":"MICR\u00d3POLIS \/ LO SOEZ DEL MENSAJE","datePublished":"2024-12-11T17:00:42+00:00","mainEntityOfPage":{"@id":"https:\/\/nbcs.mx\/?p=144348"},"wordCount":1621,"commentCount":0,"publisher":{"@id":"https:\/\/nbcs.mx\/#organization"},"articleSection":["Las Columnas"],"inLanguage":"es","potentialAction":[{"@type":"CommentAction","name":"Comment","target":["https:\/\/nbcs.mx\/?p=144348#respond"]}]},{"@type":"WebPage","@id":"https:\/\/nbcs.mx\/?p=144348","url":"https:\/\/nbcs.mx\/?p=144348","name":"MICR\u00d3POLIS \/ LO SOEZ DEL MENSAJE - NBCS Noticias","isPartOf":{"@id":"https:\/\/nbcs.mx\/#website"},"datePublished":"2024-12-11T17:00:42+00:00","breadcrumb":{"@id":"https:\/\/nbcs.mx\/?p=144348#breadcrumb"},"inLanguage":"es","potentialAction":[{"@type":"ReadAction","target":["https:\/\/nbcs.mx\/?p=144348"]}]},{"@type":"BreadcrumbList","@id":"https:\/\/nbcs.mx\/?p=144348#breadcrumb","itemListElement":[{"@type":"ListItem","position":1,"name":"Portada","item":"https:\/\/nbcs.mx\/"},{"@type":"ListItem","position":2,"name":"MICR\u00d3POLIS \/ LO SOEZ DEL MENSAJE"}]},{"@type":"WebSite","@id":"https:\/\/nbcs.mx\/#website","url":"https:\/\/nbcs.mx\/","name":"NBCS Noticias","description":"Sitio web de noticias en Baja California Sur","publisher":{"@id":"https:\/\/nbcs.mx\/#organization"},"potentialAction":[{"@type":"SearchAction","target":{"@type":"EntryPoint","urlTemplate":"https:\/\/nbcs.mx\/?s={search_term_string}"},"query-input":{"@type":"PropertyValueSpecification","valueRequired":true,"valueName":"search_term_string"}}],"inLanguage":"es"},{"@type":"Organization","@id":"https:\/\/nbcs.mx\/#organization","name":"NBCS Noticias","url":"https:\/\/nbcs.mx\/","logo":{"@type":"ImageObject","inLanguage":"es","@id":"https:\/\/nbcs.mx\/#\/schema\/logo\/image\/","url":"https:\/\/nbcs.mx\/wp-content\/uploads\/2018\/09\/057b69485e93575a5c2b1c1dde2dd297.jpeg","contentUrl":"https:\/\/nbcs.mx\/wp-content\/uploads\/2018\/09\/057b69485e93575a5c2b1c1dde2dd297.jpeg","width":64,"height":64,"caption":"NBCS Noticias"},"image":{"@id":"https:\/\/nbcs.mx\/#\/schema\/logo\/image\/"},"sameAs":["https:\/\/www.facebook.com\/NBCSnoticias","https:\/\/x.com\/NBCSnoticias"]},{"@type":"Person","@id":"https:\/\/nbcs.mx\/#\/schema\/person\/ece58bab9a7c1e87a4d28ec9ecd79ff4","name":"NBCS Noticias","image":{"@type":"ImageObject","inLanguage":"es","@id":"https:\/\/secure.gravatar.com\/avatar\/4e52110cad1c4054b43271a0d14bbe9e2ea76aecd0e1097edfc670798d9ca1d4?s=96&d=blank&r=g","url":"https:\/\/secure.gravatar.com\/avatar\/4e52110cad1c4054b43271a0d14bbe9e2ea76aecd0e1097edfc670798d9ca1d4?s=96&d=blank&r=g","contentUrl":"https:\/\/secure.gravatar.com\/avatar\/4e52110cad1c4054b43271a0d14bbe9e2ea76aecd0e1097edfc670798d9ca1d4?s=96&d=blank&r=g","caption":"NBCS Noticias"},"description":"\u00bfTienes fotos o video de alg\u00fan acto de posible negligencia, corrupci\u00f3n y abuso de autoridad? M\u00e1ndalo al WhatsApp de NBCS Noticias: 612 141 98 08","sameAs":["https:\/\/www.nbcs.mx","https:\/\/www.facebook.com\/NBCSnoticias","https:\/\/www.instagram.com\/nbcsnoticias\/","https:\/\/x.com\/https:\/\/twitter.com\/NBCSnoticias"]}]}},"jetpack_publicize_connections":[],"jetpack_featured_media_url":"","jetpack_sharing_enabled":true,"_links":{"self":[{"href":"https:\/\/nbcs.mx\/index.php?rest_route=\/wp\/v2\/posts\/144348","targetHints":{"allow":["GET"]}}],"collection":[{"href":"https:\/\/nbcs.mx\/index.php?rest_route=\/wp\/v2\/posts"}],"about":[{"href":"https:\/\/nbcs.mx\/index.php?rest_route=\/wp\/v2\/types\/post"}],"author":[{"embeddable":true,"href":"https:\/\/nbcs.mx\/index.php?rest_route=\/wp\/v2\/users\/1"}],"replies":[{"embeddable":true,"href":"https:\/\/nbcs.mx\/index.php?rest_route=%2Fwp%2Fv2%2Fcomments&post=144348"}],"version-history":[{"count":1,"href":"https:\/\/nbcs.mx\/index.php?rest_route=\/wp\/v2\/posts\/144348\/revisions"}],"predecessor-version":[{"id":144350,"href":"https:\/\/nbcs.mx\/index.php?rest_route=\/wp\/v2\/posts\/144348\/revisions\/144350"}],"wp:attachment":[{"href":"https:\/\/nbcs.mx\/index.php?rest_route=%2Fwp%2Fv2%2Fmedia&parent=144348"}],"wp:term":[{"taxonomy":"category","embeddable":true,"href":"https:\/\/nbcs.mx\/index.php?rest_route=%2Fwp%2Fv2%2Fcategories&post=144348"},{"taxonomy":"post_tag","embeddable":true,"href":"https:\/\/nbcs.mx\/index.php?rest_route=%2Fwp%2Fv2%2Ftags&post=144348"}],"curies":[{"name":"wp","href":"https:\/\/api.w.org\/{rel}","templated":true}]}}