{"id":145273,"date":"2025-01-13T16:09:14","date_gmt":"2025-01-13T23:09:14","guid":{"rendered":"https:\/\/nbcs.mx\/?p=145273"},"modified":"2025-01-13T16:09:14","modified_gmt":"2025-01-13T23:09:14","slug":"convoca-ayuntamiento-de-la-paz-a-consulta-ciudadana-extraordinaria-para-elegir-a-delegada-de-el-pescadero","status":"publish","type":"post","link":"https:\/\/nbcs.mx\/?p=145273","title":{"rendered":"Convoca Ayuntamiento de La Paz a consulta ciudadana extraordinaria para elegir a Delegada de El Pescadero"},"content":{"rendered":"<p style=\"font-weight: 400; text-align: justify;\"><img loading=\"lazy\" decoding=\"async\" class=\" wp-image-109486 alignleft\" src=\"https:\/\/nbcs.mx\/wp-content\/uploads\/2022\/07\/Colabora-DIF-Municipal-de-La-Paz-en-consulta-nacional--755x490.jpg\" alt=\"\" width=\"385\" height=\"250\" \/>El H. XVIII Ayuntamiento de La Paz lanz\u00f3 la convocatoria para la consulta ciudadana extraordinaria para la elecci\u00f3n de Delegada de El Pescadero, con la finalidad de cumplir con la equidad de g\u00e9nero en este proceso democr\u00e1tico, dio a conocer Francisco Javier \u00c1lvarez Cota, Coordinador de Delegaciones Municipales.<\/p>\n<p style=\"font-weight: 400; text-align: justify;\">\n<p style=\"font-weight: 400; text-align: justify;\">Al respecto expres\u00f3 que \u201cesta elecci\u00f3n extraordinaria se llevar\u00e1 a cabo el domingo 26 de enero de 9 de la ma\u00f1ana a 6 de la tarde, en la que podr\u00e1n participar las habitantes de la comunidad de El Pescadero y sus siete Subdelegaciones, que se adherir\u00e1n una vez convertida en Delegaci\u00f3n (El Pescadero), y electa la delegada\u201d.<\/p>\n<p style=\"font-weight: 400; text-align: justify;\">\n<p style=\"font-weight: 400; text-align: justify;\">Indic\u00f3 que esto en base a lo establecido por la Comisi\u00f3n Municipal de Consulta Ciudadana para designar a los Delegados o Delegadas y Subdelegados o Subdelegadas del municipio de La Paz, considerando el dictamen emitido por la Comisi\u00f3n Edilicia de Desarrollo Rural y Econ\u00f3mico, en virtud de que en la pasada Consulta Ciudadana efectuada el 10 de noviembre de 2024, resultaron electos 7 Delegados, y con la finalidad de asegurar la equidad de g\u00e9nero en las comunidades, as\u00ed como para que exista representaci\u00f3n de mujeres en estos cargos p\u00fablicos se lanz\u00f3 la convocatoria en menci\u00f3n.<\/p>\n<p style=\"font-weight: 400; text-align: justify;\">\n<p style=\"font-weight: 400; text-align: justify;\">Por lo anterior, se invita a la ciudadan\u00eda residente en la Delegaci\u00f3n de El Pescadero, as\u00ed como en las Subdelegaciones de Los Horconcitos, Matancitas, El Saltito de los Garc\u00eda, Ejido Plutarco El\u00edas Calles, El Aguaje, El Refugio y San Venancio, a participar en la Consulta Ciudadana Extraordinaria para elegir Delegada de su comunidad, para el periodo 2024 &#8211; 2027, que se celebrar\u00e1 el domingo 26 de enero de 09:00 a 18:00 horas.<\/p>\n<p style=\"font-weight: 400; text-align: justify;\">\n<p style=\"font-weight: 400; text-align: justify;\">Podr\u00e1n participar como candidatas todas las ciudadanas que residan en las Subdelegaciones, debiendo cumplir con su registro y todos los requisitos establecidos en la convocatoria publicada en la p\u00e1gina web lapaz.gob.mx. El registro se llevar\u00e1 a cabo en la Sala de Regidores en el Palacio Municipal ante la Comisi\u00f3n Municipal de Consulta Ciudadana, el 14 y 15 de enero, en un horario de 9:00 a 15:00 horas.<\/p>\n<p style=\"font-weight: 400; text-align: justify;\">\n<p style=\"font-weight: 400; text-align: justify;\">Finalmente, \u00c1lvarez Cota, se\u00f1al\u00f3 que para llevar a cabo la consulta ciudadana, se instalar\u00e1n mesas receptoras de votos en las Subdelegaciones en menci\u00f3n, as\u00ed como en la comunidad de El Pescadero, mismas que estar\u00e1n ubicadas en el mismo lugar en el que se realizaron las pasadas elecciones del 2 de junio de 2024, a cargo del Instituto Nacional Electoral (INE).<\/p>\n","protected":false},"excerpt":{"rendered":"<p>El H. XVIII Ayuntamiento de La Paz lanz\u00f3 la convocatoria para la consulta ciudadana extraordinaria para la elecci\u00f3n de Delegada<\/p>\n","protected":false},"author":1,"featured_media":0,"comment_status":"open","ping_status":"closed","sticky":false,"template":"","format":"standard","meta":{"colormag_page_container_layout":"default_layout","colormag_page_sidebar_layout":"default_layout","_jetpack_newsletter_access":"","_jetpack_dont_email_post_to_subs":false,"_jetpack_newsletter_tier_id":0,"_jetpack_memberships_contains_paywalled_content":false,"_jetpack_feature_clip_id":0,"_jetpack_memberships_contains_paid_content":false,"footnotes":"","jetpack_publicize_message":"","jetpack_publicize_feature_enabled":true,"jetpack_social_post_already_shared":true,"jetpack_social_options":{"image_generator_settings":{"template":"highway","default_image_id":0,"font":"","enabled":false},"version":2},"jetpack_post_was_ever_published":false},"categories":[40],"tags":[],"class_list":["post-145273","post","type-post","status-publish","format-standard","hentry","category-municipios"],"yoast_head":"<!-- This site is optimized with the Yoast SEO plugin v28.4 - https:\/\/yoast.com\/product\/yoast-seo-wordpress\/ -->\n<title>Convoca Ayuntamiento de La Paz a consulta ciudadana extraordinaria para elegir a Delegada de El Pescadero - NBCS Noticias<\/title>\n<meta name=\"robots\" content=\"index, follow, max-snippet:-1, max-image-preview:large, max-video-preview:-1\" \/>\n<link rel=\"canonical\" href=\"https:\/\/nbcs.mx\/?p=145273\" \/>\n<meta property=\"og:locale\" content=\"es_ES\" \/>\n<meta property=\"og:type\" content=\"article\" \/>\n<meta property=\"og:title\" content=\"Convoca Ayuntamiento de La Paz a consulta ciudadana extraordinaria para elegir a Delegada de El Pescadero - NBCS Noticias\" \/>\n<meta property=\"og:description\" content=\"El H. XVIII Ayuntamiento de La Paz lanz\u00f3 la convocatoria para la consulta ciudadana extraordinaria para la elecci\u00f3n de Delegada\" \/>\n<meta property=\"og:url\" content=\"https:\/\/nbcs.mx\/?p=145273\" \/>\n<meta property=\"og:site_name\" content=\"NBCS Noticias\" \/>\n<meta property=\"article:publisher\" content=\"https:\/\/www.facebook.com\/NBCSnoticias\" \/>\n<meta property=\"article:author\" content=\"https:\/\/www.facebook.com\/NBCSnoticias\" \/>\n<meta property=\"article:published_time\" content=\"2025-01-13T23:09:14+00:00\" \/>\n<meta property=\"og:image\" content=\"https:\/\/nbcs.mx\/wp-content\/uploads\/2022\/07\/Colabora-DIF-Municipal-de-La-Paz-en-consulta-nacional-.jpg\" \/>\n\t<meta property=\"og:image:width\" content=\"1035\" \/>\n\t<meta property=\"og:image:height\" content=\"672\" \/>\n\t<meta property=\"og:image:type\" content=\"image\/jpeg\" \/>\n<meta name=\"author\" content=\"NBCS Noticias\" \/>\n<meta name=\"twitter:card\" content=\"summary_large_image\" \/>\n<meta name=\"twitter:creator\" content=\"@https:\/\/twitter.com\/NBCSnoticias\" \/>\n<meta name=\"twitter:site\" content=\"@NBCSnoticias\" \/>\n<meta name=\"twitter:label1\" content=\"Escrito por\" \/>\n\t<meta name=\"twitter:data1\" content=\"NBCS Noticias\" \/>\n\t<meta name=\"twitter:label2\" content=\"Tiempo de lectura\" \/>\n\t<meta name=\"twitter:data2\" content=\"3 minutos\" \/>\n<script type=\"application\/ld+json\" class=\"yoast-schema-graph\">{\"@context\":\"https:\\\/\\\/schema.org\",\"@graph\":[{\"@type\":\"Article\",\"@id\":\"https:\\\/\\\/nbcs.mx\\\/?p=145273#article\",\"isPartOf\":{\"@id\":\"https:\\\/\\\/nbcs.mx\\\/?p=145273\"},\"author\":{\"name\":\"NBCS Noticias\",\"@id\":\"https:\\\/\\\/nbcs.mx\\\/#\\\/schema\\\/person\\\/ece58bab9a7c1e87a4d28ec9ecd79ff4\"},\"headline\":\"Convoca Ayuntamiento de La Paz a consulta ciudadana extraordinaria para elegir a Delegada de El Pescadero\",\"datePublished\":\"2025-01-13T23:09:14+00:00\",\"mainEntityOfPage\":{\"@id\":\"https:\\\/\\\/nbcs.mx\\\/?p=145273\"},\"wordCount\":426,\"commentCount\":0,\"publisher\":{\"@id\":\"https:\\\/\\\/nbcs.mx\\\/#organization\"},\"image\":{\"@id\":\"https:\\\/\\\/nbcs.mx\\\/?p=145273#primaryimage\"},\"thumbnailUrl\":\"https:\\\/\\\/nbcs.mx\\\/wp-content\\\/uploads\\\/2022\\\/07\\\/Colabora-DIF-Municipal-de-La-Paz-en-consulta-nacional--755x490.jpg\",\"articleSection\":[\"Municipios\"],\"inLanguage\":\"es\",\"potentialAction\":[{\"@type\":\"CommentAction\",\"name\":\"Comment\",\"target\":[\"https:\\\/\\\/nbcs.mx\\\/?p=145273#respond\"]}]},{\"@type\":\"WebPage\",\"@id\":\"https:\\\/\\\/nbcs.mx\\\/?p=145273\",\"url\":\"https:\\\/\\\/nbcs.mx\\\/?p=145273\",\"name\":\"Convoca Ayuntamiento de La Paz a consulta ciudadana extraordinaria para elegir a Delegada de El Pescadero - NBCS Noticias\",\"isPartOf\":{\"@id\":\"https:\\\/\\\/nbcs.mx\\\/#website\"},\"primaryImageOfPage\":{\"@id\":\"https:\\\/\\\/nbcs.mx\\\/?p=145273#primaryimage\"},\"image\":{\"@id\":\"https:\\\/\\\/nbcs.mx\\\/?p=145273#primaryimage\"},\"thumbnailUrl\":\"https:\\\/\\\/nbcs.mx\\\/wp-content\\\/uploads\\\/2022\\\/07\\\/Colabora-DIF-Municipal-de-La-Paz-en-consulta-nacional--755x490.jpg\",\"datePublished\":\"2025-01-13T23:09:14+00:00\",\"breadcrumb\":{\"@id\":\"https:\\\/\\\/nbcs.mx\\\/?p=145273#breadcrumb\"},\"inLanguage\":\"es\",\"potentialAction\":[{\"@type\":\"ReadAction\",\"target\":[\"https:\\\/\\\/nbcs.mx\\\/?p=145273\"]}]},{\"@type\":\"ImageObject\",\"inLanguage\":\"es\",\"@id\":\"https:\\\/\\\/nbcs.mx\\\/?p=145273#primaryimage\",\"url\":\"https:\\\/\\\/nbcs.mx\\\/wp-content\\\/uploads\\\/2022\\\/07\\\/Colabora-DIF-Municipal-de-La-Paz-en-consulta-nacional--755x490.jpg\",\"contentUrl\":\"https:\\\/\\\/nbcs.mx\\\/wp-content\\\/uploads\\\/2022\\\/07\\\/Colabora-DIF-Municipal-de-La-Paz-en-consulta-nacional--755x490.jpg\"},{\"@type\":\"BreadcrumbList\",\"@id\":\"https:\\\/\\\/nbcs.mx\\\/?p=145273#breadcrumb\",\"itemListElement\":[{\"@type\":\"ListItem\",\"position\":1,\"name\":\"Portada\",\"item\":\"https:\\\/\\\/nbcs.mx\\\/\"},{\"@type\":\"ListItem\",\"position\":2,\"name\":\"Convoca Ayuntamiento de La Paz a consulta ciudadana extraordinaria para elegir a Delegada de El Pescadero\"}]},{\"@type\":\"WebSite\",\"@id\":\"https:\\\/\\\/nbcs.mx\\\/#website\",\"url\":\"https:\\\/\\\/nbcs.mx\\\/\",\"name\":\"NBCS Noticias\",\"description\":\"Sitio web de noticias en Baja California Sur\",\"publisher\":{\"@id\":\"https:\\\/\\\/nbcs.mx\\\/#organization\"},\"potentialAction\":[{\"@type\":\"SearchAction\",\"target\":{\"@type\":\"EntryPoint\",\"urlTemplate\":\"https:\\\/\\\/nbcs.mx\\\/?s={search_term_string}\"},\"query-input\":{\"@type\":\"PropertyValueSpecification\",\"valueRequired\":true,\"valueName\":\"search_term_string\"}}],\"inLanguage\":\"es\"},{\"@type\":\"Organization\",\"@id\":\"https:\\\/\\\/nbcs.mx\\\/#organization\",\"name\":\"NBCS Noticias\",\"url\":\"https:\\\/\\\/nbcs.mx\\\/\",\"logo\":{\"@type\":\"ImageObject\",\"inLanguage\":\"es\",\"@id\":\"https:\\\/\\\/nbcs.mx\\\/#\\\/schema\\\/logo\\\/image\\\/\",\"url\":\"https:\\\/\\\/nbcs.mx\\\/wp-content\\\/uploads\\\/2018\\\/09\\\/057b69485e93575a5c2b1c1dde2dd297.jpeg\",\"contentUrl\":\"https:\\\/\\\/nbcs.mx\\\/wp-content\\\/uploads\\\/2018\\\/09\\\/057b69485e93575a5c2b1c1dde2dd297.jpeg\",\"width\":64,\"height\":64,\"caption\":\"NBCS Noticias\"},\"image\":{\"@id\":\"https:\\\/\\\/nbcs.mx\\\/#\\\/schema\\\/logo\\\/image\\\/\"},\"sameAs\":[\"https:\\\/\\\/www.facebook.com\\\/NBCSnoticias\",\"https:\\\/\\\/x.com\\\/NBCSnoticias\"]},{\"@type\":\"Person\",\"@id\":\"https:\\\/\\\/nbcs.mx\\\/#\\\/schema\\\/person\\\/ece58bab9a7c1e87a4d28ec9ecd79ff4\",\"name\":\"NBCS Noticias\",\"image\":{\"@type\":\"ImageObject\",\"inLanguage\":\"es\",\"@id\":\"https:\\\/\\\/secure.gravatar.com\\\/avatar\\\/4e52110cad1c4054b43271a0d14bbe9e2ea76aecd0e1097edfc670798d9ca1d4?s=96&d=blank&r=g\",\"url\":\"https:\\\/\\\/secure.gravatar.com\\\/avatar\\\/4e52110cad1c4054b43271a0d14bbe9e2ea76aecd0e1097edfc670798d9ca1d4?s=96&d=blank&r=g\",\"contentUrl\":\"https:\\\/\\\/secure.gravatar.com\\\/avatar\\\/4e52110cad1c4054b43271a0d14bbe9e2ea76aecd0e1097edfc670798d9ca1d4?s=96&d=blank&r=g\",\"caption\":\"NBCS Noticias\"},\"description\":\"\u00bfTienes fotos o video de alg\u00fan acto de posible negligencia, corrupci\u00f3n y abuso de autoridad? M\u00e1ndalo al WhatsApp de NBCS Noticias: 612 141 98 08\",\"sameAs\":[\"https:\\\/\\\/www.nbcs.mx\",\"https:\\\/\\\/www.facebook.com\\\/NBCSnoticias\",\"https:\\\/\\\/www.instagram.com\\\/nbcsnoticias\\\/\",\"https:\\\/\\\/x.com\\\/https:\\\/\\\/twitter.com\\\/NBCSnoticias\"]}]}<\/script>\n<!-- \/ Yoast SEO plugin. -->","yoast_head_json":{"title":"Convoca Ayuntamiento de La Paz a consulta ciudadana extraordinaria para elegir a Delegada de El Pescadero - NBCS Noticias","robots":{"index":"index","follow":"follow","max-snippet":"max-snippet:-1","max-image-preview":"max-image-preview:large","max-video-preview":"max-video-preview:-1"},"canonical":"https:\/\/nbcs.mx\/?p=145273","og_locale":"es_ES","og_type":"article","og_title":"Convoca Ayuntamiento de La Paz a consulta ciudadana extraordinaria para elegir a Delegada de El Pescadero - NBCS Noticias","og_description":"El H. XVIII Ayuntamiento de La Paz lanz\u00f3 la convocatoria para la consulta ciudadana extraordinaria para la elecci\u00f3n de Delegada","og_url":"https:\/\/nbcs.mx\/?p=145273","og_site_name":"NBCS Noticias","article_publisher":"https:\/\/www.facebook.com\/NBCSnoticias","article_author":"https:\/\/www.facebook.com\/NBCSnoticias","article_published_time":"2025-01-13T23:09:14+00:00","og_image":[{"width":1035,"height":672,"url":"https:\/\/nbcs.mx\/wp-content\/uploads\/2022\/07\/Colabora-DIF-Municipal-de-La-Paz-en-consulta-nacional-.jpg","type":"image\/jpeg"}],"author":"NBCS Noticias","twitter_card":"summary_large_image","twitter_creator":"@https:\/\/twitter.com\/NBCSnoticias","twitter_site":"@NBCSnoticias","twitter_misc":{"Escrito por":"NBCS Noticias","Tiempo de lectura":"3 minutos"},"schema":{"@context":"https:\/\/schema.org","@graph":[{"@type":"Article","@id":"https:\/\/nbcs.mx\/?p=145273#article","isPartOf":{"@id":"https:\/\/nbcs.mx\/?p=145273"},"author":{"name":"NBCS Noticias","@id":"https:\/\/nbcs.mx\/#\/schema\/person\/ece58bab9a7c1e87a4d28ec9ecd79ff4"},"headline":"Convoca Ayuntamiento de La Paz a consulta ciudadana extraordinaria para elegir a Delegada de El Pescadero","datePublished":"2025-01-13T23:09:14+00:00","mainEntityOfPage":{"@id":"https:\/\/nbcs.mx\/?p=145273"},"wordCount":426,"commentCount":0,"publisher":{"@id":"https:\/\/nbcs.mx\/#organization"},"image":{"@id":"https:\/\/nbcs.mx\/?p=145273#primaryimage"},"thumbnailUrl":"https:\/\/nbcs.mx\/wp-content\/uploads\/2022\/07\/Colabora-DIF-Municipal-de-La-Paz-en-consulta-nacional--755x490.jpg","articleSection":["Municipios"],"inLanguage":"es","potentialAction":[{"@type":"CommentAction","name":"Comment","target":["https:\/\/nbcs.mx\/?p=145273#respond"]}]},{"@type":"WebPage","@id":"https:\/\/nbcs.mx\/?p=145273","url":"https:\/\/nbcs.mx\/?p=145273","name":"Convoca Ayuntamiento de La Paz a consulta ciudadana extraordinaria para elegir a Delegada de El Pescadero - NBCS Noticias","isPartOf":{"@id":"https:\/\/nbcs.mx\/#website"},"primaryImageOfPage":{"@id":"https:\/\/nbcs.mx\/?p=145273#primaryimage"},"image":{"@id":"https:\/\/nbcs.mx\/?p=145273#primaryimage"},"thumbnailUrl":"https:\/\/nbcs.mx\/wp-content\/uploads\/2022\/07\/Colabora-DIF-Municipal-de-La-Paz-en-consulta-nacional--755x490.jpg","datePublished":"2025-01-13T23:09:14+00:00","breadcrumb":{"@id":"https:\/\/nbcs.mx\/?p=145273#breadcrumb"},"inLanguage":"es","potentialAction":[{"@type":"ReadAction","target":["https:\/\/nbcs.mx\/?p=145273"]}]},{"@type":"ImageObject","inLanguage":"es","@id":"https:\/\/nbcs.mx\/?p=145273#primaryimage","url":"https:\/\/nbcs.mx\/wp-content\/uploads\/2022\/07\/Colabora-DIF-Municipal-de-La-Paz-en-consulta-nacional--755x490.jpg","contentUrl":"https:\/\/nbcs.mx\/wp-content\/uploads\/2022\/07\/Colabora-DIF-Municipal-de-La-Paz-en-consulta-nacional--755x490.jpg"},{"@type":"BreadcrumbList","@id":"https:\/\/nbcs.mx\/?p=145273#breadcrumb","itemListElement":[{"@type":"ListItem","position":1,"name":"Portada","item":"https:\/\/nbcs.mx\/"},{"@type":"ListItem","position":2,"name":"Convoca Ayuntamiento de La Paz a consulta ciudadana extraordinaria para elegir a Delegada de El Pescadero"}]},{"@type":"WebSite","@id":"https:\/\/nbcs.mx\/#website","url":"https:\/\/nbcs.mx\/","name":"NBCS Noticias","description":"Sitio web de noticias en Baja California Sur","publisher":{"@id":"https:\/\/nbcs.mx\/#organization"},"potentialAction":[{"@type":"SearchAction","target":{"@type":"EntryPoint","urlTemplate":"https:\/\/nbcs.mx\/?s={search_term_string}"},"query-input":{"@type":"PropertyValueSpecification","valueRequired":true,"valueName":"search_term_string"}}],"inLanguage":"es"},{"@type":"Organization","@id":"https:\/\/nbcs.mx\/#organization","name":"NBCS Noticias","url":"https:\/\/nbcs.mx\/","logo":{"@type":"ImageObject","inLanguage":"es","@id":"https:\/\/nbcs.mx\/#\/schema\/logo\/image\/","url":"https:\/\/nbcs.mx\/wp-content\/uploads\/2018\/09\/057b69485e93575a5c2b1c1dde2dd297.jpeg","contentUrl":"https:\/\/nbcs.mx\/wp-content\/uploads\/2018\/09\/057b69485e93575a5c2b1c1dde2dd297.jpeg","width":64,"height":64,"caption":"NBCS Noticias"},"image":{"@id":"https:\/\/nbcs.mx\/#\/schema\/logo\/image\/"},"sameAs":["https:\/\/www.facebook.com\/NBCSnoticias","https:\/\/x.com\/NBCSnoticias"]},{"@type":"Person","@id":"https:\/\/nbcs.mx\/#\/schema\/person\/ece58bab9a7c1e87a4d28ec9ecd79ff4","name":"NBCS Noticias","image":{"@type":"ImageObject","inLanguage":"es","@id":"https:\/\/secure.gravatar.com\/avatar\/4e52110cad1c4054b43271a0d14bbe9e2ea76aecd0e1097edfc670798d9ca1d4?s=96&d=blank&r=g","url":"https:\/\/secure.gravatar.com\/avatar\/4e52110cad1c4054b43271a0d14bbe9e2ea76aecd0e1097edfc670798d9ca1d4?s=96&d=blank&r=g","contentUrl":"https:\/\/secure.gravatar.com\/avatar\/4e52110cad1c4054b43271a0d14bbe9e2ea76aecd0e1097edfc670798d9ca1d4?s=96&d=blank&r=g","caption":"NBCS Noticias"},"description":"\u00bfTienes fotos o video de alg\u00fan acto de posible negligencia, corrupci\u00f3n y abuso de autoridad? M\u00e1ndalo al WhatsApp de NBCS Noticias: 612 141 98 08","sameAs":["https:\/\/www.nbcs.mx","https:\/\/www.facebook.com\/NBCSnoticias","https:\/\/www.instagram.com\/nbcsnoticias\/","https:\/\/x.com\/https:\/\/twitter.com\/NBCSnoticias"]}]}},"jetpack_publicize_connections":[],"jetpack_sharing_enabled":true,"jetpack_featured_media_url":"","_links":{"self":[{"href":"https:\/\/nbcs.mx\/index.php?rest_route=\/wp\/v2\/posts\/145273","targetHints":{"allow":["GET"]}}],"collection":[{"href":"https:\/\/nbcs.mx\/index.php?rest_route=\/wp\/v2\/posts"}],"about":[{"href":"https:\/\/nbcs.mx\/index.php?rest_route=\/wp\/v2\/types\/post"}],"author":[{"embeddable":true,"href":"https:\/\/nbcs.mx\/index.php?rest_route=\/wp\/v2\/users\/1"}],"replies":[{"embeddable":true,"href":"https:\/\/nbcs.mx\/index.php?rest_route=%2Fwp%2Fv2%2Fcomments&post=145273"}],"version-history":[{"count":1,"href":"https:\/\/nbcs.mx\/index.php?rest_route=\/wp\/v2\/posts\/145273\/revisions"}],"predecessor-version":[{"id":145274,"href":"https:\/\/nbcs.mx\/index.php?rest_route=\/wp\/v2\/posts\/145273\/revisions\/145274"}],"wp:attachment":[{"href":"https:\/\/nbcs.mx\/index.php?rest_route=%2Fwp%2Fv2%2Fmedia&parent=145273"}],"wp:term":[{"taxonomy":"category","embeddable":true,"href":"https:\/\/nbcs.mx\/index.php?rest_route=%2Fwp%2Fv2%2Fcategories&post=145273"},{"taxonomy":"post_tag","embeddable":true,"href":"https:\/\/nbcs.mx\/index.php?rest_route=%2Fwp%2Fv2%2Ftags&post=145273"}],"curies":[{"name":"wp","href":"https:\/\/api.w.org\/{rel}","templated":true}]}}