{"id":145580,"date":"2025-01-21T17:30:21","date_gmt":"2025-01-22T00:30:21","guid":{"rendered":"https:\/\/nbcs.mx\/?p=145580"},"modified":"2025-01-21T17:30:21","modified_gmt":"2025-01-22T00:30:21","slug":"milena-quiroga-firma-convenio-para-la-instalacion-de-la-mesa-violeta-en-loreto","status":"publish","type":"post","link":"https:\/\/nbcs.mx\/?p=145580","title":{"rendered":"Milena Quiroga firma convenio para la instalaci\u00f3n de la Mesa Violeta en Loreto"},"content":{"rendered":"<p style=\"font-weight: 400; text-align: justify;\"><img loading=\"lazy\" decoding=\"async\" class=\" wp-image-145581 alignleft\" src=\"https:\/\/nbcs.mx\/wp-content\/uploads\/2025\/01\/Foto-Principal-Boletin-061-755x398.jpeg\" alt=\"\" width=\"391\" height=\"206\" \/>Con la firma del convenio para la instalaci\u00f3n de la Mesa Violeta en Loreto, ya son tres los municipios de Baja California Sur que replican la iniciativa implementada por la Alcaldesa de La Paz, Milena Quiroga Romero. Este esfuerzo tiene como objetivo reforzar la prevenci\u00f3n de los delitos de violencia de g\u00e9nero, abordando sus causas y garantizando la atenci\u00f3n integral de los casos mediante acciones concretas y plazos definidos para asegurar justicia.<\/p>\n<p style=\"font-weight: 400; text-align: justify;\">\n<p style=\"font-weight: 400; text-align: justify;\">Durante su intervenci\u00f3n, la Presidenta Municipal de La Paz destac\u00f3 el compromiso del Gobernador V\u00edctor Castro Cos\u00edo, impulsor del programa \u201cP\u00e1rale a la Violencia\u201d, enfocado en visibilizar y erradicar este problema. Asimismo, reiter\u00f3 su apoyo a la Alcaldesa de Loreto, Paz Ochoa Amador, celebr\u00f3 su esfuerzo por disminuir los \u00edndices de violencia y salvaguardar la integridad de las loretanas.<\/p>\n<p style=\"font-weight: 400; text-align: justify;\">\n<p style=\"font-weight: 400; text-align: justify;\">Por su parte, el Procurador General de Justicia del Estado, Daniel de la Rosa Anaya, inform\u00f3 que en 2024 se registraron 25 mil denuncias en la entidad, de las cuales el 28% correspondieron a casos de violencia de g\u00e9nero. Ante este panorama, el Gobierno Municipal de La Paz ha intensificado la capacitaci\u00f3n de los cuerpos policiales para identificar y canalizar estos casos al Centro de Justicia para las Mujeres.<\/p>\n<p style=\"font-weight: 400; text-align: justify;\">\n<p style=\"font-weight: 400; text-align: justify;\">\u201cHemos capacitado a nuestros elementos para que puedan identificar cuando se trata de violencia de g\u00e9nero, porque no se puede tratar igual. Necesitamos organizarnos para construir una sociedad libre y confiada. Queremos asegurarnos de que ninguna v\u00edctima quede sin atenci\u00f3n y que ning\u00fan agresor quede impune. Ese es el prop\u00f3sito de la Mesa Violeta, y lo estamos logrando, porque conocemos los nombres y apellidos de las v\u00edctimas y sus agresores, as\u00ed como el estado de cada caso\u201d, expres\u00f3 Milena Quiroga.<\/p>\n<p style=\"font-weight: 400; text-align: justify;\">\n<p style=\"font-weight: 400; text-align: justify;\">Entre las acciones derivadas de la Mesa Violeta destaca la ampliaci\u00f3n del horario de atenci\u00f3n en el Centro de Justicia para las Mujeres, que ahora opera las 24 horas, los siete d\u00edas de la semana. Adem\u00e1s, se han integrado psic\u00f3logos al equipo y se habilit\u00f3 una oficina m\u00f3vil para extender los servicios a m\u00e1s comunidades.<\/p>\n<p style=\"font-weight: 400; text-align: justify;\">\n<p style=\"font-weight: 400; text-align: justify;\">La Alcaldesa subray\u00f3 que, a seis meses de la instalaci\u00f3n de la Mesa Violeta en La Paz, se han logrado avances significativos: seis prisiones preventivas para agresores, una vinculaci\u00f3n a proceso y dos casos pr\u00f3ximos a resolverse.<\/p>\n<p style=\"font-weight: 400; text-align: justify;\">\n<p style=\"font-weight: 400; text-align: justify;\">Previo a concluir el protocolo, Paz Ochoa manifest\u00f3 que es una responsabilidad conjunta el buscar acciones que aminoren estos \u00edndices y la llegada de la Mesa Violeta permitir\u00e1 el an\u00e1lisis de muchas situaciones y un llamado a la acci\u00f3n para asegurar justicia y libertad.<\/p>\n<p style=\"font-weight: 400; text-align: justify;\">\n<p style=\"font-weight: 400; text-align: justify;\">Finalmente, Milena Quiroga agradeci\u00f3 el respaldo de la Diputada Teresita de Jes\u00fas Valent\u00edn V\u00e1zquez, quien present\u00f3 una iniciativa en el Congreso del Estado para replicar este modelo en todos los municipios. Asimismo, reconoci\u00f3 el apoyo de la magistrada del Tribunal Superior de Justicia, Claudia Jeanette Cota Pe\u00f1a, y de la Presidenta del DIF Estatal, Patricia L\u00f3pez Navarro, quien ha sido una aliada clave en la lucha contra la violencia hacia las mujeres.<\/p>\n<p style=\"font-weight: 400; text-align: justify;\">\n","protected":false},"excerpt":{"rendered":"<p>Con la firma del convenio para la instalaci\u00f3n de la Mesa Violeta en Loreto, ya son tres los municipios de<\/p>\n","protected":false},"author":1,"featured_media":0,"comment_status":"open","ping_status":"closed","sticky":false,"template":"","format":"standard","meta":{"colormag_page_container_layout":"default_layout","colormag_page_sidebar_layout":"default_layout","_jetpack_memberships_contains_paid_content":false,"footnotes":"","jetpack_publicize_message":"","jetpack_publicize_feature_enabled":true,"jetpack_social_post_already_shared":true,"jetpack_social_options":{"image_generator_settings":{"template":"highway","default_image_id":0,"font":"","enabled":false},"version":2}},"categories":[40],"tags":[],"class_list":["post-145580","post","type-post","status-publish","format-standard","hentry","category-municipios"],"yoast_head":"<!-- This site is optimized with the Yoast SEO plugin v27.5 - https:\/\/yoast.com\/product\/yoast-seo-wordpress\/ -->\n<title>Milena Quiroga firma convenio para la instalaci\u00f3n de la Mesa Violeta en Loreto - NBCS Noticias<\/title>\n<meta name=\"robots\" content=\"index, follow, max-snippet:-1, max-image-preview:large, max-video-preview:-1\" \/>\n<link rel=\"canonical\" href=\"https:\/\/nbcs.mx\/?p=145580\" \/>\n<meta property=\"og:locale\" content=\"es_ES\" \/>\n<meta property=\"og:type\" content=\"article\" \/>\n<meta property=\"og:title\" content=\"Milena Quiroga firma convenio para la instalaci\u00f3n de la Mesa Violeta en Loreto - NBCS Noticias\" \/>\n<meta property=\"og:description\" content=\"Con la firma del convenio para la instalaci\u00f3n de la Mesa Violeta en Loreto, ya son tres los municipios de\" \/>\n<meta property=\"og:url\" content=\"https:\/\/nbcs.mx\/?p=145580\" \/>\n<meta property=\"og:site_name\" content=\"NBCS Noticias\" \/>\n<meta property=\"article:publisher\" content=\"https:\/\/www.facebook.com\/NBCSnoticias\" \/>\n<meta property=\"article:author\" content=\"https:\/\/www.facebook.com\/NBCSnoticias\" \/>\n<meta property=\"article:published_time\" content=\"2025-01-22T00:30:21+00:00\" \/>\n<meta property=\"og:image\" content=\"https:\/\/nbcs.mx\/wp-content\/uploads\/2025\/01\/Foto-Principal-Boletin-061-scaled.jpeg\" \/>\n\t<meta property=\"og:image:width\" content=\"2560\" \/>\n\t<meta property=\"og:image:height\" content=\"1350\" \/>\n\t<meta property=\"og:image:type\" content=\"image\/jpeg\" \/>\n<meta name=\"author\" content=\"NBCS Noticias\" \/>\n<meta name=\"twitter:card\" content=\"summary_large_image\" \/>\n<meta name=\"twitter:creator\" content=\"@https:\/\/twitter.com\/NBCSnoticias\" \/>\n<meta name=\"twitter:site\" content=\"@NBCSnoticias\" \/>\n<meta name=\"twitter:label1\" content=\"Escrito por\" \/>\n\t<meta name=\"twitter:data1\" content=\"NBCS Noticias\" \/>\n\t<meta name=\"twitter:label2\" content=\"Tiempo de lectura\" \/>\n\t<meta name=\"twitter:data2\" content=\"3 minutos\" \/>\n<script type=\"application\/ld+json\" class=\"yoast-schema-graph\">{\"@context\":\"https:\\\/\\\/schema.org\",\"@graph\":[{\"@type\":\"Article\",\"@id\":\"https:\\\/\\\/nbcs.mx\\\/?p=145580#article\",\"isPartOf\":{\"@id\":\"https:\\\/\\\/nbcs.mx\\\/?p=145580\"},\"author\":{\"name\":\"NBCS Noticias\",\"@id\":\"https:\\\/\\\/nbcs.mx\\\/#\\\/schema\\\/person\\\/ece58bab9a7c1e87a4d28ec9ecd79ff4\"},\"headline\":\"Milena Quiroga firma convenio para la instalaci\u00f3n de la Mesa Violeta en Loreto\",\"datePublished\":\"2025-01-22T00:30:21+00:00\",\"mainEntityOfPage\":{\"@id\":\"https:\\\/\\\/nbcs.mx\\\/?p=145580\"},\"wordCount\":531,\"commentCount\":0,\"publisher\":{\"@id\":\"https:\\\/\\\/nbcs.mx\\\/#organization\"},\"image\":{\"@id\":\"https:\\\/\\\/nbcs.mx\\\/?p=145580#primaryimage\"},\"thumbnailUrl\":\"https:\\\/\\\/nbcs.mx\\\/wp-content\\\/uploads\\\/2025\\\/01\\\/Foto-Principal-Boletin-061-755x398.jpeg\",\"articleSection\":[\"Municipios\"],\"inLanguage\":\"es\",\"potentialAction\":[{\"@type\":\"CommentAction\",\"name\":\"Comment\",\"target\":[\"https:\\\/\\\/nbcs.mx\\\/?p=145580#respond\"]}]},{\"@type\":\"WebPage\",\"@id\":\"https:\\\/\\\/nbcs.mx\\\/?p=145580\",\"url\":\"https:\\\/\\\/nbcs.mx\\\/?p=145580\",\"name\":\"Milena Quiroga firma convenio para la instalaci\u00f3n de la Mesa Violeta en Loreto - NBCS Noticias\",\"isPartOf\":{\"@id\":\"https:\\\/\\\/nbcs.mx\\\/#website\"},\"primaryImageOfPage\":{\"@id\":\"https:\\\/\\\/nbcs.mx\\\/?p=145580#primaryimage\"},\"image\":{\"@id\":\"https:\\\/\\\/nbcs.mx\\\/?p=145580#primaryimage\"},\"thumbnailUrl\":\"https:\\\/\\\/nbcs.mx\\\/wp-content\\\/uploads\\\/2025\\\/01\\\/Foto-Principal-Boletin-061-755x398.jpeg\",\"datePublished\":\"2025-01-22T00:30:21+00:00\",\"breadcrumb\":{\"@id\":\"https:\\\/\\\/nbcs.mx\\\/?p=145580#breadcrumb\"},\"inLanguage\":\"es\",\"potentialAction\":[{\"@type\":\"ReadAction\",\"target\":[\"https:\\\/\\\/nbcs.mx\\\/?p=145580\"]}]},{\"@type\":\"ImageObject\",\"inLanguage\":\"es\",\"@id\":\"https:\\\/\\\/nbcs.mx\\\/?p=145580#primaryimage\",\"url\":\"https:\\\/\\\/nbcs.mx\\\/wp-content\\\/uploads\\\/2025\\\/01\\\/Foto-Principal-Boletin-061-755x398.jpeg\",\"contentUrl\":\"https:\\\/\\\/nbcs.mx\\\/wp-content\\\/uploads\\\/2025\\\/01\\\/Foto-Principal-Boletin-061-755x398.jpeg\"},{\"@type\":\"BreadcrumbList\",\"@id\":\"https:\\\/\\\/nbcs.mx\\\/?p=145580#breadcrumb\",\"itemListElement\":[{\"@type\":\"ListItem\",\"position\":1,\"name\":\"Portada\",\"item\":\"https:\\\/\\\/nbcs.mx\\\/\"},{\"@type\":\"ListItem\",\"position\":2,\"name\":\"Milena Quiroga firma convenio para la instalaci\u00f3n de la Mesa Violeta en Loreto\"}]},{\"@type\":\"WebSite\",\"@id\":\"https:\\\/\\\/nbcs.mx\\\/#website\",\"url\":\"https:\\\/\\\/nbcs.mx\\\/\",\"name\":\"NBCS Noticias\",\"description\":\"Sitio web de noticias en Baja California Sur\",\"publisher\":{\"@id\":\"https:\\\/\\\/nbcs.mx\\\/#organization\"},\"potentialAction\":[{\"@type\":\"SearchAction\",\"target\":{\"@type\":\"EntryPoint\",\"urlTemplate\":\"https:\\\/\\\/nbcs.mx\\\/?s={search_term_string}\"},\"query-input\":{\"@type\":\"PropertyValueSpecification\",\"valueRequired\":true,\"valueName\":\"search_term_string\"}}],\"inLanguage\":\"es\"},{\"@type\":\"Organization\",\"@id\":\"https:\\\/\\\/nbcs.mx\\\/#organization\",\"name\":\"NBCS Noticias\",\"url\":\"https:\\\/\\\/nbcs.mx\\\/\",\"logo\":{\"@type\":\"ImageObject\",\"inLanguage\":\"es\",\"@id\":\"https:\\\/\\\/nbcs.mx\\\/#\\\/schema\\\/logo\\\/image\\\/\",\"url\":\"https:\\\/\\\/nbcs.mx\\\/wp-content\\\/uploads\\\/2018\\\/09\\\/057b69485e93575a5c2b1c1dde2dd297.jpeg\",\"contentUrl\":\"https:\\\/\\\/nbcs.mx\\\/wp-content\\\/uploads\\\/2018\\\/09\\\/057b69485e93575a5c2b1c1dde2dd297.jpeg\",\"width\":64,\"height\":64,\"caption\":\"NBCS Noticias\"},\"image\":{\"@id\":\"https:\\\/\\\/nbcs.mx\\\/#\\\/schema\\\/logo\\\/image\\\/\"},\"sameAs\":[\"https:\\\/\\\/www.facebook.com\\\/NBCSnoticias\",\"https:\\\/\\\/x.com\\\/NBCSnoticias\"]},{\"@type\":\"Person\",\"@id\":\"https:\\\/\\\/nbcs.mx\\\/#\\\/schema\\\/person\\\/ece58bab9a7c1e87a4d28ec9ecd79ff4\",\"name\":\"NBCS Noticias\",\"image\":{\"@type\":\"ImageObject\",\"inLanguage\":\"es\",\"@id\":\"https:\\\/\\\/secure.gravatar.com\\\/avatar\\\/4e52110cad1c4054b43271a0d14bbe9e2ea76aecd0e1097edfc670798d9ca1d4?s=96&d=blank&r=g\",\"url\":\"https:\\\/\\\/secure.gravatar.com\\\/avatar\\\/4e52110cad1c4054b43271a0d14bbe9e2ea76aecd0e1097edfc670798d9ca1d4?s=96&d=blank&r=g\",\"contentUrl\":\"https:\\\/\\\/secure.gravatar.com\\\/avatar\\\/4e52110cad1c4054b43271a0d14bbe9e2ea76aecd0e1097edfc670798d9ca1d4?s=96&d=blank&r=g\",\"caption\":\"NBCS Noticias\"},\"description\":\"\u00bfTienes fotos o video de alg\u00fan acto de posible negligencia, corrupci\u00f3n y abuso de autoridad? M\u00e1ndalo al WhatsApp de NBCS Noticias: 612 141 98 08\",\"sameAs\":[\"https:\\\/\\\/www.nbcs.mx\",\"https:\\\/\\\/www.facebook.com\\\/NBCSnoticias\",\"https:\\\/\\\/www.instagram.com\\\/nbcsnoticias\\\/\",\"https:\\\/\\\/x.com\\\/https:\\\/\\\/twitter.com\\\/NBCSnoticias\"]}]}<\/script>\n<!-- \/ Yoast SEO plugin. -->","yoast_head_json":{"title":"Milena Quiroga firma convenio para la instalaci\u00f3n de la Mesa Violeta en Loreto - NBCS Noticias","robots":{"index":"index","follow":"follow","max-snippet":"max-snippet:-1","max-image-preview":"max-image-preview:large","max-video-preview":"max-video-preview:-1"},"canonical":"https:\/\/nbcs.mx\/?p=145580","og_locale":"es_ES","og_type":"article","og_title":"Milena Quiroga firma convenio para la instalaci\u00f3n de la Mesa Violeta en Loreto - NBCS Noticias","og_description":"Con la firma del convenio para la instalaci\u00f3n de la Mesa Violeta en Loreto, ya son tres los municipios de","og_url":"https:\/\/nbcs.mx\/?p=145580","og_site_name":"NBCS Noticias","article_publisher":"https:\/\/www.facebook.com\/NBCSnoticias","article_author":"https:\/\/www.facebook.com\/NBCSnoticias","article_published_time":"2025-01-22T00:30:21+00:00","og_image":[{"width":2560,"height":1350,"url":"https:\/\/nbcs.mx\/wp-content\/uploads\/2025\/01\/Foto-Principal-Boletin-061-scaled.jpeg","type":"image\/jpeg"}],"author":"NBCS Noticias","twitter_card":"summary_large_image","twitter_creator":"@https:\/\/twitter.com\/NBCSnoticias","twitter_site":"@NBCSnoticias","twitter_misc":{"Escrito por":"NBCS Noticias","Tiempo de lectura":"3 minutos"},"schema":{"@context":"https:\/\/schema.org","@graph":[{"@type":"Article","@id":"https:\/\/nbcs.mx\/?p=145580#article","isPartOf":{"@id":"https:\/\/nbcs.mx\/?p=145580"},"author":{"name":"NBCS Noticias","@id":"https:\/\/nbcs.mx\/#\/schema\/person\/ece58bab9a7c1e87a4d28ec9ecd79ff4"},"headline":"Milena Quiroga firma convenio para la instalaci\u00f3n de la Mesa Violeta en Loreto","datePublished":"2025-01-22T00:30:21+00:00","mainEntityOfPage":{"@id":"https:\/\/nbcs.mx\/?p=145580"},"wordCount":531,"commentCount":0,"publisher":{"@id":"https:\/\/nbcs.mx\/#organization"},"image":{"@id":"https:\/\/nbcs.mx\/?p=145580#primaryimage"},"thumbnailUrl":"https:\/\/nbcs.mx\/wp-content\/uploads\/2025\/01\/Foto-Principal-Boletin-061-755x398.jpeg","articleSection":["Municipios"],"inLanguage":"es","potentialAction":[{"@type":"CommentAction","name":"Comment","target":["https:\/\/nbcs.mx\/?p=145580#respond"]}]},{"@type":"WebPage","@id":"https:\/\/nbcs.mx\/?p=145580","url":"https:\/\/nbcs.mx\/?p=145580","name":"Milena Quiroga firma convenio para la instalaci\u00f3n de la Mesa Violeta en Loreto - NBCS Noticias","isPartOf":{"@id":"https:\/\/nbcs.mx\/#website"},"primaryImageOfPage":{"@id":"https:\/\/nbcs.mx\/?p=145580#primaryimage"},"image":{"@id":"https:\/\/nbcs.mx\/?p=145580#primaryimage"},"thumbnailUrl":"https:\/\/nbcs.mx\/wp-content\/uploads\/2025\/01\/Foto-Principal-Boletin-061-755x398.jpeg","datePublished":"2025-01-22T00:30:21+00:00","breadcrumb":{"@id":"https:\/\/nbcs.mx\/?p=145580#breadcrumb"},"inLanguage":"es","potentialAction":[{"@type":"ReadAction","target":["https:\/\/nbcs.mx\/?p=145580"]}]},{"@type":"ImageObject","inLanguage":"es","@id":"https:\/\/nbcs.mx\/?p=145580#primaryimage","url":"https:\/\/nbcs.mx\/wp-content\/uploads\/2025\/01\/Foto-Principal-Boletin-061-755x398.jpeg","contentUrl":"https:\/\/nbcs.mx\/wp-content\/uploads\/2025\/01\/Foto-Principal-Boletin-061-755x398.jpeg"},{"@type":"BreadcrumbList","@id":"https:\/\/nbcs.mx\/?p=145580#breadcrumb","itemListElement":[{"@type":"ListItem","position":1,"name":"Portada","item":"https:\/\/nbcs.mx\/"},{"@type":"ListItem","position":2,"name":"Milena Quiroga firma convenio para la instalaci\u00f3n de la Mesa Violeta en Loreto"}]},{"@type":"WebSite","@id":"https:\/\/nbcs.mx\/#website","url":"https:\/\/nbcs.mx\/","name":"NBCS Noticias","description":"Sitio web de noticias en Baja California Sur","publisher":{"@id":"https:\/\/nbcs.mx\/#organization"},"potentialAction":[{"@type":"SearchAction","target":{"@type":"EntryPoint","urlTemplate":"https:\/\/nbcs.mx\/?s={search_term_string}"},"query-input":{"@type":"PropertyValueSpecification","valueRequired":true,"valueName":"search_term_string"}}],"inLanguage":"es"},{"@type":"Organization","@id":"https:\/\/nbcs.mx\/#organization","name":"NBCS Noticias","url":"https:\/\/nbcs.mx\/","logo":{"@type":"ImageObject","inLanguage":"es","@id":"https:\/\/nbcs.mx\/#\/schema\/logo\/image\/","url":"https:\/\/nbcs.mx\/wp-content\/uploads\/2018\/09\/057b69485e93575a5c2b1c1dde2dd297.jpeg","contentUrl":"https:\/\/nbcs.mx\/wp-content\/uploads\/2018\/09\/057b69485e93575a5c2b1c1dde2dd297.jpeg","width":64,"height":64,"caption":"NBCS Noticias"},"image":{"@id":"https:\/\/nbcs.mx\/#\/schema\/logo\/image\/"},"sameAs":["https:\/\/www.facebook.com\/NBCSnoticias","https:\/\/x.com\/NBCSnoticias"]},{"@type":"Person","@id":"https:\/\/nbcs.mx\/#\/schema\/person\/ece58bab9a7c1e87a4d28ec9ecd79ff4","name":"NBCS Noticias","image":{"@type":"ImageObject","inLanguage":"es","@id":"https:\/\/secure.gravatar.com\/avatar\/4e52110cad1c4054b43271a0d14bbe9e2ea76aecd0e1097edfc670798d9ca1d4?s=96&d=blank&r=g","url":"https:\/\/secure.gravatar.com\/avatar\/4e52110cad1c4054b43271a0d14bbe9e2ea76aecd0e1097edfc670798d9ca1d4?s=96&d=blank&r=g","contentUrl":"https:\/\/secure.gravatar.com\/avatar\/4e52110cad1c4054b43271a0d14bbe9e2ea76aecd0e1097edfc670798d9ca1d4?s=96&d=blank&r=g","caption":"NBCS Noticias"},"description":"\u00bfTienes fotos o video de alg\u00fan acto de posible negligencia, corrupci\u00f3n y abuso de autoridad? M\u00e1ndalo al WhatsApp de NBCS Noticias: 612 141 98 08","sameAs":["https:\/\/www.nbcs.mx","https:\/\/www.facebook.com\/NBCSnoticias","https:\/\/www.instagram.com\/nbcsnoticias\/","https:\/\/x.com\/https:\/\/twitter.com\/NBCSnoticias"]}]}},"jetpack_publicize_connections":[],"jetpack_featured_media_url":"","jetpack_sharing_enabled":true,"_links":{"self":[{"href":"https:\/\/nbcs.mx\/index.php?rest_route=\/wp\/v2\/posts\/145580","targetHints":{"allow":["GET"]}}],"collection":[{"href":"https:\/\/nbcs.mx\/index.php?rest_route=\/wp\/v2\/posts"}],"about":[{"href":"https:\/\/nbcs.mx\/index.php?rest_route=\/wp\/v2\/types\/post"}],"author":[{"embeddable":true,"href":"https:\/\/nbcs.mx\/index.php?rest_route=\/wp\/v2\/users\/1"}],"replies":[{"embeddable":true,"href":"https:\/\/nbcs.mx\/index.php?rest_route=%2Fwp%2Fv2%2Fcomments&post=145580"}],"version-history":[{"count":1,"href":"https:\/\/nbcs.mx\/index.php?rest_route=\/wp\/v2\/posts\/145580\/revisions"}],"predecessor-version":[{"id":145582,"href":"https:\/\/nbcs.mx\/index.php?rest_route=\/wp\/v2\/posts\/145580\/revisions\/145582"}],"wp:attachment":[{"href":"https:\/\/nbcs.mx\/index.php?rest_route=%2Fwp%2Fv2%2Fmedia&parent=145580"}],"wp:term":[{"taxonomy":"category","embeddable":true,"href":"https:\/\/nbcs.mx\/index.php?rest_route=%2Fwp%2Fv2%2Fcategories&post=145580"},{"taxonomy":"post_tag","embeddable":true,"href":"https:\/\/nbcs.mx\/index.php?rest_route=%2Fwp%2Fv2%2Ftags&post=145580"}],"curies":[{"name":"wp","href":"https:\/\/api.w.org\/{rel}","templated":true}]}}