{"id":145774,"date":"2025-01-26T14:33:49","date_gmt":"2025-01-26T21:33:49","guid":{"rendered":"https:\/\/nbcs.mx\/?p=145774"},"modified":"2025-01-26T14:33:49","modified_gmt":"2025-01-26T21:33:49","slug":"anuncian-a-mexico-como-pais-socio-de-fitur-2026-y-sede-de-la-copa-del-mundo","status":"publish","type":"post","link":"https:\/\/nbcs.mx\/?p=145774","title":{"rendered":"Anuncian a M\u00e9xico como pa\u00eds socio de FITUR 2026 y sede de la Copa del Mundo"},"content":{"rendered":"<p style=\"text-align: justify;\"><img loading=\"lazy\" decoding=\"async\" class=\" wp-image-145775 alignleft\" src=\"https:\/\/nbcs.mx\/wp-content\/uploads\/2025\/01\/FOTO-BOLETIN-SETUE-FITUR-2025-746x492.jpeg\" alt=\"\" width=\"368\" height=\"243\" \/>Durante la participaci\u00f3n de Baja California Sur en la Feria Internacional de Turismo (Fitur) 2025, la comitiva de M\u00e9xico, encabezada por la secretaria de Turismo, Josefina Rodr\u00edguez Zamora, dio a conocer que M\u00e9xico confirma su participaci\u00f3n como pa\u00eds socio en esta feria tur\u00edstica en la edici\u00f3n 2026, as\u00ed lo inform\u00f3 la titular de la Secretar\u00eda de Turismo y Econom\u00eda (SETUE), Maribel Collins S\u00e1nchez.<\/p>\n<p style=\"text-align: justify;\">En ese sentido, destac\u00f3 que esta acci\u00f3n permitir\u00e1 a M\u00e9xico contar con una posici\u00f3n privilegiada para exhibir sus atractivos tur\u00edsticos a nivel global, lo que, adem\u00e1s, se conjuntar\u00e1 con la estrategia de promoci\u00f3n para la celebraci\u00f3n de la Copa Mundial de la FIFA 2026.<\/p>\n<p style=\"text-align: justify;\">\u201cAdem\u00e1s de las citas de negocios que estamos teniendo en el stand de Baja California Sur, el cual ha estado muy concurrido debido a que la tendencia de los visitantes es el contacto con la naturaleza, historia y cultura de los destinos, se est\u00e1n concretando importantes estrategias con las alianzas que se hacen como pa\u00eds en este foro, como lo son la Copa Mundial y que M\u00e9xico ser\u00e1 el pa\u00eds socio en FITUR 2026\u201d, expres\u00f3.<\/p>\n<p style=\"text-align: justify;\">Maribel Collins, reiter\u00f3 que como parte de las estrategias que se realizar\u00e1n en las entidades para llevar los beneficios de la Copa Mundial a las comunidades, se incluyen actividades como Mundialitos en los Pueblos M\u00e1gicos del pa\u00eds, la implementaci\u00f3n de mega pantallas en alianza con la iniciativa privada, un festival gastron\u00f3mico \u201cHambre de Gol\u201d en la Ciudad de M\u00e9xico, rescate de al menos dos espacios p\u00fablicos en cada uno de los estados sede, y la creaci\u00f3n de espacios p\u00fablicos verdes deportivos.<\/p>\n<p style=\"text-align: justify;\">Asimismo, la Secretaria de Turismo y Econom\u00eda mencion\u00f3 que junto a Gobernadoras, Gobernadores y Secretarias\/os de Turismo de M\u00e9xico sostuvieron un importante encuentro en la residencia del embajador de M\u00e9xico en Espa\u00f1a, para, en unidad con touroperadores y socios comerciales, continuar fortaleciendo lazos de colaboraci\u00f3n para impulsar el turismo mexicano en los mercados internacionales, con especial \u00e9nfasis en la promoci\u00f3n de nuestros destinos y la atracci\u00f3n de inversiones.<\/p>\n<p style=\"text-align: justify;\">Para finalizar, hizo \u00e9nfasis en que en este marco se firm\u00f3 el convenio para la Alianza del Pac\u00edfico Mexicano, a trav\u00e9s del cual se trabajar\u00e1 de manera conjunta para mejorar las condiciones del sector tur\u00edstico, implementando medidas que fomenten la sostenibilidad, competitividad y bienestar de las comunidades locales.<\/p>\n<p style=\"text-align: justify;\">La primera Alianza del Pac\u00edfico Mexicano est\u00e1 conformada por los Estados de Chiapas, Baja California, Baja California Sur, Sonora, Oaxaca, Colima, Jalisco, Guerrero, Sinaloa, Michoac\u00e1n y Nayarit.<\/p>\n<div class=\"addtoany_share_save_container addtoany_content addtoany_content_bottom\">\n<div class=\"a2a_kit a2a_kit_size_32 addtoany_list\" style=\"text-align: justify;\" data-a2a-url=\"https:\/\/www.palabrabcs.com\/municipios\/la-paz\/anuncian-a-mexico-como-pais-socio-de-fitur-2026-y-sede-de-la-copa-del-mundo\/\" data-a2a-title=\"Anuncian a M\u00e9xico como pa\u00eds socio de FITUR 2026 y sede de la Copa del Mundo\"><\/div>\n<\/div>\n","protected":false},"excerpt":{"rendered":"<p>Durante la participaci\u00f3n de Baja California Sur en la Feria Internacional de Turismo (Fitur) 2025, la comitiva de M\u00e9xico, encabezada<\/p>\n","protected":false},"author":1,"featured_media":0,"comment_status":"open","ping_status":"closed","sticky":false,"template":"","format":"standard","meta":{"colormag_page_container_layout":"default_layout","colormag_page_sidebar_layout":"default_layout","_jetpack_memberships_contains_paid_content":false,"footnotes":"","jetpack_publicize_message":"","jetpack_publicize_feature_enabled":true,"jetpack_social_post_already_shared":true,"jetpack_social_options":{"image_generator_settings":{"template":"highway","default_image_id":0,"font":"","enabled":false},"version":2}},"categories":[1],"tags":[],"class_list":["post-145774","post","type-post","status-publish","format-standard","hentry","category-noticias"],"yoast_head":"<!-- This site is optimized with the Yoast SEO plugin v27.5 - https:\/\/yoast.com\/product\/yoast-seo-wordpress\/ -->\n<title>Anuncian a M\u00e9xico como pa\u00eds socio de FITUR 2026 y sede de la Copa del Mundo - NBCS Noticias<\/title>\n<meta name=\"robots\" content=\"index, follow, max-snippet:-1, max-image-preview:large, max-video-preview:-1\" \/>\n<link rel=\"canonical\" href=\"https:\/\/nbcs.mx\/?p=145774\" \/>\n<meta property=\"og:locale\" content=\"es_ES\" \/>\n<meta property=\"og:type\" content=\"article\" \/>\n<meta property=\"og:title\" content=\"Anuncian a M\u00e9xico como pa\u00eds socio de FITUR 2026 y sede de la Copa del Mundo - NBCS Noticias\" \/>\n<meta property=\"og:description\" content=\"Durante la participaci\u00f3n de Baja California Sur en la Feria Internacional de Turismo (Fitur) 2025, la comitiva de M\u00e9xico, encabezada\" \/>\n<meta property=\"og:url\" content=\"https:\/\/nbcs.mx\/?p=145774\" \/>\n<meta property=\"og:site_name\" content=\"NBCS Noticias\" \/>\n<meta property=\"article:publisher\" content=\"https:\/\/www.facebook.com\/NBCSnoticias\" \/>\n<meta property=\"article:author\" content=\"https:\/\/www.facebook.com\/NBCSnoticias\" \/>\n<meta property=\"article:published_time\" content=\"2025-01-26T21:33:49+00:00\" \/>\n<meta property=\"og:image\" content=\"https:\/\/nbcs.mx\/wp-content\/uploads\/2025\/01\/FOTO-BOLETIN-SETUE-FITUR-2025.jpeg\" \/>\n\t<meta property=\"og:image:width\" content=\"2560\" \/>\n\t<meta property=\"og:image:height\" content=\"1688\" \/>\n\t<meta property=\"og:image:type\" content=\"image\/jpeg\" \/>\n<meta name=\"author\" content=\"NBCS Noticias\" \/>\n<meta name=\"twitter:card\" content=\"summary_large_image\" \/>\n<meta name=\"twitter:creator\" content=\"@https:\/\/twitter.com\/NBCSnoticias\" \/>\n<meta name=\"twitter:site\" content=\"@NBCSnoticias\" \/>\n<meta name=\"twitter:label1\" content=\"Escrito por\" \/>\n\t<meta name=\"twitter:data1\" content=\"NBCS Noticias\" \/>\n\t<meta name=\"twitter:label2\" content=\"Tiempo de lectura\" \/>\n\t<meta name=\"twitter:data2\" content=\"3 minutos\" \/>\n<script type=\"application\/ld+json\" class=\"yoast-schema-graph\">{\"@context\":\"https:\\\/\\\/schema.org\",\"@graph\":[{\"@type\":\"Article\",\"@id\":\"https:\\\/\\\/nbcs.mx\\\/?p=145774#article\",\"isPartOf\":{\"@id\":\"https:\\\/\\\/nbcs.mx\\\/?p=145774\"},\"author\":{\"name\":\"NBCS Noticias\",\"@id\":\"https:\\\/\\\/nbcs.mx\\\/#\\\/schema\\\/person\\\/ece58bab9a7c1e87a4d28ec9ecd79ff4\"},\"headline\":\"Anuncian a M\u00e9xico como pa\u00eds socio de FITUR 2026 y sede de la Copa del Mundo\",\"datePublished\":\"2025-01-26T21:33:49+00:00\",\"mainEntityOfPage\":{\"@id\":\"https:\\\/\\\/nbcs.mx\\\/?p=145774\"},\"wordCount\":464,\"commentCount\":0,\"publisher\":{\"@id\":\"https:\\\/\\\/nbcs.mx\\\/#organization\"},\"image\":{\"@id\":\"https:\\\/\\\/nbcs.mx\\\/?p=145774#primaryimage\"},\"thumbnailUrl\":\"https:\\\/\\\/nbcs.mx\\\/wp-content\\\/uploads\\\/2025\\\/01\\\/FOTO-BOLETIN-SETUE-FITUR-2025-746x492.jpeg\",\"articleSection\":[\"Noticias\"],\"inLanguage\":\"es\",\"potentialAction\":[{\"@type\":\"CommentAction\",\"name\":\"Comment\",\"target\":[\"https:\\\/\\\/nbcs.mx\\\/?p=145774#respond\"]}]},{\"@type\":\"WebPage\",\"@id\":\"https:\\\/\\\/nbcs.mx\\\/?p=145774\",\"url\":\"https:\\\/\\\/nbcs.mx\\\/?p=145774\",\"name\":\"Anuncian a M\u00e9xico como pa\u00eds socio de FITUR 2026 y sede de la Copa del Mundo - NBCS Noticias\",\"isPartOf\":{\"@id\":\"https:\\\/\\\/nbcs.mx\\\/#website\"},\"primaryImageOfPage\":{\"@id\":\"https:\\\/\\\/nbcs.mx\\\/?p=145774#primaryimage\"},\"image\":{\"@id\":\"https:\\\/\\\/nbcs.mx\\\/?p=145774#primaryimage\"},\"thumbnailUrl\":\"https:\\\/\\\/nbcs.mx\\\/wp-content\\\/uploads\\\/2025\\\/01\\\/FOTO-BOLETIN-SETUE-FITUR-2025-746x492.jpeg\",\"datePublished\":\"2025-01-26T21:33:49+00:00\",\"breadcrumb\":{\"@id\":\"https:\\\/\\\/nbcs.mx\\\/?p=145774#breadcrumb\"},\"inLanguage\":\"es\",\"potentialAction\":[{\"@type\":\"ReadAction\",\"target\":[\"https:\\\/\\\/nbcs.mx\\\/?p=145774\"]}]},{\"@type\":\"ImageObject\",\"inLanguage\":\"es\",\"@id\":\"https:\\\/\\\/nbcs.mx\\\/?p=145774#primaryimage\",\"url\":\"https:\\\/\\\/nbcs.mx\\\/wp-content\\\/uploads\\\/2025\\\/01\\\/FOTO-BOLETIN-SETUE-FITUR-2025-746x492.jpeg\",\"contentUrl\":\"https:\\\/\\\/nbcs.mx\\\/wp-content\\\/uploads\\\/2025\\\/01\\\/FOTO-BOLETIN-SETUE-FITUR-2025-746x492.jpeg\"},{\"@type\":\"BreadcrumbList\",\"@id\":\"https:\\\/\\\/nbcs.mx\\\/?p=145774#breadcrumb\",\"itemListElement\":[{\"@type\":\"ListItem\",\"position\":1,\"name\":\"Portada\",\"item\":\"https:\\\/\\\/nbcs.mx\\\/\"},{\"@type\":\"ListItem\",\"position\":2,\"name\":\"Anuncian a M\u00e9xico como pa\u00eds socio de FITUR 2026 y sede de la Copa del Mundo\"}]},{\"@type\":\"WebSite\",\"@id\":\"https:\\\/\\\/nbcs.mx\\\/#website\",\"url\":\"https:\\\/\\\/nbcs.mx\\\/\",\"name\":\"NBCS Noticias\",\"description\":\"Sitio web de noticias en Baja California Sur\",\"publisher\":{\"@id\":\"https:\\\/\\\/nbcs.mx\\\/#organization\"},\"potentialAction\":[{\"@type\":\"SearchAction\",\"target\":{\"@type\":\"EntryPoint\",\"urlTemplate\":\"https:\\\/\\\/nbcs.mx\\\/?s={search_term_string}\"},\"query-input\":{\"@type\":\"PropertyValueSpecification\",\"valueRequired\":true,\"valueName\":\"search_term_string\"}}],\"inLanguage\":\"es\"},{\"@type\":\"Organization\",\"@id\":\"https:\\\/\\\/nbcs.mx\\\/#organization\",\"name\":\"NBCS Noticias\",\"url\":\"https:\\\/\\\/nbcs.mx\\\/\",\"logo\":{\"@type\":\"ImageObject\",\"inLanguage\":\"es\",\"@id\":\"https:\\\/\\\/nbcs.mx\\\/#\\\/schema\\\/logo\\\/image\\\/\",\"url\":\"https:\\\/\\\/nbcs.mx\\\/wp-content\\\/uploads\\\/2018\\\/09\\\/057b69485e93575a5c2b1c1dde2dd297.jpeg\",\"contentUrl\":\"https:\\\/\\\/nbcs.mx\\\/wp-content\\\/uploads\\\/2018\\\/09\\\/057b69485e93575a5c2b1c1dde2dd297.jpeg\",\"width\":64,\"height\":64,\"caption\":\"NBCS Noticias\"},\"image\":{\"@id\":\"https:\\\/\\\/nbcs.mx\\\/#\\\/schema\\\/logo\\\/image\\\/\"},\"sameAs\":[\"https:\\\/\\\/www.facebook.com\\\/NBCSnoticias\",\"https:\\\/\\\/x.com\\\/NBCSnoticias\"]},{\"@type\":\"Person\",\"@id\":\"https:\\\/\\\/nbcs.mx\\\/#\\\/schema\\\/person\\\/ece58bab9a7c1e87a4d28ec9ecd79ff4\",\"name\":\"NBCS Noticias\",\"image\":{\"@type\":\"ImageObject\",\"inLanguage\":\"es\",\"@id\":\"https:\\\/\\\/secure.gravatar.com\\\/avatar\\\/4e52110cad1c4054b43271a0d14bbe9e2ea76aecd0e1097edfc670798d9ca1d4?s=96&d=blank&r=g\",\"url\":\"https:\\\/\\\/secure.gravatar.com\\\/avatar\\\/4e52110cad1c4054b43271a0d14bbe9e2ea76aecd0e1097edfc670798d9ca1d4?s=96&d=blank&r=g\",\"contentUrl\":\"https:\\\/\\\/secure.gravatar.com\\\/avatar\\\/4e52110cad1c4054b43271a0d14bbe9e2ea76aecd0e1097edfc670798d9ca1d4?s=96&d=blank&r=g\",\"caption\":\"NBCS Noticias\"},\"description\":\"\u00bfTienes fotos o video de alg\u00fan acto de posible negligencia, corrupci\u00f3n y abuso de autoridad? M\u00e1ndalo al WhatsApp de NBCS Noticias: 612 141 98 08\",\"sameAs\":[\"https:\\\/\\\/www.nbcs.mx\",\"https:\\\/\\\/www.facebook.com\\\/NBCSnoticias\",\"https:\\\/\\\/www.instagram.com\\\/nbcsnoticias\\\/\",\"https:\\\/\\\/x.com\\\/https:\\\/\\\/twitter.com\\\/NBCSnoticias\"]}]}<\/script>\n<!-- \/ Yoast SEO plugin. -->","yoast_head_json":{"title":"Anuncian a M\u00e9xico como pa\u00eds socio de FITUR 2026 y sede de la Copa del Mundo - NBCS Noticias","robots":{"index":"index","follow":"follow","max-snippet":"max-snippet:-1","max-image-preview":"max-image-preview:large","max-video-preview":"max-video-preview:-1"},"canonical":"https:\/\/nbcs.mx\/?p=145774","og_locale":"es_ES","og_type":"article","og_title":"Anuncian a M\u00e9xico como pa\u00eds socio de FITUR 2026 y sede de la Copa del Mundo - NBCS Noticias","og_description":"Durante la participaci\u00f3n de Baja California Sur en la Feria Internacional de Turismo (Fitur) 2025, la comitiva de M\u00e9xico, encabezada","og_url":"https:\/\/nbcs.mx\/?p=145774","og_site_name":"NBCS Noticias","article_publisher":"https:\/\/www.facebook.com\/NBCSnoticias","article_author":"https:\/\/www.facebook.com\/NBCSnoticias","article_published_time":"2025-01-26T21:33:49+00:00","og_image":[{"width":2560,"height":1688,"url":"https:\/\/nbcs.mx\/wp-content\/uploads\/2025\/01\/FOTO-BOLETIN-SETUE-FITUR-2025.jpeg","type":"image\/jpeg"}],"author":"NBCS Noticias","twitter_card":"summary_large_image","twitter_creator":"@https:\/\/twitter.com\/NBCSnoticias","twitter_site":"@NBCSnoticias","twitter_misc":{"Escrito por":"NBCS Noticias","Tiempo de lectura":"3 minutos"},"schema":{"@context":"https:\/\/schema.org","@graph":[{"@type":"Article","@id":"https:\/\/nbcs.mx\/?p=145774#article","isPartOf":{"@id":"https:\/\/nbcs.mx\/?p=145774"},"author":{"name":"NBCS Noticias","@id":"https:\/\/nbcs.mx\/#\/schema\/person\/ece58bab9a7c1e87a4d28ec9ecd79ff4"},"headline":"Anuncian a M\u00e9xico como pa\u00eds socio de FITUR 2026 y sede de la Copa del Mundo","datePublished":"2025-01-26T21:33:49+00:00","mainEntityOfPage":{"@id":"https:\/\/nbcs.mx\/?p=145774"},"wordCount":464,"commentCount":0,"publisher":{"@id":"https:\/\/nbcs.mx\/#organization"},"image":{"@id":"https:\/\/nbcs.mx\/?p=145774#primaryimage"},"thumbnailUrl":"https:\/\/nbcs.mx\/wp-content\/uploads\/2025\/01\/FOTO-BOLETIN-SETUE-FITUR-2025-746x492.jpeg","articleSection":["Noticias"],"inLanguage":"es","potentialAction":[{"@type":"CommentAction","name":"Comment","target":["https:\/\/nbcs.mx\/?p=145774#respond"]}]},{"@type":"WebPage","@id":"https:\/\/nbcs.mx\/?p=145774","url":"https:\/\/nbcs.mx\/?p=145774","name":"Anuncian a M\u00e9xico como pa\u00eds socio de FITUR 2026 y sede de la Copa del Mundo - NBCS Noticias","isPartOf":{"@id":"https:\/\/nbcs.mx\/#website"},"primaryImageOfPage":{"@id":"https:\/\/nbcs.mx\/?p=145774#primaryimage"},"image":{"@id":"https:\/\/nbcs.mx\/?p=145774#primaryimage"},"thumbnailUrl":"https:\/\/nbcs.mx\/wp-content\/uploads\/2025\/01\/FOTO-BOLETIN-SETUE-FITUR-2025-746x492.jpeg","datePublished":"2025-01-26T21:33:49+00:00","breadcrumb":{"@id":"https:\/\/nbcs.mx\/?p=145774#breadcrumb"},"inLanguage":"es","potentialAction":[{"@type":"ReadAction","target":["https:\/\/nbcs.mx\/?p=145774"]}]},{"@type":"ImageObject","inLanguage":"es","@id":"https:\/\/nbcs.mx\/?p=145774#primaryimage","url":"https:\/\/nbcs.mx\/wp-content\/uploads\/2025\/01\/FOTO-BOLETIN-SETUE-FITUR-2025-746x492.jpeg","contentUrl":"https:\/\/nbcs.mx\/wp-content\/uploads\/2025\/01\/FOTO-BOLETIN-SETUE-FITUR-2025-746x492.jpeg"},{"@type":"BreadcrumbList","@id":"https:\/\/nbcs.mx\/?p=145774#breadcrumb","itemListElement":[{"@type":"ListItem","position":1,"name":"Portada","item":"https:\/\/nbcs.mx\/"},{"@type":"ListItem","position":2,"name":"Anuncian a M\u00e9xico como pa\u00eds socio de FITUR 2026 y sede de la Copa del Mundo"}]},{"@type":"WebSite","@id":"https:\/\/nbcs.mx\/#website","url":"https:\/\/nbcs.mx\/","name":"NBCS Noticias","description":"Sitio web de noticias en Baja California Sur","publisher":{"@id":"https:\/\/nbcs.mx\/#organization"},"potentialAction":[{"@type":"SearchAction","target":{"@type":"EntryPoint","urlTemplate":"https:\/\/nbcs.mx\/?s={search_term_string}"},"query-input":{"@type":"PropertyValueSpecification","valueRequired":true,"valueName":"search_term_string"}}],"inLanguage":"es"},{"@type":"Organization","@id":"https:\/\/nbcs.mx\/#organization","name":"NBCS Noticias","url":"https:\/\/nbcs.mx\/","logo":{"@type":"ImageObject","inLanguage":"es","@id":"https:\/\/nbcs.mx\/#\/schema\/logo\/image\/","url":"https:\/\/nbcs.mx\/wp-content\/uploads\/2018\/09\/057b69485e93575a5c2b1c1dde2dd297.jpeg","contentUrl":"https:\/\/nbcs.mx\/wp-content\/uploads\/2018\/09\/057b69485e93575a5c2b1c1dde2dd297.jpeg","width":64,"height":64,"caption":"NBCS Noticias"},"image":{"@id":"https:\/\/nbcs.mx\/#\/schema\/logo\/image\/"},"sameAs":["https:\/\/www.facebook.com\/NBCSnoticias","https:\/\/x.com\/NBCSnoticias"]},{"@type":"Person","@id":"https:\/\/nbcs.mx\/#\/schema\/person\/ece58bab9a7c1e87a4d28ec9ecd79ff4","name":"NBCS Noticias","image":{"@type":"ImageObject","inLanguage":"es","@id":"https:\/\/secure.gravatar.com\/avatar\/4e52110cad1c4054b43271a0d14bbe9e2ea76aecd0e1097edfc670798d9ca1d4?s=96&d=blank&r=g","url":"https:\/\/secure.gravatar.com\/avatar\/4e52110cad1c4054b43271a0d14bbe9e2ea76aecd0e1097edfc670798d9ca1d4?s=96&d=blank&r=g","contentUrl":"https:\/\/secure.gravatar.com\/avatar\/4e52110cad1c4054b43271a0d14bbe9e2ea76aecd0e1097edfc670798d9ca1d4?s=96&d=blank&r=g","caption":"NBCS Noticias"},"description":"\u00bfTienes fotos o video de alg\u00fan acto de posible negligencia, corrupci\u00f3n y abuso de autoridad? M\u00e1ndalo al WhatsApp de NBCS Noticias: 612 141 98 08","sameAs":["https:\/\/www.nbcs.mx","https:\/\/www.facebook.com\/NBCSnoticias","https:\/\/www.instagram.com\/nbcsnoticias\/","https:\/\/x.com\/https:\/\/twitter.com\/NBCSnoticias"]}]}},"jetpack_publicize_connections":[],"jetpack_featured_media_url":"","jetpack_sharing_enabled":true,"_links":{"self":[{"href":"https:\/\/nbcs.mx\/index.php?rest_route=\/wp\/v2\/posts\/145774","targetHints":{"allow":["GET"]}}],"collection":[{"href":"https:\/\/nbcs.mx\/index.php?rest_route=\/wp\/v2\/posts"}],"about":[{"href":"https:\/\/nbcs.mx\/index.php?rest_route=\/wp\/v2\/types\/post"}],"author":[{"embeddable":true,"href":"https:\/\/nbcs.mx\/index.php?rest_route=\/wp\/v2\/users\/1"}],"replies":[{"embeddable":true,"href":"https:\/\/nbcs.mx\/index.php?rest_route=%2Fwp%2Fv2%2Fcomments&post=145774"}],"version-history":[{"count":1,"href":"https:\/\/nbcs.mx\/index.php?rest_route=\/wp\/v2\/posts\/145774\/revisions"}],"predecessor-version":[{"id":145776,"href":"https:\/\/nbcs.mx\/index.php?rest_route=\/wp\/v2\/posts\/145774\/revisions\/145776"}],"wp:attachment":[{"href":"https:\/\/nbcs.mx\/index.php?rest_route=%2Fwp%2Fv2%2Fmedia&parent=145774"}],"wp:term":[{"taxonomy":"category","embeddable":true,"href":"https:\/\/nbcs.mx\/index.php?rest_route=%2Fwp%2Fv2%2Fcategories&post=145774"},{"taxonomy":"post_tag","embeddable":true,"href":"https:\/\/nbcs.mx\/index.php?rest_route=%2Fwp%2Fv2%2Ftags&post=145774"}],"curies":[{"name":"wp","href":"https:\/\/api.w.org\/{rel}","templated":true}]}}