{"id":145985,"date":"2025-02-01T08:11:24","date_gmt":"2025-02-01T15:11:24","guid":{"rendered":"https:\/\/nbcs.mx\/?p=145985"},"modified":"2025-02-01T08:11:24","modified_gmt":"2025-02-01T15:11:24","slug":"en-baja-california-sur-la-educacion-tambien-nos-une-vmcc","status":"publish","type":"post","link":"https:\/\/nbcs.mx\/?p=145985","title":{"rendered":"En Baja California Sur, la educaci\u00f3n tambi\u00e9n nos une: VMCC"},"content":{"rendered":"<p style=\"font-weight: 400; text-align: justify;\"><img loading=\"lazy\" decoding=\"async\" class=\" wp-image-145986 alignleft\" src=\"https:\/\/nbcs.mx\/wp-content\/uploads\/2025\/02\/FOTO-BOLETIN-VMCC-037-SIGNA-CONVENIO-CROC-2-738x492.jpg\" alt=\"\" width=\"371\" height=\"247\" srcset=\"https:\/\/nbcs.mx\/wp-content\/uploads\/2025\/02\/FOTO-BOLETIN-VMCC-037-SIGNA-CONVENIO-CROC-2-738x492.jpg 738w, https:\/\/nbcs.mx\/wp-content\/uploads\/2025\/02\/FOTO-BOLETIN-VMCC-037-SIGNA-CONVENIO-CROC-2-1024x682.jpg 1024w, https:\/\/nbcs.mx\/wp-content\/uploads\/2025\/02\/FOTO-BOLETIN-VMCC-037-SIGNA-CONVENIO-CROC-2-150x100.jpg 150w, https:\/\/nbcs.mx\/wp-content\/uploads\/2025\/02\/FOTO-BOLETIN-VMCC-037-SIGNA-CONVENIO-CROC-2-768x512.jpg 768w, https:\/\/nbcs.mx\/wp-content\/uploads\/2025\/02\/FOTO-BOLETIN-VMCC-037-SIGNA-CONVENIO-CROC-2.jpg 1280w\" sizes=\"auto, (max-width: 371px) 100vw, 371px\" \/>El gobernador V\u00edctor Manuel Castro Cos\u00edo, sign\u00f3 un convenio de colaboraci\u00f3n con la Confederaci\u00f3n Revolucionaria de Obreros y Campesinos (CROC) para fomentar la educaci\u00f3n y la capacitaci\u00f3n en el rengl\u00f3n tur\u00edstico entre las y los habitantes de La Ribera, municipio de Los Cabos.<\/p>\n<p style=\"font-weight: 400; text-align: justify;\">\n<p style=\"font-weight: 400; text-align: justify;\">Durante un evento que se llev\u00f3 a cabo en la escuela de turismo de esa central obrera en La Ribera, el Mandatario sudcaliforniano destac\u00f3 la importancia de unir esfuerzos entre todas las instituciones para alentar una educaci\u00f3n de calidad en una zona que en poco tiempo tendr\u00e1 una mayor actividad tur\u00edstica.<\/p>\n<p style=\"font-weight: 400; text-align: justify;\">\n<p style=\"font-weight: 400; text-align: justify;\">\u201cLa educaci\u00f3n permite, cuando profundiza y tiene claro para qu\u00e9 se educa, que es para que defiendan mejor sus derechos, para que tengan mejores oportunidades en las empresas, para que sean seleccionados no s\u00f3lo como obreros; sino como personal m\u00e1s calificado\u201d, agreg\u00f3.<\/p>\n<p style=\"font-weight: 400; text-align: justify;\">\n<p style=\"font-weight: 400; text-align: justify;\">El dirigente nacional de la CROC, Isa\u00edas Gonz\u00e1lez Cuevas, expres\u00f3 su satisfacci\u00f3n por la firma de este tipo de convenios en los que, dijo, esta central har\u00e1 lo que le corresponde para alentar el desarrollo econ\u00f3mico y social de las y los sudcalifornianos, impulsando la educaci\u00f3n.<\/p>\n<p style=\"font-weight: 400; text-align: justify;\">\n<p style=\"font-weight: 400; text-align: justify;\">A trav\u00e9s de este convenio, se ponen a disposici\u00f3n de las y los habitantes de esta regi\u00f3n norte del municipio de Los Cabos, los servicios de capacitaci\u00f3n y certificaci\u00f3n que ofrece ICATEBCS, as\u00ed como los programas correspondientes al plan institucional de desarrollo 2023, \u201cMujeres Rompiendo Muros\u201d, \u201cUn Gobierno Incluyente, Fraternal y Solidario\u201d, \u201cTe Hablo con mis Manos\u201d y \u201cSemillero de Instructores\u201d, cursos que son accesibles para quien desee obtener esta preparaci\u00f3n, agreg\u00f3 por su parte Cinthya Montufas Ch\u00e1vez, directora de este organismo.<\/p>\n<p style=\"font-weight: 400; text-align: justify;\">\n<p style=\"font-weight: 400; text-align: justify;\">Este convenio tambi\u00e9n cuenta con el respaldo del Instituto Estatal de Educaci\u00f3n para Adultos (IEEA), Universidad Aut\u00f3noma de Baja California Sur (UABCS), Colegio Nacional de Educaci\u00f3n Profesional (CONALEP) y Preparatoria abierta.<\/p>\n<p style=\"font-weight: 400; text-align: justify;\">\n<p style=\"font-weight: 400; text-align: justify;\">\n<p style=\"font-weight: 400; text-align: justify;\">\n<p style=\"font-weight: 400; text-align: justify;\">\n<p style=\"font-weight: 400; text-align: justify;\">\n<p style=\"font-weight: 400; text-align: justify;\">En el evento estuvieron presentes el secretario del Trabajo, Bienestar y Desarrollo Social, Omar Zavala\u00a0 Ag\u00fandez; Alicia Meza Osuna, secretaria de Educaci\u00f3n P\u00fablica; y Esthela Nohemi Valdez Garc\u00eda, directora de la Escuela de Turismo de la CROC.<\/p>\n<p style=\"font-weight: 400; text-align: justify;\">\n","protected":false},"excerpt":{"rendered":"<p>El gobernador V\u00edctor Manuel Castro Cos\u00edo, sign\u00f3 un convenio de colaboraci\u00f3n con la Confederaci\u00f3n Revolucionaria de Obreros y Campesinos (CROC)<\/p>\n","protected":false},"author":1,"featured_media":145986,"comment_status":"open","ping_status":"closed","sticky":false,"template":"","format":"standard","meta":{"colormag_page_container_layout":"default_layout","colormag_page_sidebar_layout":"default_layout","_jetpack_memberships_contains_paid_content":false,"footnotes":"","jetpack_publicize_message":"","jetpack_publicize_feature_enabled":true,"jetpack_social_post_already_shared":true,"jetpack_social_options":{"image_generator_settings":{"template":"highway","default_image_id":0,"font":"","enabled":false},"version":2}},"categories":[1],"tags":[],"class_list":["post-145985","post","type-post","status-publish","format-standard","has-post-thumbnail","hentry","category-noticias"],"yoast_head":"<!-- This site is optimized with the Yoast SEO plugin v27.5 - https:\/\/yoast.com\/product\/yoast-seo-wordpress\/ -->\n<title>En Baja California Sur, la educaci\u00f3n tambi\u00e9n nos une: VMCC - NBCS Noticias<\/title>\n<meta name=\"robots\" content=\"index, follow, max-snippet:-1, max-image-preview:large, max-video-preview:-1\" \/>\n<link rel=\"canonical\" href=\"https:\/\/nbcs.mx\/?p=145985\" \/>\n<meta property=\"og:locale\" content=\"es_ES\" \/>\n<meta property=\"og:type\" content=\"article\" \/>\n<meta property=\"og:title\" content=\"En Baja California Sur, la educaci\u00f3n tambi\u00e9n nos une: VMCC - NBCS Noticias\" \/>\n<meta property=\"og:description\" content=\"El gobernador V\u00edctor Manuel Castro Cos\u00edo, sign\u00f3 un convenio de colaboraci\u00f3n con la Confederaci\u00f3n Revolucionaria de Obreros y Campesinos (CROC)\" \/>\n<meta property=\"og:url\" content=\"https:\/\/nbcs.mx\/?p=145985\" \/>\n<meta property=\"og:site_name\" content=\"NBCS Noticias\" \/>\n<meta property=\"article:publisher\" content=\"https:\/\/www.facebook.com\/NBCSnoticias\" \/>\n<meta property=\"article:author\" content=\"https:\/\/www.facebook.com\/NBCSnoticias\" \/>\n<meta property=\"article:published_time\" content=\"2025-02-01T15:11:24+00:00\" \/>\n<meta property=\"og:image\" content=\"https:\/\/nbcs.mx\/wp-content\/uploads\/2025\/02\/FOTO-BOLETIN-VMCC-037-SIGNA-CONVENIO-CROC-2.jpg\" \/>\n\t<meta property=\"og:image:width\" content=\"1280\" \/>\n\t<meta property=\"og:image:height\" content=\"853\" \/>\n\t<meta property=\"og:image:type\" content=\"image\/jpeg\" \/>\n<meta name=\"author\" content=\"NBCS Noticias\" \/>\n<meta name=\"twitter:card\" content=\"summary_large_image\" \/>\n<meta name=\"twitter:creator\" content=\"@https:\/\/twitter.com\/NBCSnoticias\" \/>\n<meta name=\"twitter:site\" content=\"@NBCSnoticias\" \/>\n<meta name=\"twitter:label1\" content=\"Escrito por\" \/>\n\t<meta name=\"twitter:data1\" content=\"NBCS Noticias\" \/>\n\t<meta name=\"twitter:label2\" content=\"Tiempo de lectura\" \/>\n\t<meta name=\"twitter:data2\" content=\"2 minutos\" \/>\n<script type=\"application\/ld+json\" class=\"yoast-schema-graph\">{\"@context\":\"https:\\\/\\\/schema.org\",\"@graph\":[{\"@type\":\"Article\",\"@id\":\"https:\\\/\\\/nbcs.mx\\\/?p=145985#article\",\"isPartOf\":{\"@id\":\"https:\\\/\\\/nbcs.mx\\\/?p=145985\"},\"author\":{\"name\":\"NBCS Noticias\",\"@id\":\"https:\\\/\\\/nbcs.mx\\\/#\\\/schema\\\/person\\\/ece58bab9a7c1e87a4d28ec9ecd79ff4\"},\"headline\":\"En Baja California Sur, la educaci\u00f3n tambi\u00e9n nos une: VMCC\",\"datePublished\":\"2025-02-01T15:11:24+00:00\",\"mainEntityOfPage\":{\"@id\":\"https:\\\/\\\/nbcs.mx\\\/?p=145985\"},\"wordCount\":376,\"commentCount\":0,\"publisher\":{\"@id\":\"https:\\\/\\\/nbcs.mx\\\/#organization\"},\"image\":{\"@id\":\"https:\\\/\\\/nbcs.mx\\\/?p=145985#primaryimage\"},\"thumbnailUrl\":\"https:\\\/\\\/nbcs.mx\\\/wp-content\\\/uploads\\\/2025\\\/02\\\/FOTO-BOLETIN-VMCC-037-SIGNA-CONVENIO-CROC-2.jpg\",\"articleSection\":[\"Noticias\"],\"inLanguage\":\"es\",\"potentialAction\":[{\"@type\":\"CommentAction\",\"name\":\"Comment\",\"target\":[\"https:\\\/\\\/nbcs.mx\\\/?p=145985#respond\"]}]},{\"@type\":\"WebPage\",\"@id\":\"https:\\\/\\\/nbcs.mx\\\/?p=145985\",\"url\":\"https:\\\/\\\/nbcs.mx\\\/?p=145985\",\"name\":\"En Baja California Sur, la educaci\u00f3n tambi\u00e9n nos une: VMCC - NBCS Noticias\",\"isPartOf\":{\"@id\":\"https:\\\/\\\/nbcs.mx\\\/#website\"},\"primaryImageOfPage\":{\"@id\":\"https:\\\/\\\/nbcs.mx\\\/?p=145985#primaryimage\"},\"image\":{\"@id\":\"https:\\\/\\\/nbcs.mx\\\/?p=145985#primaryimage\"},\"thumbnailUrl\":\"https:\\\/\\\/nbcs.mx\\\/wp-content\\\/uploads\\\/2025\\\/02\\\/FOTO-BOLETIN-VMCC-037-SIGNA-CONVENIO-CROC-2.jpg\",\"datePublished\":\"2025-02-01T15:11:24+00:00\",\"breadcrumb\":{\"@id\":\"https:\\\/\\\/nbcs.mx\\\/?p=145985#breadcrumb\"},\"inLanguage\":\"es\",\"potentialAction\":[{\"@type\":\"ReadAction\",\"target\":[\"https:\\\/\\\/nbcs.mx\\\/?p=145985\"]}]},{\"@type\":\"ImageObject\",\"inLanguage\":\"es\",\"@id\":\"https:\\\/\\\/nbcs.mx\\\/?p=145985#primaryimage\",\"url\":\"https:\\\/\\\/nbcs.mx\\\/wp-content\\\/uploads\\\/2025\\\/02\\\/FOTO-BOLETIN-VMCC-037-SIGNA-CONVENIO-CROC-2.jpg\",\"contentUrl\":\"https:\\\/\\\/nbcs.mx\\\/wp-content\\\/uploads\\\/2025\\\/02\\\/FOTO-BOLETIN-VMCC-037-SIGNA-CONVENIO-CROC-2.jpg\",\"width\":1280,\"height\":853},{\"@type\":\"BreadcrumbList\",\"@id\":\"https:\\\/\\\/nbcs.mx\\\/?p=145985#breadcrumb\",\"itemListElement\":[{\"@type\":\"ListItem\",\"position\":1,\"name\":\"Portada\",\"item\":\"https:\\\/\\\/nbcs.mx\\\/\"},{\"@type\":\"ListItem\",\"position\":2,\"name\":\"En Baja California Sur, la educaci\u00f3n tambi\u00e9n nos une: VMCC\"}]},{\"@type\":\"WebSite\",\"@id\":\"https:\\\/\\\/nbcs.mx\\\/#website\",\"url\":\"https:\\\/\\\/nbcs.mx\\\/\",\"name\":\"NBCS Noticias\",\"description\":\"Sitio web de noticias en Baja California Sur\",\"publisher\":{\"@id\":\"https:\\\/\\\/nbcs.mx\\\/#organization\"},\"potentialAction\":[{\"@type\":\"SearchAction\",\"target\":{\"@type\":\"EntryPoint\",\"urlTemplate\":\"https:\\\/\\\/nbcs.mx\\\/?s={search_term_string}\"},\"query-input\":{\"@type\":\"PropertyValueSpecification\",\"valueRequired\":true,\"valueName\":\"search_term_string\"}}],\"inLanguage\":\"es\"},{\"@type\":\"Organization\",\"@id\":\"https:\\\/\\\/nbcs.mx\\\/#organization\",\"name\":\"NBCS Noticias\",\"url\":\"https:\\\/\\\/nbcs.mx\\\/\",\"logo\":{\"@type\":\"ImageObject\",\"inLanguage\":\"es\",\"@id\":\"https:\\\/\\\/nbcs.mx\\\/#\\\/schema\\\/logo\\\/image\\\/\",\"url\":\"https:\\\/\\\/nbcs.mx\\\/wp-content\\\/uploads\\\/2018\\\/09\\\/057b69485e93575a5c2b1c1dde2dd297.jpeg\",\"contentUrl\":\"https:\\\/\\\/nbcs.mx\\\/wp-content\\\/uploads\\\/2018\\\/09\\\/057b69485e93575a5c2b1c1dde2dd297.jpeg\",\"width\":64,\"height\":64,\"caption\":\"NBCS Noticias\"},\"image\":{\"@id\":\"https:\\\/\\\/nbcs.mx\\\/#\\\/schema\\\/logo\\\/image\\\/\"},\"sameAs\":[\"https:\\\/\\\/www.facebook.com\\\/NBCSnoticias\",\"https:\\\/\\\/x.com\\\/NBCSnoticias\"]},{\"@type\":\"Person\",\"@id\":\"https:\\\/\\\/nbcs.mx\\\/#\\\/schema\\\/person\\\/ece58bab9a7c1e87a4d28ec9ecd79ff4\",\"name\":\"NBCS Noticias\",\"image\":{\"@type\":\"ImageObject\",\"inLanguage\":\"es\",\"@id\":\"https:\\\/\\\/secure.gravatar.com\\\/avatar\\\/4e52110cad1c4054b43271a0d14bbe9e2ea76aecd0e1097edfc670798d9ca1d4?s=96&d=blank&r=g\",\"url\":\"https:\\\/\\\/secure.gravatar.com\\\/avatar\\\/4e52110cad1c4054b43271a0d14bbe9e2ea76aecd0e1097edfc670798d9ca1d4?s=96&d=blank&r=g\",\"contentUrl\":\"https:\\\/\\\/secure.gravatar.com\\\/avatar\\\/4e52110cad1c4054b43271a0d14bbe9e2ea76aecd0e1097edfc670798d9ca1d4?s=96&d=blank&r=g\",\"caption\":\"NBCS Noticias\"},\"description\":\"\u00bfTienes fotos o video de alg\u00fan acto de posible negligencia, corrupci\u00f3n y abuso de autoridad? M\u00e1ndalo al WhatsApp de NBCS Noticias: 612 141 98 08\",\"sameAs\":[\"https:\\\/\\\/www.nbcs.mx\",\"https:\\\/\\\/www.facebook.com\\\/NBCSnoticias\",\"https:\\\/\\\/www.instagram.com\\\/nbcsnoticias\\\/\",\"https:\\\/\\\/x.com\\\/https:\\\/\\\/twitter.com\\\/NBCSnoticias\"]}]}<\/script>\n<!-- \/ Yoast SEO plugin. -->","yoast_head_json":{"title":"En Baja California Sur, la educaci\u00f3n tambi\u00e9n nos une: VMCC - NBCS Noticias","robots":{"index":"index","follow":"follow","max-snippet":"max-snippet:-1","max-image-preview":"max-image-preview:large","max-video-preview":"max-video-preview:-1"},"canonical":"https:\/\/nbcs.mx\/?p=145985","og_locale":"es_ES","og_type":"article","og_title":"En Baja California Sur, la educaci\u00f3n tambi\u00e9n nos une: VMCC - NBCS Noticias","og_description":"El gobernador V\u00edctor Manuel Castro Cos\u00edo, sign\u00f3 un convenio de colaboraci\u00f3n con la Confederaci\u00f3n Revolucionaria de Obreros y Campesinos (CROC)","og_url":"https:\/\/nbcs.mx\/?p=145985","og_site_name":"NBCS Noticias","article_publisher":"https:\/\/www.facebook.com\/NBCSnoticias","article_author":"https:\/\/www.facebook.com\/NBCSnoticias","article_published_time":"2025-02-01T15:11:24+00:00","og_image":[{"width":1280,"height":853,"url":"https:\/\/nbcs.mx\/wp-content\/uploads\/2025\/02\/FOTO-BOLETIN-VMCC-037-SIGNA-CONVENIO-CROC-2.jpg","type":"image\/jpeg"}],"author":"NBCS Noticias","twitter_card":"summary_large_image","twitter_creator":"@https:\/\/twitter.com\/NBCSnoticias","twitter_site":"@NBCSnoticias","twitter_misc":{"Escrito por":"NBCS Noticias","Tiempo de lectura":"2 minutos"},"schema":{"@context":"https:\/\/schema.org","@graph":[{"@type":"Article","@id":"https:\/\/nbcs.mx\/?p=145985#article","isPartOf":{"@id":"https:\/\/nbcs.mx\/?p=145985"},"author":{"name":"NBCS Noticias","@id":"https:\/\/nbcs.mx\/#\/schema\/person\/ece58bab9a7c1e87a4d28ec9ecd79ff4"},"headline":"En Baja California Sur, la educaci\u00f3n tambi\u00e9n nos une: VMCC","datePublished":"2025-02-01T15:11:24+00:00","mainEntityOfPage":{"@id":"https:\/\/nbcs.mx\/?p=145985"},"wordCount":376,"commentCount":0,"publisher":{"@id":"https:\/\/nbcs.mx\/#organization"},"image":{"@id":"https:\/\/nbcs.mx\/?p=145985#primaryimage"},"thumbnailUrl":"https:\/\/nbcs.mx\/wp-content\/uploads\/2025\/02\/FOTO-BOLETIN-VMCC-037-SIGNA-CONVENIO-CROC-2.jpg","articleSection":["Noticias"],"inLanguage":"es","potentialAction":[{"@type":"CommentAction","name":"Comment","target":["https:\/\/nbcs.mx\/?p=145985#respond"]}]},{"@type":"WebPage","@id":"https:\/\/nbcs.mx\/?p=145985","url":"https:\/\/nbcs.mx\/?p=145985","name":"En Baja California Sur, la educaci\u00f3n tambi\u00e9n nos une: VMCC - NBCS Noticias","isPartOf":{"@id":"https:\/\/nbcs.mx\/#website"},"primaryImageOfPage":{"@id":"https:\/\/nbcs.mx\/?p=145985#primaryimage"},"image":{"@id":"https:\/\/nbcs.mx\/?p=145985#primaryimage"},"thumbnailUrl":"https:\/\/nbcs.mx\/wp-content\/uploads\/2025\/02\/FOTO-BOLETIN-VMCC-037-SIGNA-CONVENIO-CROC-2.jpg","datePublished":"2025-02-01T15:11:24+00:00","breadcrumb":{"@id":"https:\/\/nbcs.mx\/?p=145985#breadcrumb"},"inLanguage":"es","potentialAction":[{"@type":"ReadAction","target":["https:\/\/nbcs.mx\/?p=145985"]}]},{"@type":"ImageObject","inLanguage":"es","@id":"https:\/\/nbcs.mx\/?p=145985#primaryimage","url":"https:\/\/nbcs.mx\/wp-content\/uploads\/2025\/02\/FOTO-BOLETIN-VMCC-037-SIGNA-CONVENIO-CROC-2.jpg","contentUrl":"https:\/\/nbcs.mx\/wp-content\/uploads\/2025\/02\/FOTO-BOLETIN-VMCC-037-SIGNA-CONVENIO-CROC-2.jpg","width":1280,"height":853},{"@type":"BreadcrumbList","@id":"https:\/\/nbcs.mx\/?p=145985#breadcrumb","itemListElement":[{"@type":"ListItem","position":1,"name":"Portada","item":"https:\/\/nbcs.mx\/"},{"@type":"ListItem","position":2,"name":"En Baja California Sur, la educaci\u00f3n tambi\u00e9n nos une: VMCC"}]},{"@type":"WebSite","@id":"https:\/\/nbcs.mx\/#website","url":"https:\/\/nbcs.mx\/","name":"NBCS Noticias","description":"Sitio web de noticias en Baja California Sur","publisher":{"@id":"https:\/\/nbcs.mx\/#organization"},"potentialAction":[{"@type":"SearchAction","target":{"@type":"EntryPoint","urlTemplate":"https:\/\/nbcs.mx\/?s={search_term_string}"},"query-input":{"@type":"PropertyValueSpecification","valueRequired":true,"valueName":"search_term_string"}}],"inLanguage":"es"},{"@type":"Organization","@id":"https:\/\/nbcs.mx\/#organization","name":"NBCS Noticias","url":"https:\/\/nbcs.mx\/","logo":{"@type":"ImageObject","inLanguage":"es","@id":"https:\/\/nbcs.mx\/#\/schema\/logo\/image\/","url":"https:\/\/nbcs.mx\/wp-content\/uploads\/2018\/09\/057b69485e93575a5c2b1c1dde2dd297.jpeg","contentUrl":"https:\/\/nbcs.mx\/wp-content\/uploads\/2018\/09\/057b69485e93575a5c2b1c1dde2dd297.jpeg","width":64,"height":64,"caption":"NBCS Noticias"},"image":{"@id":"https:\/\/nbcs.mx\/#\/schema\/logo\/image\/"},"sameAs":["https:\/\/www.facebook.com\/NBCSnoticias","https:\/\/x.com\/NBCSnoticias"]},{"@type":"Person","@id":"https:\/\/nbcs.mx\/#\/schema\/person\/ece58bab9a7c1e87a4d28ec9ecd79ff4","name":"NBCS Noticias","image":{"@type":"ImageObject","inLanguage":"es","@id":"https:\/\/secure.gravatar.com\/avatar\/4e52110cad1c4054b43271a0d14bbe9e2ea76aecd0e1097edfc670798d9ca1d4?s=96&d=blank&r=g","url":"https:\/\/secure.gravatar.com\/avatar\/4e52110cad1c4054b43271a0d14bbe9e2ea76aecd0e1097edfc670798d9ca1d4?s=96&d=blank&r=g","contentUrl":"https:\/\/secure.gravatar.com\/avatar\/4e52110cad1c4054b43271a0d14bbe9e2ea76aecd0e1097edfc670798d9ca1d4?s=96&d=blank&r=g","caption":"NBCS Noticias"},"description":"\u00bfTienes fotos o video de alg\u00fan acto de posible negligencia, corrupci\u00f3n y abuso de autoridad? M\u00e1ndalo al WhatsApp de NBCS Noticias: 612 141 98 08","sameAs":["https:\/\/www.nbcs.mx","https:\/\/www.facebook.com\/NBCSnoticias","https:\/\/www.instagram.com\/nbcsnoticias\/","https:\/\/x.com\/https:\/\/twitter.com\/NBCSnoticias"]}]}},"jetpack_publicize_connections":[],"jetpack_featured_media_url":"https:\/\/nbcs.mx\/wp-content\/uploads\/2025\/02\/FOTO-BOLETIN-VMCC-037-SIGNA-CONVENIO-CROC-2.jpg","jetpack_sharing_enabled":true,"_links":{"self":[{"href":"https:\/\/nbcs.mx\/index.php?rest_route=\/wp\/v2\/posts\/145985","targetHints":{"allow":["GET"]}}],"collection":[{"href":"https:\/\/nbcs.mx\/index.php?rest_route=\/wp\/v2\/posts"}],"about":[{"href":"https:\/\/nbcs.mx\/index.php?rest_route=\/wp\/v2\/types\/post"}],"author":[{"embeddable":true,"href":"https:\/\/nbcs.mx\/index.php?rest_route=\/wp\/v2\/users\/1"}],"replies":[{"embeddable":true,"href":"https:\/\/nbcs.mx\/index.php?rest_route=%2Fwp%2Fv2%2Fcomments&post=145985"}],"version-history":[{"count":1,"href":"https:\/\/nbcs.mx\/index.php?rest_route=\/wp\/v2\/posts\/145985\/revisions"}],"predecessor-version":[{"id":145987,"href":"https:\/\/nbcs.mx\/index.php?rest_route=\/wp\/v2\/posts\/145985\/revisions\/145987"}],"wp:featuredmedia":[{"embeddable":true,"href":"https:\/\/nbcs.mx\/index.php?rest_route=\/wp\/v2\/media\/145986"}],"wp:attachment":[{"href":"https:\/\/nbcs.mx\/index.php?rest_route=%2Fwp%2Fv2%2Fmedia&parent=145985"}],"wp:term":[{"taxonomy":"category","embeddable":true,"href":"https:\/\/nbcs.mx\/index.php?rest_route=%2Fwp%2Fv2%2Fcategories&post=145985"},{"taxonomy":"post_tag","embeddable":true,"href":"https:\/\/nbcs.mx\/index.php?rest_route=%2Fwp%2Fv2%2Ftags&post=145985"}],"curies":[{"name":"wp","href":"https:\/\/api.w.org\/{rel}","templated":true}]}}