{"id":145991,"date":"2025-02-01T08:14:29","date_gmt":"2025-02-01T15:14:29","guid":{"rendered":"https:\/\/nbcs.mx\/?p=145991"},"modified":"2025-02-01T08:14:29","modified_gmt":"2025-02-01T15:14:29","slug":"rindio-el-alcalde-christian-agundez-su-informe-de-100-dias-de-gobierno","status":"publish","type":"post","link":"https:\/\/nbcs.mx\/?p=145991","title":{"rendered":"Rindi\u00f3 el alcalde Christian Ag\u00fandez su informe de 100 d\u00edas de gobierno"},"content":{"rendered":"<p style=\"text-align: justify;\"><img loading=\"lazy\" decoding=\"async\" class=\" wp-image-145992 alignleft\" src=\"https:\/\/nbcs.mx\/wp-content\/uploads\/2025\/02\/Imagen-JPEG-4730-9444-B4-0-738x492.jpeg\" alt=\"\" width=\"363\" height=\"242\" srcset=\"https:\/\/nbcs.mx\/wp-content\/uploads\/2025\/02\/Imagen-JPEG-4730-9444-B4-0-738x492.jpeg 738w, https:\/\/nbcs.mx\/wp-content\/uploads\/2025\/02\/Imagen-JPEG-4730-9444-B4-0-1024x682.jpeg 1024w, https:\/\/nbcs.mx\/wp-content\/uploads\/2025\/02\/Imagen-JPEG-4730-9444-B4-0-150x100.jpeg 150w, https:\/\/nbcs.mx\/wp-content\/uploads\/2025\/02\/Imagen-JPEG-4730-9444-B4-0-768x512.jpeg 768w, https:\/\/nbcs.mx\/wp-content\/uploads\/2025\/02\/Imagen-JPEG-4730-9444-B4-0.jpeg 1280w\" sizes=\"auto, (max-width: 363px) 100vw, 363px\" \/>A 100 d\u00edas del inicio del gobierno del presidente municipal del XV Ayuntamiento de Los Cabos, Christian Ag\u00fandez G\u00f3mez, afirm\u00f3 que con un total de 12 playas que se tienen registradas en el Plan de Desarrollo Urbano (PDU) 2040 para San Jos\u00e9 del Cabo y Cabo San Lucas, \u201ctodav\u00eda se est\u00e1n procurando seis m\u00e1s en los diferentes tramos y estamos tratando de legalizar, y que la ciudadan\u00eda puedan tener el acceso a las playas\u201d, destac\u00f3 en su informe a la poblaci\u00f3n y autoridades federales, estatales y municipales, en la plaza p\u00fablica Antonio Mijares, en San Jos\u00e9 del Cabo.<\/p>\n<p style=\"text-align: justify;\">\u201cLuego de revisar muchos documentos, en total cuatro desarrollos estaban aprobados en el 2016-2017, tras la permuta que se realiz\u00f3 de un tramo por otro, no es todo el camino costero, y algunas otras denuncias o juicios, despu\u00e9s de la informaci\u00f3n que se recibe uno trata de acordar los accesos a la playa\u201d, resalt\u00f3 al comentar el asunto de los accesos carreteros a Cabo del Este.<\/p>\n<p style=\"text-align: justify;\">Puntualiz\u00f3, que ninguno pol\u00edtico va a decidir realmente lo que pase en el municipio de Los Cabos, sino el propio pueblo \u201cel pueblo es quien va a decidir, con el pueblo todo sin el pueblo nada; aqu\u00ed el punto es que se va a decidir lo que el pueblo quiera; y estamos seguros y le agradecemos a nuestro Gobernador todo el respaldo que se ha tenido, y todo el esfuerzo por defender lo que es del patrimonio del pueblo\u201d, recalc\u00f3 en medio de los asistentes.<\/p>\n<p style=\"text-align: justify;\">Cabe destacar, que fue el 28 de septiembre cuando la actual Administraci\u00f3n municipal tom\u00f3 protesta, en breve el Cabildo, present\u00f3 y aprob\u00f3 c\u00f3mo desarrollar de manera puntual el Plan Municipal de Desarrollo 2024-2027; un documento estrat\u00e9gico que establece el rumbo del municipio para los pr\u00f3ximos a\u00f1os, con m\u00e1s de 400 acciones y programas organizados en ocho ejes rectores, este plan refleja el compromiso del gobierno municipal con el desarrollo integral, sostenible e inclusivo, aline\u00e1ndose con los 17 Objetivos de Desarrollo Sostenible (ODS) y los compromisos nacionales de la presidenta de M\u00e9xico, Claudia Sheinbaum.<\/p>\n<p style=\"text-align: justify;\">Durante su intervenci\u00f3n, Christian Ag\u00fandez puntualiz\u00f3 la capacidad y voluntad de los servidores p\u00fablicos, para transformar el municipio y atender temas clave como el bienestar social, el desarrollo econ\u00f3mico, la movilidad, la seguridad y la protecci\u00f3n ambiental, con base a las demandas y expectativas de la ciudadan\u00eda, y responder a las necesidades prioritarias de Los Cabos, concluy\u00f3.<\/p>\n","protected":false},"excerpt":{"rendered":"<p>A 100 d\u00edas del inicio del gobierno del presidente municipal del XV Ayuntamiento de Los Cabos, Christian Ag\u00fandez G\u00f3mez, afirm\u00f3<\/p>\n","protected":false},"author":1,"featured_media":145992,"comment_status":"open","ping_status":"closed","sticky":false,"template":"","format":"standard","meta":{"colormag_page_container_layout":"default_layout","colormag_page_sidebar_layout":"default_layout","_jetpack_memberships_contains_paid_content":false,"footnotes":"","jetpack_publicize_message":"","jetpack_publicize_feature_enabled":true,"jetpack_social_post_already_shared":true,"jetpack_social_options":{"image_generator_settings":{"template":"highway","default_image_id":0,"font":"","enabled":false},"version":2}},"categories":[1],"tags":[],"class_list":["post-145991","post","type-post","status-publish","format-standard","has-post-thumbnail","hentry","category-noticias"],"yoast_head":"<!-- This site is optimized with the Yoast SEO plugin v27.5 - https:\/\/yoast.com\/product\/yoast-seo-wordpress\/ -->\n<title>Rindi\u00f3 el alcalde Christian Ag\u00fandez su informe de 100 d\u00edas de gobierno - NBCS Noticias<\/title>\n<meta name=\"robots\" content=\"index, follow, max-snippet:-1, max-image-preview:large, max-video-preview:-1\" \/>\n<link rel=\"canonical\" href=\"https:\/\/nbcs.mx\/?p=145991\" \/>\n<meta property=\"og:locale\" content=\"es_ES\" \/>\n<meta property=\"og:type\" content=\"article\" \/>\n<meta property=\"og:title\" content=\"Rindi\u00f3 el alcalde Christian Ag\u00fandez su informe de 100 d\u00edas de gobierno - NBCS Noticias\" \/>\n<meta property=\"og:description\" content=\"A 100 d\u00edas del inicio del gobierno del presidente municipal del XV Ayuntamiento de Los Cabos, Christian Ag\u00fandez G\u00f3mez, afirm\u00f3\" \/>\n<meta property=\"og:url\" content=\"https:\/\/nbcs.mx\/?p=145991\" \/>\n<meta property=\"og:site_name\" content=\"NBCS Noticias\" \/>\n<meta property=\"article:publisher\" content=\"https:\/\/www.facebook.com\/NBCSnoticias\" \/>\n<meta property=\"article:author\" content=\"https:\/\/www.facebook.com\/NBCSnoticias\" \/>\n<meta property=\"article:published_time\" content=\"2025-02-01T15:14:29+00:00\" \/>\n<meta property=\"og:image\" content=\"https:\/\/nbcs.mx\/wp-content\/uploads\/2025\/02\/Imagen-JPEG-4730-9444-B4-0.jpeg\" \/>\n\t<meta property=\"og:image:width\" content=\"1280\" \/>\n\t<meta property=\"og:image:height\" content=\"853\" \/>\n\t<meta property=\"og:image:type\" content=\"image\/jpeg\" \/>\n<meta name=\"author\" content=\"NBCS Noticias\" \/>\n<meta name=\"twitter:card\" content=\"summary_large_image\" \/>\n<meta name=\"twitter:creator\" content=\"@https:\/\/twitter.com\/NBCSnoticias\" \/>\n<meta name=\"twitter:site\" content=\"@NBCSnoticias\" \/>\n<meta name=\"twitter:label1\" content=\"Escrito por\" \/>\n\t<meta name=\"twitter:data1\" content=\"NBCS Noticias\" \/>\n\t<meta name=\"twitter:label2\" content=\"Tiempo de lectura\" \/>\n\t<meta name=\"twitter:data2\" content=\"3 minutos\" \/>\n<script type=\"application\/ld+json\" class=\"yoast-schema-graph\">{\"@context\":\"https:\\\/\\\/schema.org\",\"@graph\":[{\"@type\":\"Article\",\"@id\":\"https:\\\/\\\/nbcs.mx\\\/?p=145991#article\",\"isPartOf\":{\"@id\":\"https:\\\/\\\/nbcs.mx\\\/?p=145991\"},\"author\":{\"name\":\"NBCS Noticias\",\"@id\":\"https:\\\/\\\/nbcs.mx\\\/#\\\/schema\\\/person\\\/ece58bab9a7c1e87a4d28ec9ecd79ff4\"},\"headline\":\"Rindi\u00f3 el alcalde Christian Ag\u00fandez su informe de 100 d\u00edas de gobierno\",\"datePublished\":\"2025-02-01T15:14:29+00:00\",\"mainEntityOfPage\":{\"@id\":\"https:\\\/\\\/nbcs.mx\\\/?p=145991\"},\"wordCount\":432,\"commentCount\":0,\"publisher\":{\"@id\":\"https:\\\/\\\/nbcs.mx\\\/#organization\"},\"image\":{\"@id\":\"https:\\\/\\\/nbcs.mx\\\/?p=145991#primaryimage\"},\"thumbnailUrl\":\"https:\\\/\\\/nbcs.mx\\\/wp-content\\\/uploads\\\/2025\\\/02\\\/Imagen-JPEG-4730-9444-B4-0.jpeg\",\"articleSection\":[\"Noticias\"],\"inLanguage\":\"es\",\"potentialAction\":[{\"@type\":\"CommentAction\",\"name\":\"Comment\",\"target\":[\"https:\\\/\\\/nbcs.mx\\\/?p=145991#respond\"]}]},{\"@type\":\"WebPage\",\"@id\":\"https:\\\/\\\/nbcs.mx\\\/?p=145991\",\"url\":\"https:\\\/\\\/nbcs.mx\\\/?p=145991\",\"name\":\"Rindi\u00f3 el alcalde Christian Ag\u00fandez su informe de 100 d\u00edas de gobierno - NBCS Noticias\",\"isPartOf\":{\"@id\":\"https:\\\/\\\/nbcs.mx\\\/#website\"},\"primaryImageOfPage\":{\"@id\":\"https:\\\/\\\/nbcs.mx\\\/?p=145991#primaryimage\"},\"image\":{\"@id\":\"https:\\\/\\\/nbcs.mx\\\/?p=145991#primaryimage\"},\"thumbnailUrl\":\"https:\\\/\\\/nbcs.mx\\\/wp-content\\\/uploads\\\/2025\\\/02\\\/Imagen-JPEG-4730-9444-B4-0.jpeg\",\"datePublished\":\"2025-02-01T15:14:29+00:00\",\"breadcrumb\":{\"@id\":\"https:\\\/\\\/nbcs.mx\\\/?p=145991#breadcrumb\"},\"inLanguage\":\"es\",\"potentialAction\":[{\"@type\":\"ReadAction\",\"target\":[\"https:\\\/\\\/nbcs.mx\\\/?p=145991\"]}]},{\"@type\":\"ImageObject\",\"inLanguage\":\"es\",\"@id\":\"https:\\\/\\\/nbcs.mx\\\/?p=145991#primaryimage\",\"url\":\"https:\\\/\\\/nbcs.mx\\\/wp-content\\\/uploads\\\/2025\\\/02\\\/Imagen-JPEG-4730-9444-B4-0.jpeg\",\"contentUrl\":\"https:\\\/\\\/nbcs.mx\\\/wp-content\\\/uploads\\\/2025\\\/02\\\/Imagen-JPEG-4730-9444-B4-0.jpeg\",\"width\":1280,\"height\":853},{\"@type\":\"BreadcrumbList\",\"@id\":\"https:\\\/\\\/nbcs.mx\\\/?p=145991#breadcrumb\",\"itemListElement\":[{\"@type\":\"ListItem\",\"position\":1,\"name\":\"Portada\",\"item\":\"https:\\\/\\\/nbcs.mx\\\/\"},{\"@type\":\"ListItem\",\"position\":2,\"name\":\"Rindi\u00f3 el alcalde Christian Ag\u00fandez su informe de 100 d\u00edas de gobierno\"}]},{\"@type\":\"WebSite\",\"@id\":\"https:\\\/\\\/nbcs.mx\\\/#website\",\"url\":\"https:\\\/\\\/nbcs.mx\\\/\",\"name\":\"NBCS Noticias\",\"description\":\"Sitio web de noticias en Baja California Sur\",\"publisher\":{\"@id\":\"https:\\\/\\\/nbcs.mx\\\/#organization\"},\"potentialAction\":[{\"@type\":\"SearchAction\",\"target\":{\"@type\":\"EntryPoint\",\"urlTemplate\":\"https:\\\/\\\/nbcs.mx\\\/?s={search_term_string}\"},\"query-input\":{\"@type\":\"PropertyValueSpecification\",\"valueRequired\":true,\"valueName\":\"search_term_string\"}}],\"inLanguage\":\"es\"},{\"@type\":\"Organization\",\"@id\":\"https:\\\/\\\/nbcs.mx\\\/#organization\",\"name\":\"NBCS Noticias\",\"url\":\"https:\\\/\\\/nbcs.mx\\\/\",\"logo\":{\"@type\":\"ImageObject\",\"inLanguage\":\"es\",\"@id\":\"https:\\\/\\\/nbcs.mx\\\/#\\\/schema\\\/logo\\\/image\\\/\",\"url\":\"https:\\\/\\\/nbcs.mx\\\/wp-content\\\/uploads\\\/2018\\\/09\\\/057b69485e93575a5c2b1c1dde2dd297.jpeg\",\"contentUrl\":\"https:\\\/\\\/nbcs.mx\\\/wp-content\\\/uploads\\\/2018\\\/09\\\/057b69485e93575a5c2b1c1dde2dd297.jpeg\",\"width\":64,\"height\":64,\"caption\":\"NBCS Noticias\"},\"image\":{\"@id\":\"https:\\\/\\\/nbcs.mx\\\/#\\\/schema\\\/logo\\\/image\\\/\"},\"sameAs\":[\"https:\\\/\\\/www.facebook.com\\\/NBCSnoticias\",\"https:\\\/\\\/x.com\\\/NBCSnoticias\"]},{\"@type\":\"Person\",\"@id\":\"https:\\\/\\\/nbcs.mx\\\/#\\\/schema\\\/person\\\/ece58bab9a7c1e87a4d28ec9ecd79ff4\",\"name\":\"NBCS Noticias\",\"image\":{\"@type\":\"ImageObject\",\"inLanguage\":\"es\",\"@id\":\"https:\\\/\\\/secure.gravatar.com\\\/avatar\\\/4e52110cad1c4054b43271a0d14bbe9e2ea76aecd0e1097edfc670798d9ca1d4?s=96&d=blank&r=g\",\"url\":\"https:\\\/\\\/secure.gravatar.com\\\/avatar\\\/4e52110cad1c4054b43271a0d14bbe9e2ea76aecd0e1097edfc670798d9ca1d4?s=96&d=blank&r=g\",\"contentUrl\":\"https:\\\/\\\/secure.gravatar.com\\\/avatar\\\/4e52110cad1c4054b43271a0d14bbe9e2ea76aecd0e1097edfc670798d9ca1d4?s=96&d=blank&r=g\",\"caption\":\"NBCS Noticias\"},\"description\":\"\u00bfTienes fotos o video de alg\u00fan acto de posible negligencia, corrupci\u00f3n y abuso de autoridad? M\u00e1ndalo al WhatsApp de NBCS Noticias: 612 141 98 08\",\"sameAs\":[\"https:\\\/\\\/www.nbcs.mx\",\"https:\\\/\\\/www.facebook.com\\\/NBCSnoticias\",\"https:\\\/\\\/www.instagram.com\\\/nbcsnoticias\\\/\",\"https:\\\/\\\/x.com\\\/https:\\\/\\\/twitter.com\\\/NBCSnoticias\"]}]}<\/script>\n<!-- \/ Yoast SEO plugin. -->","yoast_head_json":{"title":"Rindi\u00f3 el alcalde Christian Ag\u00fandez su informe de 100 d\u00edas de gobierno - NBCS Noticias","robots":{"index":"index","follow":"follow","max-snippet":"max-snippet:-1","max-image-preview":"max-image-preview:large","max-video-preview":"max-video-preview:-1"},"canonical":"https:\/\/nbcs.mx\/?p=145991","og_locale":"es_ES","og_type":"article","og_title":"Rindi\u00f3 el alcalde Christian Ag\u00fandez su informe de 100 d\u00edas de gobierno - NBCS Noticias","og_description":"A 100 d\u00edas del inicio del gobierno del presidente municipal del XV Ayuntamiento de Los Cabos, Christian Ag\u00fandez G\u00f3mez, afirm\u00f3","og_url":"https:\/\/nbcs.mx\/?p=145991","og_site_name":"NBCS Noticias","article_publisher":"https:\/\/www.facebook.com\/NBCSnoticias","article_author":"https:\/\/www.facebook.com\/NBCSnoticias","article_published_time":"2025-02-01T15:14:29+00:00","og_image":[{"width":1280,"height":853,"url":"https:\/\/nbcs.mx\/wp-content\/uploads\/2025\/02\/Imagen-JPEG-4730-9444-B4-0.jpeg","type":"image\/jpeg"}],"author":"NBCS Noticias","twitter_card":"summary_large_image","twitter_creator":"@https:\/\/twitter.com\/NBCSnoticias","twitter_site":"@NBCSnoticias","twitter_misc":{"Escrito por":"NBCS Noticias","Tiempo de lectura":"3 minutos"},"schema":{"@context":"https:\/\/schema.org","@graph":[{"@type":"Article","@id":"https:\/\/nbcs.mx\/?p=145991#article","isPartOf":{"@id":"https:\/\/nbcs.mx\/?p=145991"},"author":{"name":"NBCS Noticias","@id":"https:\/\/nbcs.mx\/#\/schema\/person\/ece58bab9a7c1e87a4d28ec9ecd79ff4"},"headline":"Rindi\u00f3 el alcalde Christian Ag\u00fandez su informe de 100 d\u00edas de gobierno","datePublished":"2025-02-01T15:14:29+00:00","mainEntityOfPage":{"@id":"https:\/\/nbcs.mx\/?p=145991"},"wordCount":432,"commentCount":0,"publisher":{"@id":"https:\/\/nbcs.mx\/#organization"},"image":{"@id":"https:\/\/nbcs.mx\/?p=145991#primaryimage"},"thumbnailUrl":"https:\/\/nbcs.mx\/wp-content\/uploads\/2025\/02\/Imagen-JPEG-4730-9444-B4-0.jpeg","articleSection":["Noticias"],"inLanguage":"es","potentialAction":[{"@type":"CommentAction","name":"Comment","target":["https:\/\/nbcs.mx\/?p=145991#respond"]}]},{"@type":"WebPage","@id":"https:\/\/nbcs.mx\/?p=145991","url":"https:\/\/nbcs.mx\/?p=145991","name":"Rindi\u00f3 el alcalde Christian Ag\u00fandez su informe de 100 d\u00edas de gobierno - NBCS Noticias","isPartOf":{"@id":"https:\/\/nbcs.mx\/#website"},"primaryImageOfPage":{"@id":"https:\/\/nbcs.mx\/?p=145991#primaryimage"},"image":{"@id":"https:\/\/nbcs.mx\/?p=145991#primaryimage"},"thumbnailUrl":"https:\/\/nbcs.mx\/wp-content\/uploads\/2025\/02\/Imagen-JPEG-4730-9444-B4-0.jpeg","datePublished":"2025-02-01T15:14:29+00:00","breadcrumb":{"@id":"https:\/\/nbcs.mx\/?p=145991#breadcrumb"},"inLanguage":"es","potentialAction":[{"@type":"ReadAction","target":["https:\/\/nbcs.mx\/?p=145991"]}]},{"@type":"ImageObject","inLanguage":"es","@id":"https:\/\/nbcs.mx\/?p=145991#primaryimage","url":"https:\/\/nbcs.mx\/wp-content\/uploads\/2025\/02\/Imagen-JPEG-4730-9444-B4-0.jpeg","contentUrl":"https:\/\/nbcs.mx\/wp-content\/uploads\/2025\/02\/Imagen-JPEG-4730-9444-B4-0.jpeg","width":1280,"height":853},{"@type":"BreadcrumbList","@id":"https:\/\/nbcs.mx\/?p=145991#breadcrumb","itemListElement":[{"@type":"ListItem","position":1,"name":"Portada","item":"https:\/\/nbcs.mx\/"},{"@type":"ListItem","position":2,"name":"Rindi\u00f3 el alcalde Christian Ag\u00fandez su informe de 100 d\u00edas de gobierno"}]},{"@type":"WebSite","@id":"https:\/\/nbcs.mx\/#website","url":"https:\/\/nbcs.mx\/","name":"NBCS Noticias","description":"Sitio web de noticias en Baja California Sur","publisher":{"@id":"https:\/\/nbcs.mx\/#organization"},"potentialAction":[{"@type":"SearchAction","target":{"@type":"EntryPoint","urlTemplate":"https:\/\/nbcs.mx\/?s={search_term_string}"},"query-input":{"@type":"PropertyValueSpecification","valueRequired":true,"valueName":"search_term_string"}}],"inLanguage":"es"},{"@type":"Organization","@id":"https:\/\/nbcs.mx\/#organization","name":"NBCS Noticias","url":"https:\/\/nbcs.mx\/","logo":{"@type":"ImageObject","inLanguage":"es","@id":"https:\/\/nbcs.mx\/#\/schema\/logo\/image\/","url":"https:\/\/nbcs.mx\/wp-content\/uploads\/2018\/09\/057b69485e93575a5c2b1c1dde2dd297.jpeg","contentUrl":"https:\/\/nbcs.mx\/wp-content\/uploads\/2018\/09\/057b69485e93575a5c2b1c1dde2dd297.jpeg","width":64,"height":64,"caption":"NBCS Noticias"},"image":{"@id":"https:\/\/nbcs.mx\/#\/schema\/logo\/image\/"},"sameAs":["https:\/\/www.facebook.com\/NBCSnoticias","https:\/\/x.com\/NBCSnoticias"]},{"@type":"Person","@id":"https:\/\/nbcs.mx\/#\/schema\/person\/ece58bab9a7c1e87a4d28ec9ecd79ff4","name":"NBCS Noticias","image":{"@type":"ImageObject","inLanguage":"es","@id":"https:\/\/secure.gravatar.com\/avatar\/4e52110cad1c4054b43271a0d14bbe9e2ea76aecd0e1097edfc670798d9ca1d4?s=96&d=blank&r=g","url":"https:\/\/secure.gravatar.com\/avatar\/4e52110cad1c4054b43271a0d14bbe9e2ea76aecd0e1097edfc670798d9ca1d4?s=96&d=blank&r=g","contentUrl":"https:\/\/secure.gravatar.com\/avatar\/4e52110cad1c4054b43271a0d14bbe9e2ea76aecd0e1097edfc670798d9ca1d4?s=96&d=blank&r=g","caption":"NBCS Noticias"},"description":"\u00bfTienes fotos o video de alg\u00fan acto de posible negligencia, corrupci\u00f3n y abuso de autoridad? M\u00e1ndalo al WhatsApp de NBCS Noticias: 612 141 98 08","sameAs":["https:\/\/www.nbcs.mx","https:\/\/www.facebook.com\/NBCSnoticias","https:\/\/www.instagram.com\/nbcsnoticias\/","https:\/\/x.com\/https:\/\/twitter.com\/NBCSnoticias"]}]}},"jetpack_publicize_connections":[],"jetpack_featured_media_url":"https:\/\/nbcs.mx\/wp-content\/uploads\/2025\/02\/Imagen-JPEG-4730-9444-B4-0.jpeg","jetpack_sharing_enabled":true,"_links":{"self":[{"href":"https:\/\/nbcs.mx\/index.php?rest_route=\/wp\/v2\/posts\/145991","targetHints":{"allow":["GET"]}}],"collection":[{"href":"https:\/\/nbcs.mx\/index.php?rest_route=\/wp\/v2\/posts"}],"about":[{"href":"https:\/\/nbcs.mx\/index.php?rest_route=\/wp\/v2\/types\/post"}],"author":[{"embeddable":true,"href":"https:\/\/nbcs.mx\/index.php?rest_route=\/wp\/v2\/users\/1"}],"replies":[{"embeddable":true,"href":"https:\/\/nbcs.mx\/index.php?rest_route=%2Fwp%2Fv2%2Fcomments&post=145991"}],"version-history":[{"count":1,"href":"https:\/\/nbcs.mx\/index.php?rest_route=\/wp\/v2\/posts\/145991\/revisions"}],"predecessor-version":[{"id":145993,"href":"https:\/\/nbcs.mx\/index.php?rest_route=\/wp\/v2\/posts\/145991\/revisions\/145993"}],"wp:featuredmedia":[{"embeddable":true,"href":"https:\/\/nbcs.mx\/index.php?rest_route=\/wp\/v2\/media\/145992"}],"wp:attachment":[{"href":"https:\/\/nbcs.mx\/index.php?rest_route=%2Fwp%2Fv2%2Fmedia&parent=145991"}],"wp:term":[{"taxonomy":"category","embeddable":true,"href":"https:\/\/nbcs.mx\/index.php?rest_route=%2Fwp%2Fv2%2Fcategories&post=145991"},{"taxonomy":"post_tag","embeddable":true,"href":"https:\/\/nbcs.mx\/index.php?rest_route=%2Fwp%2Fv2%2Ftags&post=145991"}],"curies":[{"name":"wp","href":"https:\/\/api.w.org\/{rel}","templated":true}]}}