{"id":146138,"date":"2025-02-06T14:14:53","date_gmt":"2025-02-06T21:14:53","guid":{"rendered":"https:\/\/nbcs.mx\/?p=146138"},"modified":"2025-02-06T14:14:53","modified_gmt":"2025-02-06T21:14:53","slug":"impulsara-diputada-karina-olivas-la-creacion-de-un-centro-integral-de-atencion-a-las-adicciones-craadyr-en-la-paz","status":"publish","type":"post","link":"https:\/\/nbcs.mx\/?p=146138","title":{"rendered":"Impulsar\u00e1 diputada Karina Olivas la creaci\u00f3n de un Centro Integral de Atenci\u00f3n a las Adicciones (CRAADYR) en La Paz"},"content":{"rendered":"<p style=\"font-weight: 400; text-align: justify;\"><img loading=\"lazy\" decoding=\"async\" class=\" wp-image-146139 alignleft\" src=\"https:\/\/nbcs.mx\/wp-content\/uploads\/2025\/02\/DIP-KARINA-OLIVAS-PARRA-250205-1-739x492.jpg\" alt=\"\" width=\"389\" height=\"259\" srcset=\"https:\/\/nbcs.mx\/wp-content\/uploads\/2025\/02\/DIP-KARINA-OLIVAS-PARRA-250205-1-739x492.jpg 739w, https:\/\/nbcs.mx\/wp-content\/uploads\/2025\/02\/DIP-KARINA-OLIVAS-PARRA-250205-1-1024x681.jpg 1024w, https:\/\/nbcs.mx\/wp-content\/uploads\/2025\/02\/DIP-KARINA-OLIVAS-PARRA-250205-1-150x100.jpg 150w, https:\/\/nbcs.mx\/wp-content\/uploads\/2025\/02\/DIP-KARINA-OLIVAS-PARRA-250205-1-768x511.jpg 768w, https:\/\/nbcs.mx\/wp-content\/uploads\/2025\/02\/DIP-KARINA-OLIVAS-PARRA-250205-1-1536x1022.jpg 1536w, https:\/\/nbcs.mx\/wp-content\/uploads\/2025\/02\/DIP-KARINA-OLIVAS-PARRA-250205-1-2048x1363.jpg 2048w\" sizes=\"auto, (max-width: 389px) 100vw, 389px\" \/>Con el prop\u00f3sito de vincular al Centro de Rehabilitaci\u00f3n Amor al Adicto Dif\u00edcil y Reincidente (CRAADYR) con el Gobierno del Estado a trav\u00e9s de la Direcci\u00f3n de Inclusi\u00f3n, la diputada Karina Olivas Parra, sostuvo un encuentro este mi\u00e9rcoles con representantes de estas instancias.<\/p>\n<p style=\"font-weight: 400; text-align: justify;\">\n<p style=\"font-weight: 400; text-align: justify;\">CRAADYR es una asociaci\u00f3n nacional reconocida por varios gobernadores y gobernadoras del pa\u00eds, por el trabajo que realiza con personas con adicciones.<\/p>\n<p style=\"font-weight: 400; text-align: justify;\">\n<p style=\"font-weight: 400; text-align: justify;\">Hasta hoy se cuenta con seis centros, con un universo de 600 pacientes; dos centros en San Jos\u00e9 del Cabo y cuatro en Cabo San Lucas, los cuales a lo largo de diez a\u00f1os han brindado apoyo en el proceso de rehabilitaci\u00f3n de adictos, distingui\u00e9ndose por el respeto a los derechos humanos.<\/p>\n<p style=\"font-weight: 400; text-align: justify;\">\n<p style=\"font-weight: 400; text-align: justify;\">En ese sentido, se busca que en La Paz se instale un CRAADYR que atienda y acompa\u00f1e en el proceso de recuperaci\u00f3n de las personas que presenten alguna adicci\u00f3n. Del mismo modo se analiza la posibilidad de establecer un centro especializado exclusivo para la atenci\u00f3n de personas integrantes de la comunidad LGBTQ+.<\/p>\n<p style=\"font-weight: 400; text-align: justify;\">\n<p style=\"font-weight: 400; text-align: justify;\">\u201cConsideramos importante acercar a la Direcci\u00f3n de Inclusi\u00f3n para ayudarlos en sus gestiones, ya que esta asociaci\u00f3n nacional busca c\u00f3mo atender a la poblaci\u00f3n de La Paz\u201d, detall\u00f3 la representante popular.<\/p>\n<p style=\"font-weight: 400; text-align: justify;\">\n<p style=\"font-weight: 400; text-align: justify;\">En la reuni\u00f3n que se desarroll\u00f3 en las instalaciones del Poder Legislativo, se cont\u00f3 adem\u00e1s con la presencia de la maestra Nolzuly Almod\u00f3var, Directora General de inclusi\u00f3n del Gobierno del Estado, Alejandro Buenrostro Le\u00f3n, director fundador de CRAADYR en el municipio de Los Cabos y algunos integrantes de esa asociaci\u00f3n nacional.<\/p>\n<p style=\"font-weight: 400; text-align: justify;\">\u201cSe trata de contribuir a apoyar a quienes m\u00e1s necesitan, de coadyuvar a la reconstrucci\u00f3n del tejido social y dar atenci\u00f3n al serio problema de adicciones que se acrecienta en el Estado\u201d, concluy\u00f3 la legisladora.<\/p>\n","protected":false},"excerpt":{"rendered":"<p>Con el prop\u00f3sito de vincular al Centro de Rehabilitaci\u00f3n Amor al Adicto Dif\u00edcil y Reincidente (CRAADYR) con el Gobierno del<\/p>\n","protected":false},"author":1,"featured_media":146139,"comment_status":"open","ping_status":"closed","sticky":false,"template":"","format":"standard","meta":{"colormag_page_container_layout":"default_layout","colormag_page_sidebar_layout":"default_layout","_jetpack_memberships_contains_paid_content":false,"footnotes":"","jetpack_publicize_message":"","jetpack_publicize_feature_enabled":true,"jetpack_social_post_already_shared":true,"jetpack_social_options":{"image_generator_settings":{"template":"highway","default_image_id":0,"font":"","enabled":false},"version":2}},"categories":[48],"tags":[],"class_list":["post-146138","post","type-post","status-publish","format-standard","has-post-thumbnail","hentry","category-congreso-de-bcs"],"yoast_head":"<!-- This site is optimized with the Yoast SEO plugin v27.5 - https:\/\/yoast.com\/product\/yoast-seo-wordpress\/ -->\n<title>Impulsar\u00e1 diputada Karina Olivas la creaci\u00f3n de un Centro Integral de Atenci\u00f3n a las Adicciones (CRAADYR) en La Paz - NBCS Noticias<\/title>\n<meta name=\"robots\" content=\"index, follow, max-snippet:-1, max-image-preview:large, max-video-preview:-1\" \/>\n<link rel=\"canonical\" href=\"https:\/\/nbcs.mx\/?p=146138\" \/>\n<meta property=\"og:locale\" content=\"es_ES\" \/>\n<meta property=\"og:type\" content=\"article\" \/>\n<meta property=\"og:title\" content=\"Impulsar\u00e1 diputada Karina Olivas la creaci\u00f3n de un Centro Integral de Atenci\u00f3n a las Adicciones (CRAADYR) en La Paz - NBCS Noticias\" \/>\n<meta property=\"og:description\" content=\"Con el prop\u00f3sito de vincular al Centro de Rehabilitaci\u00f3n Amor al Adicto Dif\u00edcil y Reincidente (CRAADYR) con el Gobierno del\" \/>\n<meta property=\"og:url\" content=\"https:\/\/nbcs.mx\/?p=146138\" \/>\n<meta property=\"og:site_name\" content=\"NBCS Noticias\" \/>\n<meta property=\"article:publisher\" content=\"https:\/\/www.facebook.com\/NBCSnoticias\" \/>\n<meta property=\"article:author\" content=\"https:\/\/www.facebook.com\/NBCSnoticias\" \/>\n<meta property=\"article:published_time\" content=\"2025-02-06T21:14:53+00:00\" \/>\n<meta property=\"og:image\" content=\"https:\/\/nbcs.mx\/wp-content\/uploads\/2025\/02\/DIP-KARINA-OLIVAS-PARRA-250205-1-scaled.jpg\" \/>\n\t<meta property=\"og:image:width\" content=\"2560\" \/>\n\t<meta property=\"og:image:height\" content=\"1703\" \/>\n\t<meta property=\"og:image:type\" content=\"image\/jpeg\" \/>\n<meta name=\"author\" content=\"NBCS Noticias\" \/>\n<meta name=\"twitter:card\" content=\"summary_large_image\" \/>\n<meta name=\"twitter:creator\" content=\"@https:\/\/twitter.com\/NBCSnoticias\" \/>\n<meta name=\"twitter:site\" content=\"@NBCSnoticias\" \/>\n<meta name=\"twitter:label1\" content=\"Escrito por\" \/>\n\t<meta name=\"twitter:data1\" content=\"NBCS Noticias\" \/>\n\t<meta name=\"twitter:label2\" content=\"Tiempo de lectura\" \/>\n\t<meta name=\"twitter:data2\" content=\"2 minutos\" \/>\n<script type=\"application\/ld+json\" class=\"yoast-schema-graph\">{\"@context\":\"https:\\\/\\\/schema.org\",\"@graph\":[{\"@type\":\"Article\",\"@id\":\"https:\\\/\\\/nbcs.mx\\\/?p=146138#article\",\"isPartOf\":{\"@id\":\"https:\\\/\\\/nbcs.mx\\\/?p=146138\"},\"author\":{\"name\":\"NBCS Noticias\",\"@id\":\"https:\\\/\\\/nbcs.mx\\\/#\\\/schema\\\/person\\\/ece58bab9a7c1e87a4d28ec9ecd79ff4\"},\"headline\":\"Impulsar\u00e1 diputada Karina Olivas la creaci\u00f3n de un Centro Integral de Atenci\u00f3n a las Adicciones (CRAADYR) en La Paz\",\"datePublished\":\"2025-02-06T21:14:53+00:00\",\"mainEntityOfPage\":{\"@id\":\"https:\\\/\\\/nbcs.mx\\\/?p=146138\"},\"wordCount\":336,\"commentCount\":0,\"publisher\":{\"@id\":\"https:\\\/\\\/nbcs.mx\\\/#organization\"},\"image\":{\"@id\":\"https:\\\/\\\/nbcs.mx\\\/?p=146138#primaryimage\"},\"thumbnailUrl\":\"https:\\\/\\\/nbcs.mx\\\/wp-content\\\/uploads\\\/2025\\\/02\\\/DIP-KARINA-OLIVAS-PARRA-250205-1-scaled.jpg\",\"articleSection\":[\"Congreso de BCS\"],\"inLanguage\":\"es\",\"potentialAction\":[{\"@type\":\"CommentAction\",\"name\":\"Comment\",\"target\":[\"https:\\\/\\\/nbcs.mx\\\/?p=146138#respond\"]}]},{\"@type\":\"WebPage\",\"@id\":\"https:\\\/\\\/nbcs.mx\\\/?p=146138\",\"url\":\"https:\\\/\\\/nbcs.mx\\\/?p=146138\",\"name\":\"Impulsar\u00e1 diputada Karina Olivas la creaci\u00f3n de un Centro Integral de Atenci\u00f3n a las Adicciones (CRAADYR) en La Paz - NBCS Noticias\",\"isPartOf\":{\"@id\":\"https:\\\/\\\/nbcs.mx\\\/#website\"},\"primaryImageOfPage\":{\"@id\":\"https:\\\/\\\/nbcs.mx\\\/?p=146138#primaryimage\"},\"image\":{\"@id\":\"https:\\\/\\\/nbcs.mx\\\/?p=146138#primaryimage\"},\"thumbnailUrl\":\"https:\\\/\\\/nbcs.mx\\\/wp-content\\\/uploads\\\/2025\\\/02\\\/DIP-KARINA-OLIVAS-PARRA-250205-1-scaled.jpg\",\"datePublished\":\"2025-02-06T21:14:53+00:00\",\"breadcrumb\":{\"@id\":\"https:\\\/\\\/nbcs.mx\\\/?p=146138#breadcrumb\"},\"inLanguage\":\"es\",\"potentialAction\":[{\"@type\":\"ReadAction\",\"target\":[\"https:\\\/\\\/nbcs.mx\\\/?p=146138\"]}]},{\"@type\":\"ImageObject\",\"inLanguage\":\"es\",\"@id\":\"https:\\\/\\\/nbcs.mx\\\/?p=146138#primaryimage\",\"url\":\"https:\\\/\\\/nbcs.mx\\\/wp-content\\\/uploads\\\/2025\\\/02\\\/DIP-KARINA-OLIVAS-PARRA-250205-1-scaled.jpg\",\"contentUrl\":\"https:\\\/\\\/nbcs.mx\\\/wp-content\\\/uploads\\\/2025\\\/02\\\/DIP-KARINA-OLIVAS-PARRA-250205-1-scaled.jpg\",\"width\":2560,\"height\":1703},{\"@type\":\"BreadcrumbList\",\"@id\":\"https:\\\/\\\/nbcs.mx\\\/?p=146138#breadcrumb\",\"itemListElement\":[{\"@type\":\"ListItem\",\"position\":1,\"name\":\"Portada\",\"item\":\"https:\\\/\\\/nbcs.mx\\\/\"},{\"@type\":\"ListItem\",\"position\":2,\"name\":\"Impulsar\u00e1 diputada Karina Olivas la creaci\u00f3n de un Centro Integral de Atenci\u00f3n a las Adicciones (CRAADYR) en La Paz\"}]},{\"@type\":\"WebSite\",\"@id\":\"https:\\\/\\\/nbcs.mx\\\/#website\",\"url\":\"https:\\\/\\\/nbcs.mx\\\/\",\"name\":\"NBCS Noticias\",\"description\":\"Sitio web de noticias en Baja California Sur\",\"publisher\":{\"@id\":\"https:\\\/\\\/nbcs.mx\\\/#organization\"},\"potentialAction\":[{\"@type\":\"SearchAction\",\"target\":{\"@type\":\"EntryPoint\",\"urlTemplate\":\"https:\\\/\\\/nbcs.mx\\\/?s={search_term_string}\"},\"query-input\":{\"@type\":\"PropertyValueSpecification\",\"valueRequired\":true,\"valueName\":\"search_term_string\"}}],\"inLanguage\":\"es\"},{\"@type\":\"Organization\",\"@id\":\"https:\\\/\\\/nbcs.mx\\\/#organization\",\"name\":\"NBCS Noticias\",\"url\":\"https:\\\/\\\/nbcs.mx\\\/\",\"logo\":{\"@type\":\"ImageObject\",\"inLanguage\":\"es\",\"@id\":\"https:\\\/\\\/nbcs.mx\\\/#\\\/schema\\\/logo\\\/image\\\/\",\"url\":\"https:\\\/\\\/nbcs.mx\\\/wp-content\\\/uploads\\\/2018\\\/09\\\/057b69485e93575a5c2b1c1dde2dd297.jpeg\",\"contentUrl\":\"https:\\\/\\\/nbcs.mx\\\/wp-content\\\/uploads\\\/2018\\\/09\\\/057b69485e93575a5c2b1c1dde2dd297.jpeg\",\"width\":64,\"height\":64,\"caption\":\"NBCS Noticias\"},\"image\":{\"@id\":\"https:\\\/\\\/nbcs.mx\\\/#\\\/schema\\\/logo\\\/image\\\/\"},\"sameAs\":[\"https:\\\/\\\/www.facebook.com\\\/NBCSnoticias\",\"https:\\\/\\\/x.com\\\/NBCSnoticias\"]},{\"@type\":\"Person\",\"@id\":\"https:\\\/\\\/nbcs.mx\\\/#\\\/schema\\\/person\\\/ece58bab9a7c1e87a4d28ec9ecd79ff4\",\"name\":\"NBCS Noticias\",\"image\":{\"@type\":\"ImageObject\",\"inLanguage\":\"es\",\"@id\":\"https:\\\/\\\/secure.gravatar.com\\\/avatar\\\/4e52110cad1c4054b43271a0d14bbe9e2ea76aecd0e1097edfc670798d9ca1d4?s=96&d=blank&r=g\",\"url\":\"https:\\\/\\\/secure.gravatar.com\\\/avatar\\\/4e52110cad1c4054b43271a0d14bbe9e2ea76aecd0e1097edfc670798d9ca1d4?s=96&d=blank&r=g\",\"contentUrl\":\"https:\\\/\\\/secure.gravatar.com\\\/avatar\\\/4e52110cad1c4054b43271a0d14bbe9e2ea76aecd0e1097edfc670798d9ca1d4?s=96&d=blank&r=g\",\"caption\":\"NBCS Noticias\"},\"description\":\"\u00bfTienes fotos o video de alg\u00fan acto de posible negligencia, corrupci\u00f3n y abuso de autoridad? M\u00e1ndalo al WhatsApp de NBCS Noticias: 612 141 98 08\",\"sameAs\":[\"https:\\\/\\\/www.nbcs.mx\",\"https:\\\/\\\/www.facebook.com\\\/NBCSnoticias\",\"https:\\\/\\\/www.instagram.com\\\/nbcsnoticias\\\/\",\"https:\\\/\\\/x.com\\\/https:\\\/\\\/twitter.com\\\/NBCSnoticias\"]}]}<\/script>\n<!-- \/ Yoast SEO plugin. -->","yoast_head_json":{"title":"Impulsar\u00e1 diputada Karina Olivas la creaci\u00f3n de un Centro Integral de Atenci\u00f3n a las Adicciones (CRAADYR) en La Paz - NBCS Noticias","robots":{"index":"index","follow":"follow","max-snippet":"max-snippet:-1","max-image-preview":"max-image-preview:large","max-video-preview":"max-video-preview:-1"},"canonical":"https:\/\/nbcs.mx\/?p=146138","og_locale":"es_ES","og_type":"article","og_title":"Impulsar\u00e1 diputada Karina Olivas la creaci\u00f3n de un Centro Integral de Atenci\u00f3n a las Adicciones (CRAADYR) en La Paz - NBCS Noticias","og_description":"Con el prop\u00f3sito de vincular al Centro de Rehabilitaci\u00f3n Amor al Adicto Dif\u00edcil y Reincidente (CRAADYR) con el Gobierno del","og_url":"https:\/\/nbcs.mx\/?p=146138","og_site_name":"NBCS Noticias","article_publisher":"https:\/\/www.facebook.com\/NBCSnoticias","article_author":"https:\/\/www.facebook.com\/NBCSnoticias","article_published_time":"2025-02-06T21:14:53+00:00","og_image":[{"width":2560,"height":1703,"url":"https:\/\/nbcs.mx\/wp-content\/uploads\/2025\/02\/DIP-KARINA-OLIVAS-PARRA-250205-1-scaled.jpg","type":"image\/jpeg"}],"author":"NBCS Noticias","twitter_card":"summary_large_image","twitter_creator":"@https:\/\/twitter.com\/NBCSnoticias","twitter_site":"@NBCSnoticias","twitter_misc":{"Escrito por":"NBCS Noticias","Tiempo de lectura":"2 minutos"},"schema":{"@context":"https:\/\/schema.org","@graph":[{"@type":"Article","@id":"https:\/\/nbcs.mx\/?p=146138#article","isPartOf":{"@id":"https:\/\/nbcs.mx\/?p=146138"},"author":{"name":"NBCS Noticias","@id":"https:\/\/nbcs.mx\/#\/schema\/person\/ece58bab9a7c1e87a4d28ec9ecd79ff4"},"headline":"Impulsar\u00e1 diputada Karina Olivas la creaci\u00f3n de un Centro Integral de Atenci\u00f3n a las Adicciones (CRAADYR) en La Paz","datePublished":"2025-02-06T21:14:53+00:00","mainEntityOfPage":{"@id":"https:\/\/nbcs.mx\/?p=146138"},"wordCount":336,"commentCount":0,"publisher":{"@id":"https:\/\/nbcs.mx\/#organization"},"image":{"@id":"https:\/\/nbcs.mx\/?p=146138#primaryimage"},"thumbnailUrl":"https:\/\/nbcs.mx\/wp-content\/uploads\/2025\/02\/DIP-KARINA-OLIVAS-PARRA-250205-1-scaled.jpg","articleSection":["Congreso de BCS"],"inLanguage":"es","potentialAction":[{"@type":"CommentAction","name":"Comment","target":["https:\/\/nbcs.mx\/?p=146138#respond"]}]},{"@type":"WebPage","@id":"https:\/\/nbcs.mx\/?p=146138","url":"https:\/\/nbcs.mx\/?p=146138","name":"Impulsar\u00e1 diputada Karina Olivas la creaci\u00f3n de un Centro Integral de Atenci\u00f3n a las Adicciones (CRAADYR) en La Paz - NBCS Noticias","isPartOf":{"@id":"https:\/\/nbcs.mx\/#website"},"primaryImageOfPage":{"@id":"https:\/\/nbcs.mx\/?p=146138#primaryimage"},"image":{"@id":"https:\/\/nbcs.mx\/?p=146138#primaryimage"},"thumbnailUrl":"https:\/\/nbcs.mx\/wp-content\/uploads\/2025\/02\/DIP-KARINA-OLIVAS-PARRA-250205-1-scaled.jpg","datePublished":"2025-02-06T21:14:53+00:00","breadcrumb":{"@id":"https:\/\/nbcs.mx\/?p=146138#breadcrumb"},"inLanguage":"es","potentialAction":[{"@type":"ReadAction","target":["https:\/\/nbcs.mx\/?p=146138"]}]},{"@type":"ImageObject","inLanguage":"es","@id":"https:\/\/nbcs.mx\/?p=146138#primaryimage","url":"https:\/\/nbcs.mx\/wp-content\/uploads\/2025\/02\/DIP-KARINA-OLIVAS-PARRA-250205-1-scaled.jpg","contentUrl":"https:\/\/nbcs.mx\/wp-content\/uploads\/2025\/02\/DIP-KARINA-OLIVAS-PARRA-250205-1-scaled.jpg","width":2560,"height":1703},{"@type":"BreadcrumbList","@id":"https:\/\/nbcs.mx\/?p=146138#breadcrumb","itemListElement":[{"@type":"ListItem","position":1,"name":"Portada","item":"https:\/\/nbcs.mx\/"},{"@type":"ListItem","position":2,"name":"Impulsar\u00e1 diputada Karina Olivas la creaci\u00f3n de un Centro Integral de Atenci\u00f3n a las Adicciones (CRAADYR) en La Paz"}]},{"@type":"WebSite","@id":"https:\/\/nbcs.mx\/#website","url":"https:\/\/nbcs.mx\/","name":"NBCS Noticias","description":"Sitio web de noticias en Baja California Sur","publisher":{"@id":"https:\/\/nbcs.mx\/#organization"},"potentialAction":[{"@type":"SearchAction","target":{"@type":"EntryPoint","urlTemplate":"https:\/\/nbcs.mx\/?s={search_term_string}"},"query-input":{"@type":"PropertyValueSpecification","valueRequired":true,"valueName":"search_term_string"}}],"inLanguage":"es"},{"@type":"Organization","@id":"https:\/\/nbcs.mx\/#organization","name":"NBCS Noticias","url":"https:\/\/nbcs.mx\/","logo":{"@type":"ImageObject","inLanguage":"es","@id":"https:\/\/nbcs.mx\/#\/schema\/logo\/image\/","url":"https:\/\/nbcs.mx\/wp-content\/uploads\/2018\/09\/057b69485e93575a5c2b1c1dde2dd297.jpeg","contentUrl":"https:\/\/nbcs.mx\/wp-content\/uploads\/2018\/09\/057b69485e93575a5c2b1c1dde2dd297.jpeg","width":64,"height":64,"caption":"NBCS Noticias"},"image":{"@id":"https:\/\/nbcs.mx\/#\/schema\/logo\/image\/"},"sameAs":["https:\/\/www.facebook.com\/NBCSnoticias","https:\/\/x.com\/NBCSnoticias"]},{"@type":"Person","@id":"https:\/\/nbcs.mx\/#\/schema\/person\/ece58bab9a7c1e87a4d28ec9ecd79ff4","name":"NBCS Noticias","image":{"@type":"ImageObject","inLanguage":"es","@id":"https:\/\/secure.gravatar.com\/avatar\/4e52110cad1c4054b43271a0d14bbe9e2ea76aecd0e1097edfc670798d9ca1d4?s=96&d=blank&r=g","url":"https:\/\/secure.gravatar.com\/avatar\/4e52110cad1c4054b43271a0d14bbe9e2ea76aecd0e1097edfc670798d9ca1d4?s=96&d=blank&r=g","contentUrl":"https:\/\/secure.gravatar.com\/avatar\/4e52110cad1c4054b43271a0d14bbe9e2ea76aecd0e1097edfc670798d9ca1d4?s=96&d=blank&r=g","caption":"NBCS Noticias"},"description":"\u00bfTienes fotos o video de alg\u00fan acto de posible negligencia, corrupci\u00f3n y abuso de autoridad? M\u00e1ndalo al WhatsApp de NBCS Noticias: 612 141 98 08","sameAs":["https:\/\/www.nbcs.mx","https:\/\/www.facebook.com\/NBCSnoticias","https:\/\/www.instagram.com\/nbcsnoticias\/","https:\/\/x.com\/https:\/\/twitter.com\/NBCSnoticias"]}]}},"jetpack_publicize_connections":[],"jetpack_featured_media_url":"https:\/\/nbcs.mx\/wp-content\/uploads\/2025\/02\/DIP-KARINA-OLIVAS-PARRA-250205-1-scaled.jpg","jetpack_sharing_enabled":true,"_links":{"self":[{"href":"https:\/\/nbcs.mx\/index.php?rest_route=\/wp\/v2\/posts\/146138","targetHints":{"allow":["GET"]}}],"collection":[{"href":"https:\/\/nbcs.mx\/index.php?rest_route=\/wp\/v2\/posts"}],"about":[{"href":"https:\/\/nbcs.mx\/index.php?rest_route=\/wp\/v2\/types\/post"}],"author":[{"embeddable":true,"href":"https:\/\/nbcs.mx\/index.php?rest_route=\/wp\/v2\/users\/1"}],"replies":[{"embeddable":true,"href":"https:\/\/nbcs.mx\/index.php?rest_route=%2Fwp%2Fv2%2Fcomments&post=146138"}],"version-history":[{"count":1,"href":"https:\/\/nbcs.mx\/index.php?rest_route=\/wp\/v2\/posts\/146138\/revisions"}],"predecessor-version":[{"id":146140,"href":"https:\/\/nbcs.mx\/index.php?rest_route=\/wp\/v2\/posts\/146138\/revisions\/146140"}],"wp:featuredmedia":[{"embeddable":true,"href":"https:\/\/nbcs.mx\/index.php?rest_route=\/wp\/v2\/media\/146139"}],"wp:attachment":[{"href":"https:\/\/nbcs.mx\/index.php?rest_route=%2Fwp%2Fv2%2Fmedia&parent=146138"}],"wp:term":[{"taxonomy":"category","embeddable":true,"href":"https:\/\/nbcs.mx\/index.php?rest_route=%2Fwp%2Fv2%2Fcategories&post=146138"},{"taxonomy":"post_tag","embeddable":true,"href":"https:\/\/nbcs.mx\/index.php?rest_route=%2Fwp%2Fv2%2Ftags&post=146138"}],"curies":[{"name":"wp","href":"https:\/\/api.w.org\/{rel}","templated":true}]}}