{"id":146277,"date":"2025-02-10T06:54:17","date_gmt":"2025-02-10T13:54:17","guid":{"rendered":"https:\/\/nbcs.mx\/?p=146277"},"modified":"2025-02-10T06:54:17","modified_gmt":"2025-02-10T13:54:17","slug":"micropolis-reelecciones-hasta-el-2027","status":"publish","type":"post","link":"https:\/\/nbcs.mx\/?p=146277","title":{"rendered":"MICR\u00d3POLIS \/ REELECCIONES HASTA EL 2027"},"content":{"rendered":"<p style=\"font-weight: 400; text-align: justify;\"><strong>Por Bertoldo Velasco Silva<\/strong><\/p>\n<p style=\"font-weight: 400; text-align: justify;\">\n<p style=\"font-weight: 400; text-align: justify;\">La iniciativa de reforma constitucional contra la reelecci\u00f3n que anunci\u00f3 el pasado 5 de febrero la presidenta Claudia Sheinbaum Pardo, y que probablemente apruebe el congreso de la uni\u00f3n, se har\u00e1 efectiva a partir de las elecciones presidenciales del 2030 para todos los cargos de elecci\u00f3n popular. Todav\u00eda, en el 2027, podr\u00e1n participar en esa elecci\u00f3n consecutiva, los diputados federales, diputados locales de cada estado, as\u00ed como para alcaldes, incluidos s\u00edndico y regidores.<\/p>\n<p style=\"font-weight: 400; text-align: justify;\">Durante la celebraci\u00f3n del CVIII Aniversario de la Constituci\u00f3n Pol\u00edtica de los Estados Unidos Mexicanos, efectuada el pasado 05 de febrero en el Teatro de la Rep\u00fablica de la ciudad de Quer\u00e9taro, la Jefa del Estado Mexicano cumple su compromiso hecho en su campa\u00f1a pol\u00edtica para poner fin a este procedimiento de la reelecci\u00f3n o elecci\u00f3n consecutiva, que se dio en las elecciones del 2021, y que favoreci\u00f3 a los pol\u00edticos de todos los partidos pol\u00edticos, y que en el 2024, aun favoreci\u00f3 para el caso de senadores.<\/p>\n<p style=\"font-weight: 400; text-align: justify;\">Si bien el Congreso de la Uni\u00f3n aprob\u00f3 esta reforma constitucional para las elecciones consecutivas a partir del proceso electoral del 2021, ten\u00eda como fin, el que en 3 a\u00f1os, se dec\u00eda, no era tiempo suficiente para cumplir con los trabajos tanto de legisladores federales como locales, as\u00ed como de los alcaldes, el caso es de que estos \u00faltimos, salvo honrosas excepciones, no cumplieron con ese objetivo.<\/p>\n<p style=\"font-weight: 400; text-align: justify;\">Igual sucedi\u00f3 con aquellos legisladores federales reelectos que en el 2021 repitieron, no justificaron la representatividad que les otorg\u00f3 la ciudadan\u00eda con su voto, como sucedi\u00f3 en su momento con Alfredo Porras Dom\u00ednguez o de la senadora Luc\u00eda Trasvi\u00f1a Waldenrath, que en este \u00faltimo caso, se ignora de su labor a favor de Baja California Sur, pero dice tener aspiraciones a ser candidata a la gubernatura en el 2027.<\/p>\n<p style=\"font-weight: 400; text-align: justify;\">La determinaci\u00f3n de la Presidenta de M\u00e9xico, la justific\u00f3, porque dijo que con estas reformas -que se incluye la del nepotismo electoral hasta el cuarto grado de consanguineidad y en l\u00ednea por afinidad- es en honor a la Constituci\u00f3n Pol\u00edtica de 1917 de \u201cSufragio Efectivo No Reelecci\u00f3n\u201d.<\/p>\n<p style=\"font-weight: 400; text-align: justify;\">A algunos pol\u00edticos locales no les agrad\u00f3 mucho esta iniciativa presidencial, sin embargo, est\u00e1 plenamente justificada, porque quienes fueron reelectos, en el caso de algunos diputados de la XVI legislatura no lo han justificado, pues le han quedado a deber a sus electores, o como en cierto Ayuntamiento, donde siguen sin dar resultados.<\/p>\n<p style=\"font-weight: 400; text-align: justify;\">La iniciativa de reforma Constitucional, que iniciar\u00e1 su proceso de estudio, an\u00e1lisis y discusi\u00f3n y aprobaci\u00f3n, empezar\u00e1 a tratarse en el Congreso de la Uni\u00f3n a partir de septiembre de este a\u00f1o, y despu\u00e9s tendr\u00e1n que hacer lo propio en todos los estados de la Rep\u00fablica, aunque para ello, se requiere de su aprobaci\u00f3n de los congresos locales de solo 17 estados del pa\u00eds, para hacerse efectiva.<\/p>\n<p style=\"font-weight: 400; text-align: justify;\">Con esa iniciativa, tambi\u00e9n se acabar\u00e1 con el nepotismo electoral que tanto da\u00f1o ha hecho a la sociedad, porque en muchos casos, pr\u00e1cticamente se heredaba \u201cla plaza\u201d a un familiar, como pretendi\u00f3 hacerlo en 1996, el que fuera alcalde de La Paz, el panista Ad\u00e1n Ruffo Velarde, que busc\u00f3 heredarle el cargo a su c\u00f3nyuge, pero en esos comicios la ciudadan\u00eda pace\u00f1a no se lo permiti\u00f3.<\/p>\n<p style=\"font-weight: 400; text-align: justify;\">Por lo pronto, la C\u00e1mara de Diputados (federal) ya recibi\u00f3 ambas iniciativas, que de aprobarse en los tiempos establecidos, entrar\u00e1n en vigor a partir de las elecciones presidenciales del 2030.<\/p>\n<p style=\"font-weight: 400; text-align: justify;\">As\u00ed que quienes deseen buscar la relecci\u00f3n en el caso de diputados federales, diputados locales o presidentes municipales en Baja California Sur, tienen que mejorar su trabajo, presencia ante sus electores y aprovechar esta \u00faltima oportunidad para relegirse en el 2027, porque a partir del 2030, ya no tendr\u00e1n chance, y con ello surja una nueva camada de pol\u00edticos m\u00e1s comprometidos con la sociedad para que den resultados.<\/p>\n<p style=\"font-weight: 400; text-align: justify;\"><strong>MICROTEMAS<\/strong>. El Gobernador <strong>V\u00cdCTOR CASTRO COSI\u00d3<\/strong>, encabez\u00f3 en Comond\u00fa, la ceremonia del 72 aniversario de la fundaci\u00f3n de Ciudad Constituci\u00f3n donde se aprovech\u00f3 la ocasi\u00f3n para rendir homenaje a los Pioneros y Fundadores de la principal zona agr\u00edcola de la entidad, como es el Valle de Santo Domingo, a quienes reconoci\u00f3 el legado que heredaron a las nuevas generaciones. Acompa\u00f1ado de su esposa Patricia L\u00f3pez Navarro, Presidenta del DIF Estatal como del alcalde de Comond\u00fa, Roberto Pantoja Castro, el Ejecutivo Estatal dijo que en el Valle de Santo Domingo, se cruzaron caminos de personas de otros lugares a forjar una nueva tierra que le seguir\u00e1 brindando ese ejemplo e idea fundacional. En este encuentro, Castro Cos\u00edo llamo a los productores a mantener viva la ra\u00edz que da sentido en cada una de las personas que habitan esta regi\u00f3n del estado, porque \u201clo m\u00e1s importante es la colaboraci\u00f3n de la poblaci\u00f3n para salir delante, que por encima de creencias est\u00e1 Baja California Sur\u201d<\/p>\n<p style=\"font-weight: 400; text-align: justify;\">En d\u00edas pasados, el rector de la UABCS, <strong>DR. DANTE ARTURO SALGADO GONZALEZ<\/strong>, recibi\u00f3 la visita del Delegado Comercial de la Embajada de Canad\u00e1 en M\u00e9xico, Philippe-Antoine Harbour, con quien trat\u00f3 diversas estrategias para fortalecer la relaci\u00f3n bilateral entre la UABCS y Canad\u00e1, temas enfocados en programas de movilidad estudiantil y docente, intercambios acad\u00e9micos, redes de investigaci\u00f3n y proyectos conjuntos de desarrollo cient\u00edfico y tecnol\u00f3gico. Dante Salgado destac\u00f3 la importancia de estrechar lazos con instituciones y organismos internacionales que compartan una visi\u00f3n de educaci\u00f3n de calidad y cooperaci\u00f3n global. Adem\u00e1s, dijo que ello fortalece la internacionalizaci\u00f3n de la UABCS como una prioridad para ampliar las oportunidades de formaci\u00f3n de la comunidad universitaria, en un mundo cada vez m\u00e1s interconectado, ya que el mercado demanda j\u00f3venes con una visi\u00f3n amplia que vaya de lo local a lo global. El Rector agradeci\u00f3 la deferencia de la Embajada para generar este acercamiento, que sin duda, sienta las bases para una futura cooperaci\u00f3n binacional y alianza estrat\u00e9gica en favor del desarrollo acad\u00e9mico y cient\u00edfico.<\/p>\n<p style=\"font-weight: 400; text-align: justify;\"><strong>JULIO C\u00c9SAR CH\u00c1VEZ OCAMPO<\/strong>, delegado de la Sociedad Latinoamericana de Ciencia y Tecnolog\u00eda (SOLACyT), inform\u00f3 que mas de 200 j\u00f3venes y 87 equipos de educaci\u00f3n b\u00e1sica, media superior y superior de BCS participaron en la III edici\u00f3n de la fase estatal del concurso Infomatrix 2025 con proyectos estudiantiles de ciencia y tecnolog\u00eda. Los equipos finalistas, participaron en dos categor\u00edas: ciencia y tecnolog\u00eda, as\u00ed como arte y cultura, con proyectos de ciencia aplicada, divulgaci\u00f3n cient\u00edfica, desarrollo de software y rob\u00f3tica; cuento cient\u00edfico, cortometraje, animaci\u00f3n, arte digital, fotograf\u00eda, m\u00fasica y TedTalk. Ch\u00e1vez Ocampo dijo que con este tipo de encuentro, BCS se consolida como un referente de conocimientos y vanguardia tecnol\u00f3gica, donde la ni\u00f1ez y juventud se suman a la generaci\u00f3n y aplicaci\u00f3n del conocimiento, adem\u00e1s, de que este tipo de actividades permite despertar las vocaciones cient\u00edficas desde edades tempranas, as\u00ed como fomentar acad\u00e9micamente el esp\u00edritu emprendedor de los participantes.<\/p>\n<p style=\"font-weight: 400; text-align: justify;\"><strong><em>Buen d\u00eda Amigas y Amigos, espero nos puedan favorecer envi\u00e1ndonos sus cr\u00edticas, comentarios o sugerencias al correo electr\u00f3nico: bertoldovs@gmail.com.<\/em><\/strong><\/p>\n<p style=\"font-weight: 400; text-align: justify;\">\n<p style=\"font-weight: 400; text-align: justify;\">\n<p style=\"font-weight: 400; text-align: justify;\">\n<p style=\"font-weight: 400; text-align: justify;\">\n","protected":false},"excerpt":{"rendered":"<p>Por Bertoldo Velasco Silva La iniciativa de reforma constitucional contra la reelecci\u00f3n que anunci\u00f3 el pasado 5 de febrero la<\/p>\n","protected":false},"author":1,"featured_media":146278,"comment_status":"open","ping_status":"closed","sticky":false,"template":"","format":"standard","meta":{"colormag_page_container_layout":"default_layout","colormag_page_sidebar_layout":"default_layout","_jetpack_memberships_contains_paid_content":false,"footnotes":"","jetpack_publicize_message":"","jetpack_publicize_feature_enabled":true,"jetpack_social_post_already_shared":true,"jetpack_social_options":{"image_generator_settings":{"template":"highway","default_image_id":0,"font":"","enabled":false},"version":2}},"categories":[41],"tags":[],"class_list":["post-146277","post","type-post","status-publish","format-standard","has-post-thumbnail","hentry","category-las-columnas"],"yoast_head":"<!-- This site is optimized with the Yoast SEO plugin v27.5 - https:\/\/yoast.com\/product\/yoast-seo-wordpress\/ -->\n<title>MICR\u00d3POLIS \/ REELECCIONES HASTA EL 2027 - NBCS Noticias<\/title>\n<meta name=\"robots\" content=\"index, follow, max-snippet:-1, max-image-preview:large, max-video-preview:-1\" \/>\n<link rel=\"canonical\" href=\"https:\/\/nbcs.mx\/?p=146277\" \/>\n<meta property=\"og:locale\" content=\"es_ES\" \/>\n<meta property=\"og:type\" content=\"article\" \/>\n<meta property=\"og:title\" content=\"MICR\u00d3POLIS \/ REELECCIONES HASTA EL 2027 - NBCS Noticias\" \/>\n<meta property=\"og:description\" content=\"Por Bertoldo Velasco Silva La iniciativa de reforma constitucional contra la reelecci\u00f3n que anunci\u00f3 el pasado 5 de febrero la\" \/>\n<meta property=\"og:url\" content=\"https:\/\/nbcs.mx\/?p=146277\" \/>\n<meta property=\"og:site_name\" content=\"NBCS Noticias\" \/>\n<meta property=\"article:publisher\" content=\"https:\/\/www.facebook.com\/NBCSnoticias\" \/>\n<meta property=\"article:author\" content=\"https:\/\/www.facebook.com\/NBCSnoticias\" \/>\n<meta property=\"article:published_time\" content=\"2025-02-10T13:54:17+00:00\" \/>\n<meta property=\"og:image\" content=\"https:\/\/nbcs.mx\/wp-content\/uploads\/2025\/02\/01-micropolis.jpg\" \/>\n\t<meta property=\"og:image:width\" content=\"2537\" \/>\n\t<meta property=\"og:image:height\" content=\"1443\" \/>\n\t<meta property=\"og:image:type\" content=\"image\/jpeg\" \/>\n<meta name=\"author\" content=\"NBCS Noticias\" \/>\n<meta name=\"twitter:card\" content=\"summary_large_image\" \/>\n<meta name=\"twitter:creator\" content=\"@https:\/\/twitter.com\/NBCSnoticias\" \/>\n<meta name=\"twitter:site\" content=\"@NBCSnoticias\" \/>\n<meta name=\"twitter:label1\" content=\"Escrito por\" \/>\n\t<meta name=\"twitter:data1\" content=\"NBCS Noticias\" \/>\n\t<meta name=\"twitter:label2\" content=\"Tiempo de lectura\" \/>\n\t<meta name=\"twitter:data2\" content=\"6 minutos\" \/>\n<script type=\"application\/ld+json\" class=\"yoast-schema-graph\">{\"@context\":\"https:\\\/\\\/schema.org\",\"@graph\":[{\"@type\":\"Article\",\"@id\":\"https:\\\/\\\/nbcs.mx\\\/?p=146277#article\",\"isPartOf\":{\"@id\":\"https:\\\/\\\/nbcs.mx\\\/?p=146277\"},\"author\":{\"name\":\"NBCS Noticias\",\"@id\":\"https:\\\/\\\/nbcs.mx\\\/#\\\/schema\\\/person\\\/ece58bab9a7c1e87a4d28ec9ecd79ff4\"},\"headline\":\"MICR\u00d3POLIS \\\/ REELECCIONES HASTA EL 2027\",\"datePublished\":\"2025-02-10T13:54:17+00:00\",\"mainEntityOfPage\":{\"@id\":\"https:\\\/\\\/nbcs.mx\\\/?p=146277\"},\"wordCount\":1237,\"commentCount\":0,\"publisher\":{\"@id\":\"https:\\\/\\\/nbcs.mx\\\/#organization\"},\"image\":{\"@id\":\"https:\\\/\\\/nbcs.mx\\\/?p=146277#primaryimage\"},\"thumbnailUrl\":\"https:\\\/\\\/nbcs.mx\\\/wp-content\\\/uploads\\\/2025\\\/02\\\/01-micropolis.jpg\",\"articleSection\":[\"Las Columnas\"],\"inLanguage\":\"es\",\"potentialAction\":[{\"@type\":\"CommentAction\",\"name\":\"Comment\",\"target\":[\"https:\\\/\\\/nbcs.mx\\\/?p=146277#respond\"]}]},{\"@type\":\"WebPage\",\"@id\":\"https:\\\/\\\/nbcs.mx\\\/?p=146277\",\"url\":\"https:\\\/\\\/nbcs.mx\\\/?p=146277\",\"name\":\"MICR\u00d3POLIS \\\/ REELECCIONES HASTA EL 2027 - NBCS Noticias\",\"isPartOf\":{\"@id\":\"https:\\\/\\\/nbcs.mx\\\/#website\"},\"primaryImageOfPage\":{\"@id\":\"https:\\\/\\\/nbcs.mx\\\/?p=146277#primaryimage\"},\"image\":{\"@id\":\"https:\\\/\\\/nbcs.mx\\\/?p=146277#primaryimage\"},\"thumbnailUrl\":\"https:\\\/\\\/nbcs.mx\\\/wp-content\\\/uploads\\\/2025\\\/02\\\/01-micropolis.jpg\",\"datePublished\":\"2025-02-10T13:54:17+00:00\",\"breadcrumb\":{\"@id\":\"https:\\\/\\\/nbcs.mx\\\/?p=146277#breadcrumb\"},\"inLanguage\":\"es\",\"potentialAction\":[{\"@type\":\"ReadAction\",\"target\":[\"https:\\\/\\\/nbcs.mx\\\/?p=146277\"]}]},{\"@type\":\"ImageObject\",\"inLanguage\":\"es\",\"@id\":\"https:\\\/\\\/nbcs.mx\\\/?p=146277#primaryimage\",\"url\":\"https:\\\/\\\/nbcs.mx\\\/wp-content\\\/uploads\\\/2025\\\/02\\\/01-micropolis.jpg\",\"contentUrl\":\"https:\\\/\\\/nbcs.mx\\\/wp-content\\\/uploads\\\/2025\\\/02\\\/01-micropolis.jpg\",\"width\":2537,\"height\":1443},{\"@type\":\"BreadcrumbList\",\"@id\":\"https:\\\/\\\/nbcs.mx\\\/?p=146277#breadcrumb\",\"itemListElement\":[{\"@type\":\"ListItem\",\"position\":1,\"name\":\"Portada\",\"item\":\"https:\\\/\\\/nbcs.mx\\\/\"},{\"@type\":\"ListItem\",\"position\":2,\"name\":\"MICR\u00d3POLIS \\\/ REELECCIONES HASTA EL 2027\"}]},{\"@type\":\"WebSite\",\"@id\":\"https:\\\/\\\/nbcs.mx\\\/#website\",\"url\":\"https:\\\/\\\/nbcs.mx\\\/\",\"name\":\"NBCS Noticias\",\"description\":\"Sitio web de noticias en Baja California Sur\",\"publisher\":{\"@id\":\"https:\\\/\\\/nbcs.mx\\\/#organization\"},\"potentialAction\":[{\"@type\":\"SearchAction\",\"target\":{\"@type\":\"EntryPoint\",\"urlTemplate\":\"https:\\\/\\\/nbcs.mx\\\/?s={search_term_string}\"},\"query-input\":{\"@type\":\"PropertyValueSpecification\",\"valueRequired\":true,\"valueName\":\"search_term_string\"}}],\"inLanguage\":\"es\"},{\"@type\":\"Organization\",\"@id\":\"https:\\\/\\\/nbcs.mx\\\/#organization\",\"name\":\"NBCS Noticias\",\"url\":\"https:\\\/\\\/nbcs.mx\\\/\",\"logo\":{\"@type\":\"ImageObject\",\"inLanguage\":\"es\",\"@id\":\"https:\\\/\\\/nbcs.mx\\\/#\\\/schema\\\/logo\\\/image\\\/\",\"url\":\"https:\\\/\\\/nbcs.mx\\\/wp-content\\\/uploads\\\/2018\\\/09\\\/057b69485e93575a5c2b1c1dde2dd297.jpeg\",\"contentUrl\":\"https:\\\/\\\/nbcs.mx\\\/wp-content\\\/uploads\\\/2018\\\/09\\\/057b69485e93575a5c2b1c1dde2dd297.jpeg\",\"width\":64,\"height\":64,\"caption\":\"NBCS Noticias\"},\"image\":{\"@id\":\"https:\\\/\\\/nbcs.mx\\\/#\\\/schema\\\/logo\\\/image\\\/\"},\"sameAs\":[\"https:\\\/\\\/www.facebook.com\\\/NBCSnoticias\",\"https:\\\/\\\/x.com\\\/NBCSnoticias\"]},{\"@type\":\"Person\",\"@id\":\"https:\\\/\\\/nbcs.mx\\\/#\\\/schema\\\/person\\\/ece58bab9a7c1e87a4d28ec9ecd79ff4\",\"name\":\"NBCS Noticias\",\"image\":{\"@type\":\"ImageObject\",\"inLanguage\":\"es\",\"@id\":\"https:\\\/\\\/secure.gravatar.com\\\/avatar\\\/4e52110cad1c4054b43271a0d14bbe9e2ea76aecd0e1097edfc670798d9ca1d4?s=96&d=blank&r=g\",\"url\":\"https:\\\/\\\/secure.gravatar.com\\\/avatar\\\/4e52110cad1c4054b43271a0d14bbe9e2ea76aecd0e1097edfc670798d9ca1d4?s=96&d=blank&r=g\",\"contentUrl\":\"https:\\\/\\\/secure.gravatar.com\\\/avatar\\\/4e52110cad1c4054b43271a0d14bbe9e2ea76aecd0e1097edfc670798d9ca1d4?s=96&d=blank&r=g\",\"caption\":\"NBCS Noticias\"},\"description\":\"\u00bfTienes fotos o video de alg\u00fan acto de posible negligencia, corrupci\u00f3n y abuso de autoridad? M\u00e1ndalo al WhatsApp de NBCS Noticias: 612 141 98 08\",\"sameAs\":[\"https:\\\/\\\/www.nbcs.mx\",\"https:\\\/\\\/www.facebook.com\\\/NBCSnoticias\",\"https:\\\/\\\/www.instagram.com\\\/nbcsnoticias\\\/\",\"https:\\\/\\\/x.com\\\/https:\\\/\\\/twitter.com\\\/NBCSnoticias\"]}]}<\/script>\n<!-- \/ Yoast SEO plugin. -->","yoast_head_json":{"title":"MICR\u00d3POLIS \/ REELECCIONES HASTA EL 2027 - NBCS Noticias","robots":{"index":"index","follow":"follow","max-snippet":"max-snippet:-1","max-image-preview":"max-image-preview:large","max-video-preview":"max-video-preview:-1"},"canonical":"https:\/\/nbcs.mx\/?p=146277","og_locale":"es_ES","og_type":"article","og_title":"MICR\u00d3POLIS \/ REELECCIONES HASTA EL 2027 - NBCS Noticias","og_description":"Por Bertoldo Velasco Silva La iniciativa de reforma constitucional contra la reelecci\u00f3n que anunci\u00f3 el pasado 5 de febrero la","og_url":"https:\/\/nbcs.mx\/?p=146277","og_site_name":"NBCS Noticias","article_publisher":"https:\/\/www.facebook.com\/NBCSnoticias","article_author":"https:\/\/www.facebook.com\/NBCSnoticias","article_published_time":"2025-02-10T13:54:17+00:00","og_image":[{"width":2537,"height":1443,"url":"https:\/\/nbcs.mx\/wp-content\/uploads\/2025\/02\/01-micropolis.jpg","type":"image\/jpeg"}],"author":"NBCS Noticias","twitter_card":"summary_large_image","twitter_creator":"@https:\/\/twitter.com\/NBCSnoticias","twitter_site":"@NBCSnoticias","twitter_misc":{"Escrito por":"NBCS Noticias","Tiempo de lectura":"6 minutos"},"schema":{"@context":"https:\/\/schema.org","@graph":[{"@type":"Article","@id":"https:\/\/nbcs.mx\/?p=146277#article","isPartOf":{"@id":"https:\/\/nbcs.mx\/?p=146277"},"author":{"name":"NBCS Noticias","@id":"https:\/\/nbcs.mx\/#\/schema\/person\/ece58bab9a7c1e87a4d28ec9ecd79ff4"},"headline":"MICR\u00d3POLIS \/ REELECCIONES HASTA EL 2027","datePublished":"2025-02-10T13:54:17+00:00","mainEntityOfPage":{"@id":"https:\/\/nbcs.mx\/?p=146277"},"wordCount":1237,"commentCount":0,"publisher":{"@id":"https:\/\/nbcs.mx\/#organization"},"image":{"@id":"https:\/\/nbcs.mx\/?p=146277#primaryimage"},"thumbnailUrl":"https:\/\/nbcs.mx\/wp-content\/uploads\/2025\/02\/01-micropolis.jpg","articleSection":["Las Columnas"],"inLanguage":"es","potentialAction":[{"@type":"CommentAction","name":"Comment","target":["https:\/\/nbcs.mx\/?p=146277#respond"]}]},{"@type":"WebPage","@id":"https:\/\/nbcs.mx\/?p=146277","url":"https:\/\/nbcs.mx\/?p=146277","name":"MICR\u00d3POLIS \/ REELECCIONES HASTA EL 2027 - NBCS Noticias","isPartOf":{"@id":"https:\/\/nbcs.mx\/#website"},"primaryImageOfPage":{"@id":"https:\/\/nbcs.mx\/?p=146277#primaryimage"},"image":{"@id":"https:\/\/nbcs.mx\/?p=146277#primaryimage"},"thumbnailUrl":"https:\/\/nbcs.mx\/wp-content\/uploads\/2025\/02\/01-micropolis.jpg","datePublished":"2025-02-10T13:54:17+00:00","breadcrumb":{"@id":"https:\/\/nbcs.mx\/?p=146277#breadcrumb"},"inLanguage":"es","potentialAction":[{"@type":"ReadAction","target":["https:\/\/nbcs.mx\/?p=146277"]}]},{"@type":"ImageObject","inLanguage":"es","@id":"https:\/\/nbcs.mx\/?p=146277#primaryimage","url":"https:\/\/nbcs.mx\/wp-content\/uploads\/2025\/02\/01-micropolis.jpg","contentUrl":"https:\/\/nbcs.mx\/wp-content\/uploads\/2025\/02\/01-micropolis.jpg","width":2537,"height":1443},{"@type":"BreadcrumbList","@id":"https:\/\/nbcs.mx\/?p=146277#breadcrumb","itemListElement":[{"@type":"ListItem","position":1,"name":"Portada","item":"https:\/\/nbcs.mx\/"},{"@type":"ListItem","position":2,"name":"MICR\u00d3POLIS \/ REELECCIONES HASTA EL 2027"}]},{"@type":"WebSite","@id":"https:\/\/nbcs.mx\/#website","url":"https:\/\/nbcs.mx\/","name":"NBCS Noticias","description":"Sitio web de noticias en Baja California Sur","publisher":{"@id":"https:\/\/nbcs.mx\/#organization"},"potentialAction":[{"@type":"SearchAction","target":{"@type":"EntryPoint","urlTemplate":"https:\/\/nbcs.mx\/?s={search_term_string}"},"query-input":{"@type":"PropertyValueSpecification","valueRequired":true,"valueName":"search_term_string"}}],"inLanguage":"es"},{"@type":"Organization","@id":"https:\/\/nbcs.mx\/#organization","name":"NBCS Noticias","url":"https:\/\/nbcs.mx\/","logo":{"@type":"ImageObject","inLanguage":"es","@id":"https:\/\/nbcs.mx\/#\/schema\/logo\/image\/","url":"https:\/\/nbcs.mx\/wp-content\/uploads\/2018\/09\/057b69485e93575a5c2b1c1dde2dd297.jpeg","contentUrl":"https:\/\/nbcs.mx\/wp-content\/uploads\/2018\/09\/057b69485e93575a5c2b1c1dde2dd297.jpeg","width":64,"height":64,"caption":"NBCS Noticias"},"image":{"@id":"https:\/\/nbcs.mx\/#\/schema\/logo\/image\/"},"sameAs":["https:\/\/www.facebook.com\/NBCSnoticias","https:\/\/x.com\/NBCSnoticias"]},{"@type":"Person","@id":"https:\/\/nbcs.mx\/#\/schema\/person\/ece58bab9a7c1e87a4d28ec9ecd79ff4","name":"NBCS Noticias","image":{"@type":"ImageObject","inLanguage":"es","@id":"https:\/\/secure.gravatar.com\/avatar\/4e52110cad1c4054b43271a0d14bbe9e2ea76aecd0e1097edfc670798d9ca1d4?s=96&d=blank&r=g","url":"https:\/\/secure.gravatar.com\/avatar\/4e52110cad1c4054b43271a0d14bbe9e2ea76aecd0e1097edfc670798d9ca1d4?s=96&d=blank&r=g","contentUrl":"https:\/\/secure.gravatar.com\/avatar\/4e52110cad1c4054b43271a0d14bbe9e2ea76aecd0e1097edfc670798d9ca1d4?s=96&d=blank&r=g","caption":"NBCS Noticias"},"description":"\u00bfTienes fotos o video de alg\u00fan acto de posible negligencia, corrupci\u00f3n y abuso de autoridad? M\u00e1ndalo al WhatsApp de NBCS Noticias: 612 141 98 08","sameAs":["https:\/\/www.nbcs.mx","https:\/\/www.facebook.com\/NBCSnoticias","https:\/\/www.instagram.com\/nbcsnoticias\/","https:\/\/x.com\/https:\/\/twitter.com\/NBCSnoticias"]}]}},"jetpack_publicize_connections":[],"jetpack_featured_media_url":"https:\/\/nbcs.mx\/wp-content\/uploads\/2025\/02\/01-micropolis.jpg","jetpack_sharing_enabled":true,"_links":{"self":[{"href":"https:\/\/nbcs.mx\/index.php?rest_route=\/wp\/v2\/posts\/146277","targetHints":{"allow":["GET"]}}],"collection":[{"href":"https:\/\/nbcs.mx\/index.php?rest_route=\/wp\/v2\/posts"}],"about":[{"href":"https:\/\/nbcs.mx\/index.php?rest_route=\/wp\/v2\/types\/post"}],"author":[{"embeddable":true,"href":"https:\/\/nbcs.mx\/index.php?rest_route=\/wp\/v2\/users\/1"}],"replies":[{"embeddable":true,"href":"https:\/\/nbcs.mx\/index.php?rest_route=%2Fwp%2Fv2%2Fcomments&post=146277"}],"version-history":[{"count":1,"href":"https:\/\/nbcs.mx\/index.php?rest_route=\/wp\/v2\/posts\/146277\/revisions"}],"predecessor-version":[{"id":146279,"href":"https:\/\/nbcs.mx\/index.php?rest_route=\/wp\/v2\/posts\/146277\/revisions\/146279"}],"wp:featuredmedia":[{"embeddable":true,"href":"https:\/\/nbcs.mx\/index.php?rest_route=\/wp\/v2\/media\/146278"}],"wp:attachment":[{"href":"https:\/\/nbcs.mx\/index.php?rest_route=%2Fwp%2Fv2%2Fmedia&parent=146277"}],"wp:term":[{"taxonomy":"category","embeddable":true,"href":"https:\/\/nbcs.mx\/index.php?rest_route=%2Fwp%2Fv2%2Fcategories&post=146277"},{"taxonomy":"post_tag","embeddable":true,"href":"https:\/\/nbcs.mx\/index.php?rest_route=%2Fwp%2Fv2%2Ftags&post=146277"}],"curies":[{"name":"wp","href":"https:\/\/api.w.org\/{rel}","templated":true}]}}