{"id":146498,"date":"2025-02-14T12:38:36","date_gmt":"2025-02-14T19:38:36","guid":{"rendered":"https:\/\/nbcs.mx\/?p=146498"},"modified":"2025-02-14T12:38:36","modified_gmt":"2025-02-14T19:38:36","slug":"este-domingo-inician-los-tradicionales-desfiles-del-carnaval-la-paz-2025","status":"publish","type":"post","link":"https:\/\/nbcs.mx\/?p=146498","title":{"rendered":"Este domingo inician los tradicionales desfiles del Carnaval La Paz 2025"},"content":{"rendered":"<p style=\"font-weight: 400; text-align: justify;\"><img loading=\"lazy\" decoding=\"async\" class=\" wp-image-121698 alignleft\" src=\"https:\/\/nbcs.mx\/wp-content\/uploads\/2023\/02\/Todo-listo-para-el-inicio-del-Desfile-del-Carnaval-La-Paz-2023-741x492.jpg\" alt=\"\" width=\"346\" height=\"230\" srcset=\"https:\/\/nbcs.mx\/wp-content\/uploads\/2023\/02\/Todo-listo-para-el-inicio-del-Desfile-del-Carnaval-La-Paz-2023-741x492.jpg 741w, https:\/\/nbcs.mx\/wp-content\/uploads\/2023\/02\/Todo-listo-para-el-inicio-del-Desfile-del-Carnaval-La-Paz-2023-150x100.jpg 150w, https:\/\/nbcs.mx\/wp-content\/uploads\/2023\/02\/Todo-listo-para-el-inicio-del-Desfile-del-Carnaval-La-Paz-2023-768x510.jpg 768w, https:\/\/nbcs.mx\/wp-content\/uploads\/2023\/02\/Todo-listo-para-el-inicio-del-Desfile-del-Carnaval-La-Paz-2023.jpg 960w\" sizes=\"auto, (max-width: 346px) 100vw, 346px\" \/>El Gobierno Municipal de La Paz invita a disfrutar de los tradicionales desfiles de Carros Aleg\u00f3ricos y Comparsas del Carnaval La Paz 2025 \u201cEl Mundo Baila\u201d, que se llevar\u00e1n a cabo los d\u00edas domingo 16, lunes 17 y martes 18 de febrero, en el paseo del Malec\u00f3n a partir de las 17:00 horas, inform\u00f3 el Director Municipal de Cultura, Juan Lara Guzm\u00e1n.<\/p>\n<p style=\"font-weight: 400; text-align: justify;\">\n<p style=\"font-weight: 400; text-align: justify;\">El primer d\u00eda, el contingente partir\u00e1 de la calle Benito Ju\u00e1rez hacia la zona del Seguro Viejo, por lo tanto, el lunes 17, el desfile arrancar\u00e1 en la calle Rep\u00fablica. Mientras que el \u00faltimo d\u00eda de recorridos, el martes 18, iniciar\u00e1 en Benito Ju\u00e1rez.<\/p>\n<p style=\"font-weight: 400; text-align: justify;\">\n<p style=\"font-weight: 400; text-align: justify;\">Lara Guzm\u00e1n agreg\u00f3 que participar\u00e1n casi 50 contingentes conformados por carros aleg\u00f3ricos, comparsas en plataformas y comparsas a pie, mismas que se inscribieron en la convocatoria del concurso 2025 del Carnaval La Paz bajo el tema de \u201cEl Mundo Baila\u201d, por lo que se espera una gran creatividad art\u00edstica, musical y coreogr\u00e1fica de quienes desfilar\u00e1n por el Malec\u00f3n.<\/p>\n<p style=\"font-weight: 400; text-align: justify;\">\n<p style=\"font-weight: 400; text-align: justify;\">Finalmente, el Director de Cultura reiter\u00f3 la invitaci\u00f3n a toda la ciudadan\u00eda y turistas para que asistan al Carnaval La Paz, como una fiesta familiar, segura y ordenada #EsLaPaz.<\/p>\n","protected":false},"excerpt":{"rendered":"<p>El Gobierno Municipal de La Paz invita a disfrutar de los tradicionales desfiles de Carros Aleg\u00f3ricos y Comparsas del Carnaval<\/p>\n","protected":false},"author":1,"featured_media":121698,"comment_status":"open","ping_status":"closed","sticky":false,"template":"","format":"standard","meta":{"colormag_page_container_layout":"default_layout","colormag_page_sidebar_layout":"default_layout","_jetpack_memberships_contains_paid_content":false,"footnotes":"","jetpack_publicize_message":"","jetpack_publicize_feature_enabled":true,"jetpack_social_post_already_shared":true,"jetpack_social_options":{"image_generator_settings":{"template":"highway","default_image_id":0,"font":"","enabled":false},"version":2}},"categories":[40],"tags":[],"class_list":["post-146498","post","type-post","status-publish","format-standard","has-post-thumbnail","hentry","category-municipios"],"yoast_head":"<!-- This site is optimized with the Yoast SEO plugin v27.5 - https:\/\/yoast.com\/product\/yoast-seo-wordpress\/ -->\n<title>Este domingo inician los tradicionales desfiles del Carnaval La Paz 2025 - NBCS Noticias<\/title>\n<meta name=\"robots\" content=\"index, follow, max-snippet:-1, max-image-preview:large, max-video-preview:-1\" \/>\n<link rel=\"canonical\" href=\"https:\/\/nbcs.mx\/?p=146498\" \/>\n<meta property=\"og:locale\" content=\"es_ES\" \/>\n<meta property=\"og:type\" content=\"article\" \/>\n<meta property=\"og:title\" content=\"Este domingo inician los tradicionales desfiles del Carnaval La Paz 2025 - NBCS Noticias\" \/>\n<meta property=\"og:description\" content=\"El Gobierno Municipal de La Paz invita a disfrutar de los tradicionales desfiles de Carros Aleg\u00f3ricos y Comparsas del Carnaval\" \/>\n<meta property=\"og:url\" content=\"https:\/\/nbcs.mx\/?p=146498\" \/>\n<meta property=\"og:site_name\" content=\"NBCS Noticias\" \/>\n<meta property=\"article:publisher\" content=\"https:\/\/www.facebook.com\/NBCSnoticias\" \/>\n<meta property=\"article:author\" content=\"https:\/\/www.facebook.com\/NBCSnoticias\" \/>\n<meta property=\"article:published_time\" content=\"2025-02-14T19:38:36+00:00\" \/>\n<meta property=\"og:image\" content=\"https:\/\/nbcs.mx\/wp-content\/uploads\/2023\/02\/Todo-listo-para-el-inicio-del-Desfile-del-Carnaval-La-Paz-2023.jpg\" \/>\n\t<meta property=\"og:image:width\" content=\"960\" \/>\n\t<meta property=\"og:image:height\" content=\"637\" \/>\n\t<meta property=\"og:image:type\" content=\"image\/jpeg\" \/>\n<meta name=\"author\" content=\"NBCS Noticias\" \/>\n<meta name=\"twitter:card\" content=\"summary_large_image\" \/>\n<meta name=\"twitter:creator\" content=\"@https:\/\/twitter.com\/NBCSnoticias\" \/>\n<meta name=\"twitter:site\" content=\"@NBCSnoticias\" \/>\n<meta name=\"twitter:label1\" content=\"Escrito por\" \/>\n\t<meta name=\"twitter:data1\" content=\"NBCS Noticias\" \/>\n\t<meta name=\"twitter:label2\" content=\"Tiempo de lectura\" \/>\n\t<meta name=\"twitter:data2\" content=\"2 minutos\" \/>\n<script type=\"application\/ld+json\" class=\"yoast-schema-graph\">{\"@context\":\"https:\\\/\\\/schema.org\",\"@graph\":[{\"@type\":\"Article\",\"@id\":\"https:\\\/\\\/nbcs.mx\\\/?p=146498#article\",\"isPartOf\":{\"@id\":\"https:\\\/\\\/nbcs.mx\\\/?p=146498\"},\"author\":{\"name\":\"NBCS Noticias\",\"@id\":\"https:\\\/\\\/nbcs.mx\\\/#\\\/schema\\\/person\\\/ece58bab9a7c1e87a4d28ec9ecd79ff4\"},\"headline\":\"Este domingo inician los tradicionales desfiles del Carnaval La Paz 2025\",\"datePublished\":\"2025-02-14T19:38:36+00:00\",\"mainEntityOfPage\":{\"@id\":\"https:\\\/\\\/nbcs.mx\\\/?p=146498\"},\"wordCount\":213,\"commentCount\":0,\"publisher\":{\"@id\":\"https:\\\/\\\/nbcs.mx\\\/#organization\"},\"image\":{\"@id\":\"https:\\\/\\\/nbcs.mx\\\/?p=146498#primaryimage\"},\"thumbnailUrl\":\"https:\\\/\\\/nbcs.mx\\\/wp-content\\\/uploads\\\/2023\\\/02\\\/Todo-listo-para-el-inicio-del-Desfile-del-Carnaval-La-Paz-2023.jpg\",\"articleSection\":[\"Municipios\"],\"inLanguage\":\"es\",\"potentialAction\":[{\"@type\":\"CommentAction\",\"name\":\"Comment\",\"target\":[\"https:\\\/\\\/nbcs.mx\\\/?p=146498#respond\"]}]},{\"@type\":\"WebPage\",\"@id\":\"https:\\\/\\\/nbcs.mx\\\/?p=146498\",\"url\":\"https:\\\/\\\/nbcs.mx\\\/?p=146498\",\"name\":\"Este domingo inician los tradicionales desfiles del Carnaval La Paz 2025 - NBCS Noticias\",\"isPartOf\":{\"@id\":\"https:\\\/\\\/nbcs.mx\\\/#website\"},\"primaryImageOfPage\":{\"@id\":\"https:\\\/\\\/nbcs.mx\\\/?p=146498#primaryimage\"},\"image\":{\"@id\":\"https:\\\/\\\/nbcs.mx\\\/?p=146498#primaryimage\"},\"thumbnailUrl\":\"https:\\\/\\\/nbcs.mx\\\/wp-content\\\/uploads\\\/2023\\\/02\\\/Todo-listo-para-el-inicio-del-Desfile-del-Carnaval-La-Paz-2023.jpg\",\"datePublished\":\"2025-02-14T19:38:36+00:00\",\"breadcrumb\":{\"@id\":\"https:\\\/\\\/nbcs.mx\\\/?p=146498#breadcrumb\"},\"inLanguage\":\"es\",\"potentialAction\":[{\"@type\":\"ReadAction\",\"target\":[\"https:\\\/\\\/nbcs.mx\\\/?p=146498\"]}]},{\"@type\":\"ImageObject\",\"inLanguage\":\"es\",\"@id\":\"https:\\\/\\\/nbcs.mx\\\/?p=146498#primaryimage\",\"url\":\"https:\\\/\\\/nbcs.mx\\\/wp-content\\\/uploads\\\/2023\\\/02\\\/Todo-listo-para-el-inicio-del-Desfile-del-Carnaval-La-Paz-2023.jpg\",\"contentUrl\":\"https:\\\/\\\/nbcs.mx\\\/wp-content\\\/uploads\\\/2023\\\/02\\\/Todo-listo-para-el-inicio-del-Desfile-del-Carnaval-La-Paz-2023.jpg\",\"width\":960,\"height\":637},{\"@type\":\"BreadcrumbList\",\"@id\":\"https:\\\/\\\/nbcs.mx\\\/?p=146498#breadcrumb\",\"itemListElement\":[{\"@type\":\"ListItem\",\"position\":1,\"name\":\"Portada\",\"item\":\"https:\\\/\\\/nbcs.mx\\\/\"},{\"@type\":\"ListItem\",\"position\":2,\"name\":\"Este domingo inician los tradicionales desfiles del Carnaval La Paz 2025\"}]},{\"@type\":\"WebSite\",\"@id\":\"https:\\\/\\\/nbcs.mx\\\/#website\",\"url\":\"https:\\\/\\\/nbcs.mx\\\/\",\"name\":\"NBCS Noticias\",\"description\":\"Sitio web de noticias en Baja California Sur\",\"publisher\":{\"@id\":\"https:\\\/\\\/nbcs.mx\\\/#organization\"},\"potentialAction\":[{\"@type\":\"SearchAction\",\"target\":{\"@type\":\"EntryPoint\",\"urlTemplate\":\"https:\\\/\\\/nbcs.mx\\\/?s={search_term_string}\"},\"query-input\":{\"@type\":\"PropertyValueSpecification\",\"valueRequired\":true,\"valueName\":\"search_term_string\"}}],\"inLanguage\":\"es\"},{\"@type\":\"Organization\",\"@id\":\"https:\\\/\\\/nbcs.mx\\\/#organization\",\"name\":\"NBCS Noticias\",\"url\":\"https:\\\/\\\/nbcs.mx\\\/\",\"logo\":{\"@type\":\"ImageObject\",\"inLanguage\":\"es\",\"@id\":\"https:\\\/\\\/nbcs.mx\\\/#\\\/schema\\\/logo\\\/image\\\/\",\"url\":\"https:\\\/\\\/nbcs.mx\\\/wp-content\\\/uploads\\\/2018\\\/09\\\/057b69485e93575a5c2b1c1dde2dd297.jpeg\",\"contentUrl\":\"https:\\\/\\\/nbcs.mx\\\/wp-content\\\/uploads\\\/2018\\\/09\\\/057b69485e93575a5c2b1c1dde2dd297.jpeg\",\"width\":64,\"height\":64,\"caption\":\"NBCS Noticias\"},\"image\":{\"@id\":\"https:\\\/\\\/nbcs.mx\\\/#\\\/schema\\\/logo\\\/image\\\/\"},\"sameAs\":[\"https:\\\/\\\/www.facebook.com\\\/NBCSnoticias\",\"https:\\\/\\\/x.com\\\/NBCSnoticias\"]},{\"@type\":\"Person\",\"@id\":\"https:\\\/\\\/nbcs.mx\\\/#\\\/schema\\\/person\\\/ece58bab9a7c1e87a4d28ec9ecd79ff4\",\"name\":\"NBCS Noticias\",\"image\":{\"@type\":\"ImageObject\",\"inLanguage\":\"es\",\"@id\":\"https:\\\/\\\/secure.gravatar.com\\\/avatar\\\/4e52110cad1c4054b43271a0d14bbe9e2ea76aecd0e1097edfc670798d9ca1d4?s=96&d=blank&r=g\",\"url\":\"https:\\\/\\\/secure.gravatar.com\\\/avatar\\\/4e52110cad1c4054b43271a0d14bbe9e2ea76aecd0e1097edfc670798d9ca1d4?s=96&d=blank&r=g\",\"contentUrl\":\"https:\\\/\\\/secure.gravatar.com\\\/avatar\\\/4e52110cad1c4054b43271a0d14bbe9e2ea76aecd0e1097edfc670798d9ca1d4?s=96&d=blank&r=g\",\"caption\":\"NBCS Noticias\"},\"description\":\"\u00bfTienes fotos o video de alg\u00fan acto de posible negligencia, corrupci\u00f3n y abuso de autoridad? M\u00e1ndalo al WhatsApp de NBCS Noticias: 612 141 98 08\",\"sameAs\":[\"https:\\\/\\\/www.nbcs.mx\",\"https:\\\/\\\/www.facebook.com\\\/NBCSnoticias\",\"https:\\\/\\\/www.instagram.com\\\/nbcsnoticias\\\/\",\"https:\\\/\\\/x.com\\\/https:\\\/\\\/twitter.com\\\/NBCSnoticias\"]}]}<\/script>\n<!-- \/ Yoast SEO plugin. -->","yoast_head_json":{"title":"Este domingo inician los tradicionales desfiles del Carnaval La Paz 2025 - NBCS Noticias","robots":{"index":"index","follow":"follow","max-snippet":"max-snippet:-1","max-image-preview":"max-image-preview:large","max-video-preview":"max-video-preview:-1"},"canonical":"https:\/\/nbcs.mx\/?p=146498","og_locale":"es_ES","og_type":"article","og_title":"Este domingo inician los tradicionales desfiles del Carnaval La Paz 2025 - NBCS Noticias","og_description":"El Gobierno Municipal de La Paz invita a disfrutar de los tradicionales desfiles de Carros Aleg\u00f3ricos y Comparsas del Carnaval","og_url":"https:\/\/nbcs.mx\/?p=146498","og_site_name":"NBCS Noticias","article_publisher":"https:\/\/www.facebook.com\/NBCSnoticias","article_author":"https:\/\/www.facebook.com\/NBCSnoticias","article_published_time":"2025-02-14T19:38:36+00:00","og_image":[{"width":960,"height":637,"url":"https:\/\/nbcs.mx\/wp-content\/uploads\/2023\/02\/Todo-listo-para-el-inicio-del-Desfile-del-Carnaval-La-Paz-2023.jpg","type":"image\/jpeg"}],"author":"NBCS Noticias","twitter_card":"summary_large_image","twitter_creator":"@https:\/\/twitter.com\/NBCSnoticias","twitter_site":"@NBCSnoticias","twitter_misc":{"Escrito por":"NBCS Noticias","Tiempo de lectura":"2 minutos"},"schema":{"@context":"https:\/\/schema.org","@graph":[{"@type":"Article","@id":"https:\/\/nbcs.mx\/?p=146498#article","isPartOf":{"@id":"https:\/\/nbcs.mx\/?p=146498"},"author":{"name":"NBCS Noticias","@id":"https:\/\/nbcs.mx\/#\/schema\/person\/ece58bab9a7c1e87a4d28ec9ecd79ff4"},"headline":"Este domingo inician los tradicionales desfiles del Carnaval La Paz 2025","datePublished":"2025-02-14T19:38:36+00:00","mainEntityOfPage":{"@id":"https:\/\/nbcs.mx\/?p=146498"},"wordCount":213,"commentCount":0,"publisher":{"@id":"https:\/\/nbcs.mx\/#organization"},"image":{"@id":"https:\/\/nbcs.mx\/?p=146498#primaryimage"},"thumbnailUrl":"https:\/\/nbcs.mx\/wp-content\/uploads\/2023\/02\/Todo-listo-para-el-inicio-del-Desfile-del-Carnaval-La-Paz-2023.jpg","articleSection":["Municipios"],"inLanguage":"es","potentialAction":[{"@type":"CommentAction","name":"Comment","target":["https:\/\/nbcs.mx\/?p=146498#respond"]}]},{"@type":"WebPage","@id":"https:\/\/nbcs.mx\/?p=146498","url":"https:\/\/nbcs.mx\/?p=146498","name":"Este domingo inician los tradicionales desfiles del Carnaval La Paz 2025 - NBCS Noticias","isPartOf":{"@id":"https:\/\/nbcs.mx\/#website"},"primaryImageOfPage":{"@id":"https:\/\/nbcs.mx\/?p=146498#primaryimage"},"image":{"@id":"https:\/\/nbcs.mx\/?p=146498#primaryimage"},"thumbnailUrl":"https:\/\/nbcs.mx\/wp-content\/uploads\/2023\/02\/Todo-listo-para-el-inicio-del-Desfile-del-Carnaval-La-Paz-2023.jpg","datePublished":"2025-02-14T19:38:36+00:00","breadcrumb":{"@id":"https:\/\/nbcs.mx\/?p=146498#breadcrumb"},"inLanguage":"es","potentialAction":[{"@type":"ReadAction","target":["https:\/\/nbcs.mx\/?p=146498"]}]},{"@type":"ImageObject","inLanguage":"es","@id":"https:\/\/nbcs.mx\/?p=146498#primaryimage","url":"https:\/\/nbcs.mx\/wp-content\/uploads\/2023\/02\/Todo-listo-para-el-inicio-del-Desfile-del-Carnaval-La-Paz-2023.jpg","contentUrl":"https:\/\/nbcs.mx\/wp-content\/uploads\/2023\/02\/Todo-listo-para-el-inicio-del-Desfile-del-Carnaval-La-Paz-2023.jpg","width":960,"height":637},{"@type":"BreadcrumbList","@id":"https:\/\/nbcs.mx\/?p=146498#breadcrumb","itemListElement":[{"@type":"ListItem","position":1,"name":"Portada","item":"https:\/\/nbcs.mx\/"},{"@type":"ListItem","position":2,"name":"Este domingo inician los tradicionales desfiles del Carnaval La Paz 2025"}]},{"@type":"WebSite","@id":"https:\/\/nbcs.mx\/#website","url":"https:\/\/nbcs.mx\/","name":"NBCS Noticias","description":"Sitio web de noticias en Baja California Sur","publisher":{"@id":"https:\/\/nbcs.mx\/#organization"},"potentialAction":[{"@type":"SearchAction","target":{"@type":"EntryPoint","urlTemplate":"https:\/\/nbcs.mx\/?s={search_term_string}"},"query-input":{"@type":"PropertyValueSpecification","valueRequired":true,"valueName":"search_term_string"}}],"inLanguage":"es"},{"@type":"Organization","@id":"https:\/\/nbcs.mx\/#organization","name":"NBCS Noticias","url":"https:\/\/nbcs.mx\/","logo":{"@type":"ImageObject","inLanguage":"es","@id":"https:\/\/nbcs.mx\/#\/schema\/logo\/image\/","url":"https:\/\/nbcs.mx\/wp-content\/uploads\/2018\/09\/057b69485e93575a5c2b1c1dde2dd297.jpeg","contentUrl":"https:\/\/nbcs.mx\/wp-content\/uploads\/2018\/09\/057b69485e93575a5c2b1c1dde2dd297.jpeg","width":64,"height":64,"caption":"NBCS Noticias"},"image":{"@id":"https:\/\/nbcs.mx\/#\/schema\/logo\/image\/"},"sameAs":["https:\/\/www.facebook.com\/NBCSnoticias","https:\/\/x.com\/NBCSnoticias"]},{"@type":"Person","@id":"https:\/\/nbcs.mx\/#\/schema\/person\/ece58bab9a7c1e87a4d28ec9ecd79ff4","name":"NBCS Noticias","image":{"@type":"ImageObject","inLanguage":"es","@id":"https:\/\/secure.gravatar.com\/avatar\/4e52110cad1c4054b43271a0d14bbe9e2ea76aecd0e1097edfc670798d9ca1d4?s=96&d=blank&r=g","url":"https:\/\/secure.gravatar.com\/avatar\/4e52110cad1c4054b43271a0d14bbe9e2ea76aecd0e1097edfc670798d9ca1d4?s=96&d=blank&r=g","contentUrl":"https:\/\/secure.gravatar.com\/avatar\/4e52110cad1c4054b43271a0d14bbe9e2ea76aecd0e1097edfc670798d9ca1d4?s=96&d=blank&r=g","caption":"NBCS Noticias"},"description":"\u00bfTienes fotos o video de alg\u00fan acto de posible negligencia, corrupci\u00f3n y abuso de autoridad? M\u00e1ndalo al WhatsApp de NBCS Noticias: 612 141 98 08","sameAs":["https:\/\/www.nbcs.mx","https:\/\/www.facebook.com\/NBCSnoticias","https:\/\/www.instagram.com\/nbcsnoticias\/","https:\/\/x.com\/https:\/\/twitter.com\/NBCSnoticias"]}]}},"jetpack_publicize_connections":[],"jetpack_featured_media_url":"https:\/\/nbcs.mx\/wp-content\/uploads\/2023\/02\/Todo-listo-para-el-inicio-del-Desfile-del-Carnaval-La-Paz-2023.jpg","jetpack_sharing_enabled":true,"_links":{"self":[{"href":"https:\/\/nbcs.mx\/index.php?rest_route=\/wp\/v2\/posts\/146498","targetHints":{"allow":["GET"]}}],"collection":[{"href":"https:\/\/nbcs.mx\/index.php?rest_route=\/wp\/v2\/posts"}],"about":[{"href":"https:\/\/nbcs.mx\/index.php?rest_route=\/wp\/v2\/types\/post"}],"author":[{"embeddable":true,"href":"https:\/\/nbcs.mx\/index.php?rest_route=\/wp\/v2\/users\/1"}],"replies":[{"embeddable":true,"href":"https:\/\/nbcs.mx\/index.php?rest_route=%2Fwp%2Fv2%2Fcomments&post=146498"}],"version-history":[{"count":1,"href":"https:\/\/nbcs.mx\/index.php?rest_route=\/wp\/v2\/posts\/146498\/revisions"}],"predecessor-version":[{"id":146499,"href":"https:\/\/nbcs.mx\/index.php?rest_route=\/wp\/v2\/posts\/146498\/revisions\/146499"}],"wp:featuredmedia":[{"embeddable":true,"href":"https:\/\/nbcs.mx\/index.php?rest_route=\/wp\/v2\/media\/121698"}],"wp:attachment":[{"href":"https:\/\/nbcs.mx\/index.php?rest_route=%2Fwp%2Fv2%2Fmedia&parent=146498"}],"wp:term":[{"taxonomy":"category","embeddable":true,"href":"https:\/\/nbcs.mx\/index.php?rest_route=%2Fwp%2Fv2%2Fcategories&post=146498"},{"taxonomy":"post_tag","embeddable":true,"href":"https:\/\/nbcs.mx\/index.php?rest_route=%2Fwp%2Fv2%2Ftags&post=146498"}],"curies":[{"name":"wp","href":"https:\/\/api.w.org\/{rel}","templated":true}]}}