{"id":147583,"date":"2025-03-13T07:28:42","date_gmt":"2025-03-13T14:28:42","guid":{"rendered":"https:\/\/nbcs.mx\/?p=147583"},"modified":"2025-03-13T07:28:42","modified_gmt":"2025-03-13T14:28:42","slug":"anuncia-milena-quiroga-la-construccion-del-mercado-rural-de-las-pocitas","status":"publish","type":"post","link":"https:\/\/nbcs.mx\/?p=147583","title":{"rendered":"Anuncia Milena Quiroga la construcci\u00f3n del Mercado Rural de Las Pocitas"},"content":{"rendered":"<p style=\"font-weight: 400; text-align: justify;\"><img loading=\"lazy\" decoding=\"async\" class=\" wp-image-147584 alignleft\" src=\"https:\/\/nbcs.mx\/wp-content\/uploads\/2025\/03\/Foto-Boletin-298-2-738x492.jpeg\" alt=\"\" width=\"390\" height=\"260\" srcset=\"https:\/\/nbcs.mx\/wp-content\/uploads\/2025\/03\/Foto-Boletin-298-2-738x492.jpeg 738w, https:\/\/nbcs.mx\/wp-content\/uploads\/2025\/03\/Foto-Boletin-298-2-1024x683.jpeg 1024w, https:\/\/nbcs.mx\/wp-content\/uploads\/2025\/03\/Foto-Boletin-298-2-150x100.jpeg 150w, https:\/\/nbcs.mx\/wp-content\/uploads\/2025\/03\/Foto-Boletin-298-2-768x512.jpeg 768w, https:\/\/nbcs.mx\/wp-content\/uploads\/2025\/03\/Foto-Boletin-298-2-1536x1024.jpeg 1536w, https:\/\/nbcs.mx\/wp-content\/uploads\/2025\/03\/Foto-Boletin-298-2.jpeg 1600w\" sizes=\"auto, (max-width: 390px) 100vw, 390px\" \/>Para fortalecer la actividad econ\u00f3mica en las comunidades rurales del norte del Municipio, la Alcaldesa de La Paz, Milena Quiroga Romero, anunci\u00f3 que este a\u00f1o iniciar\u00e1 la construcci\u00f3n de un Mercado Rural en Las Pocitas, proyecto que contribuir\u00e1 al desarrollo de la regi\u00f3n.<\/p>\n<p style=\"font-weight: 400; text-align: justify;\">\n<p style=\"font-weight: 400; text-align: justify;\">As\u00ed lo dio a conocer durante el arranque del Programa de Rehabilitaci\u00f3n de Caminos, encabezado por la SEDENA en coordinaci\u00f3n con el Gobierno del Estado y el Ayuntamiento de La Paz. Al concluir el evento, autoridades y habitantes recorrieron la zona para determinar el sitio m\u00e1s adecuado para la construcci\u00f3n del mercado.<\/p>\n<p style=\"font-weight: 400; text-align: justify;\">\n<p style=\"font-weight: 400; text-align: justify;\">\u201cHemos visto que se han dado varios cursos y capacitaciones para aprender a hacer manualidades y productos regionales. Hay como tres, cuatro comunidades de la zona en donde se han impartido talleres constantemente, pero no hay un espacio en donde puedan promocionar y vender sus productos. Por lo tanto, ya etiquetamos un recurso para hacer el Mercado Rural aqu\u00ed, en el acceso a Las Pocitas\u201d, se\u00f1al\u00f3 la Alcaldesa.<\/p>\n<p style=\"font-weight: 400; text-align: justify;\">\n<p style=\"font-weight: 400; text-align: justify;\">En este sentido, Milena Quiroga destac\u00f3 que cada a\u00f1o aumenta el n\u00famero de turistas que visitan Puerto Chale para el avistamiento de ballenas, generando un tr\u00e1nsito constante por la carretera que pasa junto a Las Pocitas. El objetivo es que estos visitantes aprovechen su recorrido para conocer el mercado y adquirir productos locales, fomentando as\u00ed el crecimiento de la regi\u00f3n.<\/p>\n<p style=\"font-weight: 400; text-align: justify;\">\n<p style=\"font-weight: 400; text-align: justify;\">En cuanto a otros compromisos asumidos en su \u00faltima visita a Los Dolores, la Edil inform\u00f3 que ya se aprob\u00f3 dentro del presupuesto la exploraci\u00f3n de un nuevo pozo de agua en San Hilario, con el prop\u00f3sito de incrementar el suministro para Las Pocitas. Las labores comenzar\u00e1n en uno o dos meses, con el objetivo de que el pozo est\u00e9 en operaci\u00f3n antes del verano y la temporada de sequ\u00eda.<\/p>\n<p style=\"font-weight: 400; text-align: justify;\">\n<p style=\"font-weight: 400; text-align: justify;\">Asimismo, se identificaron tres talcales en el tramo de Las Pocitas a La Soledad, por lo que se trabajar\u00e1 en coordinaci\u00f3n con la Junta Estatal de Caminos para distribuir las tareas y concluirlas este a\u00f1o. Respecto al relleno sanitario de la zona, se anunci\u00f3 que ser\u00e1 cercado y se instalar\u00e1 un guardaganado para mejorar su funcionamiento.<\/p>\n<p style=\"font-weight: 400; text-align: justify;\">\n<p style=\"font-weight: 400; text-align: justify;\">Durante el encuentro en el que estuvieron presentes el Secretario General de Gobierno, Sa\u00fal Gonz\u00e1lez; el Comandante de la Tercera Zona Militar, Gral. Tom\u00e1s Amador Ram\u00edrez; y el Delegado de Los Dolores, Miguel Murillo. La Alcaldesa mencion\u00f3 que \u201ccon estas acciones reiteramos que el desarrollo econ\u00f3mico y social de las comunidades rurales tambi\u00e9n #EsLaPaz\u201d.<\/p>\n","protected":false},"excerpt":{"rendered":"<p>Para fortalecer la actividad econ\u00f3mica en las comunidades rurales del norte del Municipio, la Alcaldesa de La Paz, Milena Quiroga<\/p>\n","protected":false},"author":1,"featured_media":147584,"comment_status":"open","ping_status":"closed","sticky":false,"template":"","format":"standard","meta":{"colormag_page_container_layout":"default_layout","colormag_page_sidebar_layout":"default_layout","_jetpack_memberships_contains_paid_content":false,"footnotes":"","jetpack_publicize_message":"","jetpack_publicize_feature_enabled":true,"jetpack_social_post_already_shared":true,"jetpack_social_options":{"image_generator_settings":{"template":"highway","default_image_id":0,"font":"","enabled":false},"version":2}},"categories":[40],"tags":[],"class_list":["post-147583","post","type-post","status-publish","format-standard","has-post-thumbnail","hentry","category-municipios"],"yoast_head":"<!-- This site is optimized with the Yoast SEO plugin v27.4 - https:\/\/yoast.com\/product\/yoast-seo-wordpress\/ -->\n<title>Anuncia Milena Quiroga la construcci\u00f3n del Mercado Rural de Las Pocitas - NBCS Noticias<\/title>\n<meta name=\"robots\" content=\"index, follow, max-snippet:-1, max-image-preview:large, max-video-preview:-1\" \/>\n<link rel=\"canonical\" href=\"https:\/\/nbcs.mx\/?p=147583\" \/>\n<meta property=\"og:locale\" content=\"es_ES\" \/>\n<meta property=\"og:type\" content=\"article\" \/>\n<meta property=\"og:title\" content=\"Anuncia Milena Quiroga la construcci\u00f3n del Mercado Rural de Las Pocitas - NBCS Noticias\" \/>\n<meta property=\"og:description\" content=\"Para fortalecer la actividad econ\u00f3mica en las comunidades rurales del norte del Municipio, la Alcaldesa de La Paz, Milena Quiroga\" \/>\n<meta property=\"og:url\" content=\"https:\/\/nbcs.mx\/?p=147583\" \/>\n<meta property=\"og:site_name\" content=\"NBCS Noticias\" \/>\n<meta property=\"article:publisher\" content=\"https:\/\/www.facebook.com\/NBCSnoticias\" \/>\n<meta property=\"article:author\" content=\"https:\/\/www.facebook.com\/NBCSnoticias\" \/>\n<meta property=\"article:published_time\" content=\"2025-03-13T14:28:42+00:00\" \/>\n<meta property=\"og:image\" content=\"https:\/\/nbcs.mx\/wp-content\/uploads\/2025\/03\/Foto-Boletin-298-2.jpeg\" \/>\n\t<meta property=\"og:image:width\" content=\"1600\" \/>\n\t<meta property=\"og:image:height\" content=\"1067\" \/>\n\t<meta property=\"og:image:type\" content=\"image\/jpeg\" \/>\n<meta name=\"author\" content=\"NBCS Noticias\" \/>\n<meta name=\"twitter:card\" content=\"summary_large_image\" \/>\n<meta name=\"twitter:creator\" content=\"@https:\/\/twitter.com\/NBCSnoticias\" \/>\n<meta name=\"twitter:site\" content=\"@NBCSnoticias\" \/>\n<meta name=\"twitter:label1\" content=\"Escrito por\" \/>\n\t<meta name=\"twitter:data1\" content=\"NBCS Noticias\" \/>\n\t<meta name=\"twitter:label2\" content=\"Tiempo de lectura\" \/>\n\t<meta name=\"twitter:data2\" content=\"3 minutos\" \/>\n<script type=\"application\/ld+json\" class=\"yoast-schema-graph\">{\"@context\":\"https:\\\/\\\/schema.org\",\"@graph\":[{\"@type\":\"Article\",\"@id\":\"https:\\\/\\\/nbcs.mx\\\/?p=147583#article\",\"isPartOf\":{\"@id\":\"https:\\\/\\\/nbcs.mx\\\/?p=147583\"},\"author\":{\"name\":\"NBCS Noticias\",\"@id\":\"https:\\\/\\\/nbcs.mx\\\/#\\\/schema\\\/person\\\/ece58bab9a7c1e87a4d28ec9ecd79ff4\"},\"headline\":\"Anuncia Milena Quiroga la construcci\u00f3n del Mercado Rural de Las Pocitas\",\"datePublished\":\"2025-03-13T14:28:42+00:00\",\"mainEntityOfPage\":{\"@id\":\"https:\\\/\\\/nbcs.mx\\\/?p=147583\"},\"wordCount\":441,\"commentCount\":0,\"publisher\":{\"@id\":\"https:\\\/\\\/nbcs.mx\\\/#organization\"},\"image\":{\"@id\":\"https:\\\/\\\/nbcs.mx\\\/?p=147583#primaryimage\"},\"thumbnailUrl\":\"https:\\\/\\\/nbcs.mx\\\/wp-content\\\/uploads\\\/2025\\\/03\\\/Foto-Boletin-298-2.jpeg\",\"articleSection\":[\"Municipios\"],\"inLanguage\":\"es\",\"potentialAction\":[{\"@type\":\"CommentAction\",\"name\":\"Comment\",\"target\":[\"https:\\\/\\\/nbcs.mx\\\/?p=147583#respond\"]}]},{\"@type\":\"WebPage\",\"@id\":\"https:\\\/\\\/nbcs.mx\\\/?p=147583\",\"url\":\"https:\\\/\\\/nbcs.mx\\\/?p=147583\",\"name\":\"Anuncia Milena Quiroga la construcci\u00f3n del Mercado Rural de Las Pocitas - NBCS Noticias\",\"isPartOf\":{\"@id\":\"https:\\\/\\\/nbcs.mx\\\/#website\"},\"primaryImageOfPage\":{\"@id\":\"https:\\\/\\\/nbcs.mx\\\/?p=147583#primaryimage\"},\"image\":{\"@id\":\"https:\\\/\\\/nbcs.mx\\\/?p=147583#primaryimage\"},\"thumbnailUrl\":\"https:\\\/\\\/nbcs.mx\\\/wp-content\\\/uploads\\\/2025\\\/03\\\/Foto-Boletin-298-2.jpeg\",\"datePublished\":\"2025-03-13T14:28:42+00:00\",\"breadcrumb\":{\"@id\":\"https:\\\/\\\/nbcs.mx\\\/?p=147583#breadcrumb\"},\"inLanguage\":\"es\",\"potentialAction\":[{\"@type\":\"ReadAction\",\"target\":[\"https:\\\/\\\/nbcs.mx\\\/?p=147583\"]}]},{\"@type\":\"ImageObject\",\"inLanguage\":\"es\",\"@id\":\"https:\\\/\\\/nbcs.mx\\\/?p=147583#primaryimage\",\"url\":\"https:\\\/\\\/nbcs.mx\\\/wp-content\\\/uploads\\\/2025\\\/03\\\/Foto-Boletin-298-2.jpeg\",\"contentUrl\":\"https:\\\/\\\/nbcs.mx\\\/wp-content\\\/uploads\\\/2025\\\/03\\\/Foto-Boletin-298-2.jpeg\",\"width\":1600,\"height\":1067},{\"@type\":\"BreadcrumbList\",\"@id\":\"https:\\\/\\\/nbcs.mx\\\/?p=147583#breadcrumb\",\"itemListElement\":[{\"@type\":\"ListItem\",\"position\":1,\"name\":\"Portada\",\"item\":\"https:\\\/\\\/nbcs.mx\\\/\"},{\"@type\":\"ListItem\",\"position\":2,\"name\":\"Anuncia Milena Quiroga la construcci\u00f3n del Mercado Rural de Las Pocitas\"}]},{\"@type\":\"WebSite\",\"@id\":\"https:\\\/\\\/nbcs.mx\\\/#website\",\"url\":\"https:\\\/\\\/nbcs.mx\\\/\",\"name\":\"NBCS Noticias\",\"description\":\"Sitio web de noticias en Baja California Sur\",\"publisher\":{\"@id\":\"https:\\\/\\\/nbcs.mx\\\/#organization\"},\"potentialAction\":[{\"@type\":\"SearchAction\",\"target\":{\"@type\":\"EntryPoint\",\"urlTemplate\":\"https:\\\/\\\/nbcs.mx\\\/?s={search_term_string}\"},\"query-input\":{\"@type\":\"PropertyValueSpecification\",\"valueRequired\":true,\"valueName\":\"search_term_string\"}}],\"inLanguage\":\"es\"},{\"@type\":\"Organization\",\"@id\":\"https:\\\/\\\/nbcs.mx\\\/#organization\",\"name\":\"NBCS Noticias\",\"url\":\"https:\\\/\\\/nbcs.mx\\\/\",\"logo\":{\"@type\":\"ImageObject\",\"inLanguage\":\"es\",\"@id\":\"https:\\\/\\\/nbcs.mx\\\/#\\\/schema\\\/logo\\\/image\\\/\",\"url\":\"https:\\\/\\\/nbcs.mx\\\/wp-content\\\/uploads\\\/2018\\\/09\\\/057b69485e93575a5c2b1c1dde2dd297.jpeg\",\"contentUrl\":\"https:\\\/\\\/nbcs.mx\\\/wp-content\\\/uploads\\\/2018\\\/09\\\/057b69485e93575a5c2b1c1dde2dd297.jpeg\",\"width\":64,\"height\":64,\"caption\":\"NBCS Noticias\"},\"image\":{\"@id\":\"https:\\\/\\\/nbcs.mx\\\/#\\\/schema\\\/logo\\\/image\\\/\"},\"sameAs\":[\"https:\\\/\\\/www.facebook.com\\\/NBCSnoticias\",\"https:\\\/\\\/x.com\\\/NBCSnoticias\"]},{\"@type\":\"Person\",\"@id\":\"https:\\\/\\\/nbcs.mx\\\/#\\\/schema\\\/person\\\/ece58bab9a7c1e87a4d28ec9ecd79ff4\",\"name\":\"NBCS Noticias\",\"image\":{\"@type\":\"ImageObject\",\"inLanguage\":\"es\",\"@id\":\"https:\\\/\\\/secure.gravatar.com\\\/avatar\\\/4e52110cad1c4054b43271a0d14bbe9e2ea76aecd0e1097edfc670798d9ca1d4?s=96&d=blank&r=g\",\"url\":\"https:\\\/\\\/secure.gravatar.com\\\/avatar\\\/4e52110cad1c4054b43271a0d14bbe9e2ea76aecd0e1097edfc670798d9ca1d4?s=96&d=blank&r=g\",\"contentUrl\":\"https:\\\/\\\/secure.gravatar.com\\\/avatar\\\/4e52110cad1c4054b43271a0d14bbe9e2ea76aecd0e1097edfc670798d9ca1d4?s=96&d=blank&r=g\",\"caption\":\"NBCS Noticias\"},\"description\":\"\u00bfTienes fotos o video de alg\u00fan acto de posible negligencia, corrupci\u00f3n y abuso de autoridad? M\u00e1ndalo al WhatsApp de NBCS Noticias: 612 141 98 08\",\"sameAs\":[\"https:\\\/\\\/www.nbcs.mx\",\"https:\\\/\\\/www.facebook.com\\\/NBCSnoticias\",\"https:\\\/\\\/www.instagram.com\\\/nbcsnoticias\\\/\",\"https:\\\/\\\/x.com\\\/https:\\\/\\\/twitter.com\\\/NBCSnoticias\"]}]}<\/script>\n<!-- \/ Yoast SEO plugin. -->","yoast_head_json":{"title":"Anuncia Milena Quiroga la construcci\u00f3n del Mercado Rural de Las Pocitas - NBCS Noticias","robots":{"index":"index","follow":"follow","max-snippet":"max-snippet:-1","max-image-preview":"max-image-preview:large","max-video-preview":"max-video-preview:-1"},"canonical":"https:\/\/nbcs.mx\/?p=147583","og_locale":"es_ES","og_type":"article","og_title":"Anuncia Milena Quiroga la construcci\u00f3n del Mercado Rural de Las Pocitas - NBCS Noticias","og_description":"Para fortalecer la actividad econ\u00f3mica en las comunidades rurales del norte del Municipio, la Alcaldesa de La Paz, Milena Quiroga","og_url":"https:\/\/nbcs.mx\/?p=147583","og_site_name":"NBCS Noticias","article_publisher":"https:\/\/www.facebook.com\/NBCSnoticias","article_author":"https:\/\/www.facebook.com\/NBCSnoticias","article_published_time":"2025-03-13T14:28:42+00:00","og_image":[{"width":1600,"height":1067,"url":"https:\/\/nbcs.mx\/wp-content\/uploads\/2025\/03\/Foto-Boletin-298-2.jpeg","type":"image\/jpeg"}],"author":"NBCS Noticias","twitter_card":"summary_large_image","twitter_creator":"@https:\/\/twitter.com\/NBCSnoticias","twitter_site":"@NBCSnoticias","twitter_misc":{"Escrito por":"NBCS Noticias","Tiempo de lectura":"3 minutos"},"schema":{"@context":"https:\/\/schema.org","@graph":[{"@type":"Article","@id":"https:\/\/nbcs.mx\/?p=147583#article","isPartOf":{"@id":"https:\/\/nbcs.mx\/?p=147583"},"author":{"name":"NBCS Noticias","@id":"https:\/\/nbcs.mx\/#\/schema\/person\/ece58bab9a7c1e87a4d28ec9ecd79ff4"},"headline":"Anuncia Milena Quiroga la construcci\u00f3n del Mercado Rural de Las Pocitas","datePublished":"2025-03-13T14:28:42+00:00","mainEntityOfPage":{"@id":"https:\/\/nbcs.mx\/?p=147583"},"wordCount":441,"commentCount":0,"publisher":{"@id":"https:\/\/nbcs.mx\/#organization"},"image":{"@id":"https:\/\/nbcs.mx\/?p=147583#primaryimage"},"thumbnailUrl":"https:\/\/nbcs.mx\/wp-content\/uploads\/2025\/03\/Foto-Boletin-298-2.jpeg","articleSection":["Municipios"],"inLanguage":"es","potentialAction":[{"@type":"CommentAction","name":"Comment","target":["https:\/\/nbcs.mx\/?p=147583#respond"]}]},{"@type":"WebPage","@id":"https:\/\/nbcs.mx\/?p=147583","url":"https:\/\/nbcs.mx\/?p=147583","name":"Anuncia Milena Quiroga la construcci\u00f3n del Mercado Rural de Las Pocitas - NBCS Noticias","isPartOf":{"@id":"https:\/\/nbcs.mx\/#website"},"primaryImageOfPage":{"@id":"https:\/\/nbcs.mx\/?p=147583#primaryimage"},"image":{"@id":"https:\/\/nbcs.mx\/?p=147583#primaryimage"},"thumbnailUrl":"https:\/\/nbcs.mx\/wp-content\/uploads\/2025\/03\/Foto-Boletin-298-2.jpeg","datePublished":"2025-03-13T14:28:42+00:00","breadcrumb":{"@id":"https:\/\/nbcs.mx\/?p=147583#breadcrumb"},"inLanguage":"es","potentialAction":[{"@type":"ReadAction","target":["https:\/\/nbcs.mx\/?p=147583"]}]},{"@type":"ImageObject","inLanguage":"es","@id":"https:\/\/nbcs.mx\/?p=147583#primaryimage","url":"https:\/\/nbcs.mx\/wp-content\/uploads\/2025\/03\/Foto-Boletin-298-2.jpeg","contentUrl":"https:\/\/nbcs.mx\/wp-content\/uploads\/2025\/03\/Foto-Boletin-298-2.jpeg","width":1600,"height":1067},{"@type":"BreadcrumbList","@id":"https:\/\/nbcs.mx\/?p=147583#breadcrumb","itemListElement":[{"@type":"ListItem","position":1,"name":"Portada","item":"https:\/\/nbcs.mx\/"},{"@type":"ListItem","position":2,"name":"Anuncia Milena Quiroga la construcci\u00f3n del Mercado Rural de Las Pocitas"}]},{"@type":"WebSite","@id":"https:\/\/nbcs.mx\/#website","url":"https:\/\/nbcs.mx\/","name":"NBCS Noticias","description":"Sitio web de noticias en Baja California Sur","publisher":{"@id":"https:\/\/nbcs.mx\/#organization"},"potentialAction":[{"@type":"SearchAction","target":{"@type":"EntryPoint","urlTemplate":"https:\/\/nbcs.mx\/?s={search_term_string}"},"query-input":{"@type":"PropertyValueSpecification","valueRequired":true,"valueName":"search_term_string"}}],"inLanguage":"es"},{"@type":"Organization","@id":"https:\/\/nbcs.mx\/#organization","name":"NBCS Noticias","url":"https:\/\/nbcs.mx\/","logo":{"@type":"ImageObject","inLanguage":"es","@id":"https:\/\/nbcs.mx\/#\/schema\/logo\/image\/","url":"https:\/\/nbcs.mx\/wp-content\/uploads\/2018\/09\/057b69485e93575a5c2b1c1dde2dd297.jpeg","contentUrl":"https:\/\/nbcs.mx\/wp-content\/uploads\/2018\/09\/057b69485e93575a5c2b1c1dde2dd297.jpeg","width":64,"height":64,"caption":"NBCS Noticias"},"image":{"@id":"https:\/\/nbcs.mx\/#\/schema\/logo\/image\/"},"sameAs":["https:\/\/www.facebook.com\/NBCSnoticias","https:\/\/x.com\/NBCSnoticias"]},{"@type":"Person","@id":"https:\/\/nbcs.mx\/#\/schema\/person\/ece58bab9a7c1e87a4d28ec9ecd79ff4","name":"NBCS Noticias","image":{"@type":"ImageObject","inLanguage":"es","@id":"https:\/\/secure.gravatar.com\/avatar\/4e52110cad1c4054b43271a0d14bbe9e2ea76aecd0e1097edfc670798d9ca1d4?s=96&d=blank&r=g","url":"https:\/\/secure.gravatar.com\/avatar\/4e52110cad1c4054b43271a0d14bbe9e2ea76aecd0e1097edfc670798d9ca1d4?s=96&d=blank&r=g","contentUrl":"https:\/\/secure.gravatar.com\/avatar\/4e52110cad1c4054b43271a0d14bbe9e2ea76aecd0e1097edfc670798d9ca1d4?s=96&d=blank&r=g","caption":"NBCS Noticias"},"description":"\u00bfTienes fotos o video de alg\u00fan acto de posible negligencia, corrupci\u00f3n y abuso de autoridad? M\u00e1ndalo al WhatsApp de NBCS Noticias: 612 141 98 08","sameAs":["https:\/\/www.nbcs.mx","https:\/\/www.facebook.com\/NBCSnoticias","https:\/\/www.instagram.com\/nbcsnoticias\/","https:\/\/x.com\/https:\/\/twitter.com\/NBCSnoticias"]}]}},"jetpack_publicize_connections":[],"jetpack_featured_media_url":"https:\/\/nbcs.mx\/wp-content\/uploads\/2025\/03\/Foto-Boletin-298-2.jpeg","jetpack_sharing_enabled":true,"_links":{"self":[{"href":"https:\/\/nbcs.mx\/index.php?rest_route=\/wp\/v2\/posts\/147583","targetHints":{"allow":["GET"]}}],"collection":[{"href":"https:\/\/nbcs.mx\/index.php?rest_route=\/wp\/v2\/posts"}],"about":[{"href":"https:\/\/nbcs.mx\/index.php?rest_route=\/wp\/v2\/types\/post"}],"author":[{"embeddable":true,"href":"https:\/\/nbcs.mx\/index.php?rest_route=\/wp\/v2\/users\/1"}],"replies":[{"embeddable":true,"href":"https:\/\/nbcs.mx\/index.php?rest_route=%2Fwp%2Fv2%2Fcomments&post=147583"}],"version-history":[{"count":1,"href":"https:\/\/nbcs.mx\/index.php?rest_route=\/wp\/v2\/posts\/147583\/revisions"}],"predecessor-version":[{"id":147585,"href":"https:\/\/nbcs.mx\/index.php?rest_route=\/wp\/v2\/posts\/147583\/revisions\/147585"}],"wp:featuredmedia":[{"embeddable":true,"href":"https:\/\/nbcs.mx\/index.php?rest_route=\/wp\/v2\/media\/147584"}],"wp:attachment":[{"href":"https:\/\/nbcs.mx\/index.php?rest_route=%2Fwp%2Fv2%2Fmedia&parent=147583"}],"wp:term":[{"taxonomy":"category","embeddable":true,"href":"https:\/\/nbcs.mx\/index.php?rest_route=%2Fwp%2Fv2%2Fcategories&post=147583"},{"taxonomy":"post_tag","embeddable":true,"href":"https:\/\/nbcs.mx\/index.php?rest_route=%2Fwp%2Fv2%2Ftags&post=147583"}],"curies":[{"name":"wp","href":"https:\/\/api.w.org\/{rel}","templated":true}]}}