{"id":149504,"date":"2025-05-02T07:38:01","date_gmt":"2025-05-02T13:38:01","guid":{"rendered":"https:\/\/nbcs.mx\/?p=149504"},"modified":"2025-05-02T07:38:01","modified_gmt":"2025-05-02T13:38:01","slug":"buro-politico-bcs-mas-segura","status":"publish","type":"post","link":"https:\/\/nbcs.mx\/?p=149504","title":{"rendered":"BUR\u00d3 POL\u00cdTICO\/ BCS \u00a1M\u00c1S SEGURA!"},"content":{"rendered":"<div id=\":5c\" class=\"ii gt\">\n<div id=\":5b\" class=\"a3s aiL \">\n<div dir=\"ltr\">\n<p style=\"text-align: justify;\">POR ARIEL VILCHIS<\/p>\n<p style=\"text-align: justify;\">El d\u00eda de hoy se realizar\u00e1 el primer Foro Estatal de Protecci\u00f3n Civil, la sede ser\u00e1 el municipio de Los Cabos. Se espera una amplia convocatoria que incluye al gobierno del estado, los gobiernos municipales, ONGs, la UABCS, y ciudadan\u00eda pues es causa com\u00fan proteger lo que m\u00e1s queremos frente a los desastres naturales.<\/p>\n<p style=\"text-align: justify;\">Este Foro toma especial relevancia al estar a unos d\u00edas de que inicie la temporada de lluvias y huracanes 2025, pero tambi\u00e9n porque hemos sido testigos en los \u00faltimos tiempos de lo vulnerable que puede ser nuestro estado ante desastres como incendios o sismos, como los ocurridos en la zona sur de la pen\u00ednsula.<\/p>\n<p style=\"text-align: justify;\">Estar preparados puede ser la diferencia entre el caos o una respuesta organizada, de ah\u00ed la importancia de que lo se plantear\u00e1 en el Foro, de tal manera que\u00a0 deber\u00e1 verse reflejado en propuestas legislativas y pol\u00edticas p\u00fablicas en la materia, porque en este tipo de convocatorias no basta con los esfuerzos individuales sino el de unir esfuerzos tanto el sector p\u00fablico, empresarial, la academia y la sociedad.<\/p>\n<p style=\"text-align: justify;\">De tal manera que el Foro de Protecci\u00f3n Civil convocado por el Congreso del Estado, el Gobierno de BCS y el Ayuntamiento de Los Cabos es una buena oportunidad para fortalecer la cultura de la prevenci\u00f3n frente a los riesgos que representan los fen\u00f3menos naturales, por lo que ser\u00e1\u00a0 importante que se escuchen todas las voces para avanzar hacia una gesti\u00f3n de riesgos integral y efectiva.<\/p>\n<p style=\"text-align: justify;\">El Foro no es solo un evento, sino un llamado a la acci\u00f3n: entre m\u00e1s preparados estemos como sociedad, m\u00e1s seguros estaremos. Muy bien por esta iniciativa.<\/p>\n<p style=\"text-align: justify;\">Ya veremos qu\u00e9 sucede. Es mi opini\u00f3n, al tiempo\u2026<\/p>\n<\/div>\n<div class=\"yj6qo\" style=\"text-align: justify;\"><\/div>\n<div class=\"adL\" style=\"text-align: justify;\"><\/div>\n<\/div>\n<\/div>\n<div id=\":5q\" class=\"hq gt\" style=\"text-align: justify;\"><\/div>\n","protected":false},"excerpt":{"rendered":"<p>POR ARIEL VILCHIS El d\u00eda de hoy se realizar\u00e1 el primer Foro Estatal de Protecci\u00f3n Civil, la sede ser\u00e1 el<\/p>\n","protected":false},"author":1,"featured_media":149505,"comment_status":"open","ping_status":"closed","sticky":false,"template":"","format":"standard","meta":{"colormag_page_container_layout":"default_layout","colormag_page_sidebar_layout":"default_layout","_jetpack_memberships_contains_paid_content":false,"footnotes":"","jetpack_publicize_message":"","jetpack_publicize_feature_enabled":true,"jetpack_social_post_already_shared":true,"jetpack_social_options":{"image_generator_settings":{"template":"highway","default_image_id":0,"font":"","enabled":false},"version":2}},"categories":[41],"tags":[],"class_list":["post-149504","post","type-post","status-publish","format-standard","has-post-thumbnail","hentry","category-las-columnas"],"yoast_head":"<!-- This site is optimized with the Yoast SEO plugin v27.4 - https:\/\/yoast.com\/product\/yoast-seo-wordpress\/ -->\n<title>BUR\u00d3 POL\u00cdTICO\/ BCS \u00a1M\u00c1S SEGURA! - NBCS Noticias<\/title>\n<meta name=\"robots\" content=\"index, follow, max-snippet:-1, max-image-preview:large, max-video-preview:-1\" \/>\n<link rel=\"canonical\" href=\"https:\/\/nbcs.mx\/?p=149504\" \/>\n<meta property=\"og:locale\" content=\"es_ES\" \/>\n<meta property=\"og:type\" content=\"article\" \/>\n<meta property=\"og:title\" content=\"BUR\u00d3 POL\u00cdTICO\/ BCS \u00a1M\u00c1S SEGURA! - NBCS Noticias\" \/>\n<meta property=\"og:description\" content=\"POR ARIEL VILCHIS El d\u00eda de hoy se realizar\u00e1 el primer Foro Estatal de Protecci\u00f3n Civil, la sede ser\u00e1 el\" \/>\n<meta property=\"og:url\" content=\"https:\/\/nbcs.mx\/?p=149504\" \/>\n<meta property=\"og:site_name\" content=\"NBCS Noticias\" \/>\n<meta property=\"article:publisher\" content=\"https:\/\/www.facebook.com\/NBCSnoticias\" \/>\n<meta property=\"article:author\" content=\"https:\/\/www.facebook.com\/NBCSnoticias\" \/>\n<meta property=\"article:published_time\" content=\"2025-05-02T13:38:01+00:00\" \/>\n<meta property=\"og:image\" content=\"https:\/\/nbcs.mx\/wp-content\/uploads\/2025\/05\/huracan-odile-danos-1320x880-1.jpg\" \/>\n\t<meta property=\"og:image:width\" content=\"850\" \/>\n\t<meta property=\"og:image:height\" content=\"566\" \/>\n\t<meta property=\"og:image:type\" content=\"image\/jpeg\" \/>\n<meta name=\"author\" content=\"NBCS Noticias\" \/>\n<meta name=\"twitter:card\" content=\"summary_large_image\" \/>\n<meta name=\"twitter:creator\" content=\"@https:\/\/twitter.com\/NBCSnoticias\" \/>\n<meta name=\"twitter:site\" content=\"@NBCSnoticias\" \/>\n<meta name=\"twitter:label1\" content=\"Escrito por\" \/>\n\t<meta name=\"twitter:data1\" content=\"NBCS Noticias\" \/>\n\t<meta name=\"twitter:label2\" content=\"Tiempo de lectura\" \/>\n\t<meta name=\"twitter:data2\" content=\"2 minutos\" \/>\n<script type=\"application\/ld+json\" class=\"yoast-schema-graph\">{\"@context\":\"https:\\\/\\\/schema.org\",\"@graph\":[{\"@type\":\"Article\",\"@id\":\"https:\\\/\\\/nbcs.mx\\\/?p=149504#article\",\"isPartOf\":{\"@id\":\"https:\\\/\\\/nbcs.mx\\\/?p=149504\"},\"author\":{\"name\":\"NBCS Noticias\",\"@id\":\"https:\\\/\\\/nbcs.mx\\\/#\\\/schema\\\/person\\\/ece58bab9a7c1e87a4d28ec9ecd79ff4\"},\"headline\":\"BUR\u00d3 POL\u00cdTICO\\\/ BCS \u00a1M\u00c1S SEGURA!\",\"datePublished\":\"2025-05-02T13:38:01+00:00\",\"mainEntityOfPage\":{\"@id\":\"https:\\\/\\\/nbcs.mx\\\/?p=149504\"},\"wordCount\":306,\"commentCount\":0,\"publisher\":{\"@id\":\"https:\\\/\\\/nbcs.mx\\\/#organization\"},\"image\":{\"@id\":\"https:\\\/\\\/nbcs.mx\\\/?p=149504#primaryimage\"},\"thumbnailUrl\":\"https:\\\/\\\/nbcs.mx\\\/wp-content\\\/uploads\\\/2025\\\/05\\\/huracan-odile-danos-1320x880-1.jpg\",\"articleSection\":[\"Las Columnas\"],\"inLanguage\":\"es\",\"potentialAction\":[{\"@type\":\"CommentAction\",\"name\":\"Comment\",\"target\":[\"https:\\\/\\\/nbcs.mx\\\/?p=149504#respond\"]}]},{\"@type\":\"WebPage\",\"@id\":\"https:\\\/\\\/nbcs.mx\\\/?p=149504\",\"url\":\"https:\\\/\\\/nbcs.mx\\\/?p=149504\",\"name\":\"BUR\u00d3 POL\u00cdTICO\\\/ BCS \u00a1M\u00c1S SEGURA! - NBCS Noticias\",\"isPartOf\":{\"@id\":\"https:\\\/\\\/nbcs.mx\\\/#website\"},\"primaryImageOfPage\":{\"@id\":\"https:\\\/\\\/nbcs.mx\\\/?p=149504#primaryimage\"},\"image\":{\"@id\":\"https:\\\/\\\/nbcs.mx\\\/?p=149504#primaryimage\"},\"thumbnailUrl\":\"https:\\\/\\\/nbcs.mx\\\/wp-content\\\/uploads\\\/2025\\\/05\\\/huracan-odile-danos-1320x880-1.jpg\",\"datePublished\":\"2025-05-02T13:38:01+00:00\",\"breadcrumb\":{\"@id\":\"https:\\\/\\\/nbcs.mx\\\/?p=149504#breadcrumb\"},\"inLanguage\":\"es\",\"potentialAction\":[{\"@type\":\"ReadAction\",\"target\":[\"https:\\\/\\\/nbcs.mx\\\/?p=149504\"]}]},{\"@type\":\"ImageObject\",\"inLanguage\":\"es\",\"@id\":\"https:\\\/\\\/nbcs.mx\\\/?p=149504#primaryimage\",\"url\":\"https:\\\/\\\/nbcs.mx\\\/wp-content\\\/uploads\\\/2025\\\/05\\\/huracan-odile-danos-1320x880-1.jpg\",\"contentUrl\":\"https:\\\/\\\/nbcs.mx\\\/wp-content\\\/uploads\\\/2025\\\/05\\\/huracan-odile-danos-1320x880-1.jpg\",\"width\":850,\"height\":566},{\"@type\":\"BreadcrumbList\",\"@id\":\"https:\\\/\\\/nbcs.mx\\\/?p=149504#breadcrumb\",\"itemListElement\":[{\"@type\":\"ListItem\",\"position\":1,\"name\":\"Portada\",\"item\":\"https:\\\/\\\/nbcs.mx\\\/\"},{\"@type\":\"ListItem\",\"position\":2,\"name\":\"BUR\u00d3 POL\u00cdTICO\\\/ BCS \u00a1M\u00c1S SEGURA!\"}]},{\"@type\":\"WebSite\",\"@id\":\"https:\\\/\\\/nbcs.mx\\\/#website\",\"url\":\"https:\\\/\\\/nbcs.mx\\\/\",\"name\":\"NBCS Noticias\",\"description\":\"Sitio web de noticias en Baja California Sur\",\"publisher\":{\"@id\":\"https:\\\/\\\/nbcs.mx\\\/#organization\"},\"potentialAction\":[{\"@type\":\"SearchAction\",\"target\":{\"@type\":\"EntryPoint\",\"urlTemplate\":\"https:\\\/\\\/nbcs.mx\\\/?s={search_term_string}\"},\"query-input\":{\"@type\":\"PropertyValueSpecification\",\"valueRequired\":true,\"valueName\":\"search_term_string\"}}],\"inLanguage\":\"es\"},{\"@type\":\"Organization\",\"@id\":\"https:\\\/\\\/nbcs.mx\\\/#organization\",\"name\":\"NBCS Noticias\",\"url\":\"https:\\\/\\\/nbcs.mx\\\/\",\"logo\":{\"@type\":\"ImageObject\",\"inLanguage\":\"es\",\"@id\":\"https:\\\/\\\/nbcs.mx\\\/#\\\/schema\\\/logo\\\/image\\\/\",\"url\":\"https:\\\/\\\/nbcs.mx\\\/wp-content\\\/uploads\\\/2018\\\/09\\\/057b69485e93575a5c2b1c1dde2dd297.jpeg\",\"contentUrl\":\"https:\\\/\\\/nbcs.mx\\\/wp-content\\\/uploads\\\/2018\\\/09\\\/057b69485e93575a5c2b1c1dde2dd297.jpeg\",\"width\":64,\"height\":64,\"caption\":\"NBCS Noticias\"},\"image\":{\"@id\":\"https:\\\/\\\/nbcs.mx\\\/#\\\/schema\\\/logo\\\/image\\\/\"},\"sameAs\":[\"https:\\\/\\\/www.facebook.com\\\/NBCSnoticias\",\"https:\\\/\\\/x.com\\\/NBCSnoticias\"]},{\"@type\":\"Person\",\"@id\":\"https:\\\/\\\/nbcs.mx\\\/#\\\/schema\\\/person\\\/ece58bab9a7c1e87a4d28ec9ecd79ff4\",\"name\":\"NBCS Noticias\",\"image\":{\"@type\":\"ImageObject\",\"inLanguage\":\"es\",\"@id\":\"https:\\\/\\\/secure.gravatar.com\\\/avatar\\\/4e52110cad1c4054b43271a0d14bbe9e2ea76aecd0e1097edfc670798d9ca1d4?s=96&d=blank&r=g\",\"url\":\"https:\\\/\\\/secure.gravatar.com\\\/avatar\\\/4e52110cad1c4054b43271a0d14bbe9e2ea76aecd0e1097edfc670798d9ca1d4?s=96&d=blank&r=g\",\"contentUrl\":\"https:\\\/\\\/secure.gravatar.com\\\/avatar\\\/4e52110cad1c4054b43271a0d14bbe9e2ea76aecd0e1097edfc670798d9ca1d4?s=96&d=blank&r=g\",\"caption\":\"NBCS Noticias\"},\"description\":\"\u00bfTienes fotos o video de alg\u00fan acto de posible negligencia, corrupci\u00f3n y abuso de autoridad? M\u00e1ndalo al WhatsApp de NBCS Noticias: 612 141 98 08\",\"sameAs\":[\"https:\\\/\\\/www.nbcs.mx\",\"https:\\\/\\\/www.facebook.com\\\/NBCSnoticias\",\"https:\\\/\\\/www.instagram.com\\\/nbcsnoticias\\\/\",\"https:\\\/\\\/x.com\\\/https:\\\/\\\/twitter.com\\\/NBCSnoticias\"]}]}<\/script>\n<!-- \/ Yoast SEO plugin. -->","yoast_head_json":{"title":"BUR\u00d3 POL\u00cdTICO\/ BCS \u00a1M\u00c1S SEGURA! - NBCS Noticias","robots":{"index":"index","follow":"follow","max-snippet":"max-snippet:-1","max-image-preview":"max-image-preview:large","max-video-preview":"max-video-preview:-1"},"canonical":"https:\/\/nbcs.mx\/?p=149504","og_locale":"es_ES","og_type":"article","og_title":"BUR\u00d3 POL\u00cdTICO\/ BCS \u00a1M\u00c1S SEGURA! - NBCS Noticias","og_description":"POR ARIEL VILCHIS El d\u00eda de hoy se realizar\u00e1 el primer Foro Estatal de Protecci\u00f3n Civil, la sede ser\u00e1 el","og_url":"https:\/\/nbcs.mx\/?p=149504","og_site_name":"NBCS Noticias","article_publisher":"https:\/\/www.facebook.com\/NBCSnoticias","article_author":"https:\/\/www.facebook.com\/NBCSnoticias","article_published_time":"2025-05-02T13:38:01+00:00","og_image":[{"width":850,"height":566,"url":"https:\/\/nbcs.mx\/wp-content\/uploads\/2025\/05\/huracan-odile-danos-1320x880-1.jpg","type":"image\/jpeg"}],"author":"NBCS Noticias","twitter_card":"summary_large_image","twitter_creator":"@https:\/\/twitter.com\/NBCSnoticias","twitter_site":"@NBCSnoticias","twitter_misc":{"Escrito por":"NBCS Noticias","Tiempo de lectura":"2 minutos"},"schema":{"@context":"https:\/\/schema.org","@graph":[{"@type":"Article","@id":"https:\/\/nbcs.mx\/?p=149504#article","isPartOf":{"@id":"https:\/\/nbcs.mx\/?p=149504"},"author":{"name":"NBCS Noticias","@id":"https:\/\/nbcs.mx\/#\/schema\/person\/ece58bab9a7c1e87a4d28ec9ecd79ff4"},"headline":"BUR\u00d3 POL\u00cdTICO\/ BCS \u00a1M\u00c1S SEGURA!","datePublished":"2025-05-02T13:38:01+00:00","mainEntityOfPage":{"@id":"https:\/\/nbcs.mx\/?p=149504"},"wordCount":306,"commentCount":0,"publisher":{"@id":"https:\/\/nbcs.mx\/#organization"},"image":{"@id":"https:\/\/nbcs.mx\/?p=149504#primaryimage"},"thumbnailUrl":"https:\/\/nbcs.mx\/wp-content\/uploads\/2025\/05\/huracan-odile-danos-1320x880-1.jpg","articleSection":["Las Columnas"],"inLanguage":"es","potentialAction":[{"@type":"CommentAction","name":"Comment","target":["https:\/\/nbcs.mx\/?p=149504#respond"]}]},{"@type":"WebPage","@id":"https:\/\/nbcs.mx\/?p=149504","url":"https:\/\/nbcs.mx\/?p=149504","name":"BUR\u00d3 POL\u00cdTICO\/ BCS \u00a1M\u00c1S SEGURA! - NBCS Noticias","isPartOf":{"@id":"https:\/\/nbcs.mx\/#website"},"primaryImageOfPage":{"@id":"https:\/\/nbcs.mx\/?p=149504#primaryimage"},"image":{"@id":"https:\/\/nbcs.mx\/?p=149504#primaryimage"},"thumbnailUrl":"https:\/\/nbcs.mx\/wp-content\/uploads\/2025\/05\/huracan-odile-danos-1320x880-1.jpg","datePublished":"2025-05-02T13:38:01+00:00","breadcrumb":{"@id":"https:\/\/nbcs.mx\/?p=149504#breadcrumb"},"inLanguage":"es","potentialAction":[{"@type":"ReadAction","target":["https:\/\/nbcs.mx\/?p=149504"]}]},{"@type":"ImageObject","inLanguage":"es","@id":"https:\/\/nbcs.mx\/?p=149504#primaryimage","url":"https:\/\/nbcs.mx\/wp-content\/uploads\/2025\/05\/huracan-odile-danos-1320x880-1.jpg","contentUrl":"https:\/\/nbcs.mx\/wp-content\/uploads\/2025\/05\/huracan-odile-danos-1320x880-1.jpg","width":850,"height":566},{"@type":"BreadcrumbList","@id":"https:\/\/nbcs.mx\/?p=149504#breadcrumb","itemListElement":[{"@type":"ListItem","position":1,"name":"Portada","item":"https:\/\/nbcs.mx\/"},{"@type":"ListItem","position":2,"name":"BUR\u00d3 POL\u00cdTICO\/ BCS \u00a1M\u00c1S SEGURA!"}]},{"@type":"WebSite","@id":"https:\/\/nbcs.mx\/#website","url":"https:\/\/nbcs.mx\/","name":"NBCS Noticias","description":"Sitio web de noticias en Baja California Sur","publisher":{"@id":"https:\/\/nbcs.mx\/#organization"},"potentialAction":[{"@type":"SearchAction","target":{"@type":"EntryPoint","urlTemplate":"https:\/\/nbcs.mx\/?s={search_term_string}"},"query-input":{"@type":"PropertyValueSpecification","valueRequired":true,"valueName":"search_term_string"}}],"inLanguage":"es"},{"@type":"Organization","@id":"https:\/\/nbcs.mx\/#organization","name":"NBCS Noticias","url":"https:\/\/nbcs.mx\/","logo":{"@type":"ImageObject","inLanguage":"es","@id":"https:\/\/nbcs.mx\/#\/schema\/logo\/image\/","url":"https:\/\/nbcs.mx\/wp-content\/uploads\/2018\/09\/057b69485e93575a5c2b1c1dde2dd297.jpeg","contentUrl":"https:\/\/nbcs.mx\/wp-content\/uploads\/2018\/09\/057b69485e93575a5c2b1c1dde2dd297.jpeg","width":64,"height":64,"caption":"NBCS Noticias"},"image":{"@id":"https:\/\/nbcs.mx\/#\/schema\/logo\/image\/"},"sameAs":["https:\/\/www.facebook.com\/NBCSnoticias","https:\/\/x.com\/NBCSnoticias"]},{"@type":"Person","@id":"https:\/\/nbcs.mx\/#\/schema\/person\/ece58bab9a7c1e87a4d28ec9ecd79ff4","name":"NBCS Noticias","image":{"@type":"ImageObject","inLanguage":"es","@id":"https:\/\/secure.gravatar.com\/avatar\/4e52110cad1c4054b43271a0d14bbe9e2ea76aecd0e1097edfc670798d9ca1d4?s=96&d=blank&r=g","url":"https:\/\/secure.gravatar.com\/avatar\/4e52110cad1c4054b43271a0d14bbe9e2ea76aecd0e1097edfc670798d9ca1d4?s=96&d=blank&r=g","contentUrl":"https:\/\/secure.gravatar.com\/avatar\/4e52110cad1c4054b43271a0d14bbe9e2ea76aecd0e1097edfc670798d9ca1d4?s=96&d=blank&r=g","caption":"NBCS Noticias"},"description":"\u00bfTienes fotos o video de alg\u00fan acto de posible negligencia, corrupci\u00f3n y abuso de autoridad? M\u00e1ndalo al WhatsApp de NBCS Noticias: 612 141 98 08","sameAs":["https:\/\/www.nbcs.mx","https:\/\/www.facebook.com\/NBCSnoticias","https:\/\/www.instagram.com\/nbcsnoticias\/","https:\/\/x.com\/https:\/\/twitter.com\/NBCSnoticias"]}]}},"jetpack_publicize_connections":[],"jetpack_featured_media_url":"https:\/\/nbcs.mx\/wp-content\/uploads\/2025\/05\/huracan-odile-danos-1320x880-1.jpg","jetpack_sharing_enabled":true,"_links":{"self":[{"href":"https:\/\/nbcs.mx\/index.php?rest_route=\/wp\/v2\/posts\/149504","targetHints":{"allow":["GET"]}}],"collection":[{"href":"https:\/\/nbcs.mx\/index.php?rest_route=\/wp\/v2\/posts"}],"about":[{"href":"https:\/\/nbcs.mx\/index.php?rest_route=\/wp\/v2\/types\/post"}],"author":[{"embeddable":true,"href":"https:\/\/nbcs.mx\/index.php?rest_route=\/wp\/v2\/users\/1"}],"replies":[{"embeddable":true,"href":"https:\/\/nbcs.mx\/index.php?rest_route=%2Fwp%2Fv2%2Fcomments&post=149504"}],"version-history":[{"count":1,"href":"https:\/\/nbcs.mx\/index.php?rest_route=\/wp\/v2\/posts\/149504\/revisions"}],"predecessor-version":[{"id":149506,"href":"https:\/\/nbcs.mx\/index.php?rest_route=\/wp\/v2\/posts\/149504\/revisions\/149506"}],"wp:featuredmedia":[{"embeddable":true,"href":"https:\/\/nbcs.mx\/index.php?rest_route=\/wp\/v2\/media\/149505"}],"wp:attachment":[{"href":"https:\/\/nbcs.mx\/index.php?rest_route=%2Fwp%2Fv2%2Fmedia&parent=149504"}],"wp:term":[{"taxonomy":"category","embeddable":true,"href":"https:\/\/nbcs.mx\/index.php?rest_route=%2Fwp%2Fv2%2Fcategories&post=149504"},{"taxonomy":"post_tag","embeddable":true,"href":"https:\/\/nbcs.mx\/index.php?rest_route=%2Fwp%2Fv2%2Ftags&post=149504"}],"curies":[{"name":"wp","href":"https:\/\/api.w.org\/{rel}","templated":true}]}}