{"id":149637,"date":"2025-05-06T16:42:28","date_gmt":"2025-05-06T22:42:28","guid":{"rendered":"https:\/\/nbcs.mx\/?p=149637"},"modified":"2025-05-06T16:42:28","modified_gmt":"2025-05-06T22:42:28","slug":"invita-el-sistema-dif-a-inscribirse-en-las-bandas-de-musica-en-marcha","status":"publish","type":"post","link":"https:\/\/nbcs.mx\/?p=149637","title":{"rendered":"Invita el Sistema DIF a inscribirse en las Bandas de M\u00fasica en Marcha"},"content":{"rendered":"<p style=\"font-weight: 400; text-align: justify;\"><img loading=\"lazy\" decoding=\"async\" class=\" wp-image-149638 alignleft\" src=\"https:\/\/nbcs.mx\/wp-content\/uploads\/2025\/05\/FOTO-BOLETIN-SEDIF-INVITA-736x492.jpeg\" alt=\"\" width=\"389\" height=\"260\" srcset=\"https:\/\/nbcs.mx\/wp-content\/uploads\/2025\/05\/FOTO-BOLETIN-SEDIF-INVITA-736x492.jpeg 736w, https:\/\/nbcs.mx\/wp-content\/uploads\/2025\/05\/FOTO-BOLETIN-SEDIF-INVITA-1024x684.jpeg 1024w, https:\/\/nbcs.mx\/wp-content\/uploads\/2025\/05\/FOTO-BOLETIN-SEDIF-INVITA-150x100.jpeg 150w, https:\/\/nbcs.mx\/wp-content\/uploads\/2025\/05\/FOTO-BOLETIN-SEDIF-INVITA-768x513.jpeg 768w, https:\/\/nbcs.mx\/wp-content\/uploads\/2025\/05\/FOTO-BOLETIN-SEDIF-INVITA-1536x1026.jpeg 1536w, https:\/\/nbcs.mx\/wp-content\/uploads\/2025\/05\/FOTO-BOLETIN-SEDIF-INVITA-2048x1368.jpeg 2048w\" sizes=\"auto, (max-width: 389px) 100vw, 389px\" \/>El Sistema Estatal DIF (SEDIF), a trav\u00e9s de la direcci\u00f3n de Atenci\u00f3n a Poblaci\u00f3n Prioritaria, invita a ni\u00f1as, ni\u00f1os y adolescentes de 8 a\u00f1os en adelante, a inscribirse en las Bandas de M\u00fasica en Marcha de los Puntos de Encuentro Comunitario 8 de octubre en La Paz, Agricultores en Comond\u00fa y El Caribe en Cabo San Lucas, inform\u00f3 la coordinadora de Bienestar Comunitario, Am\u00e9rica Lilibeth N\u00fa\u00f1ez N\u00fa\u00f1ez.<\/p>\n<p style=\"font-weight: 400; text-align: justify;\">\n<p style=\"font-weight: 400; text-align: justify;\">En este sentido, se\u00f1al\u00f3 que, para el Sistema DIF, es prioridad el promover actividades que contribuyan a fortalecer el sano desarrollo y bienestar de las infancias y adolescencias de Baja California Sur.<\/p>\n<p style=\"font-weight: 400; text-align: justify;\">\n<p style=\"font-weight: 400; text-align: justify;\">Mencion\u00f3 que en la conformaci\u00f3n de estos grupos musicales refuerzan sus habilidades y se fomenta la convivencia, el trabajo en equipo y se otorga una forma productiva de utilizar el tiempo libre.<\/p>\n<p style=\"font-weight: 400; text-align: justify;\">\n<p style=\"font-weight: 400; text-align: justify;\">La coordinadora precis\u00f3 que, adem\u00e1s de ofrecer las clases de m\u00fasica, las y los integrantes reciben orientaci\u00f3n psicol\u00f3gica para adquirir seguridad en el manejo del escenario, as\u00ed como en clases de activaci\u00f3n f\u00edsica para el fortalecimiento muscular, enfoque de coordinaci\u00f3n y ritmo musical.<\/p>\n<p style=\"font-weight: 400; text-align: justify;\">\n<p style=\"font-weight: 400; text-align: justify;\">Por otra parte, coment\u00f3 que recientemente con el apoyo de la Secretar\u00eda de la Defensa Nacional (SEDENA), se han incorporado cuatro m\u00fasicos profesionales que cuentan con una amplia experiencia en instrumentos de aliento, quienes aportan conocimiento en el desarrollo de las clases de solfeo, favoreciendo con ello, la preservaci\u00f3n de los valores y el acervo cultural de la naci\u00f3n.<\/p>\n<p style=\"font-weight: 400; text-align: justify;\">\n<p style=\"font-weight: 400; text-align: justify;\">Am\u00e9rica N\u00fa\u00f1ez detall\u00f3 que las ni\u00f1as, ni\u00f1os y adolescentes pueden practicar los instrumentos como la tuba, tromb\u00f3n, la trompeta, flauta, clarinete, saxof\u00f3n, eufonio y percusiones.<\/p>\n<p style=\"font-weight: 400; text-align: justify;\">\n<p style=\"font-weight: 400; text-align: justify;\">La coordinadora record\u00f3 que la ni\u00f1ez y juventud interesadas en solicitar informes para pertenecer a las Bandas de M\u00fasica en Marcha pueden comunicarse al n\u00famero 612-12-4-29-22 de lunes a viernes de 8:00 a 15:00 horas, o bien acudir a su PEC m\u00e1s cercano.<\/p>\n","protected":false},"excerpt":{"rendered":"<p>El Sistema Estatal DIF (SEDIF), a trav\u00e9s de la direcci\u00f3n de Atenci\u00f3n a Poblaci\u00f3n Prioritaria, invita a ni\u00f1as, ni\u00f1os y<\/p>\n","protected":false},"author":1,"featured_media":149638,"comment_status":"open","ping_status":"closed","sticky":false,"template":"","format":"standard","meta":{"colormag_page_container_layout":"default_layout","colormag_page_sidebar_layout":"default_layout","_jetpack_memberships_contains_paid_content":false,"footnotes":"","jetpack_publicize_message":"","jetpack_publicize_feature_enabled":true,"jetpack_social_post_already_shared":true,"jetpack_social_options":{"image_generator_settings":{"template":"highway","default_image_id":0,"font":"","enabled":false},"version":2}},"categories":[1],"tags":[],"class_list":["post-149637","post","type-post","status-publish","format-standard","has-post-thumbnail","hentry","category-noticias"],"yoast_head":"<!-- This site is optimized with the Yoast SEO plugin v27.4 - https:\/\/yoast.com\/product\/yoast-seo-wordpress\/ -->\n<title>Invita el Sistema DIF a inscribirse en las Bandas de M\u00fasica en Marcha - NBCS Noticias<\/title>\n<meta name=\"robots\" content=\"index, follow, max-snippet:-1, max-image-preview:large, max-video-preview:-1\" \/>\n<link rel=\"canonical\" href=\"https:\/\/nbcs.mx\/?p=149637\" \/>\n<meta property=\"og:locale\" content=\"es_ES\" \/>\n<meta property=\"og:type\" content=\"article\" \/>\n<meta property=\"og:title\" content=\"Invita el Sistema DIF a inscribirse en las Bandas de M\u00fasica en Marcha - NBCS Noticias\" \/>\n<meta property=\"og:description\" content=\"El Sistema Estatal DIF (SEDIF), a trav\u00e9s de la direcci\u00f3n de Atenci\u00f3n a Poblaci\u00f3n Prioritaria, invita a ni\u00f1as, ni\u00f1os y\" \/>\n<meta property=\"og:url\" content=\"https:\/\/nbcs.mx\/?p=149637\" \/>\n<meta property=\"og:site_name\" content=\"NBCS Noticias\" \/>\n<meta property=\"article:publisher\" content=\"https:\/\/www.facebook.com\/NBCSnoticias\" \/>\n<meta property=\"article:author\" content=\"https:\/\/www.facebook.com\/NBCSnoticias\" \/>\n<meta property=\"article:published_time\" content=\"2025-05-06T22:42:28+00:00\" \/>\n<meta property=\"og:image\" content=\"https:\/\/nbcs.mx\/wp-content\/uploads\/2025\/05\/FOTO-BOLETIN-SEDIF-INVITA-scaled.jpeg\" \/>\n\t<meta property=\"og:image:width\" content=\"2560\" \/>\n\t<meta property=\"og:image:height\" content=\"1710\" \/>\n\t<meta property=\"og:image:type\" content=\"image\/jpeg\" \/>\n<meta name=\"author\" content=\"NBCS Noticias\" \/>\n<meta name=\"twitter:card\" content=\"summary_large_image\" \/>\n<meta name=\"twitter:creator\" content=\"@https:\/\/twitter.com\/NBCSnoticias\" \/>\n<meta name=\"twitter:site\" content=\"@NBCSnoticias\" \/>\n<meta name=\"twitter:label1\" content=\"Escrito por\" \/>\n\t<meta name=\"twitter:data1\" content=\"NBCS Noticias\" \/>\n\t<meta name=\"twitter:label2\" content=\"Tiempo de lectura\" \/>\n\t<meta name=\"twitter:data2\" content=\"2 minutos\" \/>\n<script type=\"application\/ld+json\" class=\"yoast-schema-graph\">{\"@context\":\"https:\\\/\\\/schema.org\",\"@graph\":[{\"@type\":\"Article\",\"@id\":\"https:\\\/\\\/nbcs.mx\\\/?p=149637#article\",\"isPartOf\":{\"@id\":\"https:\\\/\\\/nbcs.mx\\\/?p=149637\"},\"author\":{\"name\":\"NBCS Noticias\",\"@id\":\"https:\\\/\\\/nbcs.mx\\\/#\\\/schema\\\/person\\\/ece58bab9a7c1e87a4d28ec9ecd79ff4\"},\"headline\":\"Invita el Sistema DIF a inscribirse en las Bandas de M\u00fasica en Marcha\",\"datePublished\":\"2025-05-06T22:42:28+00:00\",\"mainEntityOfPage\":{\"@id\":\"https:\\\/\\\/nbcs.mx\\\/?p=149637\"},\"wordCount\":348,\"commentCount\":0,\"publisher\":{\"@id\":\"https:\\\/\\\/nbcs.mx\\\/#organization\"},\"image\":{\"@id\":\"https:\\\/\\\/nbcs.mx\\\/?p=149637#primaryimage\"},\"thumbnailUrl\":\"https:\\\/\\\/nbcs.mx\\\/wp-content\\\/uploads\\\/2025\\\/05\\\/FOTO-BOLETIN-SEDIF-INVITA-scaled.jpeg\",\"articleSection\":[\"Noticias\"],\"inLanguage\":\"es\",\"potentialAction\":[{\"@type\":\"CommentAction\",\"name\":\"Comment\",\"target\":[\"https:\\\/\\\/nbcs.mx\\\/?p=149637#respond\"]}]},{\"@type\":\"WebPage\",\"@id\":\"https:\\\/\\\/nbcs.mx\\\/?p=149637\",\"url\":\"https:\\\/\\\/nbcs.mx\\\/?p=149637\",\"name\":\"Invita el Sistema DIF a inscribirse en las Bandas de M\u00fasica en Marcha - NBCS Noticias\",\"isPartOf\":{\"@id\":\"https:\\\/\\\/nbcs.mx\\\/#website\"},\"primaryImageOfPage\":{\"@id\":\"https:\\\/\\\/nbcs.mx\\\/?p=149637#primaryimage\"},\"image\":{\"@id\":\"https:\\\/\\\/nbcs.mx\\\/?p=149637#primaryimage\"},\"thumbnailUrl\":\"https:\\\/\\\/nbcs.mx\\\/wp-content\\\/uploads\\\/2025\\\/05\\\/FOTO-BOLETIN-SEDIF-INVITA-scaled.jpeg\",\"datePublished\":\"2025-05-06T22:42:28+00:00\",\"breadcrumb\":{\"@id\":\"https:\\\/\\\/nbcs.mx\\\/?p=149637#breadcrumb\"},\"inLanguage\":\"es\",\"potentialAction\":[{\"@type\":\"ReadAction\",\"target\":[\"https:\\\/\\\/nbcs.mx\\\/?p=149637\"]}]},{\"@type\":\"ImageObject\",\"inLanguage\":\"es\",\"@id\":\"https:\\\/\\\/nbcs.mx\\\/?p=149637#primaryimage\",\"url\":\"https:\\\/\\\/nbcs.mx\\\/wp-content\\\/uploads\\\/2025\\\/05\\\/FOTO-BOLETIN-SEDIF-INVITA-scaled.jpeg\",\"contentUrl\":\"https:\\\/\\\/nbcs.mx\\\/wp-content\\\/uploads\\\/2025\\\/05\\\/FOTO-BOLETIN-SEDIF-INVITA-scaled.jpeg\",\"width\":2560,\"height\":1710},{\"@type\":\"BreadcrumbList\",\"@id\":\"https:\\\/\\\/nbcs.mx\\\/?p=149637#breadcrumb\",\"itemListElement\":[{\"@type\":\"ListItem\",\"position\":1,\"name\":\"Portada\",\"item\":\"https:\\\/\\\/nbcs.mx\\\/\"},{\"@type\":\"ListItem\",\"position\":2,\"name\":\"Invita el Sistema DIF a inscribirse en las Bandas de M\u00fasica en Marcha\"}]},{\"@type\":\"WebSite\",\"@id\":\"https:\\\/\\\/nbcs.mx\\\/#website\",\"url\":\"https:\\\/\\\/nbcs.mx\\\/\",\"name\":\"NBCS Noticias\",\"description\":\"Sitio web de noticias en Baja California Sur\",\"publisher\":{\"@id\":\"https:\\\/\\\/nbcs.mx\\\/#organization\"},\"potentialAction\":[{\"@type\":\"SearchAction\",\"target\":{\"@type\":\"EntryPoint\",\"urlTemplate\":\"https:\\\/\\\/nbcs.mx\\\/?s={search_term_string}\"},\"query-input\":{\"@type\":\"PropertyValueSpecification\",\"valueRequired\":true,\"valueName\":\"search_term_string\"}}],\"inLanguage\":\"es\"},{\"@type\":\"Organization\",\"@id\":\"https:\\\/\\\/nbcs.mx\\\/#organization\",\"name\":\"NBCS Noticias\",\"url\":\"https:\\\/\\\/nbcs.mx\\\/\",\"logo\":{\"@type\":\"ImageObject\",\"inLanguage\":\"es\",\"@id\":\"https:\\\/\\\/nbcs.mx\\\/#\\\/schema\\\/logo\\\/image\\\/\",\"url\":\"https:\\\/\\\/nbcs.mx\\\/wp-content\\\/uploads\\\/2018\\\/09\\\/057b69485e93575a5c2b1c1dde2dd297.jpeg\",\"contentUrl\":\"https:\\\/\\\/nbcs.mx\\\/wp-content\\\/uploads\\\/2018\\\/09\\\/057b69485e93575a5c2b1c1dde2dd297.jpeg\",\"width\":64,\"height\":64,\"caption\":\"NBCS Noticias\"},\"image\":{\"@id\":\"https:\\\/\\\/nbcs.mx\\\/#\\\/schema\\\/logo\\\/image\\\/\"},\"sameAs\":[\"https:\\\/\\\/www.facebook.com\\\/NBCSnoticias\",\"https:\\\/\\\/x.com\\\/NBCSnoticias\"]},{\"@type\":\"Person\",\"@id\":\"https:\\\/\\\/nbcs.mx\\\/#\\\/schema\\\/person\\\/ece58bab9a7c1e87a4d28ec9ecd79ff4\",\"name\":\"NBCS Noticias\",\"image\":{\"@type\":\"ImageObject\",\"inLanguage\":\"es\",\"@id\":\"https:\\\/\\\/secure.gravatar.com\\\/avatar\\\/4e52110cad1c4054b43271a0d14bbe9e2ea76aecd0e1097edfc670798d9ca1d4?s=96&d=blank&r=g\",\"url\":\"https:\\\/\\\/secure.gravatar.com\\\/avatar\\\/4e52110cad1c4054b43271a0d14bbe9e2ea76aecd0e1097edfc670798d9ca1d4?s=96&d=blank&r=g\",\"contentUrl\":\"https:\\\/\\\/secure.gravatar.com\\\/avatar\\\/4e52110cad1c4054b43271a0d14bbe9e2ea76aecd0e1097edfc670798d9ca1d4?s=96&d=blank&r=g\",\"caption\":\"NBCS Noticias\"},\"description\":\"\u00bfTienes fotos o video de alg\u00fan acto de posible negligencia, corrupci\u00f3n y abuso de autoridad? M\u00e1ndalo al WhatsApp de NBCS Noticias: 612 141 98 08\",\"sameAs\":[\"https:\\\/\\\/www.nbcs.mx\",\"https:\\\/\\\/www.facebook.com\\\/NBCSnoticias\",\"https:\\\/\\\/www.instagram.com\\\/nbcsnoticias\\\/\",\"https:\\\/\\\/x.com\\\/https:\\\/\\\/twitter.com\\\/NBCSnoticias\"]}]}<\/script>\n<!-- \/ Yoast SEO plugin. -->","yoast_head_json":{"title":"Invita el Sistema DIF a inscribirse en las Bandas de M\u00fasica en Marcha - NBCS Noticias","robots":{"index":"index","follow":"follow","max-snippet":"max-snippet:-1","max-image-preview":"max-image-preview:large","max-video-preview":"max-video-preview:-1"},"canonical":"https:\/\/nbcs.mx\/?p=149637","og_locale":"es_ES","og_type":"article","og_title":"Invita el Sistema DIF a inscribirse en las Bandas de M\u00fasica en Marcha - NBCS Noticias","og_description":"El Sistema Estatal DIF (SEDIF), a trav\u00e9s de la direcci\u00f3n de Atenci\u00f3n a Poblaci\u00f3n Prioritaria, invita a ni\u00f1as, ni\u00f1os y","og_url":"https:\/\/nbcs.mx\/?p=149637","og_site_name":"NBCS Noticias","article_publisher":"https:\/\/www.facebook.com\/NBCSnoticias","article_author":"https:\/\/www.facebook.com\/NBCSnoticias","article_published_time":"2025-05-06T22:42:28+00:00","og_image":[{"width":2560,"height":1710,"url":"https:\/\/nbcs.mx\/wp-content\/uploads\/2025\/05\/FOTO-BOLETIN-SEDIF-INVITA-scaled.jpeg","type":"image\/jpeg"}],"author":"NBCS Noticias","twitter_card":"summary_large_image","twitter_creator":"@https:\/\/twitter.com\/NBCSnoticias","twitter_site":"@NBCSnoticias","twitter_misc":{"Escrito por":"NBCS Noticias","Tiempo de lectura":"2 minutos"},"schema":{"@context":"https:\/\/schema.org","@graph":[{"@type":"Article","@id":"https:\/\/nbcs.mx\/?p=149637#article","isPartOf":{"@id":"https:\/\/nbcs.mx\/?p=149637"},"author":{"name":"NBCS Noticias","@id":"https:\/\/nbcs.mx\/#\/schema\/person\/ece58bab9a7c1e87a4d28ec9ecd79ff4"},"headline":"Invita el Sistema DIF a inscribirse en las Bandas de M\u00fasica en Marcha","datePublished":"2025-05-06T22:42:28+00:00","mainEntityOfPage":{"@id":"https:\/\/nbcs.mx\/?p=149637"},"wordCount":348,"commentCount":0,"publisher":{"@id":"https:\/\/nbcs.mx\/#organization"},"image":{"@id":"https:\/\/nbcs.mx\/?p=149637#primaryimage"},"thumbnailUrl":"https:\/\/nbcs.mx\/wp-content\/uploads\/2025\/05\/FOTO-BOLETIN-SEDIF-INVITA-scaled.jpeg","articleSection":["Noticias"],"inLanguage":"es","potentialAction":[{"@type":"CommentAction","name":"Comment","target":["https:\/\/nbcs.mx\/?p=149637#respond"]}]},{"@type":"WebPage","@id":"https:\/\/nbcs.mx\/?p=149637","url":"https:\/\/nbcs.mx\/?p=149637","name":"Invita el Sistema DIF a inscribirse en las Bandas de M\u00fasica en Marcha - NBCS Noticias","isPartOf":{"@id":"https:\/\/nbcs.mx\/#website"},"primaryImageOfPage":{"@id":"https:\/\/nbcs.mx\/?p=149637#primaryimage"},"image":{"@id":"https:\/\/nbcs.mx\/?p=149637#primaryimage"},"thumbnailUrl":"https:\/\/nbcs.mx\/wp-content\/uploads\/2025\/05\/FOTO-BOLETIN-SEDIF-INVITA-scaled.jpeg","datePublished":"2025-05-06T22:42:28+00:00","breadcrumb":{"@id":"https:\/\/nbcs.mx\/?p=149637#breadcrumb"},"inLanguage":"es","potentialAction":[{"@type":"ReadAction","target":["https:\/\/nbcs.mx\/?p=149637"]}]},{"@type":"ImageObject","inLanguage":"es","@id":"https:\/\/nbcs.mx\/?p=149637#primaryimage","url":"https:\/\/nbcs.mx\/wp-content\/uploads\/2025\/05\/FOTO-BOLETIN-SEDIF-INVITA-scaled.jpeg","contentUrl":"https:\/\/nbcs.mx\/wp-content\/uploads\/2025\/05\/FOTO-BOLETIN-SEDIF-INVITA-scaled.jpeg","width":2560,"height":1710},{"@type":"BreadcrumbList","@id":"https:\/\/nbcs.mx\/?p=149637#breadcrumb","itemListElement":[{"@type":"ListItem","position":1,"name":"Portada","item":"https:\/\/nbcs.mx\/"},{"@type":"ListItem","position":2,"name":"Invita el Sistema DIF a inscribirse en las Bandas de M\u00fasica en Marcha"}]},{"@type":"WebSite","@id":"https:\/\/nbcs.mx\/#website","url":"https:\/\/nbcs.mx\/","name":"NBCS Noticias","description":"Sitio web de noticias en Baja California Sur","publisher":{"@id":"https:\/\/nbcs.mx\/#organization"},"potentialAction":[{"@type":"SearchAction","target":{"@type":"EntryPoint","urlTemplate":"https:\/\/nbcs.mx\/?s={search_term_string}"},"query-input":{"@type":"PropertyValueSpecification","valueRequired":true,"valueName":"search_term_string"}}],"inLanguage":"es"},{"@type":"Organization","@id":"https:\/\/nbcs.mx\/#organization","name":"NBCS Noticias","url":"https:\/\/nbcs.mx\/","logo":{"@type":"ImageObject","inLanguage":"es","@id":"https:\/\/nbcs.mx\/#\/schema\/logo\/image\/","url":"https:\/\/nbcs.mx\/wp-content\/uploads\/2018\/09\/057b69485e93575a5c2b1c1dde2dd297.jpeg","contentUrl":"https:\/\/nbcs.mx\/wp-content\/uploads\/2018\/09\/057b69485e93575a5c2b1c1dde2dd297.jpeg","width":64,"height":64,"caption":"NBCS Noticias"},"image":{"@id":"https:\/\/nbcs.mx\/#\/schema\/logo\/image\/"},"sameAs":["https:\/\/www.facebook.com\/NBCSnoticias","https:\/\/x.com\/NBCSnoticias"]},{"@type":"Person","@id":"https:\/\/nbcs.mx\/#\/schema\/person\/ece58bab9a7c1e87a4d28ec9ecd79ff4","name":"NBCS Noticias","image":{"@type":"ImageObject","inLanguage":"es","@id":"https:\/\/secure.gravatar.com\/avatar\/4e52110cad1c4054b43271a0d14bbe9e2ea76aecd0e1097edfc670798d9ca1d4?s=96&d=blank&r=g","url":"https:\/\/secure.gravatar.com\/avatar\/4e52110cad1c4054b43271a0d14bbe9e2ea76aecd0e1097edfc670798d9ca1d4?s=96&d=blank&r=g","contentUrl":"https:\/\/secure.gravatar.com\/avatar\/4e52110cad1c4054b43271a0d14bbe9e2ea76aecd0e1097edfc670798d9ca1d4?s=96&d=blank&r=g","caption":"NBCS Noticias"},"description":"\u00bfTienes fotos o video de alg\u00fan acto de posible negligencia, corrupci\u00f3n y abuso de autoridad? M\u00e1ndalo al WhatsApp de NBCS Noticias: 612 141 98 08","sameAs":["https:\/\/www.nbcs.mx","https:\/\/www.facebook.com\/NBCSnoticias","https:\/\/www.instagram.com\/nbcsnoticias\/","https:\/\/x.com\/https:\/\/twitter.com\/NBCSnoticias"]}]}},"jetpack_publicize_connections":[],"jetpack_featured_media_url":"https:\/\/nbcs.mx\/wp-content\/uploads\/2025\/05\/FOTO-BOLETIN-SEDIF-INVITA-scaled.jpeg","jetpack_sharing_enabled":true,"_links":{"self":[{"href":"https:\/\/nbcs.mx\/index.php?rest_route=\/wp\/v2\/posts\/149637","targetHints":{"allow":["GET"]}}],"collection":[{"href":"https:\/\/nbcs.mx\/index.php?rest_route=\/wp\/v2\/posts"}],"about":[{"href":"https:\/\/nbcs.mx\/index.php?rest_route=\/wp\/v2\/types\/post"}],"author":[{"embeddable":true,"href":"https:\/\/nbcs.mx\/index.php?rest_route=\/wp\/v2\/users\/1"}],"replies":[{"embeddable":true,"href":"https:\/\/nbcs.mx\/index.php?rest_route=%2Fwp%2Fv2%2Fcomments&post=149637"}],"version-history":[{"count":1,"href":"https:\/\/nbcs.mx\/index.php?rest_route=\/wp\/v2\/posts\/149637\/revisions"}],"predecessor-version":[{"id":149639,"href":"https:\/\/nbcs.mx\/index.php?rest_route=\/wp\/v2\/posts\/149637\/revisions\/149639"}],"wp:featuredmedia":[{"embeddable":true,"href":"https:\/\/nbcs.mx\/index.php?rest_route=\/wp\/v2\/media\/149638"}],"wp:attachment":[{"href":"https:\/\/nbcs.mx\/index.php?rest_route=%2Fwp%2Fv2%2Fmedia&parent=149637"}],"wp:term":[{"taxonomy":"category","embeddable":true,"href":"https:\/\/nbcs.mx\/index.php?rest_route=%2Fwp%2Fv2%2Fcategories&post=149637"},{"taxonomy":"post_tag","embeddable":true,"href":"https:\/\/nbcs.mx\/index.php?rest_route=%2Fwp%2Fv2%2Ftags&post=149637"}],"curies":[{"name":"wp","href":"https:\/\/api.w.org\/{rel}","templated":true}]}}