{"id":149640,"date":"2025-05-06T16:43:30","date_gmt":"2025-05-06T22:43:30","guid":{"rendered":"https:\/\/nbcs.mx\/?p=149640"},"modified":"2025-05-06T16:43:30","modified_gmt":"2025-05-06T22:43:30","slug":"reforzaran-bcs-y-bc-acciones-para-fortalecer-la-seguridad-y-la-paz-social","status":"publish","type":"post","link":"https:\/\/nbcs.mx\/?p=149640","title":{"rendered":"Reforzar\u00e1n BCS y BC acciones para fortalecer la seguridad y la paz social"},"content":{"rendered":"<p style=\"font-weight: 400; text-align: justify;\"><img loading=\"lazy\" decoding=\"async\" class=\" wp-image-149641 alignleft\" src=\"https:\/\/nbcs.mx\/wp-content\/uploads\/2025\/05\/FOTO1-BOLETIN-0146-VMCC-REFORZARAN-755x439.jpeg\" alt=\"\" width=\"420\" height=\"244\" srcset=\"https:\/\/nbcs.mx\/wp-content\/uploads\/2025\/05\/FOTO1-BOLETIN-0146-VMCC-REFORZARAN-755x439.jpeg 755w, https:\/\/nbcs.mx\/wp-content\/uploads\/2025\/05\/FOTO1-BOLETIN-0146-VMCC-REFORZARAN-1024x595.jpeg 1024w, https:\/\/nbcs.mx\/wp-content\/uploads\/2025\/05\/FOTO1-BOLETIN-0146-VMCC-REFORZARAN-150x87.jpeg 150w, https:\/\/nbcs.mx\/wp-content\/uploads\/2025\/05\/FOTO1-BOLETIN-0146-VMCC-REFORZARAN-768x446.jpeg 768w, https:\/\/nbcs.mx\/wp-content\/uploads\/2025\/05\/FOTO1-BOLETIN-0146-VMCC-REFORZARAN.jpeg 1500w\" sizes=\"auto, (max-width: 420px) 100vw, 420px\" \/>En el marco de la Mesa de Seguridad Interestatal de Coordinaci\u00f3n para la Construcci\u00f3n de la Paz y Seguridad de los estados de Baja California y Baja California Sur, acordaron ampliar las acciones para atender las causas de los delitos y reforzar las estrategias encaminadas a inhibir y prevenir la violencia, inform\u00f3 el gobernador V\u00edctor Manuel Castro Cos\u00edo.<\/p>\n<p style=\"font-weight: 400; text-align: justify;\">\n<p style=\"font-weight: 400; text-align: justify;\">Al reunirse en Guerrero Negro, municipio de Muleg\u00e9, con representantes de ambas entidades, Ej\u00e9rcito Mexicano, Secretar\u00eda de Marina, Guardia Nacional y las Secretar\u00edas de Seguridad P\u00fablica, el mandatario estatal estableci\u00f3 que este encuentro surge de los acontecimientos violentos originados en las \u00faltimas semanas, que han dejado como resultado diversas detenciones, decomisos de droga, armas de fuego y veh\u00edculos, en el marco de la Estrategia Nacional de Seguridad.<\/p>\n<p style=\"font-weight: 400; text-align: justify;\">\n<p style=\"font-weight: 400; text-align: justify;\">Durante la reuni\u00f3n, establecieron reforzar los operativos en zonas estrat\u00e9gicas, as\u00ed como optimizar el uso de la tecnolog\u00eda y c\u00e1maras de vigilancia para una respuesta m\u00e1s eficaz ante cualquier incidente, fortaleciendo con ello la cooperaci\u00f3n entre ambas entidades.<\/p>\n<p style=\"font-weight: 400; text-align: justify;\">\n<p style=\"font-weight: 400; text-align: justify;\">Adem\u00e1s de permitir la coordinaci\u00f3n e informaci\u00f3n de manera directa los trabajos a realizarse para blindar a los estados y combatir de manera frontal este tipo de hechos, del cual es crucial el despliegue de las Fuerzas Armadas en apoyo a las corporaciones de seguridad locales en todas las localidades.<\/p>\n<p style=\"font-weight: 400; text-align: justify;\">\n<p style=\"font-weight: 400; text-align: justify;\">\u201cSe continuar\u00e1n aplicando acciones para traer la paz social a los habitantes de Baja California Sur, consolidando la coordinaci\u00f3n entre los tres \u00f3rdenes de gobierno, as\u00ed como las estrategias para mantener la seguridad de las familias sudcalifornianas\u201d, enfatiz\u00f3 el gobernador V\u00edctor Castro Cos\u00edo.<\/p>\n","protected":false},"excerpt":{"rendered":"<p>En el marco de la Mesa de Seguridad Interestatal de Coordinaci\u00f3n para la Construcci\u00f3n de la Paz y Seguridad de<\/p>\n","protected":false},"author":1,"featured_media":149641,"comment_status":"open","ping_status":"closed","sticky":false,"template":"","format":"standard","meta":{"colormag_page_container_layout":"default_layout","colormag_page_sidebar_layout":"default_layout","_jetpack_memberships_contains_paid_content":false,"footnotes":"","jetpack_publicize_message":"","jetpack_publicize_feature_enabled":true,"jetpack_social_post_already_shared":true,"jetpack_social_options":{"image_generator_settings":{"template":"highway","default_image_id":0,"font":"","enabled":false},"version":2}},"categories":[1],"tags":[],"class_list":["post-149640","post","type-post","status-publish","format-standard","has-post-thumbnail","hentry","category-noticias"],"yoast_head":"<!-- This site is optimized with the Yoast SEO plugin v27.4 - https:\/\/yoast.com\/product\/yoast-seo-wordpress\/ -->\n<title>Reforzar\u00e1n BCS y BC acciones para fortalecer la seguridad y la paz social - NBCS Noticias<\/title>\n<meta name=\"robots\" content=\"index, follow, max-snippet:-1, max-image-preview:large, max-video-preview:-1\" \/>\n<link rel=\"canonical\" href=\"https:\/\/nbcs.mx\/?p=149640\" \/>\n<meta property=\"og:locale\" content=\"es_ES\" \/>\n<meta property=\"og:type\" content=\"article\" \/>\n<meta property=\"og:title\" content=\"Reforzar\u00e1n BCS y BC acciones para fortalecer la seguridad y la paz social - NBCS Noticias\" \/>\n<meta property=\"og:description\" content=\"En el marco de la Mesa de Seguridad Interestatal de Coordinaci\u00f3n para la Construcci\u00f3n de la Paz y Seguridad de\" \/>\n<meta property=\"og:url\" content=\"https:\/\/nbcs.mx\/?p=149640\" \/>\n<meta property=\"og:site_name\" content=\"NBCS Noticias\" \/>\n<meta property=\"article:publisher\" content=\"https:\/\/www.facebook.com\/NBCSnoticias\" \/>\n<meta property=\"article:author\" content=\"https:\/\/www.facebook.com\/NBCSnoticias\" \/>\n<meta property=\"article:published_time\" content=\"2025-05-06T22:43:30+00:00\" \/>\n<meta property=\"og:image\" content=\"https:\/\/nbcs.mx\/wp-content\/uploads\/2025\/05\/FOTO1-BOLETIN-0146-VMCC-REFORZARAN.jpeg\" \/>\n\t<meta property=\"og:image:width\" content=\"1500\" \/>\n\t<meta property=\"og:image:height\" content=\"872\" \/>\n\t<meta property=\"og:image:type\" content=\"image\/jpeg\" \/>\n<meta name=\"author\" content=\"NBCS Noticias\" \/>\n<meta name=\"twitter:card\" content=\"summary_large_image\" \/>\n<meta name=\"twitter:creator\" content=\"@https:\/\/twitter.com\/NBCSnoticias\" \/>\n<meta name=\"twitter:site\" content=\"@NBCSnoticias\" \/>\n<meta name=\"twitter:label1\" content=\"Escrito por\" \/>\n\t<meta name=\"twitter:data1\" content=\"NBCS Noticias\" \/>\n\t<meta name=\"twitter:label2\" content=\"Tiempo de lectura\" \/>\n\t<meta name=\"twitter:data2\" content=\"2 minutos\" \/>\n<script type=\"application\/ld+json\" class=\"yoast-schema-graph\">{\"@context\":\"https:\\\/\\\/schema.org\",\"@graph\":[{\"@type\":\"Article\",\"@id\":\"https:\\\/\\\/nbcs.mx\\\/?p=149640#article\",\"isPartOf\":{\"@id\":\"https:\\\/\\\/nbcs.mx\\\/?p=149640\"},\"author\":{\"name\":\"NBCS Noticias\",\"@id\":\"https:\\\/\\\/nbcs.mx\\\/#\\\/schema\\\/person\\\/ece58bab9a7c1e87a4d28ec9ecd79ff4\"},\"headline\":\"Reforzar\u00e1n BCS y BC acciones para fortalecer la seguridad y la paz social\",\"datePublished\":\"2025-05-06T22:43:30+00:00\",\"mainEntityOfPage\":{\"@id\":\"https:\\\/\\\/nbcs.mx\\\/?p=149640\"},\"wordCount\":292,\"commentCount\":0,\"publisher\":{\"@id\":\"https:\\\/\\\/nbcs.mx\\\/#organization\"},\"image\":{\"@id\":\"https:\\\/\\\/nbcs.mx\\\/?p=149640#primaryimage\"},\"thumbnailUrl\":\"https:\\\/\\\/nbcs.mx\\\/wp-content\\\/uploads\\\/2025\\\/05\\\/FOTO1-BOLETIN-0146-VMCC-REFORZARAN.jpeg\",\"articleSection\":[\"Noticias\"],\"inLanguage\":\"es\",\"potentialAction\":[{\"@type\":\"CommentAction\",\"name\":\"Comment\",\"target\":[\"https:\\\/\\\/nbcs.mx\\\/?p=149640#respond\"]}]},{\"@type\":\"WebPage\",\"@id\":\"https:\\\/\\\/nbcs.mx\\\/?p=149640\",\"url\":\"https:\\\/\\\/nbcs.mx\\\/?p=149640\",\"name\":\"Reforzar\u00e1n BCS y BC acciones para fortalecer la seguridad y la paz social - NBCS Noticias\",\"isPartOf\":{\"@id\":\"https:\\\/\\\/nbcs.mx\\\/#website\"},\"primaryImageOfPage\":{\"@id\":\"https:\\\/\\\/nbcs.mx\\\/?p=149640#primaryimage\"},\"image\":{\"@id\":\"https:\\\/\\\/nbcs.mx\\\/?p=149640#primaryimage\"},\"thumbnailUrl\":\"https:\\\/\\\/nbcs.mx\\\/wp-content\\\/uploads\\\/2025\\\/05\\\/FOTO1-BOLETIN-0146-VMCC-REFORZARAN.jpeg\",\"datePublished\":\"2025-05-06T22:43:30+00:00\",\"breadcrumb\":{\"@id\":\"https:\\\/\\\/nbcs.mx\\\/?p=149640#breadcrumb\"},\"inLanguage\":\"es\",\"potentialAction\":[{\"@type\":\"ReadAction\",\"target\":[\"https:\\\/\\\/nbcs.mx\\\/?p=149640\"]}]},{\"@type\":\"ImageObject\",\"inLanguage\":\"es\",\"@id\":\"https:\\\/\\\/nbcs.mx\\\/?p=149640#primaryimage\",\"url\":\"https:\\\/\\\/nbcs.mx\\\/wp-content\\\/uploads\\\/2025\\\/05\\\/FOTO1-BOLETIN-0146-VMCC-REFORZARAN.jpeg\",\"contentUrl\":\"https:\\\/\\\/nbcs.mx\\\/wp-content\\\/uploads\\\/2025\\\/05\\\/FOTO1-BOLETIN-0146-VMCC-REFORZARAN.jpeg\",\"width\":1500,\"height\":872},{\"@type\":\"BreadcrumbList\",\"@id\":\"https:\\\/\\\/nbcs.mx\\\/?p=149640#breadcrumb\",\"itemListElement\":[{\"@type\":\"ListItem\",\"position\":1,\"name\":\"Portada\",\"item\":\"https:\\\/\\\/nbcs.mx\\\/\"},{\"@type\":\"ListItem\",\"position\":2,\"name\":\"Reforzar\u00e1n BCS y BC acciones para fortalecer la seguridad y la paz social\"}]},{\"@type\":\"WebSite\",\"@id\":\"https:\\\/\\\/nbcs.mx\\\/#website\",\"url\":\"https:\\\/\\\/nbcs.mx\\\/\",\"name\":\"NBCS Noticias\",\"description\":\"Sitio web de noticias en Baja California Sur\",\"publisher\":{\"@id\":\"https:\\\/\\\/nbcs.mx\\\/#organization\"},\"potentialAction\":[{\"@type\":\"SearchAction\",\"target\":{\"@type\":\"EntryPoint\",\"urlTemplate\":\"https:\\\/\\\/nbcs.mx\\\/?s={search_term_string}\"},\"query-input\":{\"@type\":\"PropertyValueSpecification\",\"valueRequired\":true,\"valueName\":\"search_term_string\"}}],\"inLanguage\":\"es\"},{\"@type\":\"Organization\",\"@id\":\"https:\\\/\\\/nbcs.mx\\\/#organization\",\"name\":\"NBCS Noticias\",\"url\":\"https:\\\/\\\/nbcs.mx\\\/\",\"logo\":{\"@type\":\"ImageObject\",\"inLanguage\":\"es\",\"@id\":\"https:\\\/\\\/nbcs.mx\\\/#\\\/schema\\\/logo\\\/image\\\/\",\"url\":\"https:\\\/\\\/nbcs.mx\\\/wp-content\\\/uploads\\\/2018\\\/09\\\/057b69485e93575a5c2b1c1dde2dd297.jpeg\",\"contentUrl\":\"https:\\\/\\\/nbcs.mx\\\/wp-content\\\/uploads\\\/2018\\\/09\\\/057b69485e93575a5c2b1c1dde2dd297.jpeg\",\"width\":64,\"height\":64,\"caption\":\"NBCS Noticias\"},\"image\":{\"@id\":\"https:\\\/\\\/nbcs.mx\\\/#\\\/schema\\\/logo\\\/image\\\/\"},\"sameAs\":[\"https:\\\/\\\/www.facebook.com\\\/NBCSnoticias\",\"https:\\\/\\\/x.com\\\/NBCSnoticias\"]},{\"@type\":\"Person\",\"@id\":\"https:\\\/\\\/nbcs.mx\\\/#\\\/schema\\\/person\\\/ece58bab9a7c1e87a4d28ec9ecd79ff4\",\"name\":\"NBCS Noticias\",\"image\":{\"@type\":\"ImageObject\",\"inLanguage\":\"es\",\"@id\":\"https:\\\/\\\/secure.gravatar.com\\\/avatar\\\/4e52110cad1c4054b43271a0d14bbe9e2ea76aecd0e1097edfc670798d9ca1d4?s=96&d=blank&r=g\",\"url\":\"https:\\\/\\\/secure.gravatar.com\\\/avatar\\\/4e52110cad1c4054b43271a0d14bbe9e2ea76aecd0e1097edfc670798d9ca1d4?s=96&d=blank&r=g\",\"contentUrl\":\"https:\\\/\\\/secure.gravatar.com\\\/avatar\\\/4e52110cad1c4054b43271a0d14bbe9e2ea76aecd0e1097edfc670798d9ca1d4?s=96&d=blank&r=g\",\"caption\":\"NBCS Noticias\"},\"description\":\"\u00bfTienes fotos o video de alg\u00fan acto de posible negligencia, corrupci\u00f3n y abuso de autoridad? M\u00e1ndalo al WhatsApp de NBCS Noticias: 612 141 98 08\",\"sameAs\":[\"https:\\\/\\\/www.nbcs.mx\",\"https:\\\/\\\/www.facebook.com\\\/NBCSnoticias\",\"https:\\\/\\\/www.instagram.com\\\/nbcsnoticias\\\/\",\"https:\\\/\\\/x.com\\\/https:\\\/\\\/twitter.com\\\/NBCSnoticias\"]}]}<\/script>\n<!-- \/ Yoast SEO plugin. -->","yoast_head_json":{"title":"Reforzar\u00e1n BCS y BC acciones para fortalecer la seguridad y la paz social - NBCS Noticias","robots":{"index":"index","follow":"follow","max-snippet":"max-snippet:-1","max-image-preview":"max-image-preview:large","max-video-preview":"max-video-preview:-1"},"canonical":"https:\/\/nbcs.mx\/?p=149640","og_locale":"es_ES","og_type":"article","og_title":"Reforzar\u00e1n BCS y BC acciones para fortalecer la seguridad y la paz social - NBCS Noticias","og_description":"En el marco de la Mesa de Seguridad Interestatal de Coordinaci\u00f3n para la Construcci\u00f3n de la Paz y Seguridad de","og_url":"https:\/\/nbcs.mx\/?p=149640","og_site_name":"NBCS Noticias","article_publisher":"https:\/\/www.facebook.com\/NBCSnoticias","article_author":"https:\/\/www.facebook.com\/NBCSnoticias","article_published_time":"2025-05-06T22:43:30+00:00","og_image":[{"width":1500,"height":872,"url":"https:\/\/nbcs.mx\/wp-content\/uploads\/2025\/05\/FOTO1-BOLETIN-0146-VMCC-REFORZARAN.jpeg","type":"image\/jpeg"}],"author":"NBCS Noticias","twitter_card":"summary_large_image","twitter_creator":"@https:\/\/twitter.com\/NBCSnoticias","twitter_site":"@NBCSnoticias","twitter_misc":{"Escrito por":"NBCS Noticias","Tiempo de lectura":"2 minutos"},"schema":{"@context":"https:\/\/schema.org","@graph":[{"@type":"Article","@id":"https:\/\/nbcs.mx\/?p=149640#article","isPartOf":{"@id":"https:\/\/nbcs.mx\/?p=149640"},"author":{"name":"NBCS Noticias","@id":"https:\/\/nbcs.mx\/#\/schema\/person\/ece58bab9a7c1e87a4d28ec9ecd79ff4"},"headline":"Reforzar\u00e1n BCS y BC acciones para fortalecer la seguridad y la paz social","datePublished":"2025-05-06T22:43:30+00:00","mainEntityOfPage":{"@id":"https:\/\/nbcs.mx\/?p=149640"},"wordCount":292,"commentCount":0,"publisher":{"@id":"https:\/\/nbcs.mx\/#organization"},"image":{"@id":"https:\/\/nbcs.mx\/?p=149640#primaryimage"},"thumbnailUrl":"https:\/\/nbcs.mx\/wp-content\/uploads\/2025\/05\/FOTO1-BOLETIN-0146-VMCC-REFORZARAN.jpeg","articleSection":["Noticias"],"inLanguage":"es","potentialAction":[{"@type":"CommentAction","name":"Comment","target":["https:\/\/nbcs.mx\/?p=149640#respond"]}]},{"@type":"WebPage","@id":"https:\/\/nbcs.mx\/?p=149640","url":"https:\/\/nbcs.mx\/?p=149640","name":"Reforzar\u00e1n BCS y BC acciones para fortalecer la seguridad y la paz social - NBCS Noticias","isPartOf":{"@id":"https:\/\/nbcs.mx\/#website"},"primaryImageOfPage":{"@id":"https:\/\/nbcs.mx\/?p=149640#primaryimage"},"image":{"@id":"https:\/\/nbcs.mx\/?p=149640#primaryimage"},"thumbnailUrl":"https:\/\/nbcs.mx\/wp-content\/uploads\/2025\/05\/FOTO1-BOLETIN-0146-VMCC-REFORZARAN.jpeg","datePublished":"2025-05-06T22:43:30+00:00","breadcrumb":{"@id":"https:\/\/nbcs.mx\/?p=149640#breadcrumb"},"inLanguage":"es","potentialAction":[{"@type":"ReadAction","target":["https:\/\/nbcs.mx\/?p=149640"]}]},{"@type":"ImageObject","inLanguage":"es","@id":"https:\/\/nbcs.mx\/?p=149640#primaryimage","url":"https:\/\/nbcs.mx\/wp-content\/uploads\/2025\/05\/FOTO1-BOLETIN-0146-VMCC-REFORZARAN.jpeg","contentUrl":"https:\/\/nbcs.mx\/wp-content\/uploads\/2025\/05\/FOTO1-BOLETIN-0146-VMCC-REFORZARAN.jpeg","width":1500,"height":872},{"@type":"BreadcrumbList","@id":"https:\/\/nbcs.mx\/?p=149640#breadcrumb","itemListElement":[{"@type":"ListItem","position":1,"name":"Portada","item":"https:\/\/nbcs.mx\/"},{"@type":"ListItem","position":2,"name":"Reforzar\u00e1n BCS y BC acciones para fortalecer la seguridad y la paz social"}]},{"@type":"WebSite","@id":"https:\/\/nbcs.mx\/#website","url":"https:\/\/nbcs.mx\/","name":"NBCS Noticias","description":"Sitio web de noticias en Baja California Sur","publisher":{"@id":"https:\/\/nbcs.mx\/#organization"},"potentialAction":[{"@type":"SearchAction","target":{"@type":"EntryPoint","urlTemplate":"https:\/\/nbcs.mx\/?s={search_term_string}"},"query-input":{"@type":"PropertyValueSpecification","valueRequired":true,"valueName":"search_term_string"}}],"inLanguage":"es"},{"@type":"Organization","@id":"https:\/\/nbcs.mx\/#organization","name":"NBCS Noticias","url":"https:\/\/nbcs.mx\/","logo":{"@type":"ImageObject","inLanguage":"es","@id":"https:\/\/nbcs.mx\/#\/schema\/logo\/image\/","url":"https:\/\/nbcs.mx\/wp-content\/uploads\/2018\/09\/057b69485e93575a5c2b1c1dde2dd297.jpeg","contentUrl":"https:\/\/nbcs.mx\/wp-content\/uploads\/2018\/09\/057b69485e93575a5c2b1c1dde2dd297.jpeg","width":64,"height":64,"caption":"NBCS Noticias"},"image":{"@id":"https:\/\/nbcs.mx\/#\/schema\/logo\/image\/"},"sameAs":["https:\/\/www.facebook.com\/NBCSnoticias","https:\/\/x.com\/NBCSnoticias"]},{"@type":"Person","@id":"https:\/\/nbcs.mx\/#\/schema\/person\/ece58bab9a7c1e87a4d28ec9ecd79ff4","name":"NBCS Noticias","image":{"@type":"ImageObject","inLanguage":"es","@id":"https:\/\/secure.gravatar.com\/avatar\/4e52110cad1c4054b43271a0d14bbe9e2ea76aecd0e1097edfc670798d9ca1d4?s=96&d=blank&r=g","url":"https:\/\/secure.gravatar.com\/avatar\/4e52110cad1c4054b43271a0d14bbe9e2ea76aecd0e1097edfc670798d9ca1d4?s=96&d=blank&r=g","contentUrl":"https:\/\/secure.gravatar.com\/avatar\/4e52110cad1c4054b43271a0d14bbe9e2ea76aecd0e1097edfc670798d9ca1d4?s=96&d=blank&r=g","caption":"NBCS Noticias"},"description":"\u00bfTienes fotos o video de alg\u00fan acto de posible negligencia, corrupci\u00f3n y abuso de autoridad? M\u00e1ndalo al WhatsApp de NBCS Noticias: 612 141 98 08","sameAs":["https:\/\/www.nbcs.mx","https:\/\/www.facebook.com\/NBCSnoticias","https:\/\/www.instagram.com\/nbcsnoticias\/","https:\/\/x.com\/https:\/\/twitter.com\/NBCSnoticias"]}]}},"jetpack_publicize_connections":[],"jetpack_featured_media_url":"https:\/\/nbcs.mx\/wp-content\/uploads\/2025\/05\/FOTO1-BOLETIN-0146-VMCC-REFORZARAN.jpeg","jetpack_sharing_enabled":true,"_links":{"self":[{"href":"https:\/\/nbcs.mx\/index.php?rest_route=\/wp\/v2\/posts\/149640","targetHints":{"allow":["GET"]}}],"collection":[{"href":"https:\/\/nbcs.mx\/index.php?rest_route=\/wp\/v2\/posts"}],"about":[{"href":"https:\/\/nbcs.mx\/index.php?rest_route=\/wp\/v2\/types\/post"}],"author":[{"embeddable":true,"href":"https:\/\/nbcs.mx\/index.php?rest_route=\/wp\/v2\/users\/1"}],"replies":[{"embeddable":true,"href":"https:\/\/nbcs.mx\/index.php?rest_route=%2Fwp%2Fv2%2Fcomments&post=149640"}],"version-history":[{"count":1,"href":"https:\/\/nbcs.mx\/index.php?rest_route=\/wp\/v2\/posts\/149640\/revisions"}],"predecessor-version":[{"id":149642,"href":"https:\/\/nbcs.mx\/index.php?rest_route=\/wp\/v2\/posts\/149640\/revisions\/149642"}],"wp:featuredmedia":[{"embeddable":true,"href":"https:\/\/nbcs.mx\/index.php?rest_route=\/wp\/v2\/media\/149641"}],"wp:attachment":[{"href":"https:\/\/nbcs.mx\/index.php?rest_route=%2Fwp%2Fv2%2Fmedia&parent=149640"}],"wp:term":[{"taxonomy":"category","embeddable":true,"href":"https:\/\/nbcs.mx\/index.php?rest_route=%2Fwp%2Fv2%2Fcategories&post=149640"},{"taxonomy":"post_tag","embeddable":true,"href":"https:\/\/nbcs.mx\/index.php?rest_route=%2Fwp%2Fv2%2Ftags&post=149640"}],"curies":[{"name":"wp","href":"https:\/\/api.w.org\/{rel}","templated":true}]}}