{"id":149665,"date":"2025-05-06T21:37:12","date_gmt":"2025-05-07T03:37:12","guid":{"rendered":"https:\/\/nbcs.mx\/?p=149665"},"modified":"2025-05-06T21:37:12","modified_gmt":"2025-05-07T03:37:12","slug":"las-y-los-trabajadores-son-los-cimientos-del-quehacer-legislativo-eduardo-van-wormer","status":"publish","type":"post","link":"https:\/\/nbcs.mx\/?p=149665","title":{"rendered":"Las y los trabajadores son los cimientos del quehacer legislativo: Eduardo Van Wormer"},"content":{"rendered":"<p style=\"font-weight: 400; text-align: justify;\"><img loading=\"lazy\" decoding=\"async\" class=\" wp-image-149666 alignleft\" src=\"https:\/\/nbcs.mx\/wp-content\/uploads\/2025\/05\/RECONOCIMIENTOS-SINDICALIZADOS-250506-6-739x492.jpg\" alt=\"\" width=\"342\" height=\"228\" srcset=\"https:\/\/nbcs.mx\/wp-content\/uploads\/2025\/05\/RECONOCIMIENTOS-SINDICALIZADOS-250506-6-739x492.jpg 739w, https:\/\/nbcs.mx\/wp-content\/uploads\/2025\/05\/RECONOCIMIENTOS-SINDICALIZADOS-250506-6-1024x681.jpg 1024w, https:\/\/nbcs.mx\/wp-content\/uploads\/2025\/05\/RECONOCIMIENTOS-SINDICALIZADOS-250506-6-150x100.jpg 150w, https:\/\/nbcs.mx\/wp-content\/uploads\/2025\/05\/RECONOCIMIENTOS-SINDICALIZADOS-250506-6-768x511.jpg 768w, https:\/\/nbcs.mx\/wp-content\/uploads\/2025\/05\/RECONOCIMIENTOS-SINDICALIZADOS-250506-6-1536x1022.jpg 1536w, https:\/\/nbcs.mx\/wp-content\/uploads\/2025\/05\/RECONOCIMIENTOS-SINDICALIZADOS-250506-6-2048x1363.jpg 2048w\" sizes=\"auto, (max-width: 342px) 100vw, 342px\" \/>El esfuerzo compromiso y entrega que han dedicado durante 30, 25,20, 15 y 10 a\u00f1os de trabajo ininterrumpido, no s\u00f3lo ha sido la clave para el buen funcionamiento del Congreso del Estado sino ha fortalecido los cimientos de nuestro quehacer legislativo, expres\u00f3 hoy el diputado Eduardo Van Wormer Castro, presidente de la Junta de Gobierno y Coordinaci\u00f3n Pol\u00edtica de la XVII Legislatura, al presidir la entrega de reconocimientos a personal sindicalizado.<\/p>\n<p style=\"font-weight: 400; text-align: justify;\">\n<p style=\"font-weight: 400; text-align: justify;\">La ceremonia que se desarroll\u00f3 esta ma\u00f1ana en la Sala de Comisiones Armando Aguilar Paniagua, reuni\u00f3 a los l\u00edderes sindicales del Estado, Marco Antonio Cota Aguilar; de la Secci\u00f3n La Paz, Alejandro Solache Rivera, Mary Karmen Z\u00fa\u00f1iga Ojeda, lideresa sindical del Congreso; Adri\u00e1n Ch\u00e1vez Ruiz, Oficial Mayor del Poder Legislativo, al igual que trabajadores y trabajadoras; familiares y amigos de los festejados.<\/p>\n<p style=\"font-weight: 400; text-align: justify;\">\n<p style=\"font-weight: 400; text-align: justify;\">En su intervenci\u00f3n, la lideresa sindical Mary Karmen Z\u00fa\u00f1iga, luego de reconocer a sus compa\u00f1eros y compa\u00f1eras, los inst\u00f3 a continuar trabajando con disciplina, esfuerzo y entrega d\u00eda a d\u00eda, para fortalecer la imagen institucional.<\/p>\n<p style=\"font-weight: 400; text-align: justify;\">En su turno, los secretarios del Comit\u00e9 Ejecutivo Estatal y municipal del Sindicato de Bur\u00f3cratas, Marco Antonio Cota Aguilar y Alejandro Solache Rivera respectivamente, coincidieron en que cada trabajador y trabajadora tiene una val\u00eda, responsabilidad y compromiso para con la instituci\u00f3n y su trabajo y esfuerzo, sin duda es un ejemplo para sus hijos e hijas.<\/p>\n<p style=\"font-weight: 400; text-align: justify;\">\n<p style=\"font-weight: 400; text-align: justify;\">En ese contexto, por 30 a\u00f1os de servicio, recibieron reconocimiento: Luis Jim\u00e9nez Gonz\u00e1lez del Valle; por 25 a\u00f1os, Mario Alberto Beltr\u00e1n Aguilar, Mar\u00eda Elena Guill\u00e9n Graciano; Eladio M\u00e9ndez Valenzuela; Mar\u00eda Luisa Vega S\u00e1nchez y Juan Francisco Morales Cota. Por 20 a\u00f1os: Yadira Acevedo Cota; Gladys Ivonne Lucero Olachea; Libia Yolanda Vargas Galv\u00e1n y Mar\u00eda del Roc\u00edo Pimentel Mendoza. Por 15 a\u00f1os: Minerva Aguilar M\u00e1rquez; Alan Alexis Cobos; y Liliana Sarah\u00ed Garc\u00eda Gil; y por cumplir 10 a\u00f1os de servicio recibi\u00f3 reconocimiento Mart\u00edn Antonio Collins Mendoza.<\/p>\n","protected":false},"excerpt":{"rendered":"<p>El esfuerzo compromiso y entrega que han dedicado durante 30, 25,20, 15 y 10 a\u00f1os de trabajo ininterrumpido, no s\u00f3lo<\/p>\n","protected":false},"author":1,"featured_media":149666,"comment_status":"open","ping_status":"closed","sticky":false,"template":"","format":"standard","meta":{"colormag_page_container_layout":"default_layout","colormag_page_sidebar_layout":"default_layout","_jetpack_memberships_contains_paid_content":false,"footnotes":"","jetpack_publicize_message":"","jetpack_publicize_feature_enabled":true,"jetpack_social_post_already_shared":true,"jetpack_social_options":{"image_generator_settings":{"template":"highway","default_image_id":0,"font":"","enabled":false},"version":2}},"categories":[48],"tags":[],"class_list":["post-149665","post","type-post","status-publish","format-standard","has-post-thumbnail","hentry","category-congreso-de-bcs"],"yoast_head":"<!-- This site is optimized with the Yoast SEO plugin v27.5 - https:\/\/yoast.com\/product\/yoast-seo-wordpress\/ -->\n<title>Las y los trabajadores son los cimientos del quehacer legislativo: Eduardo Van Wormer - NBCS Noticias<\/title>\n<meta name=\"robots\" content=\"index, follow, max-snippet:-1, max-image-preview:large, max-video-preview:-1\" \/>\n<link rel=\"canonical\" href=\"https:\/\/nbcs.mx\/?p=149665\" \/>\n<meta property=\"og:locale\" content=\"es_ES\" \/>\n<meta property=\"og:type\" content=\"article\" \/>\n<meta property=\"og:title\" content=\"Las y los trabajadores son los cimientos del quehacer legislativo: Eduardo Van Wormer - NBCS Noticias\" \/>\n<meta property=\"og:description\" content=\"El esfuerzo compromiso y entrega que han dedicado durante 30, 25,20, 15 y 10 a\u00f1os de trabajo ininterrumpido, no s\u00f3lo\" \/>\n<meta property=\"og:url\" content=\"https:\/\/nbcs.mx\/?p=149665\" \/>\n<meta property=\"og:site_name\" content=\"NBCS Noticias\" \/>\n<meta property=\"article:publisher\" content=\"https:\/\/www.facebook.com\/NBCSnoticias\" \/>\n<meta property=\"article:author\" content=\"https:\/\/www.facebook.com\/NBCSnoticias\" \/>\n<meta property=\"article:published_time\" content=\"2025-05-07T03:37:12+00:00\" \/>\n<meta property=\"og:image\" content=\"https:\/\/nbcs.mx\/wp-content\/uploads\/2025\/05\/RECONOCIMIENTOS-SINDICALIZADOS-250506-6-scaled.jpg\" \/>\n\t<meta property=\"og:image:width\" content=\"2560\" \/>\n\t<meta property=\"og:image:height\" content=\"1703\" \/>\n\t<meta property=\"og:image:type\" content=\"image\/jpeg\" \/>\n<meta name=\"author\" content=\"NBCS Noticias\" \/>\n<meta name=\"twitter:card\" content=\"summary_large_image\" \/>\n<meta name=\"twitter:creator\" content=\"@https:\/\/twitter.com\/NBCSnoticias\" \/>\n<meta name=\"twitter:site\" content=\"@NBCSnoticias\" \/>\n<meta name=\"twitter:label1\" content=\"Escrito por\" \/>\n\t<meta name=\"twitter:data1\" content=\"NBCS Noticias\" \/>\n\t<meta name=\"twitter:label2\" content=\"Tiempo de lectura\" \/>\n\t<meta name=\"twitter:data2\" content=\"2 minutos\" \/>\n<script type=\"application\/ld+json\" class=\"yoast-schema-graph\">{\"@context\":\"https:\\\/\\\/schema.org\",\"@graph\":[{\"@type\":\"Article\",\"@id\":\"https:\\\/\\\/nbcs.mx\\\/?p=149665#article\",\"isPartOf\":{\"@id\":\"https:\\\/\\\/nbcs.mx\\\/?p=149665\"},\"author\":{\"name\":\"NBCS Noticias\",\"@id\":\"https:\\\/\\\/nbcs.mx\\\/#\\\/schema\\\/person\\\/ece58bab9a7c1e87a4d28ec9ecd79ff4\"},\"headline\":\"Las y los trabajadores son los cimientos del quehacer legislativo: Eduardo Van Wormer\",\"datePublished\":\"2025-05-07T03:37:12+00:00\",\"mainEntityOfPage\":{\"@id\":\"https:\\\/\\\/nbcs.mx\\\/?p=149665\"},\"wordCount\":351,\"commentCount\":0,\"publisher\":{\"@id\":\"https:\\\/\\\/nbcs.mx\\\/#organization\"},\"image\":{\"@id\":\"https:\\\/\\\/nbcs.mx\\\/?p=149665#primaryimage\"},\"thumbnailUrl\":\"https:\\\/\\\/nbcs.mx\\\/wp-content\\\/uploads\\\/2025\\\/05\\\/RECONOCIMIENTOS-SINDICALIZADOS-250506-6-scaled.jpg\",\"articleSection\":[\"Congreso de BCS\"],\"inLanguage\":\"es\",\"potentialAction\":[{\"@type\":\"CommentAction\",\"name\":\"Comment\",\"target\":[\"https:\\\/\\\/nbcs.mx\\\/?p=149665#respond\"]}]},{\"@type\":\"WebPage\",\"@id\":\"https:\\\/\\\/nbcs.mx\\\/?p=149665\",\"url\":\"https:\\\/\\\/nbcs.mx\\\/?p=149665\",\"name\":\"Las y los trabajadores son los cimientos del quehacer legislativo: Eduardo Van Wormer - NBCS Noticias\",\"isPartOf\":{\"@id\":\"https:\\\/\\\/nbcs.mx\\\/#website\"},\"primaryImageOfPage\":{\"@id\":\"https:\\\/\\\/nbcs.mx\\\/?p=149665#primaryimage\"},\"image\":{\"@id\":\"https:\\\/\\\/nbcs.mx\\\/?p=149665#primaryimage\"},\"thumbnailUrl\":\"https:\\\/\\\/nbcs.mx\\\/wp-content\\\/uploads\\\/2025\\\/05\\\/RECONOCIMIENTOS-SINDICALIZADOS-250506-6-scaled.jpg\",\"datePublished\":\"2025-05-07T03:37:12+00:00\",\"breadcrumb\":{\"@id\":\"https:\\\/\\\/nbcs.mx\\\/?p=149665#breadcrumb\"},\"inLanguage\":\"es\",\"potentialAction\":[{\"@type\":\"ReadAction\",\"target\":[\"https:\\\/\\\/nbcs.mx\\\/?p=149665\"]}]},{\"@type\":\"ImageObject\",\"inLanguage\":\"es\",\"@id\":\"https:\\\/\\\/nbcs.mx\\\/?p=149665#primaryimage\",\"url\":\"https:\\\/\\\/nbcs.mx\\\/wp-content\\\/uploads\\\/2025\\\/05\\\/RECONOCIMIENTOS-SINDICALIZADOS-250506-6-scaled.jpg\",\"contentUrl\":\"https:\\\/\\\/nbcs.mx\\\/wp-content\\\/uploads\\\/2025\\\/05\\\/RECONOCIMIENTOS-SINDICALIZADOS-250506-6-scaled.jpg\",\"width\":2560,\"height\":1703},{\"@type\":\"BreadcrumbList\",\"@id\":\"https:\\\/\\\/nbcs.mx\\\/?p=149665#breadcrumb\",\"itemListElement\":[{\"@type\":\"ListItem\",\"position\":1,\"name\":\"Portada\",\"item\":\"https:\\\/\\\/nbcs.mx\\\/\"},{\"@type\":\"ListItem\",\"position\":2,\"name\":\"Las y los trabajadores son los cimientos del quehacer legislativo: Eduardo Van Wormer\"}]},{\"@type\":\"WebSite\",\"@id\":\"https:\\\/\\\/nbcs.mx\\\/#website\",\"url\":\"https:\\\/\\\/nbcs.mx\\\/\",\"name\":\"NBCS Noticias\",\"description\":\"Sitio web de noticias en Baja California Sur\",\"publisher\":{\"@id\":\"https:\\\/\\\/nbcs.mx\\\/#organization\"},\"potentialAction\":[{\"@type\":\"SearchAction\",\"target\":{\"@type\":\"EntryPoint\",\"urlTemplate\":\"https:\\\/\\\/nbcs.mx\\\/?s={search_term_string}\"},\"query-input\":{\"@type\":\"PropertyValueSpecification\",\"valueRequired\":true,\"valueName\":\"search_term_string\"}}],\"inLanguage\":\"es\"},{\"@type\":\"Organization\",\"@id\":\"https:\\\/\\\/nbcs.mx\\\/#organization\",\"name\":\"NBCS Noticias\",\"url\":\"https:\\\/\\\/nbcs.mx\\\/\",\"logo\":{\"@type\":\"ImageObject\",\"inLanguage\":\"es\",\"@id\":\"https:\\\/\\\/nbcs.mx\\\/#\\\/schema\\\/logo\\\/image\\\/\",\"url\":\"https:\\\/\\\/nbcs.mx\\\/wp-content\\\/uploads\\\/2018\\\/09\\\/057b69485e93575a5c2b1c1dde2dd297.jpeg\",\"contentUrl\":\"https:\\\/\\\/nbcs.mx\\\/wp-content\\\/uploads\\\/2018\\\/09\\\/057b69485e93575a5c2b1c1dde2dd297.jpeg\",\"width\":64,\"height\":64,\"caption\":\"NBCS Noticias\"},\"image\":{\"@id\":\"https:\\\/\\\/nbcs.mx\\\/#\\\/schema\\\/logo\\\/image\\\/\"},\"sameAs\":[\"https:\\\/\\\/www.facebook.com\\\/NBCSnoticias\",\"https:\\\/\\\/x.com\\\/NBCSnoticias\"]},{\"@type\":\"Person\",\"@id\":\"https:\\\/\\\/nbcs.mx\\\/#\\\/schema\\\/person\\\/ece58bab9a7c1e87a4d28ec9ecd79ff4\",\"name\":\"NBCS Noticias\",\"image\":{\"@type\":\"ImageObject\",\"inLanguage\":\"es\",\"@id\":\"https:\\\/\\\/secure.gravatar.com\\\/avatar\\\/4e52110cad1c4054b43271a0d14bbe9e2ea76aecd0e1097edfc670798d9ca1d4?s=96&d=blank&r=g\",\"url\":\"https:\\\/\\\/secure.gravatar.com\\\/avatar\\\/4e52110cad1c4054b43271a0d14bbe9e2ea76aecd0e1097edfc670798d9ca1d4?s=96&d=blank&r=g\",\"contentUrl\":\"https:\\\/\\\/secure.gravatar.com\\\/avatar\\\/4e52110cad1c4054b43271a0d14bbe9e2ea76aecd0e1097edfc670798d9ca1d4?s=96&d=blank&r=g\",\"caption\":\"NBCS Noticias\"},\"description\":\"\u00bfTienes fotos o video de alg\u00fan acto de posible negligencia, corrupci\u00f3n y abuso de autoridad? M\u00e1ndalo al WhatsApp de NBCS Noticias: 612 141 98 08\",\"sameAs\":[\"https:\\\/\\\/www.nbcs.mx\",\"https:\\\/\\\/www.facebook.com\\\/NBCSnoticias\",\"https:\\\/\\\/www.instagram.com\\\/nbcsnoticias\\\/\",\"https:\\\/\\\/x.com\\\/https:\\\/\\\/twitter.com\\\/NBCSnoticias\"]}]}<\/script>\n<!-- \/ Yoast SEO plugin. -->","yoast_head_json":{"title":"Las y los trabajadores son los cimientos del quehacer legislativo: Eduardo Van Wormer - NBCS Noticias","robots":{"index":"index","follow":"follow","max-snippet":"max-snippet:-1","max-image-preview":"max-image-preview:large","max-video-preview":"max-video-preview:-1"},"canonical":"https:\/\/nbcs.mx\/?p=149665","og_locale":"es_ES","og_type":"article","og_title":"Las y los trabajadores son los cimientos del quehacer legislativo: Eduardo Van Wormer - NBCS Noticias","og_description":"El esfuerzo compromiso y entrega que han dedicado durante 30, 25,20, 15 y 10 a\u00f1os de trabajo ininterrumpido, no s\u00f3lo","og_url":"https:\/\/nbcs.mx\/?p=149665","og_site_name":"NBCS Noticias","article_publisher":"https:\/\/www.facebook.com\/NBCSnoticias","article_author":"https:\/\/www.facebook.com\/NBCSnoticias","article_published_time":"2025-05-07T03:37:12+00:00","og_image":[{"width":2560,"height":1703,"url":"https:\/\/nbcs.mx\/wp-content\/uploads\/2025\/05\/RECONOCIMIENTOS-SINDICALIZADOS-250506-6-scaled.jpg","type":"image\/jpeg"}],"author":"NBCS Noticias","twitter_card":"summary_large_image","twitter_creator":"@https:\/\/twitter.com\/NBCSnoticias","twitter_site":"@NBCSnoticias","twitter_misc":{"Escrito por":"NBCS Noticias","Tiempo de lectura":"2 minutos"},"schema":{"@context":"https:\/\/schema.org","@graph":[{"@type":"Article","@id":"https:\/\/nbcs.mx\/?p=149665#article","isPartOf":{"@id":"https:\/\/nbcs.mx\/?p=149665"},"author":{"name":"NBCS Noticias","@id":"https:\/\/nbcs.mx\/#\/schema\/person\/ece58bab9a7c1e87a4d28ec9ecd79ff4"},"headline":"Las y los trabajadores son los cimientos del quehacer legislativo: Eduardo Van Wormer","datePublished":"2025-05-07T03:37:12+00:00","mainEntityOfPage":{"@id":"https:\/\/nbcs.mx\/?p=149665"},"wordCount":351,"commentCount":0,"publisher":{"@id":"https:\/\/nbcs.mx\/#organization"},"image":{"@id":"https:\/\/nbcs.mx\/?p=149665#primaryimage"},"thumbnailUrl":"https:\/\/nbcs.mx\/wp-content\/uploads\/2025\/05\/RECONOCIMIENTOS-SINDICALIZADOS-250506-6-scaled.jpg","articleSection":["Congreso de BCS"],"inLanguage":"es","potentialAction":[{"@type":"CommentAction","name":"Comment","target":["https:\/\/nbcs.mx\/?p=149665#respond"]}]},{"@type":"WebPage","@id":"https:\/\/nbcs.mx\/?p=149665","url":"https:\/\/nbcs.mx\/?p=149665","name":"Las y los trabajadores son los cimientos del quehacer legislativo: Eduardo Van Wormer - NBCS Noticias","isPartOf":{"@id":"https:\/\/nbcs.mx\/#website"},"primaryImageOfPage":{"@id":"https:\/\/nbcs.mx\/?p=149665#primaryimage"},"image":{"@id":"https:\/\/nbcs.mx\/?p=149665#primaryimage"},"thumbnailUrl":"https:\/\/nbcs.mx\/wp-content\/uploads\/2025\/05\/RECONOCIMIENTOS-SINDICALIZADOS-250506-6-scaled.jpg","datePublished":"2025-05-07T03:37:12+00:00","breadcrumb":{"@id":"https:\/\/nbcs.mx\/?p=149665#breadcrumb"},"inLanguage":"es","potentialAction":[{"@type":"ReadAction","target":["https:\/\/nbcs.mx\/?p=149665"]}]},{"@type":"ImageObject","inLanguage":"es","@id":"https:\/\/nbcs.mx\/?p=149665#primaryimage","url":"https:\/\/nbcs.mx\/wp-content\/uploads\/2025\/05\/RECONOCIMIENTOS-SINDICALIZADOS-250506-6-scaled.jpg","contentUrl":"https:\/\/nbcs.mx\/wp-content\/uploads\/2025\/05\/RECONOCIMIENTOS-SINDICALIZADOS-250506-6-scaled.jpg","width":2560,"height":1703},{"@type":"BreadcrumbList","@id":"https:\/\/nbcs.mx\/?p=149665#breadcrumb","itemListElement":[{"@type":"ListItem","position":1,"name":"Portada","item":"https:\/\/nbcs.mx\/"},{"@type":"ListItem","position":2,"name":"Las y los trabajadores son los cimientos del quehacer legislativo: Eduardo Van Wormer"}]},{"@type":"WebSite","@id":"https:\/\/nbcs.mx\/#website","url":"https:\/\/nbcs.mx\/","name":"NBCS Noticias","description":"Sitio web de noticias en Baja California Sur","publisher":{"@id":"https:\/\/nbcs.mx\/#organization"},"potentialAction":[{"@type":"SearchAction","target":{"@type":"EntryPoint","urlTemplate":"https:\/\/nbcs.mx\/?s={search_term_string}"},"query-input":{"@type":"PropertyValueSpecification","valueRequired":true,"valueName":"search_term_string"}}],"inLanguage":"es"},{"@type":"Organization","@id":"https:\/\/nbcs.mx\/#organization","name":"NBCS Noticias","url":"https:\/\/nbcs.mx\/","logo":{"@type":"ImageObject","inLanguage":"es","@id":"https:\/\/nbcs.mx\/#\/schema\/logo\/image\/","url":"https:\/\/nbcs.mx\/wp-content\/uploads\/2018\/09\/057b69485e93575a5c2b1c1dde2dd297.jpeg","contentUrl":"https:\/\/nbcs.mx\/wp-content\/uploads\/2018\/09\/057b69485e93575a5c2b1c1dde2dd297.jpeg","width":64,"height":64,"caption":"NBCS Noticias"},"image":{"@id":"https:\/\/nbcs.mx\/#\/schema\/logo\/image\/"},"sameAs":["https:\/\/www.facebook.com\/NBCSnoticias","https:\/\/x.com\/NBCSnoticias"]},{"@type":"Person","@id":"https:\/\/nbcs.mx\/#\/schema\/person\/ece58bab9a7c1e87a4d28ec9ecd79ff4","name":"NBCS Noticias","image":{"@type":"ImageObject","inLanguage":"es","@id":"https:\/\/secure.gravatar.com\/avatar\/4e52110cad1c4054b43271a0d14bbe9e2ea76aecd0e1097edfc670798d9ca1d4?s=96&d=blank&r=g","url":"https:\/\/secure.gravatar.com\/avatar\/4e52110cad1c4054b43271a0d14bbe9e2ea76aecd0e1097edfc670798d9ca1d4?s=96&d=blank&r=g","contentUrl":"https:\/\/secure.gravatar.com\/avatar\/4e52110cad1c4054b43271a0d14bbe9e2ea76aecd0e1097edfc670798d9ca1d4?s=96&d=blank&r=g","caption":"NBCS Noticias"},"description":"\u00bfTienes fotos o video de alg\u00fan acto de posible negligencia, corrupci\u00f3n y abuso de autoridad? M\u00e1ndalo al WhatsApp de NBCS Noticias: 612 141 98 08","sameAs":["https:\/\/www.nbcs.mx","https:\/\/www.facebook.com\/NBCSnoticias","https:\/\/www.instagram.com\/nbcsnoticias\/","https:\/\/x.com\/https:\/\/twitter.com\/NBCSnoticias"]}]}},"jetpack_publicize_connections":[],"jetpack_featured_media_url":"https:\/\/nbcs.mx\/wp-content\/uploads\/2025\/05\/RECONOCIMIENTOS-SINDICALIZADOS-250506-6-scaled.jpg","jetpack_sharing_enabled":true,"_links":{"self":[{"href":"https:\/\/nbcs.mx\/index.php?rest_route=\/wp\/v2\/posts\/149665","targetHints":{"allow":["GET"]}}],"collection":[{"href":"https:\/\/nbcs.mx\/index.php?rest_route=\/wp\/v2\/posts"}],"about":[{"href":"https:\/\/nbcs.mx\/index.php?rest_route=\/wp\/v2\/types\/post"}],"author":[{"embeddable":true,"href":"https:\/\/nbcs.mx\/index.php?rest_route=\/wp\/v2\/users\/1"}],"replies":[{"embeddable":true,"href":"https:\/\/nbcs.mx\/index.php?rest_route=%2Fwp%2Fv2%2Fcomments&post=149665"}],"version-history":[{"count":1,"href":"https:\/\/nbcs.mx\/index.php?rest_route=\/wp\/v2\/posts\/149665\/revisions"}],"predecessor-version":[{"id":149667,"href":"https:\/\/nbcs.mx\/index.php?rest_route=\/wp\/v2\/posts\/149665\/revisions\/149667"}],"wp:featuredmedia":[{"embeddable":true,"href":"https:\/\/nbcs.mx\/index.php?rest_route=\/wp\/v2\/media\/149666"}],"wp:attachment":[{"href":"https:\/\/nbcs.mx\/index.php?rest_route=%2Fwp%2Fv2%2Fmedia&parent=149665"}],"wp:term":[{"taxonomy":"category","embeddable":true,"href":"https:\/\/nbcs.mx\/index.php?rest_route=%2Fwp%2Fv2%2Fcategories&post=149665"},{"taxonomy":"post_tag","embeddable":true,"href":"https:\/\/nbcs.mx\/index.php?rest_route=%2Fwp%2Fv2%2Ftags&post=149665"}],"curies":[{"name":"wp","href":"https:\/\/api.w.org\/{rel}","templated":true}]}}