{"id":149798,"date":"2025-05-10T16:55:15","date_gmt":"2025-05-10T22:55:15","guid":{"rendered":"https:\/\/nbcs.mx\/?p=149798"},"modified":"2025-05-10T16:55:15","modified_gmt":"2025-05-10T22:55:15","slug":"las-madres-tienen-un-papel-vital-en-la-sociedad-paz-ochoa","status":"publish","type":"post","link":"https:\/\/nbcs.mx\/?p=149798","title":{"rendered":"Las madres tienen un papel vital en la sociedad: Paz Ochoa"},"content":{"rendered":"<p style=\"font-weight: 400; text-align: justify;\"><img loading=\"lazy\" decoding=\"async\" class=\" wp-image-149799 alignleft\" src=\"https:\/\/nbcs.mx\/wp-content\/uploads\/2025\/05\/Invita-alcaldesa-Paz-Ochoa-al-baile-popular-del-dia-de-las-madres-755x356.jpg\" alt=\"\" width=\"373\" height=\"176\" srcset=\"https:\/\/nbcs.mx\/wp-content\/uploads\/2025\/05\/Invita-alcaldesa-Paz-Ochoa-al-baile-popular-del-dia-de-las-madres-755x356.jpg 755w, https:\/\/nbcs.mx\/wp-content\/uploads\/2025\/05\/Invita-alcaldesa-Paz-Ochoa-al-baile-popular-del-dia-de-las-madres-150x71.jpg 150w, https:\/\/nbcs.mx\/wp-content\/uploads\/2025\/05\/Invita-alcaldesa-Paz-Ochoa-al-baile-popular-del-dia-de-las-madres-768x362.jpg 768w, https:\/\/nbcs.mx\/wp-content\/uploads\/2025\/05\/Invita-alcaldesa-Paz-Ochoa-al-baile-popular-del-dia-de-las-madres.jpg 1024w\" sizes=\"auto, (max-width: 373px) 100vw, 373px\" \/>Luego de reconocer que las madres de familia, tienen un papel vital en la sociedad y la importancia de su participaci\u00f3n en la vida p\u00fablica y en el desarrollo de sus comunidades, la presidenta municipal de Loreto Paz del Alma Ochoa Amador, invita a todas las mam\u00e1s de Loreto a festejar su d\u00eda la tarde de hoy viernes 9 de mayo con un gran baile popular en la plaza Benito Ju\u00e1rez<\/p>\n<p style=\"font-weight: 400; text-align: justify;\">La alcaldesa, tambi\u00e9n reconoci\u00f3 la contribuci\u00f3n importante de las madres en la educaci\u00f3n, salud y bienestar de sus familias, as\u00ed como su influencia en la toma de decisiones pol\u00edticas y sociales.<\/p>\n<p style=\"font-weight: 400; text-align: justify;\">\u201cSer madre es un acto de dedicaci\u00f3n constante, una entrega y un amor sin l\u00edmites y para honrarlas hemos preparado un gran baile popular\u201d expres\u00f3 la alcaldesa.<\/p>\n<p style=\"font-weight: 400; text-align: justify;\">Las madres loretanas disfrutar\u00e1n de esta verbena popular que ser\u00e1 amenizada por el grupo \u201cLos Zabios de Muleg\u00e9\u201d, a partir de las 6 de la tarde, adem\u00e1s podr\u00e1n ser part\u00edcipes en la rifa de regalos y degustar de algunas botanas que se han preparado dentro del festejo del \u201cD\u00eda de las Madres\u201d<\/p>\n<p style=\"font-weight: 400; text-align: justify;\">En ese contexto, la alcaldesa dijo que esta convivencia se ha preparado con mucho cari\u00f1o por el XI Ayuntamiento de Loreto, para todas las madres de familia, brind\u00e1ndoles un festejo como se merecen, en un ambiente familiar, de alegr\u00eda, respeto \u00a0y amor.<\/p>\n<p style=\"font-weight: 400; text-align: justify;\">\n","protected":false},"excerpt":{"rendered":"<p>Luego de reconocer que las madres de familia, tienen un papel vital en la sociedad y la importancia de su<\/p>\n","protected":false},"author":1,"featured_media":149799,"comment_status":"open","ping_status":"closed","sticky":false,"template":"","format":"standard","meta":{"colormag_page_container_layout":"default_layout","colormag_page_sidebar_layout":"default_layout","_jetpack_memberships_contains_paid_content":false,"footnotes":"","jetpack_publicize_message":"","jetpack_publicize_feature_enabled":true,"jetpack_social_post_already_shared":true,"jetpack_social_options":{"image_generator_settings":{"template":"highway","default_image_id":0,"font":"","enabled":false},"version":2}},"categories":[40],"tags":[],"class_list":["post-149798","post","type-post","status-publish","format-standard","has-post-thumbnail","hentry","category-municipios"],"yoast_head":"<!-- This site is optimized with the Yoast SEO plugin v27.4 - https:\/\/yoast.com\/product\/yoast-seo-wordpress\/ -->\n<title>Las madres tienen un papel vital en la sociedad: Paz Ochoa - NBCS Noticias<\/title>\n<meta name=\"robots\" content=\"index, follow, max-snippet:-1, max-image-preview:large, max-video-preview:-1\" \/>\n<link rel=\"canonical\" href=\"https:\/\/nbcs.mx\/?p=149798\" \/>\n<meta property=\"og:locale\" content=\"es_ES\" \/>\n<meta property=\"og:type\" content=\"article\" \/>\n<meta property=\"og:title\" content=\"Las madres tienen un papel vital en la sociedad: Paz Ochoa - NBCS Noticias\" \/>\n<meta property=\"og:description\" content=\"Luego de reconocer que las madres de familia, tienen un papel vital en la sociedad y la importancia de su\" \/>\n<meta property=\"og:url\" content=\"https:\/\/nbcs.mx\/?p=149798\" \/>\n<meta property=\"og:site_name\" content=\"NBCS Noticias\" \/>\n<meta property=\"article:publisher\" content=\"https:\/\/www.facebook.com\/NBCSnoticias\" \/>\n<meta property=\"article:author\" content=\"https:\/\/www.facebook.com\/NBCSnoticias\" \/>\n<meta property=\"article:published_time\" content=\"2025-05-10T22:55:15+00:00\" \/>\n<meta property=\"og:image\" content=\"https:\/\/nbcs.mx\/wp-content\/uploads\/2025\/05\/Invita-alcaldesa-Paz-Ochoa-al-baile-popular-del-dia-de-las-madres.jpg\" \/>\n\t<meta property=\"og:image:width\" content=\"1024\" \/>\n\t<meta property=\"og:image:height\" content=\"483\" \/>\n\t<meta property=\"og:image:type\" content=\"image\/jpeg\" \/>\n<meta name=\"author\" content=\"NBCS Noticias\" \/>\n<meta name=\"twitter:card\" content=\"summary_large_image\" \/>\n<meta name=\"twitter:creator\" content=\"@https:\/\/twitter.com\/NBCSnoticias\" \/>\n<meta name=\"twitter:site\" content=\"@NBCSnoticias\" \/>\n<meta name=\"twitter:label1\" content=\"Escrito por\" \/>\n\t<meta name=\"twitter:data1\" content=\"NBCS Noticias\" \/>\n\t<meta name=\"twitter:label2\" content=\"Tiempo de lectura\" \/>\n\t<meta name=\"twitter:data2\" content=\"2 minutos\" \/>\n<script type=\"application\/ld+json\" class=\"yoast-schema-graph\">{\"@context\":\"https:\\\/\\\/schema.org\",\"@graph\":[{\"@type\":\"Article\",\"@id\":\"https:\\\/\\\/nbcs.mx\\\/?p=149798#article\",\"isPartOf\":{\"@id\":\"https:\\\/\\\/nbcs.mx\\\/?p=149798\"},\"author\":{\"name\":\"NBCS Noticias\",\"@id\":\"https:\\\/\\\/nbcs.mx\\\/#\\\/schema\\\/person\\\/ece58bab9a7c1e87a4d28ec9ecd79ff4\"},\"headline\":\"Las madres tienen un papel vital en la sociedad: Paz Ochoa\",\"datePublished\":\"2025-05-10T22:55:15+00:00\",\"mainEntityOfPage\":{\"@id\":\"https:\\\/\\\/nbcs.mx\\\/?p=149798\"},\"wordCount\":251,\"commentCount\":0,\"publisher\":{\"@id\":\"https:\\\/\\\/nbcs.mx\\\/#organization\"},\"image\":{\"@id\":\"https:\\\/\\\/nbcs.mx\\\/?p=149798#primaryimage\"},\"thumbnailUrl\":\"https:\\\/\\\/nbcs.mx\\\/wp-content\\\/uploads\\\/2025\\\/05\\\/Invita-alcaldesa-Paz-Ochoa-al-baile-popular-del-dia-de-las-madres.jpg\",\"articleSection\":[\"Municipios\"],\"inLanguage\":\"es\",\"potentialAction\":[{\"@type\":\"CommentAction\",\"name\":\"Comment\",\"target\":[\"https:\\\/\\\/nbcs.mx\\\/?p=149798#respond\"]}]},{\"@type\":\"WebPage\",\"@id\":\"https:\\\/\\\/nbcs.mx\\\/?p=149798\",\"url\":\"https:\\\/\\\/nbcs.mx\\\/?p=149798\",\"name\":\"Las madres tienen un papel vital en la sociedad: Paz Ochoa - NBCS Noticias\",\"isPartOf\":{\"@id\":\"https:\\\/\\\/nbcs.mx\\\/#website\"},\"primaryImageOfPage\":{\"@id\":\"https:\\\/\\\/nbcs.mx\\\/?p=149798#primaryimage\"},\"image\":{\"@id\":\"https:\\\/\\\/nbcs.mx\\\/?p=149798#primaryimage\"},\"thumbnailUrl\":\"https:\\\/\\\/nbcs.mx\\\/wp-content\\\/uploads\\\/2025\\\/05\\\/Invita-alcaldesa-Paz-Ochoa-al-baile-popular-del-dia-de-las-madres.jpg\",\"datePublished\":\"2025-05-10T22:55:15+00:00\",\"breadcrumb\":{\"@id\":\"https:\\\/\\\/nbcs.mx\\\/?p=149798#breadcrumb\"},\"inLanguage\":\"es\",\"potentialAction\":[{\"@type\":\"ReadAction\",\"target\":[\"https:\\\/\\\/nbcs.mx\\\/?p=149798\"]}]},{\"@type\":\"ImageObject\",\"inLanguage\":\"es\",\"@id\":\"https:\\\/\\\/nbcs.mx\\\/?p=149798#primaryimage\",\"url\":\"https:\\\/\\\/nbcs.mx\\\/wp-content\\\/uploads\\\/2025\\\/05\\\/Invita-alcaldesa-Paz-Ochoa-al-baile-popular-del-dia-de-las-madres.jpg\",\"contentUrl\":\"https:\\\/\\\/nbcs.mx\\\/wp-content\\\/uploads\\\/2025\\\/05\\\/Invita-alcaldesa-Paz-Ochoa-al-baile-popular-del-dia-de-las-madres.jpg\",\"width\":1024,\"height\":483},{\"@type\":\"BreadcrumbList\",\"@id\":\"https:\\\/\\\/nbcs.mx\\\/?p=149798#breadcrumb\",\"itemListElement\":[{\"@type\":\"ListItem\",\"position\":1,\"name\":\"Portada\",\"item\":\"https:\\\/\\\/nbcs.mx\\\/\"},{\"@type\":\"ListItem\",\"position\":2,\"name\":\"Las madres tienen un papel vital en la sociedad: Paz Ochoa\"}]},{\"@type\":\"WebSite\",\"@id\":\"https:\\\/\\\/nbcs.mx\\\/#website\",\"url\":\"https:\\\/\\\/nbcs.mx\\\/\",\"name\":\"NBCS Noticias\",\"description\":\"Sitio web de noticias en Baja California Sur\",\"publisher\":{\"@id\":\"https:\\\/\\\/nbcs.mx\\\/#organization\"},\"potentialAction\":[{\"@type\":\"SearchAction\",\"target\":{\"@type\":\"EntryPoint\",\"urlTemplate\":\"https:\\\/\\\/nbcs.mx\\\/?s={search_term_string}\"},\"query-input\":{\"@type\":\"PropertyValueSpecification\",\"valueRequired\":true,\"valueName\":\"search_term_string\"}}],\"inLanguage\":\"es\"},{\"@type\":\"Organization\",\"@id\":\"https:\\\/\\\/nbcs.mx\\\/#organization\",\"name\":\"NBCS Noticias\",\"url\":\"https:\\\/\\\/nbcs.mx\\\/\",\"logo\":{\"@type\":\"ImageObject\",\"inLanguage\":\"es\",\"@id\":\"https:\\\/\\\/nbcs.mx\\\/#\\\/schema\\\/logo\\\/image\\\/\",\"url\":\"https:\\\/\\\/nbcs.mx\\\/wp-content\\\/uploads\\\/2018\\\/09\\\/057b69485e93575a5c2b1c1dde2dd297.jpeg\",\"contentUrl\":\"https:\\\/\\\/nbcs.mx\\\/wp-content\\\/uploads\\\/2018\\\/09\\\/057b69485e93575a5c2b1c1dde2dd297.jpeg\",\"width\":64,\"height\":64,\"caption\":\"NBCS Noticias\"},\"image\":{\"@id\":\"https:\\\/\\\/nbcs.mx\\\/#\\\/schema\\\/logo\\\/image\\\/\"},\"sameAs\":[\"https:\\\/\\\/www.facebook.com\\\/NBCSnoticias\",\"https:\\\/\\\/x.com\\\/NBCSnoticias\"]},{\"@type\":\"Person\",\"@id\":\"https:\\\/\\\/nbcs.mx\\\/#\\\/schema\\\/person\\\/ece58bab9a7c1e87a4d28ec9ecd79ff4\",\"name\":\"NBCS Noticias\",\"image\":{\"@type\":\"ImageObject\",\"inLanguage\":\"es\",\"@id\":\"https:\\\/\\\/secure.gravatar.com\\\/avatar\\\/4e52110cad1c4054b43271a0d14bbe9e2ea76aecd0e1097edfc670798d9ca1d4?s=96&d=blank&r=g\",\"url\":\"https:\\\/\\\/secure.gravatar.com\\\/avatar\\\/4e52110cad1c4054b43271a0d14bbe9e2ea76aecd0e1097edfc670798d9ca1d4?s=96&d=blank&r=g\",\"contentUrl\":\"https:\\\/\\\/secure.gravatar.com\\\/avatar\\\/4e52110cad1c4054b43271a0d14bbe9e2ea76aecd0e1097edfc670798d9ca1d4?s=96&d=blank&r=g\",\"caption\":\"NBCS Noticias\"},\"description\":\"\u00bfTienes fotos o video de alg\u00fan acto de posible negligencia, corrupci\u00f3n y abuso de autoridad? M\u00e1ndalo al WhatsApp de NBCS Noticias: 612 141 98 08\",\"sameAs\":[\"https:\\\/\\\/www.nbcs.mx\",\"https:\\\/\\\/www.facebook.com\\\/NBCSnoticias\",\"https:\\\/\\\/www.instagram.com\\\/nbcsnoticias\\\/\",\"https:\\\/\\\/x.com\\\/https:\\\/\\\/twitter.com\\\/NBCSnoticias\"]}]}<\/script>\n<!-- \/ Yoast SEO plugin. -->","yoast_head_json":{"title":"Las madres tienen un papel vital en la sociedad: Paz Ochoa - NBCS Noticias","robots":{"index":"index","follow":"follow","max-snippet":"max-snippet:-1","max-image-preview":"max-image-preview:large","max-video-preview":"max-video-preview:-1"},"canonical":"https:\/\/nbcs.mx\/?p=149798","og_locale":"es_ES","og_type":"article","og_title":"Las madres tienen un papel vital en la sociedad: Paz Ochoa - NBCS Noticias","og_description":"Luego de reconocer que las madres de familia, tienen un papel vital en la sociedad y la importancia de su","og_url":"https:\/\/nbcs.mx\/?p=149798","og_site_name":"NBCS Noticias","article_publisher":"https:\/\/www.facebook.com\/NBCSnoticias","article_author":"https:\/\/www.facebook.com\/NBCSnoticias","article_published_time":"2025-05-10T22:55:15+00:00","og_image":[{"width":1024,"height":483,"url":"https:\/\/nbcs.mx\/wp-content\/uploads\/2025\/05\/Invita-alcaldesa-Paz-Ochoa-al-baile-popular-del-dia-de-las-madres.jpg","type":"image\/jpeg"}],"author":"NBCS Noticias","twitter_card":"summary_large_image","twitter_creator":"@https:\/\/twitter.com\/NBCSnoticias","twitter_site":"@NBCSnoticias","twitter_misc":{"Escrito por":"NBCS Noticias","Tiempo de lectura":"2 minutos"},"schema":{"@context":"https:\/\/schema.org","@graph":[{"@type":"Article","@id":"https:\/\/nbcs.mx\/?p=149798#article","isPartOf":{"@id":"https:\/\/nbcs.mx\/?p=149798"},"author":{"name":"NBCS Noticias","@id":"https:\/\/nbcs.mx\/#\/schema\/person\/ece58bab9a7c1e87a4d28ec9ecd79ff4"},"headline":"Las madres tienen un papel vital en la sociedad: Paz Ochoa","datePublished":"2025-05-10T22:55:15+00:00","mainEntityOfPage":{"@id":"https:\/\/nbcs.mx\/?p=149798"},"wordCount":251,"commentCount":0,"publisher":{"@id":"https:\/\/nbcs.mx\/#organization"},"image":{"@id":"https:\/\/nbcs.mx\/?p=149798#primaryimage"},"thumbnailUrl":"https:\/\/nbcs.mx\/wp-content\/uploads\/2025\/05\/Invita-alcaldesa-Paz-Ochoa-al-baile-popular-del-dia-de-las-madres.jpg","articleSection":["Municipios"],"inLanguage":"es","potentialAction":[{"@type":"CommentAction","name":"Comment","target":["https:\/\/nbcs.mx\/?p=149798#respond"]}]},{"@type":"WebPage","@id":"https:\/\/nbcs.mx\/?p=149798","url":"https:\/\/nbcs.mx\/?p=149798","name":"Las madres tienen un papel vital en la sociedad: Paz Ochoa - NBCS Noticias","isPartOf":{"@id":"https:\/\/nbcs.mx\/#website"},"primaryImageOfPage":{"@id":"https:\/\/nbcs.mx\/?p=149798#primaryimage"},"image":{"@id":"https:\/\/nbcs.mx\/?p=149798#primaryimage"},"thumbnailUrl":"https:\/\/nbcs.mx\/wp-content\/uploads\/2025\/05\/Invita-alcaldesa-Paz-Ochoa-al-baile-popular-del-dia-de-las-madres.jpg","datePublished":"2025-05-10T22:55:15+00:00","breadcrumb":{"@id":"https:\/\/nbcs.mx\/?p=149798#breadcrumb"},"inLanguage":"es","potentialAction":[{"@type":"ReadAction","target":["https:\/\/nbcs.mx\/?p=149798"]}]},{"@type":"ImageObject","inLanguage":"es","@id":"https:\/\/nbcs.mx\/?p=149798#primaryimage","url":"https:\/\/nbcs.mx\/wp-content\/uploads\/2025\/05\/Invita-alcaldesa-Paz-Ochoa-al-baile-popular-del-dia-de-las-madres.jpg","contentUrl":"https:\/\/nbcs.mx\/wp-content\/uploads\/2025\/05\/Invita-alcaldesa-Paz-Ochoa-al-baile-popular-del-dia-de-las-madres.jpg","width":1024,"height":483},{"@type":"BreadcrumbList","@id":"https:\/\/nbcs.mx\/?p=149798#breadcrumb","itemListElement":[{"@type":"ListItem","position":1,"name":"Portada","item":"https:\/\/nbcs.mx\/"},{"@type":"ListItem","position":2,"name":"Las madres tienen un papel vital en la sociedad: Paz Ochoa"}]},{"@type":"WebSite","@id":"https:\/\/nbcs.mx\/#website","url":"https:\/\/nbcs.mx\/","name":"NBCS Noticias","description":"Sitio web de noticias en Baja California Sur","publisher":{"@id":"https:\/\/nbcs.mx\/#organization"},"potentialAction":[{"@type":"SearchAction","target":{"@type":"EntryPoint","urlTemplate":"https:\/\/nbcs.mx\/?s={search_term_string}"},"query-input":{"@type":"PropertyValueSpecification","valueRequired":true,"valueName":"search_term_string"}}],"inLanguage":"es"},{"@type":"Organization","@id":"https:\/\/nbcs.mx\/#organization","name":"NBCS Noticias","url":"https:\/\/nbcs.mx\/","logo":{"@type":"ImageObject","inLanguage":"es","@id":"https:\/\/nbcs.mx\/#\/schema\/logo\/image\/","url":"https:\/\/nbcs.mx\/wp-content\/uploads\/2018\/09\/057b69485e93575a5c2b1c1dde2dd297.jpeg","contentUrl":"https:\/\/nbcs.mx\/wp-content\/uploads\/2018\/09\/057b69485e93575a5c2b1c1dde2dd297.jpeg","width":64,"height":64,"caption":"NBCS Noticias"},"image":{"@id":"https:\/\/nbcs.mx\/#\/schema\/logo\/image\/"},"sameAs":["https:\/\/www.facebook.com\/NBCSnoticias","https:\/\/x.com\/NBCSnoticias"]},{"@type":"Person","@id":"https:\/\/nbcs.mx\/#\/schema\/person\/ece58bab9a7c1e87a4d28ec9ecd79ff4","name":"NBCS Noticias","image":{"@type":"ImageObject","inLanguage":"es","@id":"https:\/\/secure.gravatar.com\/avatar\/4e52110cad1c4054b43271a0d14bbe9e2ea76aecd0e1097edfc670798d9ca1d4?s=96&d=blank&r=g","url":"https:\/\/secure.gravatar.com\/avatar\/4e52110cad1c4054b43271a0d14bbe9e2ea76aecd0e1097edfc670798d9ca1d4?s=96&d=blank&r=g","contentUrl":"https:\/\/secure.gravatar.com\/avatar\/4e52110cad1c4054b43271a0d14bbe9e2ea76aecd0e1097edfc670798d9ca1d4?s=96&d=blank&r=g","caption":"NBCS Noticias"},"description":"\u00bfTienes fotos o video de alg\u00fan acto de posible negligencia, corrupci\u00f3n y abuso de autoridad? M\u00e1ndalo al WhatsApp de NBCS Noticias: 612 141 98 08","sameAs":["https:\/\/www.nbcs.mx","https:\/\/www.facebook.com\/NBCSnoticias","https:\/\/www.instagram.com\/nbcsnoticias\/","https:\/\/x.com\/https:\/\/twitter.com\/NBCSnoticias"]}]}},"jetpack_publicize_connections":[],"jetpack_featured_media_url":"https:\/\/nbcs.mx\/wp-content\/uploads\/2025\/05\/Invita-alcaldesa-Paz-Ochoa-al-baile-popular-del-dia-de-las-madres.jpg","jetpack_sharing_enabled":true,"_links":{"self":[{"href":"https:\/\/nbcs.mx\/index.php?rest_route=\/wp\/v2\/posts\/149798","targetHints":{"allow":["GET"]}}],"collection":[{"href":"https:\/\/nbcs.mx\/index.php?rest_route=\/wp\/v2\/posts"}],"about":[{"href":"https:\/\/nbcs.mx\/index.php?rest_route=\/wp\/v2\/types\/post"}],"author":[{"embeddable":true,"href":"https:\/\/nbcs.mx\/index.php?rest_route=\/wp\/v2\/users\/1"}],"replies":[{"embeddable":true,"href":"https:\/\/nbcs.mx\/index.php?rest_route=%2Fwp%2Fv2%2Fcomments&post=149798"}],"version-history":[{"count":1,"href":"https:\/\/nbcs.mx\/index.php?rest_route=\/wp\/v2\/posts\/149798\/revisions"}],"predecessor-version":[{"id":149800,"href":"https:\/\/nbcs.mx\/index.php?rest_route=\/wp\/v2\/posts\/149798\/revisions\/149800"}],"wp:featuredmedia":[{"embeddable":true,"href":"https:\/\/nbcs.mx\/index.php?rest_route=\/wp\/v2\/media\/149799"}],"wp:attachment":[{"href":"https:\/\/nbcs.mx\/index.php?rest_route=%2Fwp%2Fv2%2Fmedia&parent=149798"}],"wp:term":[{"taxonomy":"category","embeddable":true,"href":"https:\/\/nbcs.mx\/index.php?rest_route=%2Fwp%2Fv2%2Fcategories&post=149798"},{"taxonomy":"post_tag","embeddable":true,"href":"https:\/\/nbcs.mx\/index.php?rest_route=%2Fwp%2Fv2%2Ftags&post=149798"}],"curies":[{"name":"wp","href":"https:\/\/api.w.org\/{rel}","templated":true}]}}