{"id":149827,"date":"2025-05-10T17:06:45","date_gmt":"2025-05-10T23:06:45","guid":{"rendered":"https:\/\/nbcs.mx\/?p=149827"},"modified":"2025-05-10T17:06:45","modified_gmt":"2025-05-10T23:06:45","slug":"aprueban-inscribir-en-el-muro-la-leyenda-universidad-autonoma-de-baja-california-sur-sabiduria-como-meta-patria-como-destino","status":"publish","type":"post","link":"https:\/\/nbcs.mx\/?p=149827","title":{"rendered":"Aprueban inscribir en el muro la leyenda \u201cUniversidad Aut\u00f3noma de Baja California Sur, Sabidur\u00eda como meta, patria como destino\u201d"},"content":{"rendered":"<div>\n<p class=\"LO-normal\" style=\"text-align: justify;\"><span lang=\"ES\"><img loading=\"lazy\" decoding=\"async\" class=\" wp-image-149828 alignleft\" src=\"https:\/\/nbcs.mx\/wp-content\/uploads\/2025\/05\/DIP-SERGIO-GULUARTE-CESENA-250508-5-739x492.jpg\" alt=\"\" width=\"382\" height=\"254\" srcset=\"https:\/\/nbcs.mx\/wp-content\/uploads\/2025\/05\/DIP-SERGIO-GULUARTE-CESENA-250508-5-739x492.jpg 739w, https:\/\/nbcs.mx\/wp-content\/uploads\/2025\/05\/DIP-SERGIO-GULUARTE-CESENA-250508-5-1024x681.jpg 1024w, https:\/\/nbcs.mx\/wp-content\/uploads\/2025\/05\/DIP-SERGIO-GULUARTE-CESENA-250508-5-150x100.jpg 150w, https:\/\/nbcs.mx\/wp-content\/uploads\/2025\/05\/DIP-SERGIO-GULUARTE-CESENA-250508-5-768x511.jpg 768w, https:\/\/nbcs.mx\/wp-content\/uploads\/2025\/05\/DIP-SERGIO-GULUARTE-CESENA-250508-5-1536x1022.jpg 1536w, https:\/\/nbcs.mx\/wp-content\/uploads\/2025\/05\/DIP-SERGIO-GULUARTE-CESENA-250508-5-2048x1363.jpg 2048w\" sizes=\"auto, (max-width: 382px) 100vw, 382px\" \/>El Pleno de la XVII Legislatura del Congreso del Estado de BCS aprob\u00f3 el dictamen presentado por la Comisi\u00f3n Permanente de Artes y Cultura, mediante el cual se decreta la inscripci\u00f3n con letras doradas de la leyenda, \u201cUniversidad Aut\u00f3noma de Baja California Sur, Sabidur\u00eda como meta, patria como destino\u201d, en el Muro de Honor de la Sala de Sesiones \u201cGeneral Jos\u00e9 Mar\u00eda Morelos y Pav\u00f3n\u201d del Congreso del Estado de BCS.<\/span><\/p>\n<\/div>\n<div style=\"text-align: justify;\">\n<p class=\"LO-normal\"><span lang=\"ES\">\u00a0<\/span><\/p>\n<\/div>\n<div style=\"text-align: justify;\">\n<p class=\"LO-normal\"><span lang=\"ES\">Del mismo modo, acord\u00f3 que se incluya en la papeler\u00eda y documentaci\u00f3n oficial que emitan los poderes Ejecutivo, Legislativo y Judicial del Estado de Baja California Sur, as\u00ed como los \u00f3rganos constitucionalmente aut\u00f3nomos y los ayuntamientos de la Entidad, la leyenda siguiente: \u201c2026, A\u00f1o del Cincuentenario de la Fundaci\u00f3n de la Universidad Aut\u00f3noma de Baja California Sur\u201d. <\/span><\/p>\n<\/div>\n<div style=\"text-align: justify;\">\n<p class=\"LO-normal\"><span lang=\"ES\">\u00a0<\/span><\/p>\n<\/div>\n<div style=\"text-align: justify;\">\n<p class=\"LO-normal\"><span lang=\"ES\">Cabe recordar que, el iniciador, el diputado Sergio Guluarte Cese\u00f1a, fue puntual al precisar antecedentes que respaldan las solicitudes aprobadas, tales como, que la fundaci\u00f3n de la m\u00e1xima casa de estudios, la UABCS, atender\u00eda una solicitud del pueblo, una solicitud que respondiera al sue\u00f1o de miles de familias de ver a sus hijos e hijas convertidos en gentes de bien, trabajando para engrandecer a BCS, todo ello gracias al \u00edmpetu del primer Gobernador Constitucional de Baja California Sur, \u00c1ngel C\u00e9sar Mendoza Ar\u00e1mburo, conocedor de la importancia y trascendencia de la educaci\u00f3n universitaria, quien impusiera como acto de gobierno la fundaci\u00f3n de la UABCS.<\/span><\/p>\n<\/div>\n<div style=\"text-align: justify;\">\n<p class=\"LO-normal\"><span lang=\"ES\">\u00a0<\/span><\/p>\n<\/div>\n<div style=\"text-align: justify;\">\n<p class=\"LO-normal\"><span lang=\"ES\">Por lo que,<\/span> <span lang=\"ES\">quienes integran la comisi\u00f3n dictaminadora, coincidieron que dada la gran trascendencia que reviste para nuestra entidad federativa la m\u00e1xima casa de estudios, es imperante rendirle honor a una instituci\u00f3n de gran prestigio y formadora de grandes profesionistas.<\/span><\/p>\n<\/div>\n<div style=\"text-align: justify;\">\n<p class=\"LO-normal\"><span lang=\"ES\">\u00a0<\/span><\/p>\n<\/div>\n<div style=\"text-align: justify;\">\n<p class=\"LO-normal\"><span lang=\"ES\">En la discusi\u00f3n del tema el diputado Sergio Guluarte Cese\u00f1a, solicit\u00f3 al pleno el voto aprobatorio para el dictamen en discusi\u00f3n, reconoci\u00f3 a su fundador, rectores y ex rectores que han permitido consolidad el prestigio de la UABCS, instituci\u00f3n que han proporcionado soluciones a problem\u00e1ticas de la entidad.<\/span><\/p>\n<\/div>\n<div style=\"text-align: justify;\">\n<p class=\"LO-normal\"><span lang=\"ES\">\u00a0<\/span><\/p>\n<\/div>\n<div style=\"text-align: justify;\">\n<p class=\"LO-normal\"><span lang=\"ES\">Por su parte, la diputada Alondra Torres Garc\u00eda al tiempo que reconoci\u00f3 a estudiantes, rectores y exrectores, personal administrativo, docentes, expres\u00f3 que la m\u00e1xima casa de estudios es uno de los pilares fundamentales para el desarrollo de la entidad, por lo que la inscripci\u00f3n de las letras ser\u00e1 un honor para el Poder Legislativo.<\/span><\/p>\n<\/div>\n<div style=\"text-align: justify;\">\n<p class=\"LO-normal\"><span lang=\"ES\">\u00a0<\/span><\/p>\n<\/div>\n<div style=\"text-align: justify;\">\n<p class=\"LO-normal\"><span lang=\"ES\">A su vez, el diputado Venustiano P\u00e9rez, como ciudadano y actual estudiante de la UABCS, hizo uso de la voz para dar testimonio de que no hay edad para el aprendizaje y la construcci\u00f3n de mentes cr\u00edticas, por lo que, la letras doradas solo fortalecer\u00e1n la inscripci\u00f3n que ya permea en el coraz\u00f3n de las y los sudcalifornianos, ante tan honrosa instituci\u00f3n.<\/span><\/p>\n<\/div>\n<div style=\"text-align: justify;\">\n<p class=\"LO-normal\"><span lang=\"ES\">\u00a0<\/span><\/p>\n<\/div>\n<div style=\"text-align: justify;\">\n<p class=\"LO-normal\"><span lang=\"ES\">Guadalupe Salda\u00f1a Cisneros, quien tambi\u00e9n expres\u00f3 su voto aprobatorio, reconoci\u00f3 la creaci\u00f3n de la UABCS, s\u00edmbolo de educaci\u00f3n y ciencia como cimiento de la sociedad sudcaliforniana, contribuyendo a la formaci\u00f3n de la poblaci\u00f3n de la entidad, el progreso de la entidad no se concibe sin la creaci\u00f3n de la m\u00e1xima casa de estudios, por lo que la letras son un merecido reconocimiento.<\/span><\/p>\n<\/div>\n<div style=\"text-align: justify;\">\n<p class=\"LO-normal\"><span lang=\"ES\">\u00a0<\/span><\/p>\n<\/div>\n<div>\n<p class=\"LO-normal\" style=\"text-align: justify;\"><span lang=\"ES\">Finalmente, la diputada Teresita de Jes\u00fas Valent\u00edn V\u00e1zquez quien mostr\u00f3 su voto aprobatorio, se manifest\u00f3 orgullosa de la instituci\u00f3n de la cual egres\u00f3 e hizo un llamado a la UABCS para no dejar en el abandono a la extensi\u00f3n de Guerrero Negro.<\/span><\/p>\n<\/div>\n","protected":false},"excerpt":{"rendered":"<p>El Pleno de la XVII Legislatura del Congreso del Estado de BCS aprob\u00f3 el dictamen presentado por la Comisi\u00f3n Permanente<\/p>\n","protected":false},"author":1,"featured_media":149828,"comment_status":"open","ping_status":"closed","sticky":false,"template":"","format":"standard","meta":{"colormag_page_container_layout":"default_layout","colormag_page_sidebar_layout":"default_layout","_jetpack_memberships_contains_paid_content":false,"footnotes":"","jetpack_publicize_message":"","jetpack_publicize_feature_enabled":true,"jetpack_social_post_already_shared":true,"jetpack_social_options":{"image_generator_settings":{"template":"highway","default_image_id":0,"font":"","enabled":false},"version":2}},"categories":[48],"tags":[],"class_list":["post-149827","post","type-post","status-publish","format-standard","has-post-thumbnail","hentry","category-congreso-de-bcs"],"yoast_head":"<!-- This site is optimized with the Yoast SEO plugin v27.5 - https:\/\/yoast.com\/product\/yoast-seo-wordpress\/ -->\n<title>Aprueban inscribir en el muro la leyenda \u201cUniversidad Aut\u00f3noma de Baja California Sur, Sabidur\u00eda como meta, patria como destino\u201d - NBCS Noticias<\/title>\n<meta name=\"robots\" content=\"index, follow, max-snippet:-1, max-image-preview:large, max-video-preview:-1\" \/>\n<link rel=\"canonical\" href=\"https:\/\/nbcs.mx\/?p=149827\" \/>\n<meta property=\"og:locale\" content=\"es_ES\" \/>\n<meta property=\"og:type\" content=\"article\" \/>\n<meta property=\"og:title\" content=\"Aprueban inscribir en el muro la leyenda \u201cUniversidad Aut\u00f3noma de Baja California Sur, Sabidur\u00eda como meta, patria como destino\u201d - NBCS Noticias\" \/>\n<meta property=\"og:description\" content=\"El Pleno de la XVII Legislatura del Congreso del Estado de BCS aprob\u00f3 el dictamen presentado por la Comisi\u00f3n Permanente\" \/>\n<meta property=\"og:url\" content=\"https:\/\/nbcs.mx\/?p=149827\" \/>\n<meta property=\"og:site_name\" content=\"NBCS Noticias\" \/>\n<meta property=\"article:publisher\" content=\"https:\/\/www.facebook.com\/NBCSnoticias\" \/>\n<meta property=\"article:author\" content=\"https:\/\/www.facebook.com\/NBCSnoticias\" \/>\n<meta property=\"article:published_time\" content=\"2025-05-10T23:06:45+00:00\" \/>\n<meta property=\"og:image\" content=\"https:\/\/nbcs.mx\/wp-content\/uploads\/2025\/05\/DIP-SERGIO-GULUARTE-CESENA-250508-5-scaled.jpg\" \/>\n\t<meta property=\"og:image:width\" content=\"2560\" \/>\n\t<meta property=\"og:image:height\" content=\"1703\" \/>\n\t<meta property=\"og:image:type\" content=\"image\/jpeg\" \/>\n<meta name=\"author\" content=\"NBCS Noticias\" \/>\n<meta name=\"twitter:card\" content=\"summary_large_image\" \/>\n<meta name=\"twitter:creator\" content=\"@https:\/\/twitter.com\/NBCSnoticias\" \/>\n<meta name=\"twitter:site\" content=\"@NBCSnoticias\" \/>\n<meta name=\"twitter:label1\" content=\"Escrito por\" \/>\n\t<meta name=\"twitter:data1\" content=\"NBCS Noticias\" \/>\n\t<meta name=\"twitter:label2\" content=\"Tiempo de lectura\" \/>\n\t<meta name=\"twitter:data2\" content=\"3 minutos\" \/>\n<script type=\"application\/ld+json\" class=\"yoast-schema-graph\">{\"@context\":\"https:\\\/\\\/schema.org\",\"@graph\":[{\"@type\":\"Article\",\"@id\":\"https:\\\/\\\/nbcs.mx\\\/?p=149827#article\",\"isPartOf\":{\"@id\":\"https:\\\/\\\/nbcs.mx\\\/?p=149827\"},\"author\":{\"name\":\"NBCS Noticias\",\"@id\":\"https:\\\/\\\/nbcs.mx\\\/#\\\/schema\\\/person\\\/ece58bab9a7c1e87a4d28ec9ecd79ff4\"},\"headline\":\"Aprueban inscribir en el muro la leyenda \u201cUniversidad Aut\u00f3noma de Baja California Sur, Sabidur\u00eda como meta, patria como destino\u201d\",\"datePublished\":\"2025-05-10T23:06:45+00:00\",\"mainEntityOfPage\":{\"@id\":\"https:\\\/\\\/nbcs.mx\\\/?p=149827\"},\"wordCount\":612,\"commentCount\":0,\"publisher\":{\"@id\":\"https:\\\/\\\/nbcs.mx\\\/#organization\"},\"image\":{\"@id\":\"https:\\\/\\\/nbcs.mx\\\/?p=149827#primaryimage\"},\"thumbnailUrl\":\"https:\\\/\\\/nbcs.mx\\\/wp-content\\\/uploads\\\/2025\\\/05\\\/DIP-SERGIO-GULUARTE-CESENA-250508-5-scaled.jpg\",\"articleSection\":[\"Congreso de BCS\"],\"inLanguage\":\"es\",\"potentialAction\":[{\"@type\":\"CommentAction\",\"name\":\"Comment\",\"target\":[\"https:\\\/\\\/nbcs.mx\\\/?p=149827#respond\"]}]},{\"@type\":\"WebPage\",\"@id\":\"https:\\\/\\\/nbcs.mx\\\/?p=149827\",\"url\":\"https:\\\/\\\/nbcs.mx\\\/?p=149827\",\"name\":\"Aprueban inscribir en el muro la leyenda \u201cUniversidad Aut\u00f3noma de Baja California Sur, Sabidur\u00eda como meta, patria como destino\u201d - NBCS Noticias\",\"isPartOf\":{\"@id\":\"https:\\\/\\\/nbcs.mx\\\/#website\"},\"primaryImageOfPage\":{\"@id\":\"https:\\\/\\\/nbcs.mx\\\/?p=149827#primaryimage\"},\"image\":{\"@id\":\"https:\\\/\\\/nbcs.mx\\\/?p=149827#primaryimage\"},\"thumbnailUrl\":\"https:\\\/\\\/nbcs.mx\\\/wp-content\\\/uploads\\\/2025\\\/05\\\/DIP-SERGIO-GULUARTE-CESENA-250508-5-scaled.jpg\",\"datePublished\":\"2025-05-10T23:06:45+00:00\",\"breadcrumb\":{\"@id\":\"https:\\\/\\\/nbcs.mx\\\/?p=149827#breadcrumb\"},\"inLanguage\":\"es\",\"potentialAction\":[{\"@type\":\"ReadAction\",\"target\":[\"https:\\\/\\\/nbcs.mx\\\/?p=149827\"]}]},{\"@type\":\"ImageObject\",\"inLanguage\":\"es\",\"@id\":\"https:\\\/\\\/nbcs.mx\\\/?p=149827#primaryimage\",\"url\":\"https:\\\/\\\/nbcs.mx\\\/wp-content\\\/uploads\\\/2025\\\/05\\\/DIP-SERGIO-GULUARTE-CESENA-250508-5-scaled.jpg\",\"contentUrl\":\"https:\\\/\\\/nbcs.mx\\\/wp-content\\\/uploads\\\/2025\\\/05\\\/DIP-SERGIO-GULUARTE-CESENA-250508-5-scaled.jpg\",\"width\":2560,\"height\":1703},{\"@type\":\"BreadcrumbList\",\"@id\":\"https:\\\/\\\/nbcs.mx\\\/?p=149827#breadcrumb\",\"itemListElement\":[{\"@type\":\"ListItem\",\"position\":1,\"name\":\"Portada\",\"item\":\"https:\\\/\\\/nbcs.mx\\\/\"},{\"@type\":\"ListItem\",\"position\":2,\"name\":\"Aprueban inscribir en el muro la leyenda \u201cUniversidad Aut\u00f3noma de Baja California Sur, Sabidur\u00eda como meta, patria como destino\u201d\"}]},{\"@type\":\"WebSite\",\"@id\":\"https:\\\/\\\/nbcs.mx\\\/#website\",\"url\":\"https:\\\/\\\/nbcs.mx\\\/\",\"name\":\"NBCS Noticias\",\"description\":\"Sitio web de noticias en Baja California Sur\",\"publisher\":{\"@id\":\"https:\\\/\\\/nbcs.mx\\\/#organization\"},\"potentialAction\":[{\"@type\":\"SearchAction\",\"target\":{\"@type\":\"EntryPoint\",\"urlTemplate\":\"https:\\\/\\\/nbcs.mx\\\/?s={search_term_string}\"},\"query-input\":{\"@type\":\"PropertyValueSpecification\",\"valueRequired\":true,\"valueName\":\"search_term_string\"}}],\"inLanguage\":\"es\"},{\"@type\":\"Organization\",\"@id\":\"https:\\\/\\\/nbcs.mx\\\/#organization\",\"name\":\"NBCS Noticias\",\"url\":\"https:\\\/\\\/nbcs.mx\\\/\",\"logo\":{\"@type\":\"ImageObject\",\"inLanguage\":\"es\",\"@id\":\"https:\\\/\\\/nbcs.mx\\\/#\\\/schema\\\/logo\\\/image\\\/\",\"url\":\"https:\\\/\\\/nbcs.mx\\\/wp-content\\\/uploads\\\/2018\\\/09\\\/057b69485e93575a5c2b1c1dde2dd297.jpeg\",\"contentUrl\":\"https:\\\/\\\/nbcs.mx\\\/wp-content\\\/uploads\\\/2018\\\/09\\\/057b69485e93575a5c2b1c1dde2dd297.jpeg\",\"width\":64,\"height\":64,\"caption\":\"NBCS Noticias\"},\"image\":{\"@id\":\"https:\\\/\\\/nbcs.mx\\\/#\\\/schema\\\/logo\\\/image\\\/\"},\"sameAs\":[\"https:\\\/\\\/www.facebook.com\\\/NBCSnoticias\",\"https:\\\/\\\/x.com\\\/NBCSnoticias\"]},{\"@type\":\"Person\",\"@id\":\"https:\\\/\\\/nbcs.mx\\\/#\\\/schema\\\/person\\\/ece58bab9a7c1e87a4d28ec9ecd79ff4\",\"name\":\"NBCS Noticias\",\"image\":{\"@type\":\"ImageObject\",\"inLanguage\":\"es\",\"@id\":\"https:\\\/\\\/secure.gravatar.com\\\/avatar\\\/4e52110cad1c4054b43271a0d14bbe9e2ea76aecd0e1097edfc670798d9ca1d4?s=96&d=blank&r=g\",\"url\":\"https:\\\/\\\/secure.gravatar.com\\\/avatar\\\/4e52110cad1c4054b43271a0d14bbe9e2ea76aecd0e1097edfc670798d9ca1d4?s=96&d=blank&r=g\",\"contentUrl\":\"https:\\\/\\\/secure.gravatar.com\\\/avatar\\\/4e52110cad1c4054b43271a0d14bbe9e2ea76aecd0e1097edfc670798d9ca1d4?s=96&d=blank&r=g\",\"caption\":\"NBCS Noticias\"},\"description\":\"\u00bfTienes fotos o video de alg\u00fan acto de posible negligencia, corrupci\u00f3n y abuso de autoridad? M\u00e1ndalo al WhatsApp de NBCS Noticias: 612 141 98 08\",\"sameAs\":[\"https:\\\/\\\/www.nbcs.mx\",\"https:\\\/\\\/www.facebook.com\\\/NBCSnoticias\",\"https:\\\/\\\/www.instagram.com\\\/nbcsnoticias\\\/\",\"https:\\\/\\\/x.com\\\/https:\\\/\\\/twitter.com\\\/NBCSnoticias\"]}]}<\/script>\n<!-- \/ Yoast SEO plugin. -->","yoast_head_json":{"title":"Aprueban inscribir en el muro la leyenda \u201cUniversidad Aut\u00f3noma de Baja California Sur, Sabidur\u00eda como meta, patria como destino\u201d - NBCS Noticias","robots":{"index":"index","follow":"follow","max-snippet":"max-snippet:-1","max-image-preview":"max-image-preview:large","max-video-preview":"max-video-preview:-1"},"canonical":"https:\/\/nbcs.mx\/?p=149827","og_locale":"es_ES","og_type":"article","og_title":"Aprueban inscribir en el muro la leyenda \u201cUniversidad Aut\u00f3noma de Baja California Sur, Sabidur\u00eda como meta, patria como destino\u201d - NBCS Noticias","og_description":"El Pleno de la XVII Legislatura del Congreso del Estado de BCS aprob\u00f3 el dictamen presentado por la Comisi\u00f3n Permanente","og_url":"https:\/\/nbcs.mx\/?p=149827","og_site_name":"NBCS Noticias","article_publisher":"https:\/\/www.facebook.com\/NBCSnoticias","article_author":"https:\/\/www.facebook.com\/NBCSnoticias","article_published_time":"2025-05-10T23:06:45+00:00","og_image":[{"width":2560,"height":1703,"url":"https:\/\/nbcs.mx\/wp-content\/uploads\/2025\/05\/DIP-SERGIO-GULUARTE-CESENA-250508-5-scaled.jpg","type":"image\/jpeg"}],"author":"NBCS Noticias","twitter_card":"summary_large_image","twitter_creator":"@https:\/\/twitter.com\/NBCSnoticias","twitter_site":"@NBCSnoticias","twitter_misc":{"Escrito por":"NBCS Noticias","Tiempo de lectura":"3 minutos"},"schema":{"@context":"https:\/\/schema.org","@graph":[{"@type":"Article","@id":"https:\/\/nbcs.mx\/?p=149827#article","isPartOf":{"@id":"https:\/\/nbcs.mx\/?p=149827"},"author":{"name":"NBCS Noticias","@id":"https:\/\/nbcs.mx\/#\/schema\/person\/ece58bab9a7c1e87a4d28ec9ecd79ff4"},"headline":"Aprueban inscribir en el muro la leyenda \u201cUniversidad Aut\u00f3noma de Baja California Sur, Sabidur\u00eda como meta, patria como destino\u201d","datePublished":"2025-05-10T23:06:45+00:00","mainEntityOfPage":{"@id":"https:\/\/nbcs.mx\/?p=149827"},"wordCount":612,"commentCount":0,"publisher":{"@id":"https:\/\/nbcs.mx\/#organization"},"image":{"@id":"https:\/\/nbcs.mx\/?p=149827#primaryimage"},"thumbnailUrl":"https:\/\/nbcs.mx\/wp-content\/uploads\/2025\/05\/DIP-SERGIO-GULUARTE-CESENA-250508-5-scaled.jpg","articleSection":["Congreso de BCS"],"inLanguage":"es","potentialAction":[{"@type":"CommentAction","name":"Comment","target":["https:\/\/nbcs.mx\/?p=149827#respond"]}]},{"@type":"WebPage","@id":"https:\/\/nbcs.mx\/?p=149827","url":"https:\/\/nbcs.mx\/?p=149827","name":"Aprueban inscribir en el muro la leyenda \u201cUniversidad Aut\u00f3noma de Baja California Sur, Sabidur\u00eda como meta, patria como destino\u201d - NBCS Noticias","isPartOf":{"@id":"https:\/\/nbcs.mx\/#website"},"primaryImageOfPage":{"@id":"https:\/\/nbcs.mx\/?p=149827#primaryimage"},"image":{"@id":"https:\/\/nbcs.mx\/?p=149827#primaryimage"},"thumbnailUrl":"https:\/\/nbcs.mx\/wp-content\/uploads\/2025\/05\/DIP-SERGIO-GULUARTE-CESENA-250508-5-scaled.jpg","datePublished":"2025-05-10T23:06:45+00:00","breadcrumb":{"@id":"https:\/\/nbcs.mx\/?p=149827#breadcrumb"},"inLanguage":"es","potentialAction":[{"@type":"ReadAction","target":["https:\/\/nbcs.mx\/?p=149827"]}]},{"@type":"ImageObject","inLanguage":"es","@id":"https:\/\/nbcs.mx\/?p=149827#primaryimage","url":"https:\/\/nbcs.mx\/wp-content\/uploads\/2025\/05\/DIP-SERGIO-GULUARTE-CESENA-250508-5-scaled.jpg","contentUrl":"https:\/\/nbcs.mx\/wp-content\/uploads\/2025\/05\/DIP-SERGIO-GULUARTE-CESENA-250508-5-scaled.jpg","width":2560,"height":1703},{"@type":"BreadcrumbList","@id":"https:\/\/nbcs.mx\/?p=149827#breadcrumb","itemListElement":[{"@type":"ListItem","position":1,"name":"Portada","item":"https:\/\/nbcs.mx\/"},{"@type":"ListItem","position":2,"name":"Aprueban inscribir en el muro la leyenda \u201cUniversidad Aut\u00f3noma de Baja California Sur, Sabidur\u00eda como meta, patria como destino\u201d"}]},{"@type":"WebSite","@id":"https:\/\/nbcs.mx\/#website","url":"https:\/\/nbcs.mx\/","name":"NBCS Noticias","description":"Sitio web de noticias en Baja California Sur","publisher":{"@id":"https:\/\/nbcs.mx\/#organization"},"potentialAction":[{"@type":"SearchAction","target":{"@type":"EntryPoint","urlTemplate":"https:\/\/nbcs.mx\/?s={search_term_string}"},"query-input":{"@type":"PropertyValueSpecification","valueRequired":true,"valueName":"search_term_string"}}],"inLanguage":"es"},{"@type":"Organization","@id":"https:\/\/nbcs.mx\/#organization","name":"NBCS Noticias","url":"https:\/\/nbcs.mx\/","logo":{"@type":"ImageObject","inLanguage":"es","@id":"https:\/\/nbcs.mx\/#\/schema\/logo\/image\/","url":"https:\/\/nbcs.mx\/wp-content\/uploads\/2018\/09\/057b69485e93575a5c2b1c1dde2dd297.jpeg","contentUrl":"https:\/\/nbcs.mx\/wp-content\/uploads\/2018\/09\/057b69485e93575a5c2b1c1dde2dd297.jpeg","width":64,"height":64,"caption":"NBCS Noticias"},"image":{"@id":"https:\/\/nbcs.mx\/#\/schema\/logo\/image\/"},"sameAs":["https:\/\/www.facebook.com\/NBCSnoticias","https:\/\/x.com\/NBCSnoticias"]},{"@type":"Person","@id":"https:\/\/nbcs.mx\/#\/schema\/person\/ece58bab9a7c1e87a4d28ec9ecd79ff4","name":"NBCS Noticias","image":{"@type":"ImageObject","inLanguage":"es","@id":"https:\/\/secure.gravatar.com\/avatar\/4e52110cad1c4054b43271a0d14bbe9e2ea76aecd0e1097edfc670798d9ca1d4?s=96&d=blank&r=g","url":"https:\/\/secure.gravatar.com\/avatar\/4e52110cad1c4054b43271a0d14bbe9e2ea76aecd0e1097edfc670798d9ca1d4?s=96&d=blank&r=g","contentUrl":"https:\/\/secure.gravatar.com\/avatar\/4e52110cad1c4054b43271a0d14bbe9e2ea76aecd0e1097edfc670798d9ca1d4?s=96&d=blank&r=g","caption":"NBCS Noticias"},"description":"\u00bfTienes fotos o video de alg\u00fan acto de posible negligencia, corrupci\u00f3n y abuso de autoridad? M\u00e1ndalo al WhatsApp de NBCS Noticias: 612 141 98 08","sameAs":["https:\/\/www.nbcs.mx","https:\/\/www.facebook.com\/NBCSnoticias","https:\/\/www.instagram.com\/nbcsnoticias\/","https:\/\/x.com\/https:\/\/twitter.com\/NBCSnoticias"]}]}},"jetpack_publicize_connections":[],"jetpack_featured_media_url":"https:\/\/nbcs.mx\/wp-content\/uploads\/2025\/05\/DIP-SERGIO-GULUARTE-CESENA-250508-5-scaled.jpg","jetpack_sharing_enabled":true,"_links":{"self":[{"href":"https:\/\/nbcs.mx\/index.php?rest_route=\/wp\/v2\/posts\/149827","targetHints":{"allow":["GET"]}}],"collection":[{"href":"https:\/\/nbcs.mx\/index.php?rest_route=\/wp\/v2\/posts"}],"about":[{"href":"https:\/\/nbcs.mx\/index.php?rest_route=\/wp\/v2\/types\/post"}],"author":[{"embeddable":true,"href":"https:\/\/nbcs.mx\/index.php?rest_route=\/wp\/v2\/users\/1"}],"replies":[{"embeddable":true,"href":"https:\/\/nbcs.mx\/index.php?rest_route=%2Fwp%2Fv2%2Fcomments&post=149827"}],"version-history":[{"count":1,"href":"https:\/\/nbcs.mx\/index.php?rest_route=\/wp\/v2\/posts\/149827\/revisions"}],"predecessor-version":[{"id":149829,"href":"https:\/\/nbcs.mx\/index.php?rest_route=\/wp\/v2\/posts\/149827\/revisions\/149829"}],"wp:featuredmedia":[{"embeddable":true,"href":"https:\/\/nbcs.mx\/index.php?rest_route=\/wp\/v2\/media\/149828"}],"wp:attachment":[{"href":"https:\/\/nbcs.mx\/index.php?rest_route=%2Fwp%2Fv2%2Fmedia&parent=149827"}],"wp:term":[{"taxonomy":"category","embeddable":true,"href":"https:\/\/nbcs.mx\/index.php?rest_route=%2Fwp%2Fv2%2Fcategories&post=149827"},{"taxonomy":"post_tag","embeddable":true,"href":"https:\/\/nbcs.mx\/index.php?rest_route=%2Fwp%2Fv2%2Ftags&post=149827"}],"curies":[{"name":"wp","href":"https:\/\/api.w.org\/{rel}","templated":true}]}}