{"id":149839,"date":"2025-05-10T07:11:24","date_gmt":"2025-05-10T13:11:24","guid":{"rendered":"https:\/\/nbcs.mx\/?p=149839"},"modified":"2025-05-10T17:14:07","modified_gmt":"2025-05-10T23:14:07","slug":"invita-ayuntamiento-de-mulege-a-celebracion-por-el-dia-de-las-madres","status":"publish","type":"post","link":"https:\/\/nbcs.mx\/?p=149839","title":{"rendered":"Invita ayuntamiento de Muleg\u00e9 a celebraci\u00f3n por el D\u00eda de las Madres"},"content":{"rendered":"<p style=\"font-weight: 400; text-align: justify;\"><img loading=\"lazy\" decoding=\"async\" class=\" wp-image-34359 alignleft\" src=\"https:\/\/nbcs.mx\/wp-content\/uploads\/2018\/10\/palacio-municipal-mulege-738x492.jpg\" alt=\"\" width=\"386\" height=\"257\" srcset=\"https:\/\/nbcs.mx\/wp-content\/uploads\/2018\/10\/palacio-municipal-mulege-738x492.jpg 738w, https:\/\/nbcs.mx\/wp-content\/uploads\/2018\/10\/palacio-municipal-mulege-150x100.jpg 150w, https:\/\/nbcs.mx\/wp-content\/uploads\/2018\/10\/palacio-municipal-mulege-768x512.jpg 768w, https:\/\/nbcs.mx\/wp-content\/uploads\/2018\/10\/palacio-municipal-mulege-1024x683.jpg 1024w, https:\/\/nbcs.mx\/wp-content\/uploads\/2018\/10\/palacio-municipal-mulege-600x400.jpg 600w, https:\/\/nbcs.mx\/wp-content\/uploads\/2018\/10\/palacio-municipal-mulege.jpg 1500w\" sizes=\"auto, (max-width: 386px) 100vw, 386px\" \/>La alcaldesa de Muleg\u00e9, Edith Aguilar Villavicencio, invita a toda la comunidad a celebrar el D\u00eda de las Madres este s\u00e1bado 10 de mayo en la plaza p\u00fablica Benito Ju\u00e1rez. El evento tendr\u00e1 lugar a partir de las 5:30 de la tarde y contar\u00e1 con un programa art\u00edstico cultural especialmente dise\u00f1ado para homenajear a las madres muleginas.<\/p>\n<p style=\"font-weight: 400; text-align: justify;\">Durante la celebraci\u00f3n, se realizar\u00e1 una rifa de regalos y la presentaci\u00f3n estelar del mariachi Nuevo Loreto. La alcaldesa destac\u00f3 que esta celebraci\u00f3n es una oportunidad para reconocer y agradecer a las madres por su amor y dedicaci\u00f3n.<\/p>\n<p style=\"font-weight: 400; text-align: justify;\">\u00abQueremos que las madres de Muleg\u00e9 se sientan especiales y reconocidas en su d\u00eda. Este evento es una muestra de nuestro aprecio y gratitud por todo lo que hacen por sus familias y nuestra comunidad\u00bb, expres\u00f3 Edith Aguilar.<\/p>\n<p style=\"font-weight: 400; text-align: justify;\">De igualmente la alcaldesa inform\u00f3 que de la mano con el Sistema DIF Muleg\u00e9, se encuentran realizando festivales para las madres de familia por distintas comunidades en todo el municipio de Muleg\u00e9.<\/p>\n<p style=\"font-weight: 400; text-align: justify;\">\u00abEs importante para nosotros como gobierno, reconocer y valorar el papel fundamental que juegan las madres en la sociedad. Estoy segura de que este evento ser\u00e1 una experiencia especial para todas nuestras mam\u00e1s \u00ab, concluy\u00f3 la alcaldesa Edith Aguilar.<\/p>\n","protected":false},"excerpt":{"rendered":"<p>La alcaldesa de Muleg\u00e9, Edith Aguilar Villavicencio, invita a toda la comunidad a celebrar el D\u00eda de las Madres este<\/p>\n","protected":false},"author":1,"featured_media":34359,"comment_status":"open","ping_status":"closed","sticky":false,"template":"","format":"standard","meta":{"colormag_page_container_layout":"default_layout","colormag_page_sidebar_layout":"default_layout","_jetpack_memberships_contains_paid_content":false,"footnotes":"","jetpack_publicize_message":"","jetpack_publicize_feature_enabled":true,"jetpack_social_post_already_shared":true,"jetpack_social_options":{"image_generator_settings":{"template":"highway","default_image_id":0,"font":"","enabled":false},"version":2}},"categories":[40],"tags":[],"class_list":["post-149839","post","type-post","status-publish","format-standard","has-post-thumbnail","hentry","category-municipios"],"yoast_head":"<!-- This site is optimized with the Yoast SEO plugin v27.4 - https:\/\/yoast.com\/product\/yoast-seo-wordpress\/ -->\n<title>Invita ayuntamiento de Muleg\u00e9 a celebraci\u00f3n por el D\u00eda de las Madres - NBCS Noticias<\/title>\n<meta name=\"robots\" content=\"index, follow, max-snippet:-1, max-image-preview:large, max-video-preview:-1\" \/>\n<link rel=\"canonical\" href=\"https:\/\/nbcs.mx\/?p=149839\" \/>\n<meta property=\"og:locale\" content=\"es_ES\" \/>\n<meta property=\"og:type\" content=\"article\" \/>\n<meta property=\"og:title\" content=\"Invita ayuntamiento de Muleg\u00e9 a celebraci\u00f3n por el D\u00eda de las Madres - NBCS Noticias\" \/>\n<meta property=\"og:description\" content=\"La alcaldesa de Muleg\u00e9, Edith Aguilar Villavicencio, invita a toda la comunidad a celebrar el D\u00eda de las Madres este\" \/>\n<meta property=\"og:url\" content=\"https:\/\/nbcs.mx\/?p=149839\" \/>\n<meta property=\"og:site_name\" content=\"NBCS Noticias\" \/>\n<meta property=\"article:publisher\" content=\"https:\/\/www.facebook.com\/NBCSnoticias\" \/>\n<meta property=\"article:author\" content=\"https:\/\/www.facebook.com\/NBCSnoticias\" \/>\n<meta property=\"article:published_time\" content=\"2025-05-10T13:11:24+00:00\" \/>\n<meta property=\"article:modified_time\" content=\"2025-05-10T23:14:07+00:00\" \/>\n<meta property=\"og:image\" content=\"https:\/\/nbcs.mx\/wp-content\/uploads\/2018\/10\/palacio-municipal-mulege.jpg\" \/>\n\t<meta property=\"og:image:width\" content=\"1500\" \/>\n\t<meta property=\"og:image:height\" content=\"1000\" \/>\n\t<meta property=\"og:image:type\" content=\"image\/jpeg\" \/>\n<meta name=\"author\" content=\"NBCS Noticias\" \/>\n<meta name=\"twitter:card\" content=\"summary_large_image\" \/>\n<meta name=\"twitter:creator\" content=\"@https:\/\/twitter.com\/NBCSnoticias\" \/>\n<meta name=\"twitter:site\" content=\"@NBCSnoticias\" \/>\n<meta name=\"twitter:label1\" content=\"Escrito por\" \/>\n\t<meta name=\"twitter:data1\" content=\"NBCS Noticias\" \/>\n\t<meta name=\"twitter:label2\" content=\"Tiempo de lectura\" \/>\n\t<meta name=\"twitter:data2\" content=\"2 minutos\" \/>\n<script type=\"application\/ld+json\" class=\"yoast-schema-graph\">{\"@context\":\"https:\\\/\\\/schema.org\",\"@graph\":[{\"@type\":\"Article\",\"@id\":\"https:\\\/\\\/nbcs.mx\\\/?p=149839#article\",\"isPartOf\":{\"@id\":\"https:\\\/\\\/nbcs.mx\\\/?p=149839\"},\"author\":{\"name\":\"NBCS Noticias\",\"@id\":\"https:\\\/\\\/nbcs.mx\\\/#\\\/schema\\\/person\\\/ece58bab9a7c1e87a4d28ec9ecd79ff4\"},\"headline\":\"Invita ayuntamiento de Muleg\u00e9 a celebraci\u00f3n por el D\u00eda de las Madres\",\"datePublished\":\"2025-05-10T13:11:24+00:00\",\"dateModified\":\"2025-05-10T23:14:07+00:00\",\"mainEntityOfPage\":{\"@id\":\"https:\\\/\\\/nbcs.mx\\\/?p=149839\"},\"wordCount\":227,\"commentCount\":0,\"publisher\":{\"@id\":\"https:\\\/\\\/nbcs.mx\\\/#organization\"},\"image\":{\"@id\":\"https:\\\/\\\/nbcs.mx\\\/?p=149839#primaryimage\"},\"thumbnailUrl\":\"https:\\\/\\\/nbcs.mx\\\/wp-content\\\/uploads\\\/2018\\\/10\\\/palacio-municipal-mulege.jpg\",\"articleSection\":[\"Municipios\"],\"inLanguage\":\"es\",\"potentialAction\":[{\"@type\":\"CommentAction\",\"name\":\"Comment\",\"target\":[\"https:\\\/\\\/nbcs.mx\\\/?p=149839#respond\"]}]},{\"@type\":\"WebPage\",\"@id\":\"https:\\\/\\\/nbcs.mx\\\/?p=149839\",\"url\":\"https:\\\/\\\/nbcs.mx\\\/?p=149839\",\"name\":\"Invita ayuntamiento de Muleg\u00e9 a celebraci\u00f3n por el D\u00eda de las Madres - NBCS Noticias\",\"isPartOf\":{\"@id\":\"https:\\\/\\\/nbcs.mx\\\/#website\"},\"primaryImageOfPage\":{\"@id\":\"https:\\\/\\\/nbcs.mx\\\/?p=149839#primaryimage\"},\"image\":{\"@id\":\"https:\\\/\\\/nbcs.mx\\\/?p=149839#primaryimage\"},\"thumbnailUrl\":\"https:\\\/\\\/nbcs.mx\\\/wp-content\\\/uploads\\\/2018\\\/10\\\/palacio-municipal-mulege.jpg\",\"datePublished\":\"2025-05-10T13:11:24+00:00\",\"dateModified\":\"2025-05-10T23:14:07+00:00\",\"breadcrumb\":{\"@id\":\"https:\\\/\\\/nbcs.mx\\\/?p=149839#breadcrumb\"},\"inLanguage\":\"es\",\"potentialAction\":[{\"@type\":\"ReadAction\",\"target\":[\"https:\\\/\\\/nbcs.mx\\\/?p=149839\"]}]},{\"@type\":\"ImageObject\",\"inLanguage\":\"es\",\"@id\":\"https:\\\/\\\/nbcs.mx\\\/?p=149839#primaryimage\",\"url\":\"https:\\\/\\\/nbcs.mx\\\/wp-content\\\/uploads\\\/2018\\\/10\\\/palacio-municipal-mulege.jpg\",\"contentUrl\":\"https:\\\/\\\/nbcs.mx\\\/wp-content\\\/uploads\\\/2018\\\/10\\\/palacio-municipal-mulege.jpg\",\"width\":1500,\"height\":1000},{\"@type\":\"BreadcrumbList\",\"@id\":\"https:\\\/\\\/nbcs.mx\\\/?p=149839#breadcrumb\",\"itemListElement\":[{\"@type\":\"ListItem\",\"position\":1,\"name\":\"Portada\",\"item\":\"https:\\\/\\\/nbcs.mx\\\/\"},{\"@type\":\"ListItem\",\"position\":2,\"name\":\"Invita ayuntamiento de Muleg\u00e9 a celebraci\u00f3n por el D\u00eda de las Madres\"}]},{\"@type\":\"WebSite\",\"@id\":\"https:\\\/\\\/nbcs.mx\\\/#website\",\"url\":\"https:\\\/\\\/nbcs.mx\\\/\",\"name\":\"NBCS Noticias\",\"description\":\"Sitio web de noticias en Baja California Sur\",\"publisher\":{\"@id\":\"https:\\\/\\\/nbcs.mx\\\/#organization\"},\"potentialAction\":[{\"@type\":\"SearchAction\",\"target\":{\"@type\":\"EntryPoint\",\"urlTemplate\":\"https:\\\/\\\/nbcs.mx\\\/?s={search_term_string}\"},\"query-input\":{\"@type\":\"PropertyValueSpecification\",\"valueRequired\":true,\"valueName\":\"search_term_string\"}}],\"inLanguage\":\"es\"},{\"@type\":\"Organization\",\"@id\":\"https:\\\/\\\/nbcs.mx\\\/#organization\",\"name\":\"NBCS Noticias\",\"url\":\"https:\\\/\\\/nbcs.mx\\\/\",\"logo\":{\"@type\":\"ImageObject\",\"inLanguage\":\"es\",\"@id\":\"https:\\\/\\\/nbcs.mx\\\/#\\\/schema\\\/logo\\\/image\\\/\",\"url\":\"https:\\\/\\\/nbcs.mx\\\/wp-content\\\/uploads\\\/2018\\\/09\\\/057b69485e93575a5c2b1c1dde2dd297.jpeg\",\"contentUrl\":\"https:\\\/\\\/nbcs.mx\\\/wp-content\\\/uploads\\\/2018\\\/09\\\/057b69485e93575a5c2b1c1dde2dd297.jpeg\",\"width\":64,\"height\":64,\"caption\":\"NBCS Noticias\"},\"image\":{\"@id\":\"https:\\\/\\\/nbcs.mx\\\/#\\\/schema\\\/logo\\\/image\\\/\"},\"sameAs\":[\"https:\\\/\\\/www.facebook.com\\\/NBCSnoticias\",\"https:\\\/\\\/x.com\\\/NBCSnoticias\"]},{\"@type\":\"Person\",\"@id\":\"https:\\\/\\\/nbcs.mx\\\/#\\\/schema\\\/person\\\/ece58bab9a7c1e87a4d28ec9ecd79ff4\",\"name\":\"NBCS Noticias\",\"image\":{\"@type\":\"ImageObject\",\"inLanguage\":\"es\",\"@id\":\"https:\\\/\\\/secure.gravatar.com\\\/avatar\\\/4e52110cad1c4054b43271a0d14bbe9e2ea76aecd0e1097edfc670798d9ca1d4?s=96&d=blank&r=g\",\"url\":\"https:\\\/\\\/secure.gravatar.com\\\/avatar\\\/4e52110cad1c4054b43271a0d14bbe9e2ea76aecd0e1097edfc670798d9ca1d4?s=96&d=blank&r=g\",\"contentUrl\":\"https:\\\/\\\/secure.gravatar.com\\\/avatar\\\/4e52110cad1c4054b43271a0d14bbe9e2ea76aecd0e1097edfc670798d9ca1d4?s=96&d=blank&r=g\",\"caption\":\"NBCS Noticias\"},\"description\":\"\u00bfTienes fotos o video de alg\u00fan acto de posible negligencia, corrupci\u00f3n y abuso de autoridad? M\u00e1ndalo al WhatsApp de NBCS Noticias: 612 141 98 08\",\"sameAs\":[\"https:\\\/\\\/www.nbcs.mx\",\"https:\\\/\\\/www.facebook.com\\\/NBCSnoticias\",\"https:\\\/\\\/www.instagram.com\\\/nbcsnoticias\\\/\",\"https:\\\/\\\/x.com\\\/https:\\\/\\\/twitter.com\\\/NBCSnoticias\"]}]}<\/script>\n<!-- \/ Yoast SEO plugin. -->","yoast_head_json":{"title":"Invita ayuntamiento de Muleg\u00e9 a celebraci\u00f3n por el D\u00eda de las Madres - NBCS Noticias","robots":{"index":"index","follow":"follow","max-snippet":"max-snippet:-1","max-image-preview":"max-image-preview:large","max-video-preview":"max-video-preview:-1"},"canonical":"https:\/\/nbcs.mx\/?p=149839","og_locale":"es_ES","og_type":"article","og_title":"Invita ayuntamiento de Muleg\u00e9 a celebraci\u00f3n por el D\u00eda de las Madres - NBCS Noticias","og_description":"La alcaldesa de Muleg\u00e9, Edith Aguilar Villavicencio, invita a toda la comunidad a celebrar el D\u00eda de las Madres este","og_url":"https:\/\/nbcs.mx\/?p=149839","og_site_name":"NBCS Noticias","article_publisher":"https:\/\/www.facebook.com\/NBCSnoticias","article_author":"https:\/\/www.facebook.com\/NBCSnoticias","article_published_time":"2025-05-10T13:11:24+00:00","article_modified_time":"2025-05-10T23:14:07+00:00","og_image":[{"width":1500,"height":1000,"url":"https:\/\/nbcs.mx\/wp-content\/uploads\/2018\/10\/palacio-municipal-mulege.jpg","type":"image\/jpeg"}],"author":"NBCS Noticias","twitter_card":"summary_large_image","twitter_creator":"@https:\/\/twitter.com\/NBCSnoticias","twitter_site":"@NBCSnoticias","twitter_misc":{"Escrito por":"NBCS Noticias","Tiempo de lectura":"2 minutos"},"schema":{"@context":"https:\/\/schema.org","@graph":[{"@type":"Article","@id":"https:\/\/nbcs.mx\/?p=149839#article","isPartOf":{"@id":"https:\/\/nbcs.mx\/?p=149839"},"author":{"name":"NBCS Noticias","@id":"https:\/\/nbcs.mx\/#\/schema\/person\/ece58bab9a7c1e87a4d28ec9ecd79ff4"},"headline":"Invita ayuntamiento de Muleg\u00e9 a celebraci\u00f3n por el D\u00eda de las Madres","datePublished":"2025-05-10T13:11:24+00:00","dateModified":"2025-05-10T23:14:07+00:00","mainEntityOfPage":{"@id":"https:\/\/nbcs.mx\/?p=149839"},"wordCount":227,"commentCount":0,"publisher":{"@id":"https:\/\/nbcs.mx\/#organization"},"image":{"@id":"https:\/\/nbcs.mx\/?p=149839#primaryimage"},"thumbnailUrl":"https:\/\/nbcs.mx\/wp-content\/uploads\/2018\/10\/palacio-municipal-mulege.jpg","articleSection":["Municipios"],"inLanguage":"es","potentialAction":[{"@type":"CommentAction","name":"Comment","target":["https:\/\/nbcs.mx\/?p=149839#respond"]}]},{"@type":"WebPage","@id":"https:\/\/nbcs.mx\/?p=149839","url":"https:\/\/nbcs.mx\/?p=149839","name":"Invita ayuntamiento de Muleg\u00e9 a celebraci\u00f3n por el D\u00eda de las Madres - NBCS Noticias","isPartOf":{"@id":"https:\/\/nbcs.mx\/#website"},"primaryImageOfPage":{"@id":"https:\/\/nbcs.mx\/?p=149839#primaryimage"},"image":{"@id":"https:\/\/nbcs.mx\/?p=149839#primaryimage"},"thumbnailUrl":"https:\/\/nbcs.mx\/wp-content\/uploads\/2018\/10\/palacio-municipal-mulege.jpg","datePublished":"2025-05-10T13:11:24+00:00","dateModified":"2025-05-10T23:14:07+00:00","breadcrumb":{"@id":"https:\/\/nbcs.mx\/?p=149839#breadcrumb"},"inLanguage":"es","potentialAction":[{"@type":"ReadAction","target":["https:\/\/nbcs.mx\/?p=149839"]}]},{"@type":"ImageObject","inLanguage":"es","@id":"https:\/\/nbcs.mx\/?p=149839#primaryimage","url":"https:\/\/nbcs.mx\/wp-content\/uploads\/2018\/10\/palacio-municipal-mulege.jpg","contentUrl":"https:\/\/nbcs.mx\/wp-content\/uploads\/2018\/10\/palacio-municipal-mulege.jpg","width":1500,"height":1000},{"@type":"BreadcrumbList","@id":"https:\/\/nbcs.mx\/?p=149839#breadcrumb","itemListElement":[{"@type":"ListItem","position":1,"name":"Portada","item":"https:\/\/nbcs.mx\/"},{"@type":"ListItem","position":2,"name":"Invita ayuntamiento de Muleg\u00e9 a celebraci\u00f3n por el D\u00eda de las Madres"}]},{"@type":"WebSite","@id":"https:\/\/nbcs.mx\/#website","url":"https:\/\/nbcs.mx\/","name":"NBCS Noticias","description":"Sitio web de noticias en Baja California Sur","publisher":{"@id":"https:\/\/nbcs.mx\/#organization"},"potentialAction":[{"@type":"SearchAction","target":{"@type":"EntryPoint","urlTemplate":"https:\/\/nbcs.mx\/?s={search_term_string}"},"query-input":{"@type":"PropertyValueSpecification","valueRequired":true,"valueName":"search_term_string"}}],"inLanguage":"es"},{"@type":"Organization","@id":"https:\/\/nbcs.mx\/#organization","name":"NBCS Noticias","url":"https:\/\/nbcs.mx\/","logo":{"@type":"ImageObject","inLanguage":"es","@id":"https:\/\/nbcs.mx\/#\/schema\/logo\/image\/","url":"https:\/\/nbcs.mx\/wp-content\/uploads\/2018\/09\/057b69485e93575a5c2b1c1dde2dd297.jpeg","contentUrl":"https:\/\/nbcs.mx\/wp-content\/uploads\/2018\/09\/057b69485e93575a5c2b1c1dde2dd297.jpeg","width":64,"height":64,"caption":"NBCS Noticias"},"image":{"@id":"https:\/\/nbcs.mx\/#\/schema\/logo\/image\/"},"sameAs":["https:\/\/www.facebook.com\/NBCSnoticias","https:\/\/x.com\/NBCSnoticias"]},{"@type":"Person","@id":"https:\/\/nbcs.mx\/#\/schema\/person\/ece58bab9a7c1e87a4d28ec9ecd79ff4","name":"NBCS Noticias","image":{"@type":"ImageObject","inLanguage":"es","@id":"https:\/\/secure.gravatar.com\/avatar\/4e52110cad1c4054b43271a0d14bbe9e2ea76aecd0e1097edfc670798d9ca1d4?s=96&d=blank&r=g","url":"https:\/\/secure.gravatar.com\/avatar\/4e52110cad1c4054b43271a0d14bbe9e2ea76aecd0e1097edfc670798d9ca1d4?s=96&d=blank&r=g","contentUrl":"https:\/\/secure.gravatar.com\/avatar\/4e52110cad1c4054b43271a0d14bbe9e2ea76aecd0e1097edfc670798d9ca1d4?s=96&d=blank&r=g","caption":"NBCS Noticias"},"description":"\u00bfTienes fotos o video de alg\u00fan acto de posible negligencia, corrupci\u00f3n y abuso de autoridad? M\u00e1ndalo al WhatsApp de NBCS Noticias: 612 141 98 08","sameAs":["https:\/\/www.nbcs.mx","https:\/\/www.facebook.com\/NBCSnoticias","https:\/\/www.instagram.com\/nbcsnoticias\/","https:\/\/x.com\/https:\/\/twitter.com\/NBCSnoticias"]}]}},"jetpack_publicize_connections":[],"jetpack_featured_media_url":"https:\/\/nbcs.mx\/wp-content\/uploads\/2018\/10\/palacio-municipal-mulege.jpg","jetpack_sharing_enabled":true,"_links":{"self":[{"href":"https:\/\/nbcs.mx\/index.php?rest_route=\/wp\/v2\/posts\/149839","targetHints":{"allow":["GET"]}}],"collection":[{"href":"https:\/\/nbcs.mx\/index.php?rest_route=\/wp\/v2\/posts"}],"about":[{"href":"https:\/\/nbcs.mx\/index.php?rest_route=\/wp\/v2\/types\/post"}],"author":[{"embeddable":true,"href":"https:\/\/nbcs.mx\/index.php?rest_route=\/wp\/v2\/users\/1"}],"replies":[{"embeddable":true,"href":"https:\/\/nbcs.mx\/index.php?rest_route=%2Fwp%2Fv2%2Fcomments&post=149839"}],"version-history":[{"count":1,"href":"https:\/\/nbcs.mx\/index.php?rest_route=\/wp\/v2\/posts\/149839\/revisions"}],"predecessor-version":[{"id":149840,"href":"https:\/\/nbcs.mx\/index.php?rest_route=\/wp\/v2\/posts\/149839\/revisions\/149840"}],"wp:featuredmedia":[{"embeddable":true,"href":"https:\/\/nbcs.mx\/index.php?rest_route=\/wp\/v2\/media\/34359"}],"wp:attachment":[{"href":"https:\/\/nbcs.mx\/index.php?rest_route=%2Fwp%2Fv2%2Fmedia&parent=149839"}],"wp:term":[{"taxonomy":"category","embeddable":true,"href":"https:\/\/nbcs.mx\/index.php?rest_route=%2Fwp%2Fv2%2Fcategories&post=149839"},{"taxonomy":"post_tag","embeddable":true,"href":"https:\/\/nbcs.mx\/index.php?rest_route=%2Fwp%2Fv2%2Ftags&post=149839"}],"curies":[{"name":"wp","href":"https:\/\/api.w.org\/{rel}","templated":true}]}}