{"id":149876,"date":"2025-05-11T20:35:21","date_gmt":"2025-05-12T02:35:21","guid":{"rendered":"https:\/\/nbcs.mx\/?p=149876"},"modified":"2025-05-11T20:35:21","modified_gmt":"2025-05-12T02:35:21","slug":"milena-quiroga-encabeza-encuentro-sobre-cuidados-con-mujeres-en-puestos-de-decision","status":"publish","type":"post","link":"https:\/\/nbcs.mx\/?p=149876","title":{"rendered":"Milena Quiroga encabeza encuentro sobre cuidados con mujeres en puestos de decisi\u00f3n"},"content":{"rendered":"<p style=\"font-weight: 400; text-align: justify;\"><img loading=\"lazy\" decoding=\"async\" class=\" wp-image-149877 alignleft\" src=\"https:\/\/nbcs.mx\/wp-content\/uploads\/2025\/05\/Foto-Boletin-532-738x492.jpg\" alt=\"\" width=\"380\" height=\"253\" srcset=\"https:\/\/nbcs.mx\/wp-content\/uploads\/2025\/05\/Foto-Boletin-532-738x492.jpg 738w, https:\/\/nbcs.mx\/wp-content\/uploads\/2025\/05\/Foto-Boletin-532-1024x683.jpg 1024w, https:\/\/nbcs.mx\/wp-content\/uploads\/2025\/05\/Foto-Boletin-532-150x100.jpg 150w, https:\/\/nbcs.mx\/wp-content\/uploads\/2025\/05\/Foto-Boletin-532-768x512.jpg 768w, https:\/\/nbcs.mx\/wp-content\/uploads\/2025\/05\/Foto-Boletin-532-1536x1025.jpg 1536w, https:\/\/nbcs.mx\/wp-content\/uploads\/2025\/05\/Foto-Boletin-532.jpg 2048w\" sizes=\"auto, (max-width: 380px) 100vw, 380px\" \/>La Presidenta Municipal de La Paz, Milena Quiroga Romero, encabez\u00f3 el primer encuentro del C\u00edrculo de Mujeres L\u00edderes: \u201cCuidar tambi\u00e9n es decidir\u201d, organizado por el Instituto Municipal de las Mujeres (IMM), con el objetivo de generar un espacio de di\u00e1logo sobre el impacto de las labores de cuidado en la vida personal y profesional de quienes ocupan cargos de responsabilidad.<\/p>\n<p style=\"font-weight: 400; text-align: justify;\">\n<p style=\"font-weight: 400; text-align: justify;\">La reuni\u00f3n que tuvo lugar en el Centro de Justicia para Mujeres, convoc\u00f3 a servidoras p\u00fablicas, representantes pol\u00edticas y liderazgos femeninos de instituciones p\u00fablicas, \u00f3rganos aut\u00f3nomos y partidos. La finalidad fue visibilizar c\u00f3mo las tareas de cuidado afectan de forma diferenciada a las mujeres, seg\u00fan su identidad, rol social y condiciones de vida, as\u00ed como impulsar propuestas que integren esta perspectiva en las pol\u00edticas p\u00fablicas.<\/p>\n<p style=\"font-weight: 400; text-align: justify;\">\n<p style=\"font-weight: 400; text-align: justify;\">Esta actividad forma parte de la iniciativa interinstitucional C\u00edrculos de Cuidado: Reflexiones y Experiencias desde el G\u00e9nero, un ciclo de sesiones que se desarrollar\u00e1 entre mayo y junio, promoviendo una visi\u00f3n interseccional sobre el tema. La estrategia se enmarca en la campa\u00f1a La Paz Cuida, que promueve el Ayuntamiento rumbo a la instalaci\u00f3n del Sistema Local de Cuidados.<\/p>\n<p style=\"font-weight: 400; text-align: justify;\">\n<p style=\"font-weight: 400; text-align: justify;\">Christa Gonz\u00e1lez Robinson, Directora del IMM, destac\u00f3 que esta l\u00ednea de acci\u00f3n est\u00e1 alineada con el Plan Municipal de Desarrollo. \u201cLa idea es que mujeres que ocupan cargos de toma de decisiones en instituciones p\u00fablicas, en el Congreso, en partidos pol\u00edticos, en \u00f3rganos aut\u00f3nomos y en diferentes espacios de representaci\u00f3n pol\u00edtica puedan hablar sobre el cuidado como la base estructural de las desigualdades de g\u00e9nero y el impacto que tiene en esos espacios de poder, as\u00ed como la generaci\u00f3n de propuestas para pol\u00edticas p\u00fablicas con enfoque de cuidados\u201d, indic\u00f3.<\/p>\n<p style=\"font-weight: 400; text-align: justify;\">\n<p style=\"font-weight: 400; text-align: justify;\">Cabe recordar que, durante la pasada administraci\u00f3n tambi\u00e9n encabezada por Milena Quiroga, se llev\u00f3 a cabo un ejercicio similar con elementos de la polic\u00eda municipal. De ah\u00ed surgi\u00f3 el compromiso que dio origen a La Madriguera, hoy consolidada como un espacio que responde a las necesidades de madres trabajadoras.<\/p>\n<p style=\"font-weight: 400; text-align: justify;\">\n<p style=\"font-weight: 400; text-align: justify;\">Estas reflexiones contin\u00faan alimentando el dise\u00f1o del Sistema Local de Cuidados, cuyo foro se llevar\u00e1 a cabo en el mes de octubre, con la meta de instalarlo antes de finalizar el a\u00f1o. #EsLaPaz una ciudad que avanza poniendo el cuidado en el centro de su transformaci\u00f3n social.<\/p>\n","protected":false},"excerpt":{"rendered":"<p>La Presidenta Municipal de La Paz, Milena Quiroga Romero, encabez\u00f3 el primer encuentro del C\u00edrculo de Mujeres L\u00edderes: \u201cCuidar tambi\u00e9n<\/p>\n","protected":false},"author":1,"featured_media":149877,"comment_status":"open","ping_status":"closed","sticky":false,"template":"","format":"standard","meta":{"colormag_page_container_layout":"default_layout","colormag_page_sidebar_layout":"default_layout","_jetpack_memberships_contains_paid_content":false,"footnotes":"","jetpack_publicize_message":"","jetpack_publicize_feature_enabled":true,"jetpack_social_post_already_shared":true,"jetpack_social_options":{"image_generator_settings":{"template":"highway","default_image_id":0,"font":"","enabled":false},"version":2}},"categories":[40],"tags":[],"class_list":["post-149876","post","type-post","status-publish","format-standard","has-post-thumbnail","hentry","category-municipios"],"yoast_head":"<!-- This site is optimized with the Yoast SEO plugin v27.4 - https:\/\/yoast.com\/product\/yoast-seo-wordpress\/ -->\n<title>Milena Quiroga encabeza encuentro sobre cuidados con mujeres en puestos de decisi\u00f3n - NBCS Noticias<\/title>\n<meta name=\"robots\" content=\"index, follow, max-snippet:-1, max-image-preview:large, max-video-preview:-1\" \/>\n<link rel=\"canonical\" href=\"https:\/\/nbcs.mx\/?p=149876\" \/>\n<meta property=\"og:locale\" content=\"es_ES\" \/>\n<meta property=\"og:type\" content=\"article\" \/>\n<meta property=\"og:title\" content=\"Milena Quiroga encabeza encuentro sobre cuidados con mujeres en puestos de decisi\u00f3n - NBCS Noticias\" \/>\n<meta property=\"og:description\" content=\"La Presidenta Municipal de La Paz, Milena Quiroga Romero, encabez\u00f3 el primer encuentro del C\u00edrculo de Mujeres L\u00edderes: \u201cCuidar tambi\u00e9n\" \/>\n<meta property=\"og:url\" content=\"https:\/\/nbcs.mx\/?p=149876\" \/>\n<meta property=\"og:site_name\" content=\"NBCS Noticias\" \/>\n<meta property=\"article:publisher\" content=\"https:\/\/www.facebook.com\/NBCSnoticias\" \/>\n<meta property=\"article:author\" content=\"https:\/\/www.facebook.com\/NBCSnoticias\" \/>\n<meta property=\"article:published_time\" content=\"2025-05-12T02:35:21+00:00\" \/>\n<meta property=\"og:image\" content=\"https:\/\/nbcs.mx\/wp-content\/uploads\/2025\/05\/Foto-Boletin-532.jpg\" \/>\n\t<meta property=\"og:image:width\" content=\"2048\" \/>\n\t<meta property=\"og:image:height\" content=\"1366\" \/>\n\t<meta property=\"og:image:type\" content=\"image\/jpeg\" \/>\n<meta name=\"author\" content=\"NBCS Noticias\" \/>\n<meta name=\"twitter:card\" content=\"summary_large_image\" \/>\n<meta name=\"twitter:creator\" content=\"@https:\/\/twitter.com\/NBCSnoticias\" \/>\n<meta name=\"twitter:site\" content=\"@NBCSnoticias\" \/>\n<meta name=\"twitter:label1\" content=\"Escrito por\" \/>\n\t<meta name=\"twitter:data1\" content=\"NBCS Noticias\" \/>\n\t<meta name=\"twitter:label2\" content=\"Tiempo de lectura\" \/>\n\t<meta name=\"twitter:data2\" content=\"3 minutos\" \/>\n<script type=\"application\/ld+json\" class=\"yoast-schema-graph\">{\"@context\":\"https:\\\/\\\/schema.org\",\"@graph\":[{\"@type\":\"Article\",\"@id\":\"https:\\\/\\\/nbcs.mx\\\/?p=149876#article\",\"isPartOf\":{\"@id\":\"https:\\\/\\\/nbcs.mx\\\/?p=149876\"},\"author\":{\"name\":\"NBCS Noticias\",\"@id\":\"https:\\\/\\\/nbcs.mx\\\/#\\\/schema\\\/person\\\/ece58bab9a7c1e87a4d28ec9ecd79ff4\"},\"headline\":\"Milena Quiroga encabeza encuentro sobre cuidados con mujeres en puestos de decisi\u00f3n\",\"datePublished\":\"2025-05-12T02:35:21+00:00\",\"mainEntityOfPage\":{\"@id\":\"https:\\\/\\\/nbcs.mx\\\/?p=149876\"},\"wordCount\":418,\"commentCount\":0,\"publisher\":{\"@id\":\"https:\\\/\\\/nbcs.mx\\\/#organization\"},\"image\":{\"@id\":\"https:\\\/\\\/nbcs.mx\\\/?p=149876#primaryimage\"},\"thumbnailUrl\":\"https:\\\/\\\/nbcs.mx\\\/wp-content\\\/uploads\\\/2025\\\/05\\\/Foto-Boletin-532.jpg\",\"articleSection\":[\"Municipios\"],\"inLanguage\":\"es\",\"potentialAction\":[{\"@type\":\"CommentAction\",\"name\":\"Comment\",\"target\":[\"https:\\\/\\\/nbcs.mx\\\/?p=149876#respond\"]}]},{\"@type\":\"WebPage\",\"@id\":\"https:\\\/\\\/nbcs.mx\\\/?p=149876\",\"url\":\"https:\\\/\\\/nbcs.mx\\\/?p=149876\",\"name\":\"Milena Quiroga encabeza encuentro sobre cuidados con mujeres en puestos de decisi\u00f3n - NBCS Noticias\",\"isPartOf\":{\"@id\":\"https:\\\/\\\/nbcs.mx\\\/#website\"},\"primaryImageOfPage\":{\"@id\":\"https:\\\/\\\/nbcs.mx\\\/?p=149876#primaryimage\"},\"image\":{\"@id\":\"https:\\\/\\\/nbcs.mx\\\/?p=149876#primaryimage\"},\"thumbnailUrl\":\"https:\\\/\\\/nbcs.mx\\\/wp-content\\\/uploads\\\/2025\\\/05\\\/Foto-Boletin-532.jpg\",\"datePublished\":\"2025-05-12T02:35:21+00:00\",\"breadcrumb\":{\"@id\":\"https:\\\/\\\/nbcs.mx\\\/?p=149876#breadcrumb\"},\"inLanguage\":\"es\",\"potentialAction\":[{\"@type\":\"ReadAction\",\"target\":[\"https:\\\/\\\/nbcs.mx\\\/?p=149876\"]}]},{\"@type\":\"ImageObject\",\"inLanguage\":\"es\",\"@id\":\"https:\\\/\\\/nbcs.mx\\\/?p=149876#primaryimage\",\"url\":\"https:\\\/\\\/nbcs.mx\\\/wp-content\\\/uploads\\\/2025\\\/05\\\/Foto-Boletin-532.jpg\",\"contentUrl\":\"https:\\\/\\\/nbcs.mx\\\/wp-content\\\/uploads\\\/2025\\\/05\\\/Foto-Boletin-532.jpg\",\"width\":2048,\"height\":1366},{\"@type\":\"BreadcrumbList\",\"@id\":\"https:\\\/\\\/nbcs.mx\\\/?p=149876#breadcrumb\",\"itemListElement\":[{\"@type\":\"ListItem\",\"position\":1,\"name\":\"Portada\",\"item\":\"https:\\\/\\\/nbcs.mx\\\/\"},{\"@type\":\"ListItem\",\"position\":2,\"name\":\"Milena Quiroga encabeza encuentro sobre cuidados con mujeres en puestos de decisi\u00f3n\"}]},{\"@type\":\"WebSite\",\"@id\":\"https:\\\/\\\/nbcs.mx\\\/#website\",\"url\":\"https:\\\/\\\/nbcs.mx\\\/\",\"name\":\"NBCS Noticias\",\"description\":\"Sitio web de noticias en Baja California Sur\",\"publisher\":{\"@id\":\"https:\\\/\\\/nbcs.mx\\\/#organization\"},\"potentialAction\":[{\"@type\":\"SearchAction\",\"target\":{\"@type\":\"EntryPoint\",\"urlTemplate\":\"https:\\\/\\\/nbcs.mx\\\/?s={search_term_string}\"},\"query-input\":{\"@type\":\"PropertyValueSpecification\",\"valueRequired\":true,\"valueName\":\"search_term_string\"}}],\"inLanguage\":\"es\"},{\"@type\":\"Organization\",\"@id\":\"https:\\\/\\\/nbcs.mx\\\/#organization\",\"name\":\"NBCS Noticias\",\"url\":\"https:\\\/\\\/nbcs.mx\\\/\",\"logo\":{\"@type\":\"ImageObject\",\"inLanguage\":\"es\",\"@id\":\"https:\\\/\\\/nbcs.mx\\\/#\\\/schema\\\/logo\\\/image\\\/\",\"url\":\"https:\\\/\\\/nbcs.mx\\\/wp-content\\\/uploads\\\/2018\\\/09\\\/057b69485e93575a5c2b1c1dde2dd297.jpeg\",\"contentUrl\":\"https:\\\/\\\/nbcs.mx\\\/wp-content\\\/uploads\\\/2018\\\/09\\\/057b69485e93575a5c2b1c1dde2dd297.jpeg\",\"width\":64,\"height\":64,\"caption\":\"NBCS Noticias\"},\"image\":{\"@id\":\"https:\\\/\\\/nbcs.mx\\\/#\\\/schema\\\/logo\\\/image\\\/\"},\"sameAs\":[\"https:\\\/\\\/www.facebook.com\\\/NBCSnoticias\",\"https:\\\/\\\/x.com\\\/NBCSnoticias\"]},{\"@type\":\"Person\",\"@id\":\"https:\\\/\\\/nbcs.mx\\\/#\\\/schema\\\/person\\\/ece58bab9a7c1e87a4d28ec9ecd79ff4\",\"name\":\"NBCS Noticias\",\"image\":{\"@type\":\"ImageObject\",\"inLanguage\":\"es\",\"@id\":\"https:\\\/\\\/secure.gravatar.com\\\/avatar\\\/4e52110cad1c4054b43271a0d14bbe9e2ea76aecd0e1097edfc670798d9ca1d4?s=96&d=blank&r=g\",\"url\":\"https:\\\/\\\/secure.gravatar.com\\\/avatar\\\/4e52110cad1c4054b43271a0d14bbe9e2ea76aecd0e1097edfc670798d9ca1d4?s=96&d=blank&r=g\",\"contentUrl\":\"https:\\\/\\\/secure.gravatar.com\\\/avatar\\\/4e52110cad1c4054b43271a0d14bbe9e2ea76aecd0e1097edfc670798d9ca1d4?s=96&d=blank&r=g\",\"caption\":\"NBCS Noticias\"},\"description\":\"\u00bfTienes fotos o video de alg\u00fan acto de posible negligencia, corrupci\u00f3n y abuso de autoridad? M\u00e1ndalo al WhatsApp de NBCS Noticias: 612 141 98 08\",\"sameAs\":[\"https:\\\/\\\/www.nbcs.mx\",\"https:\\\/\\\/www.facebook.com\\\/NBCSnoticias\",\"https:\\\/\\\/www.instagram.com\\\/nbcsnoticias\\\/\",\"https:\\\/\\\/x.com\\\/https:\\\/\\\/twitter.com\\\/NBCSnoticias\"]}]}<\/script>\n<!-- \/ Yoast SEO plugin. -->","yoast_head_json":{"title":"Milena Quiroga encabeza encuentro sobre cuidados con mujeres en puestos de decisi\u00f3n - NBCS Noticias","robots":{"index":"index","follow":"follow","max-snippet":"max-snippet:-1","max-image-preview":"max-image-preview:large","max-video-preview":"max-video-preview:-1"},"canonical":"https:\/\/nbcs.mx\/?p=149876","og_locale":"es_ES","og_type":"article","og_title":"Milena Quiroga encabeza encuentro sobre cuidados con mujeres en puestos de decisi\u00f3n - NBCS Noticias","og_description":"La Presidenta Municipal de La Paz, Milena Quiroga Romero, encabez\u00f3 el primer encuentro del C\u00edrculo de Mujeres L\u00edderes: \u201cCuidar tambi\u00e9n","og_url":"https:\/\/nbcs.mx\/?p=149876","og_site_name":"NBCS Noticias","article_publisher":"https:\/\/www.facebook.com\/NBCSnoticias","article_author":"https:\/\/www.facebook.com\/NBCSnoticias","article_published_time":"2025-05-12T02:35:21+00:00","og_image":[{"width":2048,"height":1366,"url":"https:\/\/nbcs.mx\/wp-content\/uploads\/2025\/05\/Foto-Boletin-532.jpg","type":"image\/jpeg"}],"author":"NBCS Noticias","twitter_card":"summary_large_image","twitter_creator":"@https:\/\/twitter.com\/NBCSnoticias","twitter_site":"@NBCSnoticias","twitter_misc":{"Escrito por":"NBCS Noticias","Tiempo de lectura":"3 minutos"},"schema":{"@context":"https:\/\/schema.org","@graph":[{"@type":"Article","@id":"https:\/\/nbcs.mx\/?p=149876#article","isPartOf":{"@id":"https:\/\/nbcs.mx\/?p=149876"},"author":{"name":"NBCS Noticias","@id":"https:\/\/nbcs.mx\/#\/schema\/person\/ece58bab9a7c1e87a4d28ec9ecd79ff4"},"headline":"Milena Quiroga encabeza encuentro sobre cuidados con mujeres en puestos de decisi\u00f3n","datePublished":"2025-05-12T02:35:21+00:00","mainEntityOfPage":{"@id":"https:\/\/nbcs.mx\/?p=149876"},"wordCount":418,"commentCount":0,"publisher":{"@id":"https:\/\/nbcs.mx\/#organization"},"image":{"@id":"https:\/\/nbcs.mx\/?p=149876#primaryimage"},"thumbnailUrl":"https:\/\/nbcs.mx\/wp-content\/uploads\/2025\/05\/Foto-Boletin-532.jpg","articleSection":["Municipios"],"inLanguage":"es","potentialAction":[{"@type":"CommentAction","name":"Comment","target":["https:\/\/nbcs.mx\/?p=149876#respond"]}]},{"@type":"WebPage","@id":"https:\/\/nbcs.mx\/?p=149876","url":"https:\/\/nbcs.mx\/?p=149876","name":"Milena Quiroga encabeza encuentro sobre cuidados con mujeres en puestos de decisi\u00f3n - NBCS Noticias","isPartOf":{"@id":"https:\/\/nbcs.mx\/#website"},"primaryImageOfPage":{"@id":"https:\/\/nbcs.mx\/?p=149876#primaryimage"},"image":{"@id":"https:\/\/nbcs.mx\/?p=149876#primaryimage"},"thumbnailUrl":"https:\/\/nbcs.mx\/wp-content\/uploads\/2025\/05\/Foto-Boletin-532.jpg","datePublished":"2025-05-12T02:35:21+00:00","breadcrumb":{"@id":"https:\/\/nbcs.mx\/?p=149876#breadcrumb"},"inLanguage":"es","potentialAction":[{"@type":"ReadAction","target":["https:\/\/nbcs.mx\/?p=149876"]}]},{"@type":"ImageObject","inLanguage":"es","@id":"https:\/\/nbcs.mx\/?p=149876#primaryimage","url":"https:\/\/nbcs.mx\/wp-content\/uploads\/2025\/05\/Foto-Boletin-532.jpg","contentUrl":"https:\/\/nbcs.mx\/wp-content\/uploads\/2025\/05\/Foto-Boletin-532.jpg","width":2048,"height":1366},{"@type":"BreadcrumbList","@id":"https:\/\/nbcs.mx\/?p=149876#breadcrumb","itemListElement":[{"@type":"ListItem","position":1,"name":"Portada","item":"https:\/\/nbcs.mx\/"},{"@type":"ListItem","position":2,"name":"Milena Quiroga encabeza encuentro sobre cuidados con mujeres en puestos de decisi\u00f3n"}]},{"@type":"WebSite","@id":"https:\/\/nbcs.mx\/#website","url":"https:\/\/nbcs.mx\/","name":"NBCS Noticias","description":"Sitio web de noticias en Baja California Sur","publisher":{"@id":"https:\/\/nbcs.mx\/#organization"},"potentialAction":[{"@type":"SearchAction","target":{"@type":"EntryPoint","urlTemplate":"https:\/\/nbcs.mx\/?s={search_term_string}"},"query-input":{"@type":"PropertyValueSpecification","valueRequired":true,"valueName":"search_term_string"}}],"inLanguage":"es"},{"@type":"Organization","@id":"https:\/\/nbcs.mx\/#organization","name":"NBCS Noticias","url":"https:\/\/nbcs.mx\/","logo":{"@type":"ImageObject","inLanguage":"es","@id":"https:\/\/nbcs.mx\/#\/schema\/logo\/image\/","url":"https:\/\/nbcs.mx\/wp-content\/uploads\/2018\/09\/057b69485e93575a5c2b1c1dde2dd297.jpeg","contentUrl":"https:\/\/nbcs.mx\/wp-content\/uploads\/2018\/09\/057b69485e93575a5c2b1c1dde2dd297.jpeg","width":64,"height":64,"caption":"NBCS Noticias"},"image":{"@id":"https:\/\/nbcs.mx\/#\/schema\/logo\/image\/"},"sameAs":["https:\/\/www.facebook.com\/NBCSnoticias","https:\/\/x.com\/NBCSnoticias"]},{"@type":"Person","@id":"https:\/\/nbcs.mx\/#\/schema\/person\/ece58bab9a7c1e87a4d28ec9ecd79ff4","name":"NBCS Noticias","image":{"@type":"ImageObject","inLanguage":"es","@id":"https:\/\/secure.gravatar.com\/avatar\/4e52110cad1c4054b43271a0d14bbe9e2ea76aecd0e1097edfc670798d9ca1d4?s=96&d=blank&r=g","url":"https:\/\/secure.gravatar.com\/avatar\/4e52110cad1c4054b43271a0d14bbe9e2ea76aecd0e1097edfc670798d9ca1d4?s=96&d=blank&r=g","contentUrl":"https:\/\/secure.gravatar.com\/avatar\/4e52110cad1c4054b43271a0d14bbe9e2ea76aecd0e1097edfc670798d9ca1d4?s=96&d=blank&r=g","caption":"NBCS Noticias"},"description":"\u00bfTienes fotos o video de alg\u00fan acto de posible negligencia, corrupci\u00f3n y abuso de autoridad? M\u00e1ndalo al WhatsApp de NBCS Noticias: 612 141 98 08","sameAs":["https:\/\/www.nbcs.mx","https:\/\/www.facebook.com\/NBCSnoticias","https:\/\/www.instagram.com\/nbcsnoticias\/","https:\/\/x.com\/https:\/\/twitter.com\/NBCSnoticias"]}]}},"jetpack_publicize_connections":[],"jetpack_featured_media_url":"https:\/\/nbcs.mx\/wp-content\/uploads\/2025\/05\/Foto-Boletin-532.jpg","jetpack_sharing_enabled":true,"_links":{"self":[{"href":"https:\/\/nbcs.mx\/index.php?rest_route=\/wp\/v2\/posts\/149876","targetHints":{"allow":["GET"]}}],"collection":[{"href":"https:\/\/nbcs.mx\/index.php?rest_route=\/wp\/v2\/posts"}],"about":[{"href":"https:\/\/nbcs.mx\/index.php?rest_route=\/wp\/v2\/types\/post"}],"author":[{"embeddable":true,"href":"https:\/\/nbcs.mx\/index.php?rest_route=\/wp\/v2\/users\/1"}],"replies":[{"embeddable":true,"href":"https:\/\/nbcs.mx\/index.php?rest_route=%2Fwp%2Fv2%2Fcomments&post=149876"}],"version-history":[{"count":1,"href":"https:\/\/nbcs.mx\/index.php?rest_route=\/wp\/v2\/posts\/149876\/revisions"}],"predecessor-version":[{"id":149878,"href":"https:\/\/nbcs.mx\/index.php?rest_route=\/wp\/v2\/posts\/149876\/revisions\/149878"}],"wp:featuredmedia":[{"embeddable":true,"href":"https:\/\/nbcs.mx\/index.php?rest_route=\/wp\/v2\/media\/149877"}],"wp:attachment":[{"href":"https:\/\/nbcs.mx\/index.php?rest_route=%2Fwp%2Fv2%2Fmedia&parent=149876"}],"wp:term":[{"taxonomy":"category","embeddable":true,"href":"https:\/\/nbcs.mx\/index.php?rest_route=%2Fwp%2Fv2%2Fcategories&post=149876"},{"taxonomy":"post_tag","embeddable":true,"href":"https:\/\/nbcs.mx\/index.php?rest_route=%2Fwp%2Fv2%2Ftags&post=149876"}],"curies":[{"name":"wp","href":"https:\/\/api.w.org\/{rel}","templated":true}]}}