{"id":150019,"date":"2025-05-14T11:53:50","date_gmt":"2025-05-14T17:53:50","guid":{"rendered":"https:\/\/nbcs.mx\/?p=150019"},"modified":"2025-05-14T11:53:50","modified_gmt":"2025-05-14T17:53:50","slug":"con-exito-festejo-colonia-zaragoza-sus-fiestas-patronales","status":"publish","type":"post","link":"https:\/\/nbcs.mx\/?p=150019","title":{"rendered":"Con \u00e9xito festej\u00f3 colonia Zaragoza sus Fiestas Patronales"},"content":{"rendered":"<p style=\"font-weight: 400; text-align: justify;\"><img loading=\"lazy\" decoding=\"async\" class=\" wp-image-150020 alignleft\" src=\"https:\/\/nbcs.mx\/wp-content\/uploads\/2025\/05\/La-alcaldesa-Paz-Ochoa-corono-a-la-reina-de-las-fiestas-patronales-de-colonia-Zaragoza-738x492.jpg\" alt=\"\" width=\"395\" height=\"263\" srcset=\"https:\/\/nbcs.mx\/wp-content\/uploads\/2025\/05\/La-alcaldesa-Paz-Ochoa-corono-a-la-reina-de-las-fiestas-patronales-de-colonia-Zaragoza-738x492.jpg 738w, https:\/\/nbcs.mx\/wp-content\/uploads\/2025\/05\/La-alcaldesa-Paz-Ochoa-corono-a-la-reina-de-las-fiestas-patronales-de-colonia-Zaragoza-1024x683.jpg 1024w, https:\/\/nbcs.mx\/wp-content\/uploads\/2025\/05\/La-alcaldesa-Paz-Ochoa-corono-a-la-reina-de-las-fiestas-patronales-de-colonia-Zaragoza-150x100.jpg 150w, https:\/\/nbcs.mx\/wp-content\/uploads\/2025\/05\/La-alcaldesa-Paz-Ochoa-corono-a-la-reina-de-las-fiestas-patronales-de-colonia-Zaragoza-768x512.jpg 768w, https:\/\/nbcs.mx\/wp-content\/uploads\/2025\/05\/La-alcaldesa-Paz-Ochoa-corono-a-la-reina-de-las-fiestas-patronales-de-colonia-Zaragoza-1536x1024.jpg 1536w, https:\/\/nbcs.mx\/wp-content\/uploads\/2025\/05\/La-alcaldesa-Paz-Ochoa-corono-a-la-reina-de-las-fiestas-patronales-de-colonia-Zaragoza.jpg 2048w\" sizes=\"auto, (max-width: 395px) 100vw, 395px\" \/>\u201cCada una de las actividades realizadas han servido para fortalecer nuestros lazos como vecinos y recordarnos la importancia de mantenernos unidos como comunidad\u201d, asegur\u00f3 Juan Carlos Casta\u00f1eda Davis secretario general del XI Ayuntamiento de Loreto, al clausurar con gran \u00e9xito las fiestas patronales de la Virgen de F\u00e1tima en la subdelegaci\u00f3n de colonia Zaragoza.<\/p>\n<p style=\"font-weight: 400; text-align: justify;\">En ese contexto, precis\u00f3 que el momento culminante se vivi\u00f3 durante la primera noche de festejo con la coronaci\u00f3n de la soberana de las fiestas DANELI I (Daneli Bel\u00e9n Gil) y su princesa Liliana L\u00f3pez Bastida, ceremonia encabezada por la alcaldesa Paz Ochoa Amador acompa\u00f1ada por el presidente honorario del SMDIF Rams\u00e9s Usarraga, as\u00ed como por la regidora Yanicsa Higuera y el subdelegado de colonia Zaragoza Mart\u00edn Quintana, adem\u00e1s se llev\u00f3 cabo el tradicional corte del list\u00f3n con el cual se dieron por inauguradas oficialmente las fiestas patronales.<\/p>\n<p style=\"font-weight: 400; text-align: justify;\">Agreg\u00f3 que, dentro de las actividades del lunes 12 de mayo, se retom\u00f3 la quema del torito, adem\u00e1s se present\u00f3 un entretenido programa con artistas de la localidad, la premiaci\u00f3n de los torneos y competencias deportivas, y por supuesto la interpretaci\u00f3n de las tradicionales ma\u00f1anitas a la virgen de F\u00e1tima a cargo del grupo \u201c\u00c9lite\u201d para finalizar la noche con un gran baile popular.<\/p>\n<p style=\"font-weight: 400; text-align: justify;\">Carlos Casta\u00f1eda coment\u00f3 que, durante los tres d\u00edas de celebraciones, se realizaron m\u00faltiples eventos deportivos, religiosos y de entretenimiento, todos enfocados en mantener vivas las tradiciones, la cultura, la fe y la uni\u00f3n familiar, actividades que invitan a reflexionar, a ser mejores personas, a cuidar de la familia y de su comunidad.<\/p>\n<p style=\"font-weight: 400; text-align: justify;\">\u00a0Antes de clausurar los festejos la noche de este martes 13 de mayo, el secretario de gobierno del XI Ayuntamiento de Loreto \u00a0acompa\u00f1ado por la regidora Ana\u00ed Guadalupe Romero Arce y el subdelegado de colonia Zaragoza Mart\u00edn Quintana, agradeci\u00f3 a las autoridades de protecci\u00f3n civil, seguridad p\u00fablica y cuerpos de emergencia el apoyo para garantizar la seguridad de la ciudadan\u00eda, asimismo, reconoci\u00f3 el trabajo de todas las direcciones y departamentos del decimoprimer ayuntamiento que contribuyeron al \u00e9xito de las fiestas patronales de colonia Zaragoza<\/p>\n<p style=\"font-weight: 400; text-align: justify;\">Finalmente, el secretario general refrend\u00f3 el compromiso de la decimoprimera administraci\u00f3n por impulsar eventos que mantengan vivas las tradiciones y que fomenten la identidad y el sentido de pertenencia de los loretanos, asegur\u00f3 que llevar a cabo celebraciones de fiestas patronales invitan a la ciudadan\u00eda a ser mejores personas, cuidar de la familia y cuidar de la comunidad.<\/p>\n","protected":false},"excerpt":{"rendered":"<p>\u201cCada una de las actividades realizadas han servido para fortalecer nuestros lazos como vecinos y recordarnos la importancia de mantenernos<\/p>\n","protected":false},"author":1,"featured_media":150020,"comment_status":"open","ping_status":"closed","sticky":false,"template":"","format":"standard","meta":{"colormag_page_container_layout":"default_layout","colormag_page_sidebar_layout":"default_layout","_jetpack_memberships_contains_paid_content":false,"footnotes":"","jetpack_publicize_message":"","jetpack_publicize_feature_enabled":true,"jetpack_social_post_already_shared":true,"jetpack_social_options":{"image_generator_settings":{"template":"highway","default_image_id":0,"font":"","enabled":false},"version":2}},"categories":[40],"tags":[],"class_list":["post-150019","post","type-post","status-publish","format-standard","has-post-thumbnail","hentry","category-municipios"],"yoast_head":"<!-- This site is optimized with the Yoast SEO plugin v27.5 - https:\/\/yoast.com\/product\/yoast-seo-wordpress\/ -->\n<title>Con \u00e9xito festej\u00f3 colonia Zaragoza sus Fiestas Patronales - NBCS Noticias<\/title>\n<meta name=\"robots\" content=\"index, follow, max-snippet:-1, max-image-preview:large, max-video-preview:-1\" \/>\n<link rel=\"canonical\" href=\"https:\/\/nbcs.mx\/?p=150019\" \/>\n<meta property=\"og:locale\" content=\"es_ES\" \/>\n<meta property=\"og:type\" content=\"article\" \/>\n<meta property=\"og:title\" content=\"Con \u00e9xito festej\u00f3 colonia Zaragoza sus Fiestas Patronales - NBCS Noticias\" \/>\n<meta property=\"og:description\" content=\"\u201cCada una de las actividades realizadas han servido para fortalecer nuestros lazos como vecinos y recordarnos la importancia de mantenernos\" \/>\n<meta property=\"og:url\" content=\"https:\/\/nbcs.mx\/?p=150019\" \/>\n<meta property=\"og:site_name\" content=\"NBCS Noticias\" \/>\n<meta property=\"article:publisher\" content=\"https:\/\/www.facebook.com\/NBCSnoticias\" \/>\n<meta property=\"article:author\" content=\"https:\/\/www.facebook.com\/NBCSnoticias\" \/>\n<meta property=\"article:published_time\" content=\"2025-05-14T17:53:50+00:00\" \/>\n<meta property=\"og:image\" content=\"https:\/\/nbcs.mx\/wp-content\/uploads\/2025\/05\/La-alcaldesa-Paz-Ochoa-corono-a-la-reina-de-las-fiestas-patronales-de-colonia-Zaragoza.jpg\" \/>\n\t<meta property=\"og:image:width\" content=\"2048\" \/>\n\t<meta property=\"og:image:height\" content=\"1365\" \/>\n\t<meta property=\"og:image:type\" content=\"image\/jpeg\" \/>\n<meta name=\"author\" content=\"NBCS Noticias\" \/>\n<meta name=\"twitter:card\" content=\"summary_large_image\" \/>\n<meta name=\"twitter:creator\" content=\"@https:\/\/twitter.com\/NBCSnoticias\" \/>\n<meta name=\"twitter:site\" content=\"@NBCSnoticias\" \/>\n<meta name=\"twitter:label1\" content=\"Escrito por\" \/>\n\t<meta name=\"twitter:data1\" content=\"NBCS Noticias\" \/>\n\t<meta name=\"twitter:label2\" content=\"Tiempo de lectura\" \/>\n\t<meta name=\"twitter:data2\" content=\"3 minutos\" \/>\n<script type=\"application\/ld+json\" class=\"yoast-schema-graph\">{\"@context\":\"https:\\\/\\\/schema.org\",\"@graph\":[{\"@type\":\"Article\",\"@id\":\"https:\\\/\\\/nbcs.mx\\\/?p=150019#article\",\"isPartOf\":{\"@id\":\"https:\\\/\\\/nbcs.mx\\\/?p=150019\"},\"author\":{\"name\":\"NBCS Noticias\",\"@id\":\"https:\\\/\\\/nbcs.mx\\\/#\\\/schema\\\/person\\\/ece58bab9a7c1e87a4d28ec9ecd79ff4\"},\"headline\":\"Con \u00e9xito festej\u00f3 colonia Zaragoza sus Fiestas Patronales\",\"datePublished\":\"2025-05-14T17:53:50+00:00\",\"mainEntityOfPage\":{\"@id\":\"https:\\\/\\\/nbcs.mx\\\/?p=150019\"},\"wordCount\":433,\"commentCount\":0,\"publisher\":{\"@id\":\"https:\\\/\\\/nbcs.mx\\\/#organization\"},\"image\":{\"@id\":\"https:\\\/\\\/nbcs.mx\\\/?p=150019#primaryimage\"},\"thumbnailUrl\":\"https:\\\/\\\/nbcs.mx\\\/wp-content\\\/uploads\\\/2025\\\/05\\\/La-alcaldesa-Paz-Ochoa-corono-a-la-reina-de-las-fiestas-patronales-de-colonia-Zaragoza.jpg\",\"articleSection\":[\"Municipios\"],\"inLanguage\":\"es\",\"potentialAction\":[{\"@type\":\"CommentAction\",\"name\":\"Comment\",\"target\":[\"https:\\\/\\\/nbcs.mx\\\/?p=150019#respond\"]}]},{\"@type\":\"WebPage\",\"@id\":\"https:\\\/\\\/nbcs.mx\\\/?p=150019\",\"url\":\"https:\\\/\\\/nbcs.mx\\\/?p=150019\",\"name\":\"Con \u00e9xito festej\u00f3 colonia Zaragoza sus Fiestas Patronales - NBCS Noticias\",\"isPartOf\":{\"@id\":\"https:\\\/\\\/nbcs.mx\\\/#website\"},\"primaryImageOfPage\":{\"@id\":\"https:\\\/\\\/nbcs.mx\\\/?p=150019#primaryimage\"},\"image\":{\"@id\":\"https:\\\/\\\/nbcs.mx\\\/?p=150019#primaryimage\"},\"thumbnailUrl\":\"https:\\\/\\\/nbcs.mx\\\/wp-content\\\/uploads\\\/2025\\\/05\\\/La-alcaldesa-Paz-Ochoa-corono-a-la-reina-de-las-fiestas-patronales-de-colonia-Zaragoza.jpg\",\"datePublished\":\"2025-05-14T17:53:50+00:00\",\"breadcrumb\":{\"@id\":\"https:\\\/\\\/nbcs.mx\\\/?p=150019#breadcrumb\"},\"inLanguage\":\"es\",\"potentialAction\":[{\"@type\":\"ReadAction\",\"target\":[\"https:\\\/\\\/nbcs.mx\\\/?p=150019\"]}]},{\"@type\":\"ImageObject\",\"inLanguage\":\"es\",\"@id\":\"https:\\\/\\\/nbcs.mx\\\/?p=150019#primaryimage\",\"url\":\"https:\\\/\\\/nbcs.mx\\\/wp-content\\\/uploads\\\/2025\\\/05\\\/La-alcaldesa-Paz-Ochoa-corono-a-la-reina-de-las-fiestas-patronales-de-colonia-Zaragoza.jpg\",\"contentUrl\":\"https:\\\/\\\/nbcs.mx\\\/wp-content\\\/uploads\\\/2025\\\/05\\\/La-alcaldesa-Paz-Ochoa-corono-a-la-reina-de-las-fiestas-patronales-de-colonia-Zaragoza.jpg\",\"width\":2048,\"height\":1365},{\"@type\":\"BreadcrumbList\",\"@id\":\"https:\\\/\\\/nbcs.mx\\\/?p=150019#breadcrumb\",\"itemListElement\":[{\"@type\":\"ListItem\",\"position\":1,\"name\":\"Portada\",\"item\":\"https:\\\/\\\/nbcs.mx\\\/\"},{\"@type\":\"ListItem\",\"position\":2,\"name\":\"Con \u00e9xito festej\u00f3 colonia Zaragoza sus Fiestas Patronales\"}]},{\"@type\":\"WebSite\",\"@id\":\"https:\\\/\\\/nbcs.mx\\\/#website\",\"url\":\"https:\\\/\\\/nbcs.mx\\\/\",\"name\":\"NBCS Noticias\",\"description\":\"Sitio web de noticias en Baja California Sur\",\"publisher\":{\"@id\":\"https:\\\/\\\/nbcs.mx\\\/#organization\"},\"potentialAction\":[{\"@type\":\"SearchAction\",\"target\":{\"@type\":\"EntryPoint\",\"urlTemplate\":\"https:\\\/\\\/nbcs.mx\\\/?s={search_term_string}\"},\"query-input\":{\"@type\":\"PropertyValueSpecification\",\"valueRequired\":true,\"valueName\":\"search_term_string\"}}],\"inLanguage\":\"es\"},{\"@type\":\"Organization\",\"@id\":\"https:\\\/\\\/nbcs.mx\\\/#organization\",\"name\":\"NBCS Noticias\",\"url\":\"https:\\\/\\\/nbcs.mx\\\/\",\"logo\":{\"@type\":\"ImageObject\",\"inLanguage\":\"es\",\"@id\":\"https:\\\/\\\/nbcs.mx\\\/#\\\/schema\\\/logo\\\/image\\\/\",\"url\":\"https:\\\/\\\/nbcs.mx\\\/wp-content\\\/uploads\\\/2018\\\/09\\\/057b69485e93575a5c2b1c1dde2dd297.jpeg\",\"contentUrl\":\"https:\\\/\\\/nbcs.mx\\\/wp-content\\\/uploads\\\/2018\\\/09\\\/057b69485e93575a5c2b1c1dde2dd297.jpeg\",\"width\":64,\"height\":64,\"caption\":\"NBCS Noticias\"},\"image\":{\"@id\":\"https:\\\/\\\/nbcs.mx\\\/#\\\/schema\\\/logo\\\/image\\\/\"},\"sameAs\":[\"https:\\\/\\\/www.facebook.com\\\/NBCSnoticias\",\"https:\\\/\\\/x.com\\\/NBCSnoticias\"]},{\"@type\":\"Person\",\"@id\":\"https:\\\/\\\/nbcs.mx\\\/#\\\/schema\\\/person\\\/ece58bab9a7c1e87a4d28ec9ecd79ff4\",\"name\":\"NBCS Noticias\",\"image\":{\"@type\":\"ImageObject\",\"inLanguage\":\"es\",\"@id\":\"https:\\\/\\\/secure.gravatar.com\\\/avatar\\\/4e52110cad1c4054b43271a0d14bbe9e2ea76aecd0e1097edfc670798d9ca1d4?s=96&d=blank&r=g\",\"url\":\"https:\\\/\\\/secure.gravatar.com\\\/avatar\\\/4e52110cad1c4054b43271a0d14bbe9e2ea76aecd0e1097edfc670798d9ca1d4?s=96&d=blank&r=g\",\"contentUrl\":\"https:\\\/\\\/secure.gravatar.com\\\/avatar\\\/4e52110cad1c4054b43271a0d14bbe9e2ea76aecd0e1097edfc670798d9ca1d4?s=96&d=blank&r=g\",\"caption\":\"NBCS Noticias\"},\"description\":\"\u00bfTienes fotos o video de alg\u00fan acto de posible negligencia, corrupci\u00f3n y abuso de autoridad? M\u00e1ndalo al WhatsApp de NBCS Noticias: 612 141 98 08\",\"sameAs\":[\"https:\\\/\\\/www.nbcs.mx\",\"https:\\\/\\\/www.facebook.com\\\/NBCSnoticias\",\"https:\\\/\\\/www.instagram.com\\\/nbcsnoticias\\\/\",\"https:\\\/\\\/x.com\\\/https:\\\/\\\/twitter.com\\\/NBCSnoticias\"]}]}<\/script>\n<!-- \/ Yoast SEO plugin. -->","yoast_head_json":{"title":"Con \u00e9xito festej\u00f3 colonia Zaragoza sus Fiestas Patronales - NBCS Noticias","robots":{"index":"index","follow":"follow","max-snippet":"max-snippet:-1","max-image-preview":"max-image-preview:large","max-video-preview":"max-video-preview:-1"},"canonical":"https:\/\/nbcs.mx\/?p=150019","og_locale":"es_ES","og_type":"article","og_title":"Con \u00e9xito festej\u00f3 colonia Zaragoza sus Fiestas Patronales - NBCS Noticias","og_description":"\u201cCada una de las actividades realizadas han servido para fortalecer nuestros lazos como vecinos y recordarnos la importancia de mantenernos","og_url":"https:\/\/nbcs.mx\/?p=150019","og_site_name":"NBCS Noticias","article_publisher":"https:\/\/www.facebook.com\/NBCSnoticias","article_author":"https:\/\/www.facebook.com\/NBCSnoticias","article_published_time":"2025-05-14T17:53:50+00:00","og_image":[{"width":2048,"height":1365,"url":"https:\/\/nbcs.mx\/wp-content\/uploads\/2025\/05\/La-alcaldesa-Paz-Ochoa-corono-a-la-reina-de-las-fiestas-patronales-de-colonia-Zaragoza.jpg","type":"image\/jpeg"}],"author":"NBCS Noticias","twitter_card":"summary_large_image","twitter_creator":"@https:\/\/twitter.com\/NBCSnoticias","twitter_site":"@NBCSnoticias","twitter_misc":{"Escrito por":"NBCS Noticias","Tiempo de lectura":"3 minutos"},"schema":{"@context":"https:\/\/schema.org","@graph":[{"@type":"Article","@id":"https:\/\/nbcs.mx\/?p=150019#article","isPartOf":{"@id":"https:\/\/nbcs.mx\/?p=150019"},"author":{"name":"NBCS Noticias","@id":"https:\/\/nbcs.mx\/#\/schema\/person\/ece58bab9a7c1e87a4d28ec9ecd79ff4"},"headline":"Con \u00e9xito festej\u00f3 colonia Zaragoza sus Fiestas Patronales","datePublished":"2025-05-14T17:53:50+00:00","mainEntityOfPage":{"@id":"https:\/\/nbcs.mx\/?p=150019"},"wordCount":433,"commentCount":0,"publisher":{"@id":"https:\/\/nbcs.mx\/#organization"},"image":{"@id":"https:\/\/nbcs.mx\/?p=150019#primaryimage"},"thumbnailUrl":"https:\/\/nbcs.mx\/wp-content\/uploads\/2025\/05\/La-alcaldesa-Paz-Ochoa-corono-a-la-reina-de-las-fiestas-patronales-de-colonia-Zaragoza.jpg","articleSection":["Municipios"],"inLanguage":"es","potentialAction":[{"@type":"CommentAction","name":"Comment","target":["https:\/\/nbcs.mx\/?p=150019#respond"]}]},{"@type":"WebPage","@id":"https:\/\/nbcs.mx\/?p=150019","url":"https:\/\/nbcs.mx\/?p=150019","name":"Con \u00e9xito festej\u00f3 colonia Zaragoza sus Fiestas Patronales - NBCS Noticias","isPartOf":{"@id":"https:\/\/nbcs.mx\/#website"},"primaryImageOfPage":{"@id":"https:\/\/nbcs.mx\/?p=150019#primaryimage"},"image":{"@id":"https:\/\/nbcs.mx\/?p=150019#primaryimage"},"thumbnailUrl":"https:\/\/nbcs.mx\/wp-content\/uploads\/2025\/05\/La-alcaldesa-Paz-Ochoa-corono-a-la-reina-de-las-fiestas-patronales-de-colonia-Zaragoza.jpg","datePublished":"2025-05-14T17:53:50+00:00","breadcrumb":{"@id":"https:\/\/nbcs.mx\/?p=150019#breadcrumb"},"inLanguage":"es","potentialAction":[{"@type":"ReadAction","target":["https:\/\/nbcs.mx\/?p=150019"]}]},{"@type":"ImageObject","inLanguage":"es","@id":"https:\/\/nbcs.mx\/?p=150019#primaryimage","url":"https:\/\/nbcs.mx\/wp-content\/uploads\/2025\/05\/La-alcaldesa-Paz-Ochoa-corono-a-la-reina-de-las-fiestas-patronales-de-colonia-Zaragoza.jpg","contentUrl":"https:\/\/nbcs.mx\/wp-content\/uploads\/2025\/05\/La-alcaldesa-Paz-Ochoa-corono-a-la-reina-de-las-fiestas-patronales-de-colonia-Zaragoza.jpg","width":2048,"height":1365},{"@type":"BreadcrumbList","@id":"https:\/\/nbcs.mx\/?p=150019#breadcrumb","itemListElement":[{"@type":"ListItem","position":1,"name":"Portada","item":"https:\/\/nbcs.mx\/"},{"@type":"ListItem","position":2,"name":"Con \u00e9xito festej\u00f3 colonia Zaragoza sus Fiestas Patronales"}]},{"@type":"WebSite","@id":"https:\/\/nbcs.mx\/#website","url":"https:\/\/nbcs.mx\/","name":"NBCS Noticias","description":"Sitio web de noticias en Baja California Sur","publisher":{"@id":"https:\/\/nbcs.mx\/#organization"},"potentialAction":[{"@type":"SearchAction","target":{"@type":"EntryPoint","urlTemplate":"https:\/\/nbcs.mx\/?s={search_term_string}"},"query-input":{"@type":"PropertyValueSpecification","valueRequired":true,"valueName":"search_term_string"}}],"inLanguage":"es"},{"@type":"Organization","@id":"https:\/\/nbcs.mx\/#organization","name":"NBCS Noticias","url":"https:\/\/nbcs.mx\/","logo":{"@type":"ImageObject","inLanguage":"es","@id":"https:\/\/nbcs.mx\/#\/schema\/logo\/image\/","url":"https:\/\/nbcs.mx\/wp-content\/uploads\/2018\/09\/057b69485e93575a5c2b1c1dde2dd297.jpeg","contentUrl":"https:\/\/nbcs.mx\/wp-content\/uploads\/2018\/09\/057b69485e93575a5c2b1c1dde2dd297.jpeg","width":64,"height":64,"caption":"NBCS Noticias"},"image":{"@id":"https:\/\/nbcs.mx\/#\/schema\/logo\/image\/"},"sameAs":["https:\/\/www.facebook.com\/NBCSnoticias","https:\/\/x.com\/NBCSnoticias"]},{"@type":"Person","@id":"https:\/\/nbcs.mx\/#\/schema\/person\/ece58bab9a7c1e87a4d28ec9ecd79ff4","name":"NBCS Noticias","image":{"@type":"ImageObject","inLanguage":"es","@id":"https:\/\/secure.gravatar.com\/avatar\/4e52110cad1c4054b43271a0d14bbe9e2ea76aecd0e1097edfc670798d9ca1d4?s=96&d=blank&r=g","url":"https:\/\/secure.gravatar.com\/avatar\/4e52110cad1c4054b43271a0d14bbe9e2ea76aecd0e1097edfc670798d9ca1d4?s=96&d=blank&r=g","contentUrl":"https:\/\/secure.gravatar.com\/avatar\/4e52110cad1c4054b43271a0d14bbe9e2ea76aecd0e1097edfc670798d9ca1d4?s=96&d=blank&r=g","caption":"NBCS Noticias"},"description":"\u00bfTienes fotos o video de alg\u00fan acto de posible negligencia, corrupci\u00f3n y abuso de autoridad? M\u00e1ndalo al WhatsApp de NBCS Noticias: 612 141 98 08","sameAs":["https:\/\/www.nbcs.mx","https:\/\/www.facebook.com\/NBCSnoticias","https:\/\/www.instagram.com\/nbcsnoticias\/","https:\/\/x.com\/https:\/\/twitter.com\/NBCSnoticias"]}]}},"jetpack_publicize_connections":[],"jetpack_featured_media_url":"https:\/\/nbcs.mx\/wp-content\/uploads\/2025\/05\/La-alcaldesa-Paz-Ochoa-corono-a-la-reina-de-las-fiestas-patronales-de-colonia-Zaragoza.jpg","jetpack_sharing_enabled":true,"_links":{"self":[{"href":"https:\/\/nbcs.mx\/index.php?rest_route=\/wp\/v2\/posts\/150019","targetHints":{"allow":["GET"]}}],"collection":[{"href":"https:\/\/nbcs.mx\/index.php?rest_route=\/wp\/v2\/posts"}],"about":[{"href":"https:\/\/nbcs.mx\/index.php?rest_route=\/wp\/v2\/types\/post"}],"author":[{"embeddable":true,"href":"https:\/\/nbcs.mx\/index.php?rest_route=\/wp\/v2\/users\/1"}],"replies":[{"embeddable":true,"href":"https:\/\/nbcs.mx\/index.php?rest_route=%2Fwp%2Fv2%2Fcomments&post=150019"}],"version-history":[{"count":1,"href":"https:\/\/nbcs.mx\/index.php?rest_route=\/wp\/v2\/posts\/150019\/revisions"}],"predecessor-version":[{"id":150021,"href":"https:\/\/nbcs.mx\/index.php?rest_route=\/wp\/v2\/posts\/150019\/revisions\/150021"}],"wp:featuredmedia":[{"embeddable":true,"href":"https:\/\/nbcs.mx\/index.php?rest_route=\/wp\/v2\/media\/150020"}],"wp:attachment":[{"href":"https:\/\/nbcs.mx\/index.php?rest_route=%2Fwp%2Fv2%2Fmedia&parent=150019"}],"wp:term":[{"taxonomy":"category","embeddable":true,"href":"https:\/\/nbcs.mx\/index.php?rest_route=%2Fwp%2Fv2%2Fcategories&post=150019"},{"taxonomy":"post_tag","embeddable":true,"href":"https:\/\/nbcs.mx\/index.php?rest_route=%2Fwp%2Fv2%2Ftags&post=150019"}],"curies":[{"name":"wp","href":"https:\/\/api.w.org\/{rel}","templated":true}]}}