{"id":150589,"date":"2025-05-26T21:36:04","date_gmt":"2025-05-27T03:36:04","guid":{"rendered":"https:\/\/nbcs.mx\/?p=150589"},"modified":"2025-05-26T21:36:04","modified_gmt":"2025-05-27T03:36:04","slug":"inicia-sepuimm-la-pavimentacion-de-dos-nuevas-obras-en-la-paz","status":"publish","type":"post","link":"https:\/\/nbcs.mx\/?p=150589","title":{"rendered":"Inicia SEPUIMM la pavimentaci\u00f3n de dos nuevas obras en La Paz"},"content":{"rendered":"<p style=\"font-weight: 400; text-align: justify;\"><img loading=\"lazy\" decoding=\"async\" class=\" wp-image-150590 alignleft\" src=\"https:\/\/nbcs.mx\/wp-content\/uploads\/2025\/05\/FOTO-BOLETIN-SEPUIMM-INICIA-648x492.jpeg\" alt=\"\" width=\"342\" height=\"260\" srcset=\"https:\/\/nbcs.mx\/wp-content\/uploads\/2025\/05\/FOTO-BOLETIN-SEPUIMM-INICIA-648x492.jpeg 648w, https:\/\/nbcs.mx\/wp-content\/uploads\/2025\/05\/FOTO-BOLETIN-SEPUIMM-INICIA-1024x777.jpeg 1024w, https:\/\/nbcs.mx\/wp-content\/uploads\/2025\/05\/FOTO-BOLETIN-SEPUIMM-INICIA-150x114.jpeg 150w, https:\/\/nbcs.mx\/wp-content\/uploads\/2025\/05\/FOTO-BOLETIN-SEPUIMM-INICIA-768x583.jpeg 768w, https:\/\/nbcs.mx\/wp-content\/uploads\/2025\/05\/FOTO-BOLETIN-SEPUIMM-INICIA.jpeg 1443w\" sizes=\"auto, (max-width: 342px) 100vw, 342px\" \/>El Gobierno del Estado, a trav\u00e9s de la Secretar\u00eda de Planeaci\u00f3n Urbana, Infraestructura, Movilidad, Medio Ambiente y Recursos Naturales (SEPUIMM), informa que, a partir de este lunes 26 de mayo, inician dos nuevas obras de pavimentaci\u00f3n en la ciudad de La Paz.<\/p>\n<p style=\"font-weight: 400; text-align: justify;\">\n<p style=\"font-weight: 400; text-align: justify;\">Al respecto, el director de Infraestructura Vial y Movilidad de la SEPUIMM, Israel Soria Villa, detall\u00f3 que los trabajos corresponden a la calle Marcelo Rubio Ruiz, en el tramo comprendido entre Vicente Guerrero y Rep\u00fablica, en la colonia Ladrillera, donde se atender\u00e1 una superficie de mil 320 metros cuadrados. As\u00ed como en la calle Guan\u00e1bana, entre D\u00e1til y Naranja, en la colonia Indeco, con una intervenci\u00f3n de mil metros cuadrados.<\/p>\n<p style=\"font-weight: 400; text-align: justify;\">\n<p style=\"font-weight: 400; text-align: justify;\">Ambas acciones se llevar\u00e1n a cabo con pavimentaci\u00f3n de concreto hidr\u00e1ulico; adem\u00e1s, para garantizar su adecuada operaci\u00f3n y funcionalidad, los trabajos incluir\u00e1n nuevas redes de agua potable y drenaje, la construcci\u00f3n de banquetas, \u00e1reas de jardiner\u00eda y vegetaci\u00f3n, mobiliario urbano y alumbrado p\u00fablico.<\/p>\n<p style=\"font-weight: 400; text-align: justify;\">\n<p style=\"font-weight: 400; text-align: justify;\">Estas obras beneficiar\u00e1n directamente a m\u00e1s de tres mil 600 personas que habitan en las zonas intervenidas, contribuyendo de manera significativa a mejorar su movilidad y calidad de vida.<\/p>\n<p style=\"font-weight: 400; text-align: justify;\">\n<p style=\"font-weight: 400; text-align: justify;\">Ante ello, Soria Villa agradeci\u00f3 la comprensi\u00f3n de los habitantes de las colonias en menci\u00f3n, por lo que hizo un llamado a utilizar v\u00edas alternas, respetar la se\u00f1alizaci\u00f3n vial y seguir las indicaciones del personal encargado para facilitar el desarrollo de las obras.<\/p>\n<p style=\"font-weight: 400; text-align: justify;\">\n<p style=\"font-weight: 400; text-align: justify;\">Finalmente, resalt\u00f3 el compromiso del Gobierno estatal en continuar implementando un programa permanente de atenci\u00f3n y mejora de vialidades, orientado a transformar el entorno urbano y garantizar beneficios directos a las familias sudcalifornianas.<\/p>\n<p style=\"font-weight: 400; text-align: justify;\">\n","protected":false},"excerpt":{"rendered":"<p>El Gobierno del Estado, a trav\u00e9s de la Secretar\u00eda de Planeaci\u00f3n Urbana, Infraestructura, Movilidad, Medio Ambiente y Recursos Naturales (SEPUIMM),<\/p>\n","protected":false},"author":1,"featured_media":150590,"comment_status":"open","ping_status":"closed","sticky":false,"template":"","format":"standard","meta":{"colormag_page_container_layout":"default_layout","colormag_page_sidebar_layout":"default_layout","_jetpack_memberships_contains_paid_content":false,"footnotes":"","jetpack_publicize_message":"","jetpack_publicize_feature_enabled":true,"jetpack_social_post_already_shared":true,"jetpack_social_options":{"image_generator_settings":{"template":"highway","default_image_id":0,"font":"","enabled":false},"version":2}},"categories":[1],"tags":[],"class_list":["post-150589","post","type-post","status-publish","format-standard","has-post-thumbnail","hentry","category-noticias"],"yoast_head":"<!-- This site is optimized with the Yoast SEO plugin v27.5 - https:\/\/yoast.com\/product\/yoast-seo-wordpress\/ -->\n<title>Inicia SEPUIMM la pavimentaci\u00f3n de dos nuevas obras en La Paz - NBCS Noticias<\/title>\n<meta name=\"robots\" content=\"index, follow, max-snippet:-1, max-image-preview:large, max-video-preview:-1\" \/>\n<link rel=\"canonical\" href=\"https:\/\/nbcs.mx\/?p=150589\" \/>\n<meta property=\"og:locale\" content=\"es_ES\" \/>\n<meta property=\"og:type\" content=\"article\" \/>\n<meta property=\"og:title\" content=\"Inicia SEPUIMM la pavimentaci\u00f3n de dos nuevas obras en La Paz - NBCS Noticias\" \/>\n<meta property=\"og:description\" content=\"El Gobierno del Estado, a trav\u00e9s de la Secretar\u00eda de Planeaci\u00f3n Urbana, Infraestructura, Movilidad, Medio Ambiente y Recursos Naturales (SEPUIMM),\" \/>\n<meta property=\"og:url\" content=\"https:\/\/nbcs.mx\/?p=150589\" \/>\n<meta property=\"og:site_name\" content=\"NBCS Noticias\" \/>\n<meta property=\"article:publisher\" content=\"https:\/\/www.facebook.com\/NBCSnoticias\" \/>\n<meta property=\"article:author\" content=\"https:\/\/www.facebook.com\/NBCSnoticias\" \/>\n<meta property=\"article:published_time\" content=\"2025-05-27T03:36:04+00:00\" \/>\n<meta property=\"og:image\" content=\"https:\/\/nbcs.mx\/wp-content\/uploads\/2025\/05\/FOTO-BOLETIN-SEPUIMM-INICIA.jpeg\" \/>\n\t<meta property=\"og:image:width\" content=\"1443\" \/>\n\t<meta property=\"og:image:height\" content=\"1095\" \/>\n\t<meta property=\"og:image:type\" content=\"image\/jpeg\" \/>\n<meta name=\"author\" content=\"NBCS Noticias\" \/>\n<meta name=\"twitter:card\" content=\"summary_large_image\" \/>\n<meta name=\"twitter:creator\" content=\"@https:\/\/twitter.com\/NBCSnoticias\" \/>\n<meta name=\"twitter:site\" content=\"@NBCSnoticias\" \/>\n<meta name=\"twitter:label1\" content=\"Escrito por\" \/>\n\t<meta name=\"twitter:data1\" content=\"NBCS Noticias\" \/>\n\t<meta name=\"twitter:label2\" content=\"Tiempo de lectura\" \/>\n\t<meta name=\"twitter:data2\" content=\"2 minutos\" \/>\n<script type=\"application\/ld+json\" class=\"yoast-schema-graph\">{\"@context\":\"https:\\\/\\\/schema.org\",\"@graph\":[{\"@type\":\"Article\",\"@id\":\"https:\\\/\\\/nbcs.mx\\\/?p=150589#article\",\"isPartOf\":{\"@id\":\"https:\\\/\\\/nbcs.mx\\\/?p=150589\"},\"author\":{\"name\":\"NBCS Noticias\",\"@id\":\"https:\\\/\\\/nbcs.mx\\\/#\\\/schema\\\/person\\\/ece58bab9a7c1e87a4d28ec9ecd79ff4\"},\"headline\":\"Inicia SEPUIMM la pavimentaci\u00f3n de dos nuevas obras en La Paz\",\"datePublished\":\"2025-05-27T03:36:04+00:00\",\"mainEntityOfPage\":{\"@id\":\"https:\\\/\\\/nbcs.mx\\\/?p=150589\"},\"wordCount\":295,\"commentCount\":0,\"publisher\":{\"@id\":\"https:\\\/\\\/nbcs.mx\\\/#organization\"},\"image\":{\"@id\":\"https:\\\/\\\/nbcs.mx\\\/?p=150589#primaryimage\"},\"thumbnailUrl\":\"https:\\\/\\\/nbcs.mx\\\/wp-content\\\/uploads\\\/2025\\\/05\\\/FOTO-BOLETIN-SEPUIMM-INICIA.jpeg\",\"articleSection\":[\"Noticias\"],\"inLanguage\":\"es\",\"potentialAction\":[{\"@type\":\"CommentAction\",\"name\":\"Comment\",\"target\":[\"https:\\\/\\\/nbcs.mx\\\/?p=150589#respond\"]}]},{\"@type\":\"WebPage\",\"@id\":\"https:\\\/\\\/nbcs.mx\\\/?p=150589\",\"url\":\"https:\\\/\\\/nbcs.mx\\\/?p=150589\",\"name\":\"Inicia SEPUIMM la pavimentaci\u00f3n de dos nuevas obras en La Paz - NBCS Noticias\",\"isPartOf\":{\"@id\":\"https:\\\/\\\/nbcs.mx\\\/#website\"},\"primaryImageOfPage\":{\"@id\":\"https:\\\/\\\/nbcs.mx\\\/?p=150589#primaryimage\"},\"image\":{\"@id\":\"https:\\\/\\\/nbcs.mx\\\/?p=150589#primaryimage\"},\"thumbnailUrl\":\"https:\\\/\\\/nbcs.mx\\\/wp-content\\\/uploads\\\/2025\\\/05\\\/FOTO-BOLETIN-SEPUIMM-INICIA.jpeg\",\"datePublished\":\"2025-05-27T03:36:04+00:00\",\"breadcrumb\":{\"@id\":\"https:\\\/\\\/nbcs.mx\\\/?p=150589#breadcrumb\"},\"inLanguage\":\"es\",\"potentialAction\":[{\"@type\":\"ReadAction\",\"target\":[\"https:\\\/\\\/nbcs.mx\\\/?p=150589\"]}]},{\"@type\":\"ImageObject\",\"inLanguage\":\"es\",\"@id\":\"https:\\\/\\\/nbcs.mx\\\/?p=150589#primaryimage\",\"url\":\"https:\\\/\\\/nbcs.mx\\\/wp-content\\\/uploads\\\/2025\\\/05\\\/FOTO-BOLETIN-SEPUIMM-INICIA.jpeg\",\"contentUrl\":\"https:\\\/\\\/nbcs.mx\\\/wp-content\\\/uploads\\\/2025\\\/05\\\/FOTO-BOLETIN-SEPUIMM-INICIA.jpeg\",\"width\":1443,\"height\":1095},{\"@type\":\"BreadcrumbList\",\"@id\":\"https:\\\/\\\/nbcs.mx\\\/?p=150589#breadcrumb\",\"itemListElement\":[{\"@type\":\"ListItem\",\"position\":1,\"name\":\"Portada\",\"item\":\"https:\\\/\\\/nbcs.mx\\\/\"},{\"@type\":\"ListItem\",\"position\":2,\"name\":\"Inicia SEPUIMM la pavimentaci\u00f3n de dos nuevas obras en La Paz\"}]},{\"@type\":\"WebSite\",\"@id\":\"https:\\\/\\\/nbcs.mx\\\/#website\",\"url\":\"https:\\\/\\\/nbcs.mx\\\/\",\"name\":\"NBCS Noticias\",\"description\":\"Sitio web de noticias en Baja California Sur\",\"publisher\":{\"@id\":\"https:\\\/\\\/nbcs.mx\\\/#organization\"},\"potentialAction\":[{\"@type\":\"SearchAction\",\"target\":{\"@type\":\"EntryPoint\",\"urlTemplate\":\"https:\\\/\\\/nbcs.mx\\\/?s={search_term_string}\"},\"query-input\":{\"@type\":\"PropertyValueSpecification\",\"valueRequired\":true,\"valueName\":\"search_term_string\"}}],\"inLanguage\":\"es\"},{\"@type\":\"Organization\",\"@id\":\"https:\\\/\\\/nbcs.mx\\\/#organization\",\"name\":\"NBCS Noticias\",\"url\":\"https:\\\/\\\/nbcs.mx\\\/\",\"logo\":{\"@type\":\"ImageObject\",\"inLanguage\":\"es\",\"@id\":\"https:\\\/\\\/nbcs.mx\\\/#\\\/schema\\\/logo\\\/image\\\/\",\"url\":\"https:\\\/\\\/nbcs.mx\\\/wp-content\\\/uploads\\\/2018\\\/09\\\/057b69485e93575a5c2b1c1dde2dd297.jpeg\",\"contentUrl\":\"https:\\\/\\\/nbcs.mx\\\/wp-content\\\/uploads\\\/2018\\\/09\\\/057b69485e93575a5c2b1c1dde2dd297.jpeg\",\"width\":64,\"height\":64,\"caption\":\"NBCS Noticias\"},\"image\":{\"@id\":\"https:\\\/\\\/nbcs.mx\\\/#\\\/schema\\\/logo\\\/image\\\/\"},\"sameAs\":[\"https:\\\/\\\/www.facebook.com\\\/NBCSnoticias\",\"https:\\\/\\\/x.com\\\/NBCSnoticias\"]},{\"@type\":\"Person\",\"@id\":\"https:\\\/\\\/nbcs.mx\\\/#\\\/schema\\\/person\\\/ece58bab9a7c1e87a4d28ec9ecd79ff4\",\"name\":\"NBCS Noticias\",\"image\":{\"@type\":\"ImageObject\",\"inLanguage\":\"es\",\"@id\":\"https:\\\/\\\/secure.gravatar.com\\\/avatar\\\/4e52110cad1c4054b43271a0d14bbe9e2ea76aecd0e1097edfc670798d9ca1d4?s=96&d=blank&r=g\",\"url\":\"https:\\\/\\\/secure.gravatar.com\\\/avatar\\\/4e52110cad1c4054b43271a0d14bbe9e2ea76aecd0e1097edfc670798d9ca1d4?s=96&d=blank&r=g\",\"contentUrl\":\"https:\\\/\\\/secure.gravatar.com\\\/avatar\\\/4e52110cad1c4054b43271a0d14bbe9e2ea76aecd0e1097edfc670798d9ca1d4?s=96&d=blank&r=g\",\"caption\":\"NBCS Noticias\"},\"description\":\"\u00bfTienes fotos o video de alg\u00fan acto de posible negligencia, corrupci\u00f3n y abuso de autoridad? M\u00e1ndalo al WhatsApp de NBCS Noticias: 612 141 98 08\",\"sameAs\":[\"https:\\\/\\\/www.nbcs.mx\",\"https:\\\/\\\/www.facebook.com\\\/NBCSnoticias\",\"https:\\\/\\\/www.instagram.com\\\/nbcsnoticias\\\/\",\"https:\\\/\\\/x.com\\\/https:\\\/\\\/twitter.com\\\/NBCSnoticias\"]}]}<\/script>\n<!-- \/ Yoast SEO plugin. -->","yoast_head_json":{"title":"Inicia SEPUIMM la pavimentaci\u00f3n de dos nuevas obras en La Paz - NBCS Noticias","robots":{"index":"index","follow":"follow","max-snippet":"max-snippet:-1","max-image-preview":"max-image-preview:large","max-video-preview":"max-video-preview:-1"},"canonical":"https:\/\/nbcs.mx\/?p=150589","og_locale":"es_ES","og_type":"article","og_title":"Inicia SEPUIMM la pavimentaci\u00f3n de dos nuevas obras en La Paz - NBCS Noticias","og_description":"El Gobierno del Estado, a trav\u00e9s de la Secretar\u00eda de Planeaci\u00f3n Urbana, Infraestructura, Movilidad, Medio Ambiente y Recursos Naturales (SEPUIMM),","og_url":"https:\/\/nbcs.mx\/?p=150589","og_site_name":"NBCS Noticias","article_publisher":"https:\/\/www.facebook.com\/NBCSnoticias","article_author":"https:\/\/www.facebook.com\/NBCSnoticias","article_published_time":"2025-05-27T03:36:04+00:00","og_image":[{"width":1443,"height":1095,"url":"https:\/\/nbcs.mx\/wp-content\/uploads\/2025\/05\/FOTO-BOLETIN-SEPUIMM-INICIA.jpeg","type":"image\/jpeg"}],"author":"NBCS Noticias","twitter_card":"summary_large_image","twitter_creator":"@https:\/\/twitter.com\/NBCSnoticias","twitter_site":"@NBCSnoticias","twitter_misc":{"Escrito por":"NBCS Noticias","Tiempo de lectura":"2 minutos"},"schema":{"@context":"https:\/\/schema.org","@graph":[{"@type":"Article","@id":"https:\/\/nbcs.mx\/?p=150589#article","isPartOf":{"@id":"https:\/\/nbcs.mx\/?p=150589"},"author":{"name":"NBCS Noticias","@id":"https:\/\/nbcs.mx\/#\/schema\/person\/ece58bab9a7c1e87a4d28ec9ecd79ff4"},"headline":"Inicia SEPUIMM la pavimentaci\u00f3n de dos nuevas obras en La Paz","datePublished":"2025-05-27T03:36:04+00:00","mainEntityOfPage":{"@id":"https:\/\/nbcs.mx\/?p=150589"},"wordCount":295,"commentCount":0,"publisher":{"@id":"https:\/\/nbcs.mx\/#organization"},"image":{"@id":"https:\/\/nbcs.mx\/?p=150589#primaryimage"},"thumbnailUrl":"https:\/\/nbcs.mx\/wp-content\/uploads\/2025\/05\/FOTO-BOLETIN-SEPUIMM-INICIA.jpeg","articleSection":["Noticias"],"inLanguage":"es","potentialAction":[{"@type":"CommentAction","name":"Comment","target":["https:\/\/nbcs.mx\/?p=150589#respond"]}]},{"@type":"WebPage","@id":"https:\/\/nbcs.mx\/?p=150589","url":"https:\/\/nbcs.mx\/?p=150589","name":"Inicia SEPUIMM la pavimentaci\u00f3n de dos nuevas obras en La Paz - NBCS Noticias","isPartOf":{"@id":"https:\/\/nbcs.mx\/#website"},"primaryImageOfPage":{"@id":"https:\/\/nbcs.mx\/?p=150589#primaryimage"},"image":{"@id":"https:\/\/nbcs.mx\/?p=150589#primaryimage"},"thumbnailUrl":"https:\/\/nbcs.mx\/wp-content\/uploads\/2025\/05\/FOTO-BOLETIN-SEPUIMM-INICIA.jpeg","datePublished":"2025-05-27T03:36:04+00:00","breadcrumb":{"@id":"https:\/\/nbcs.mx\/?p=150589#breadcrumb"},"inLanguage":"es","potentialAction":[{"@type":"ReadAction","target":["https:\/\/nbcs.mx\/?p=150589"]}]},{"@type":"ImageObject","inLanguage":"es","@id":"https:\/\/nbcs.mx\/?p=150589#primaryimage","url":"https:\/\/nbcs.mx\/wp-content\/uploads\/2025\/05\/FOTO-BOLETIN-SEPUIMM-INICIA.jpeg","contentUrl":"https:\/\/nbcs.mx\/wp-content\/uploads\/2025\/05\/FOTO-BOLETIN-SEPUIMM-INICIA.jpeg","width":1443,"height":1095},{"@type":"BreadcrumbList","@id":"https:\/\/nbcs.mx\/?p=150589#breadcrumb","itemListElement":[{"@type":"ListItem","position":1,"name":"Portada","item":"https:\/\/nbcs.mx\/"},{"@type":"ListItem","position":2,"name":"Inicia SEPUIMM la pavimentaci\u00f3n de dos nuevas obras en La Paz"}]},{"@type":"WebSite","@id":"https:\/\/nbcs.mx\/#website","url":"https:\/\/nbcs.mx\/","name":"NBCS Noticias","description":"Sitio web de noticias en Baja California Sur","publisher":{"@id":"https:\/\/nbcs.mx\/#organization"},"potentialAction":[{"@type":"SearchAction","target":{"@type":"EntryPoint","urlTemplate":"https:\/\/nbcs.mx\/?s={search_term_string}"},"query-input":{"@type":"PropertyValueSpecification","valueRequired":true,"valueName":"search_term_string"}}],"inLanguage":"es"},{"@type":"Organization","@id":"https:\/\/nbcs.mx\/#organization","name":"NBCS Noticias","url":"https:\/\/nbcs.mx\/","logo":{"@type":"ImageObject","inLanguage":"es","@id":"https:\/\/nbcs.mx\/#\/schema\/logo\/image\/","url":"https:\/\/nbcs.mx\/wp-content\/uploads\/2018\/09\/057b69485e93575a5c2b1c1dde2dd297.jpeg","contentUrl":"https:\/\/nbcs.mx\/wp-content\/uploads\/2018\/09\/057b69485e93575a5c2b1c1dde2dd297.jpeg","width":64,"height":64,"caption":"NBCS Noticias"},"image":{"@id":"https:\/\/nbcs.mx\/#\/schema\/logo\/image\/"},"sameAs":["https:\/\/www.facebook.com\/NBCSnoticias","https:\/\/x.com\/NBCSnoticias"]},{"@type":"Person","@id":"https:\/\/nbcs.mx\/#\/schema\/person\/ece58bab9a7c1e87a4d28ec9ecd79ff4","name":"NBCS Noticias","image":{"@type":"ImageObject","inLanguage":"es","@id":"https:\/\/secure.gravatar.com\/avatar\/4e52110cad1c4054b43271a0d14bbe9e2ea76aecd0e1097edfc670798d9ca1d4?s=96&d=blank&r=g","url":"https:\/\/secure.gravatar.com\/avatar\/4e52110cad1c4054b43271a0d14bbe9e2ea76aecd0e1097edfc670798d9ca1d4?s=96&d=blank&r=g","contentUrl":"https:\/\/secure.gravatar.com\/avatar\/4e52110cad1c4054b43271a0d14bbe9e2ea76aecd0e1097edfc670798d9ca1d4?s=96&d=blank&r=g","caption":"NBCS Noticias"},"description":"\u00bfTienes fotos o video de alg\u00fan acto de posible negligencia, corrupci\u00f3n y abuso de autoridad? M\u00e1ndalo al WhatsApp de NBCS Noticias: 612 141 98 08","sameAs":["https:\/\/www.nbcs.mx","https:\/\/www.facebook.com\/NBCSnoticias","https:\/\/www.instagram.com\/nbcsnoticias\/","https:\/\/x.com\/https:\/\/twitter.com\/NBCSnoticias"]}]}},"jetpack_publicize_connections":[],"jetpack_featured_media_url":"https:\/\/nbcs.mx\/wp-content\/uploads\/2025\/05\/FOTO-BOLETIN-SEPUIMM-INICIA.jpeg","jetpack_sharing_enabled":true,"_links":{"self":[{"href":"https:\/\/nbcs.mx\/index.php?rest_route=\/wp\/v2\/posts\/150589","targetHints":{"allow":["GET"]}}],"collection":[{"href":"https:\/\/nbcs.mx\/index.php?rest_route=\/wp\/v2\/posts"}],"about":[{"href":"https:\/\/nbcs.mx\/index.php?rest_route=\/wp\/v2\/types\/post"}],"author":[{"embeddable":true,"href":"https:\/\/nbcs.mx\/index.php?rest_route=\/wp\/v2\/users\/1"}],"replies":[{"embeddable":true,"href":"https:\/\/nbcs.mx\/index.php?rest_route=%2Fwp%2Fv2%2Fcomments&post=150589"}],"version-history":[{"count":1,"href":"https:\/\/nbcs.mx\/index.php?rest_route=\/wp\/v2\/posts\/150589\/revisions"}],"predecessor-version":[{"id":150591,"href":"https:\/\/nbcs.mx\/index.php?rest_route=\/wp\/v2\/posts\/150589\/revisions\/150591"}],"wp:featuredmedia":[{"embeddable":true,"href":"https:\/\/nbcs.mx\/index.php?rest_route=\/wp\/v2\/media\/150590"}],"wp:attachment":[{"href":"https:\/\/nbcs.mx\/index.php?rest_route=%2Fwp%2Fv2%2Fmedia&parent=150589"}],"wp:term":[{"taxonomy":"category","embeddable":true,"href":"https:\/\/nbcs.mx\/index.php?rest_route=%2Fwp%2Fv2%2Fcategories&post=150589"},{"taxonomy":"post_tag","embeddable":true,"href":"https:\/\/nbcs.mx\/index.php?rest_route=%2Fwp%2Fv2%2Ftags&post=150589"}],"curies":[{"name":"wp","href":"https:\/\/api.w.org\/{rel}","templated":true}]}}