{"id":151194,"date":"2025-06-07T11:37:13","date_gmt":"2025-06-07T17:37:13","guid":{"rendered":"https:\/\/nbcs.mx\/?p=151194"},"modified":"2025-06-07T11:37:13","modified_gmt":"2025-06-07T17:37:13","slug":"amplian-periodo-del-dirigente-estatal-del-sindicato-de-burocratas-la-paz-y-los-cabos-en-contra","status":"publish","type":"post","link":"https:\/\/nbcs.mx\/?p=151194","title":{"rendered":"Ampl\u00edan per\u00edodo del dirigente estatal del Sindicato de Bur\u00f3cratas; La Paz y Los Cabos en contra"},"content":{"rendered":"<p style=\"text-align: justify;\"><img loading=\"lazy\" decoding=\"async\" class=\" wp-image-151195 alignleft\" src=\"https:\/\/nbcs.mx\/wp-content\/uploads\/2025\/06\/Burocratas.jpg\" alt=\"\" width=\"359\" height=\"198\" srcset=\"https:\/\/nbcs.mx\/wp-content\/uploads\/2025\/06\/Burocratas.jpg 725w, https:\/\/nbcs.mx\/wp-content\/uploads\/2025\/06\/Burocratas-150x83.jpg 150w\" sizes=\"auto, (max-width: 359px) 100vw, 359px\" \/>Con el compromiso de que se contin\u00fae la reforma estatutaria para que las elecciones al interior del Sindicato de Bur\u00f3cratas sean libres, directas y secretas, se ampli\u00f3 por un a\u00f1o el per\u00edodo del actual Secretario General de ese organismo sindical en Baja California Sur, Marco Antonio Cota Aguilar, con la oposici\u00f3n de las Secciones de La Paz y Los Cabos.<\/p>\n<p style=\"text-align: justify;\">Durante la continuaci\u00f3n de los trabajos de la Convenci\u00f3n Estatal del Sindicato de Bur\u00f3cratas, que se realiza en Santa Rosal\u00eda desde el jueves 5 de junio y que concluye este s\u00e1bado 7, la mayor\u00eda del pleno de los delegados votaron por la continuidad de la actual dirigencia durante un a\u00f1o m\u00e1s.<\/p>\n<p style=\"text-align: justify;\">Sin embargo, esta decisi\u00f3n no fue muy aceptada por algunos trabajadores, principalmente de La Paz y Los Cabos, que cuestionaron en redes sociales el por qu\u00e9 no se tom\u00f3 en cuenta a la base, e incluso algunos consideraron que Marco Antonio Cota Aguilar pretende eternizarse en el poder, con el respaldo de las Secciones del norte.<\/p>\n<p style=\"text-align: justify;\">Al respecto, el Sindicato de Bur\u00f3cratas Secci\u00f3n La Paz que encabeza Alejandro Solache Rivera, estableci\u00f3 que la intenci\u00f3n de la Convenci\u00f3n era elegir a la nueva dirigencia estatal con los 45 delegados asistentes, pero se logr\u00f3 modificar el orden del d\u00eda a fin de que se analizar\u00e1n las consecuencias jur\u00eddicas que esto podr\u00eda acarrear.<\/p>\n<p style=\"text-align: justify;\">Esto porque en enero del 2024, el Congreso del Estado aprob\u00f3 la reforma al art\u00edculo 74 de la Ley de los Trabajadores al Servicio de los Poderes del Estado y Municipios de Baja California Sur, que establece la elecci\u00f3n directa, libre y secreta de sus directivas estatal y municipales.<\/p>\n<p style=\"text-align: justify;\">En ese sentido, se presentaron tres propuestas que fueron: primera, un interinato por seis meses, con el fin de reformar los estatutos y convocar a elecciones, que propusieron las Secciones de La Paz y Los Cabos, que obtuvo 20 votos a favor; segunda, Consejo Estatal como segundo \u00f3rgano de gobierno sindical por seis meses, solo dos votos, y tercera; ampliaci\u00f3n del per\u00edodo del dirigente estatal por un a\u00f1o, 23 votos a favor, por lo que result\u00f3 ganadora.<\/p>\n<p style=\"text-align: justify;\">\u201cA pesar de no coincidir con esta \u00faltima decisi\u00f3n, La Paz y Los Cabos se mantuvieron firmes en la lucha por la democracia sindical. Agotaremos todos los recursos legales hasta lograrlo\u201d, public\u00f3 el Sindicato de Bur\u00f3cratas Secci\u00f3n La Paz, que junto con la de Los Cabos, insisten en acatar lo que la ley establece.<\/p>\n<p style=\"text-align: justify;\">Otro punto que la Convenci\u00f3n acept\u00f3, es que ni las Secretar\u00edas del Comit\u00e9 Estatal ni del Consejo Estatal de Vigilancia, sean parte de esta ampliaci\u00f3n del per\u00edodo del dirigente estatal.<\/p>\n<p style=\"text-align: justify;\">En tanto, los trabajos contin\u00faan con la elaboraci\u00f3n del pliego petitorio 2025 por parte de los nueve delegados por Secci\u00f3n, que mediante mesas de trabajo en lo jur\u00eddico, labora, social y salarial, integrar\u00e1n el documento que ser\u00e1 presentado a las autoridades estatales y municipales en fecha por definir. (Por: Arturo Nieves).<\/p>\n","protected":false},"excerpt":{"rendered":"<p>Con el compromiso de que se contin\u00fae la reforma estatutaria para que las elecciones al interior del Sindicato de Bur\u00f3cratas<\/p>\n","protected":false},"author":1,"featured_media":151195,"comment_status":"open","ping_status":"closed","sticky":false,"template":"","format":"standard","meta":{"colormag_page_container_layout":"default_layout","colormag_page_sidebar_layout":"default_layout","_jetpack_memberships_contains_paid_content":false,"footnotes":"","jetpack_publicize_message":"","jetpack_publicize_feature_enabled":true,"jetpack_social_post_already_shared":true,"jetpack_social_options":{"image_generator_settings":{"template":"highway","default_image_id":0,"font":"","enabled":false},"version":2}},"categories":[1],"tags":[],"class_list":["post-151194","post","type-post","status-publish","format-standard","has-post-thumbnail","hentry","category-noticias"],"yoast_head":"<!-- This site is optimized with the Yoast SEO plugin v27.5 - https:\/\/yoast.com\/product\/yoast-seo-wordpress\/ -->\n<title>Ampl\u00edan per\u00edodo del dirigente estatal del Sindicato de Bur\u00f3cratas; La Paz y Los Cabos en contra - NBCS Noticias<\/title>\n<meta name=\"robots\" content=\"index, follow, max-snippet:-1, max-image-preview:large, max-video-preview:-1\" \/>\n<link rel=\"canonical\" href=\"https:\/\/nbcs.mx\/?p=151194\" \/>\n<meta property=\"og:locale\" content=\"es_ES\" \/>\n<meta property=\"og:type\" content=\"article\" \/>\n<meta property=\"og:title\" content=\"Ampl\u00edan per\u00edodo del dirigente estatal del Sindicato de Bur\u00f3cratas; La Paz y Los Cabos en contra - NBCS Noticias\" \/>\n<meta property=\"og:description\" content=\"Con el compromiso de que se contin\u00fae la reforma estatutaria para que las elecciones al interior del Sindicato de Bur\u00f3cratas\" \/>\n<meta property=\"og:url\" content=\"https:\/\/nbcs.mx\/?p=151194\" \/>\n<meta property=\"og:site_name\" content=\"NBCS Noticias\" \/>\n<meta property=\"article:publisher\" content=\"https:\/\/www.facebook.com\/NBCSnoticias\" \/>\n<meta property=\"article:author\" content=\"https:\/\/www.facebook.com\/NBCSnoticias\" \/>\n<meta property=\"article:published_time\" content=\"2025-06-07T17:37:13+00:00\" \/>\n<meta property=\"og:image\" content=\"https:\/\/nbcs.mx\/wp-content\/uploads\/2025\/06\/Burocratas.jpg\" \/>\n\t<meta property=\"og:image:width\" content=\"725\" \/>\n\t<meta property=\"og:image:height\" content=\"400\" \/>\n\t<meta property=\"og:image:type\" content=\"image\/jpeg\" \/>\n<meta name=\"author\" content=\"NBCS Noticias\" \/>\n<meta name=\"twitter:card\" content=\"summary_large_image\" \/>\n<meta name=\"twitter:creator\" content=\"@https:\/\/twitter.com\/NBCSnoticias\" \/>\n<meta name=\"twitter:site\" content=\"@NBCSnoticias\" \/>\n<meta name=\"twitter:label1\" content=\"Escrito por\" \/>\n\t<meta name=\"twitter:data1\" content=\"NBCS Noticias\" \/>\n\t<meta name=\"twitter:label2\" content=\"Tiempo de lectura\" \/>\n\t<meta name=\"twitter:data2\" content=\"3 minutos\" \/>\n<script type=\"application\/ld+json\" class=\"yoast-schema-graph\">{\"@context\":\"https:\\\/\\\/schema.org\",\"@graph\":[{\"@type\":\"Article\",\"@id\":\"https:\\\/\\\/nbcs.mx\\\/?p=151194#article\",\"isPartOf\":{\"@id\":\"https:\\\/\\\/nbcs.mx\\\/?p=151194\"},\"author\":{\"name\":\"NBCS Noticias\",\"@id\":\"https:\\\/\\\/nbcs.mx\\\/#\\\/schema\\\/person\\\/ece58bab9a7c1e87a4d28ec9ecd79ff4\"},\"headline\":\"Ampl\u00edan per\u00edodo del dirigente estatal del Sindicato de Bur\u00f3cratas; La Paz y Los Cabos en contra\",\"datePublished\":\"2025-06-07T17:37:13+00:00\",\"mainEntityOfPage\":{\"@id\":\"https:\\\/\\\/nbcs.mx\\\/?p=151194\"},\"wordCount\":532,\"commentCount\":0,\"publisher\":{\"@id\":\"https:\\\/\\\/nbcs.mx\\\/#organization\"},\"image\":{\"@id\":\"https:\\\/\\\/nbcs.mx\\\/?p=151194#primaryimage\"},\"thumbnailUrl\":\"https:\\\/\\\/nbcs.mx\\\/wp-content\\\/uploads\\\/2025\\\/06\\\/Burocratas.jpg\",\"articleSection\":[\"Noticias\"],\"inLanguage\":\"es\",\"potentialAction\":[{\"@type\":\"CommentAction\",\"name\":\"Comment\",\"target\":[\"https:\\\/\\\/nbcs.mx\\\/?p=151194#respond\"]}]},{\"@type\":\"WebPage\",\"@id\":\"https:\\\/\\\/nbcs.mx\\\/?p=151194\",\"url\":\"https:\\\/\\\/nbcs.mx\\\/?p=151194\",\"name\":\"Ampl\u00edan per\u00edodo del dirigente estatal del Sindicato de Bur\u00f3cratas; La Paz y Los Cabos en contra - NBCS Noticias\",\"isPartOf\":{\"@id\":\"https:\\\/\\\/nbcs.mx\\\/#website\"},\"primaryImageOfPage\":{\"@id\":\"https:\\\/\\\/nbcs.mx\\\/?p=151194#primaryimage\"},\"image\":{\"@id\":\"https:\\\/\\\/nbcs.mx\\\/?p=151194#primaryimage\"},\"thumbnailUrl\":\"https:\\\/\\\/nbcs.mx\\\/wp-content\\\/uploads\\\/2025\\\/06\\\/Burocratas.jpg\",\"datePublished\":\"2025-06-07T17:37:13+00:00\",\"breadcrumb\":{\"@id\":\"https:\\\/\\\/nbcs.mx\\\/?p=151194#breadcrumb\"},\"inLanguage\":\"es\",\"potentialAction\":[{\"@type\":\"ReadAction\",\"target\":[\"https:\\\/\\\/nbcs.mx\\\/?p=151194\"]}]},{\"@type\":\"ImageObject\",\"inLanguage\":\"es\",\"@id\":\"https:\\\/\\\/nbcs.mx\\\/?p=151194#primaryimage\",\"url\":\"https:\\\/\\\/nbcs.mx\\\/wp-content\\\/uploads\\\/2025\\\/06\\\/Burocratas.jpg\",\"contentUrl\":\"https:\\\/\\\/nbcs.mx\\\/wp-content\\\/uploads\\\/2025\\\/06\\\/Burocratas.jpg\",\"width\":725,\"height\":400},{\"@type\":\"BreadcrumbList\",\"@id\":\"https:\\\/\\\/nbcs.mx\\\/?p=151194#breadcrumb\",\"itemListElement\":[{\"@type\":\"ListItem\",\"position\":1,\"name\":\"Portada\",\"item\":\"https:\\\/\\\/nbcs.mx\\\/\"},{\"@type\":\"ListItem\",\"position\":2,\"name\":\"Ampl\u00edan per\u00edodo del dirigente estatal del Sindicato de Bur\u00f3cratas; La Paz y Los Cabos en contra\"}]},{\"@type\":\"WebSite\",\"@id\":\"https:\\\/\\\/nbcs.mx\\\/#website\",\"url\":\"https:\\\/\\\/nbcs.mx\\\/\",\"name\":\"NBCS Noticias\",\"description\":\"Sitio web de noticias en Baja California Sur\",\"publisher\":{\"@id\":\"https:\\\/\\\/nbcs.mx\\\/#organization\"},\"potentialAction\":[{\"@type\":\"SearchAction\",\"target\":{\"@type\":\"EntryPoint\",\"urlTemplate\":\"https:\\\/\\\/nbcs.mx\\\/?s={search_term_string}\"},\"query-input\":{\"@type\":\"PropertyValueSpecification\",\"valueRequired\":true,\"valueName\":\"search_term_string\"}}],\"inLanguage\":\"es\"},{\"@type\":\"Organization\",\"@id\":\"https:\\\/\\\/nbcs.mx\\\/#organization\",\"name\":\"NBCS Noticias\",\"url\":\"https:\\\/\\\/nbcs.mx\\\/\",\"logo\":{\"@type\":\"ImageObject\",\"inLanguage\":\"es\",\"@id\":\"https:\\\/\\\/nbcs.mx\\\/#\\\/schema\\\/logo\\\/image\\\/\",\"url\":\"https:\\\/\\\/nbcs.mx\\\/wp-content\\\/uploads\\\/2018\\\/09\\\/057b69485e93575a5c2b1c1dde2dd297.jpeg\",\"contentUrl\":\"https:\\\/\\\/nbcs.mx\\\/wp-content\\\/uploads\\\/2018\\\/09\\\/057b69485e93575a5c2b1c1dde2dd297.jpeg\",\"width\":64,\"height\":64,\"caption\":\"NBCS Noticias\"},\"image\":{\"@id\":\"https:\\\/\\\/nbcs.mx\\\/#\\\/schema\\\/logo\\\/image\\\/\"},\"sameAs\":[\"https:\\\/\\\/www.facebook.com\\\/NBCSnoticias\",\"https:\\\/\\\/x.com\\\/NBCSnoticias\"]},{\"@type\":\"Person\",\"@id\":\"https:\\\/\\\/nbcs.mx\\\/#\\\/schema\\\/person\\\/ece58bab9a7c1e87a4d28ec9ecd79ff4\",\"name\":\"NBCS Noticias\",\"image\":{\"@type\":\"ImageObject\",\"inLanguage\":\"es\",\"@id\":\"https:\\\/\\\/secure.gravatar.com\\\/avatar\\\/4e52110cad1c4054b43271a0d14bbe9e2ea76aecd0e1097edfc670798d9ca1d4?s=96&d=blank&r=g\",\"url\":\"https:\\\/\\\/secure.gravatar.com\\\/avatar\\\/4e52110cad1c4054b43271a0d14bbe9e2ea76aecd0e1097edfc670798d9ca1d4?s=96&d=blank&r=g\",\"contentUrl\":\"https:\\\/\\\/secure.gravatar.com\\\/avatar\\\/4e52110cad1c4054b43271a0d14bbe9e2ea76aecd0e1097edfc670798d9ca1d4?s=96&d=blank&r=g\",\"caption\":\"NBCS Noticias\"},\"description\":\"\u00bfTienes fotos o video de alg\u00fan acto de posible negligencia, corrupci\u00f3n y abuso de autoridad? M\u00e1ndalo al WhatsApp de NBCS Noticias: 612 141 98 08\",\"sameAs\":[\"https:\\\/\\\/www.nbcs.mx\",\"https:\\\/\\\/www.facebook.com\\\/NBCSnoticias\",\"https:\\\/\\\/www.instagram.com\\\/nbcsnoticias\\\/\",\"https:\\\/\\\/x.com\\\/https:\\\/\\\/twitter.com\\\/NBCSnoticias\"]}]}<\/script>\n<!-- \/ Yoast SEO plugin. -->","yoast_head_json":{"title":"Ampl\u00edan per\u00edodo del dirigente estatal del Sindicato de Bur\u00f3cratas; La Paz y Los Cabos en contra - NBCS Noticias","robots":{"index":"index","follow":"follow","max-snippet":"max-snippet:-1","max-image-preview":"max-image-preview:large","max-video-preview":"max-video-preview:-1"},"canonical":"https:\/\/nbcs.mx\/?p=151194","og_locale":"es_ES","og_type":"article","og_title":"Ampl\u00edan per\u00edodo del dirigente estatal del Sindicato de Bur\u00f3cratas; La Paz y Los Cabos en contra - NBCS Noticias","og_description":"Con el compromiso de que se contin\u00fae la reforma estatutaria para que las elecciones al interior del Sindicato de Bur\u00f3cratas","og_url":"https:\/\/nbcs.mx\/?p=151194","og_site_name":"NBCS Noticias","article_publisher":"https:\/\/www.facebook.com\/NBCSnoticias","article_author":"https:\/\/www.facebook.com\/NBCSnoticias","article_published_time":"2025-06-07T17:37:13+00:00","og_image":[{"width":725,"height":400,"url":"https:\/\/nbcs.mx\/wp-content\/uploads\/2025\/06\/Burocratas.jpg","type":"image\/jpeg"}],"author":"NBCS Noticias","twitter_card":"summary_large_image","twitter_creator":"@https:\/\/twitter.com\/NBCSnoticias","twitter_site":"@NBCSnoticias","twitter_misc":{"Escrito por":"NBCS Noticias","Tiempo de lectura":"3 minutos"},"schema":{"@context":"https:\/\/schema.org","@graph":[{"@type":"Article","@id":"https:\/\/nbcs.mx\/?p=151194#article","isPartOf":{"@id":"https:\/\/nbcs.mx\/?p=151194"},"author":{"name":"NBCS Noticias","@id":"https:\/\/nbcs.mx\/#\/schema\/person\/ece58bab9a7c1e87a4d28ec9ecd79ff4"},"headline":"Ampl\u00edan per\u00edodo del dirigente estatal del Sindicato de Bur\u00f3cratas; La Paz y Los Cabos en contra","datePublished":"2025-06-07T17:37:13+00:00","mainEntityOfPage":{"@id":"https:\/\/nbcs.mx\/?p=151194"},"wordCount":532,"commentCount":0,"publisher":{"@id":"https:\/\/nbcs.mx\/#organization"},"image":{"@id":"https:\/\/nbcs.mx\/?p=151194#primaryimage"},"thumbnailUrl":"https:\/\/nbcs.mx\/wp-content\/uploads\/2025\/06\/Burocratas.jpg","articleSection":["Noticias"],"inLanguage":"es","potentialAction":[{"@type":"CommentAction","name":"Comment","target":["https:\/\/nbcs.mx\/?p=151194#respond"]}]},{"@type":"WebPage","@id":"https:\/\/nbcs.mx\/?p=151194","url":"https:\/\/nbcs.mx\/?p=151194","name":"Ampl\u00edan per\u00edodo del dirigente estatal del Sindicato de Bur\u00f3cratas; La Paz y Los Cabos en contra - NBCS Noticias","isPartOf":{"@id":"https:\/\/nbcs.mx\/#website"},"primaryImageOfPage":{"@id":"https:\/\/nbcs.mx\/?p=151194#primaryimage"},"image":{"@id":"https:\/\/nbcs.mx\/?p=151194#primaryimage"},"thumbnailUrl":"https:\/\/nbcs.mx\/wp-content\/uploads\/2025\/06\/Burocratas.jpg","datePublished":"2025-06-07T17:37:13+00:00","breadcrumb":{"@id":"https:\/\/nbcs.mx\/?p=151194#breadcrumb"},"inLanguage":"es","potentialAction":[{"@type":"ReadAction","target":["https:\/\/nbcs.mx\/?p=151194"]}]},{"@type":"ImageObject","inLanguage":"es","@id":"https:\/\/nbcs.mx\/?p=151194#primaryimage","url":"https:\/\/nbcs.mx\/wp-content\/uploads\/2025\/06\/Burocratas.jpg","contentUrl":"https:\/\/nbcs.mx\/wp-content\/uploads\/2025\/06\/Burocratas.jpg","width":725,"height":400},{"@type":"BreadcrumbList","@id":"https:\/\/nbcs.mx\/?p=151194#breadcrumb","itemListElement":[{"@type":"ListItem","position":1,"name":"Portada","item":"https:\/\/nbcs.mx\/"},{"@type":"ListItem","position":2,"name":"Ampl\u00edan per\u00edodo del dirigente estatal del Sindicato de Bur\u00f3cratas; La Paz y Los Cabos en contra"}]},{"@type":"WebSite","@id":"https:\/\/nbcs.mx\/#website","url":"https:\/\/nbcs.mx\/","name":"NBCS Noticias","description":"Sitio web de noticias en Baja California Sur","publisher":{"@id":"https:\/\/nbcs.mx\/#organization"},"potentialAction":[{"@type":"SearchAction","target":{"@type":"EntryPoint","urlTemplate":"https:\/\/nbcs.mx\/?s={search_term_string}"},"query-input":{"@type":"PropertyValueSpecification","valueRequired":true,"valueName":"search_term_string"}}],"inLanguage":"es"},{"@type":"Organization","@id":"https:\/\/nbcs.mx\/#organization","name":"NBCS Noticias","url":"https:\/\/nbcs.mx\/","logo":{"@type":"ImageObject","inLanguage":"es","@id":"https:\/\/nbcs.mx\/#\/schema\/logo\/image\/","url":"https:\/\/nbcs.mx\/wp-content\/uploads\/2018\/09\/057b69485e93575a5c2b1c1dde2dd297.jpeg","contentUrl":"https:\/\/nbcs.mx\/wp-content\/uploads\/2018\/09\/057b69485e93575a5c2b1c1dde2dd297.jpeg","width":64,"height":64,"caption":"NBCS Noticias"},"image":{"@id":"https:\/\/nbcs.mx\/#\/schema\/logo\/image\/"},"sameAs":["https:\/\/www.facebook.com\/NBCSnoticias","https:\/\/x.com\/NBCSnoticias"]},{"@type":"Person","@id":"https:\/\/nbcs.mx\/#\/schema\/person\/ece58bab9a7c1e87a4d28ec9ecd79ff4","name":"NBCS Noticias","image":{"@type":"ImageObject","inLanguage":"es","@id":"https:\/\/secure.gravatar.com\/avatar\/4e52110cad1c4054b43271a0d14bbe9e2ea76aecd0e1097edfc670798d9ca1d4?s=96&d=blank&r=g","url":"https:\/\/secure.gravatar.com\/avatar\/4e52110cad1c4054b43271a0d14bbe9e2ea76aecd0e1097edfc670798d9ca1d4?s=96&d=blank&r=g","contentUrl":"https:\/\/secure.gravatar.com\/avatar\/4e52110cad1c4054b43271a0d14bbe9e2ea76aecd0e1097edfc670798d9ca1d4?s=96&d=blank&r=g","caption":"NBCS Noticias"},"description":"\u00bfTienes fotos o video de alg\u00fan acto de posible negligencia, corrupci\u00f3n y abuso de autoridad? M\u00e1ndalo al WhatsApp de NBCS Noticias: 612 141 98 08","sameAs":["https:\/\/www.nbcs.mx","https:\/\/www.facebook.com\/NBCSnoticias","https:\/\/www.instagram.com\/nbcsnoticias\/","https:\/\/x.com\/https:\/\/twitter.com\/NBCSnoticias"]}]}},"jetpack_publicize_connections":[],"jetpack_featured_media_url":"https:\/\/nbcs.mx\/wp-content\/uploads\/2025\/06\/Burocratas.jpg","jetpack_sharing_enabled":true,"_links":{"self":[{"href":"https:\/\/nbcs.mx\/index.php?rest_route=\/wp\/v2\/posts\/151194","targetHints":{"allow":["GET"]}}],"collection":[{"href":"https:\/\/nbcs.mx\/index.php?rest_route=\/wp\/v2\/posts"}],"about":[{"href":"https:\/\/nbcs.mx\/index.php?rest_route=\/wp\/v2\/types\/post"}],"author":[{"embeddable":true,"href":"https:\/\/nbcs.mx\/index.php?rest_route=\/wp\/v2\/users\/1"}],"replies":[{"embeddable":true,"href":"https:\/\/nbcs.mx\/index.php?rest_route=%2Fwp%2Fv2%2Fcomments&post=151194"}],"version-history":[{"count":1,"href":"https:\/\/nbcs.mx\/index.php?rest_route=\/wp\/v2\/posts\/151194\/revisions"}],"predecessor-version":[{"id":151196,"href":"https:\/\/nbcs.mx\/index.php?rest_route=\/wp\/v2\/posts\/151194\/revisions\/151196"}],"wp:featuredmedia":[{"embeddable":true,"href":"https:\/\/nbcs.mx\/index.php?rest_route=\/wp\/v2\/media\/151195"}],"wp:attachment":[{"href":"https:\/\/nbcs.mx\/index.php?rest_route=%2Fwp%2Fv2%2Fmedia&parent=151194"}],"wp:term":[{"taxonomy":"category","embeddable":true,"href":"https:\/\/nbcs.mx\/index.php?rest_route=%2Fwp%2Fv2%2Fcategories&post=151194"},{"taxonomy":"post_tag","embeddable":true,"href":"https:\/\/nbcs.mx\/index.php?rest_route=%2Fwp%2Fv2%2Ftags&post=151194"}],"curies":[{"name":"wp","href":"https:\/\/api.w.org\/{rel}","templated":true}]}}