{"id":151273,"date":"2025-06-10T08:59:55","date_gmt":"2025-06-10T14:59:55","guid":{"rendered":"https:\/\/nbcs.mx\/?p=151273"},"modified":"2025-06-10T08:59:55","modified_gmt":"2025-06-10T14:59:55","slug":"la-paz-sera-una-ciudad-libre-de-plasticos-y-juntos-vamos-a-trabajar-por-ello-milena-quiroga","status":"publish","type":"post","link":"https:\/\/nbcs.mx\/?p=151273","title":{"rendered":"La Paz ser\u00e1 una ciudad libre de pl\u00e1sticos y juntos vamos a trabajar por ello: Milena Quiroga"},"content":{"rendered":"<p style=\"font-weight: 400; text-align: justify;\"><img loading=\"lazy\" decoding=\"async\" class=\" wp-image-151274 alignleft\" src=\"https:\/\/nbcs.mx\/wp-content\/uploads\/2025\/06\/Foto-Boletin-699-755x425.jpg\" alt=\"\" width=\"394\" height=\"222\" srcset=\"https:\/\/nbcs.mx\/wp-content\/uploads\/2025\/06\/Foto-Boletin-699-755x425.jpg 755w, https:\/\/nbcs.mx\/wp-content\/uploads\/2025\/06\/Foto-Boletin-699-1024x577.jpg 1024w, https:\/\/nbcs.mx\/wp-content\/uploads\/2025\/06\/Foto-Boletin-699-150x84.jpg 150w, https:\/\/nbcs.mx\/wp-content\/uploads\/2025\/06\/Foto-Boletin-699-768x432.jpg 768w, https:\/\/nbcs.mx\/wp-content\/uploads\/2025\/06\/Foto-Boletin-699-1536x865.jpg 1536w, https:\/\/nbcs.mx\/wp-content\/uploads\/2025\/06\/Foto-Boletin-699.jpg 2048w\" sizes=\"auto, (max-width: 394px) 100vw, 394px\" \/>En el marco del D\u00eda Mundial del Medio Ambiente 2025, la Alcaldesa Milena Quiroga Romero encabez\u00f3 un evento en el Eco Parque donde se celebr\u00f3 que La Paz se convierte en la primera ciudad de Am\u00e9rica Latina en integrarse a la iniciativa global \u201cCiudades Inteligentes sin Pl\u00e1stico\u201d del Fondo Mundial para la Naturaleza (WWF por sus siglas en ingl\u00e9s).<\/p>\n<p style=\"font-weight: 400; text-align: justify;\">\n<p style=\"font-weight: 400; text-align: justify;\">Como parte del protocolo se firm\u00f3 una carta de intenci\u00f3n entre el H. XVIII Ayuntamiento de La Paz y WWF M\u00e9xico, formalizando la adhesi\u00f3n del municipio a este proyecto internacional que tiene como objetivo reducir la contaminaci\u00f3n por residuos pl\u00e1sticos y su impacto negativo en el medio ambiente; uni\u00e9ndose a m\u00e1s de 40 ciudades alrededor del mundo que participan en este proyecto.<\/p>\n<p style=\"font-weight: 400; text-align: justify;\">\n<p style=\"font-weight: 400; text-align: justify;\">\u201cQuiero agradecer a WWF, Servicios P\u00fablicos, Manejo de Residuos, SEMARNAT, Gobierno del Estado, Gesti\u00f3n Integral de la Ciudad, a la sociedad civil organizada, la UABCS, la UNIPAZ, el Congreso del Estado, a las y los regidores, y a todos los presentes porque me queda claro que todos hemos puesto un granito de arena para buscar que La Paz sea ejemplo en el manejo de residuos, ya no queremos pl\u00e1sticos\u201d, expres\u00f3 Quiroga Romero.<\/p>\n<p style=\"font-weight: 400; text-align: justify;\">\n<p style=\"font-weight: 400; text-align: justify;\">Aunado a esto, la Presidenta Municipal hizo un recuento de las acciones ambientales que se han emprendido durante su administraci\u00f3n, como el Reciclat\u00f3n, la instalaci\u00f3n de contenedores de \u201cRuta Cero\u201d, la adquisici\u00f3n de una trituradora de ramas y \u00e1rboles para el programa \u201cManos a la Tierra\u201d, la realizaci\u00f3n de pl\u00e1ticas educativas sobre medio ambiente, el reconocimiento de La Paz como \u201cCiudad \u00c1rbol\u201d, entre otras.<\/p>\n<p style=\"font-weight: 400; text-align: justify;\">\n<p style=\"font-weight: 400; text-align: justify;\">Por otra parte, la Directora General de Servicios P\u00fablicos Municipales, Aurora Hern\u00e1ndez inform\u00f3 sobre los 13 t\u00f3tems informativos que se instalaron en el Eco Parque, con informaci\u00f3n del reglamento, referencias naturales del lugar, orientaci\u00f3n para visitantes, y se\u00f1alizaci\u00f3n de \u00e1reas deportivas y recreativas.<\/p>\n<p style=\"font-weight: 400; text-align: justify;\">\n<p style=\"font-weight: 400; text-align: justify;\">De igual manera, el titular de la Direcci\u00f3n General de Gesti\u00f3n Integral de la Ciudad, Carlos Rodr\u00edguez Malpica present\u00f3 el proyecto de rehabilitaci\u00f3n y equipamiento del Eco Parque, que incluye la construcci\u00f3n del vivero municipal, \u00e1reas de bodega, comedor, oficinas, sanitarios y cuarto de m\u00e1quinas, as\u00ed como el acondicionamiento de \u00e1reas t\u00e9cnicas clave como el vivero, camas de cultivo, lombricomposta, adem\u00e1s de las instalaciones hidrosanitarias, el\u00e9ctricas y luminarias.<\/p>\n<p style=\"font-weight: 400; text-align: justify;\">\n<p style=\"font-weight: 400; text-align: justify;\">Durante el evento tambi\u00e9n se realiz\u00f3 la entrega en comodato de un cami\u00f3n recolector de basura a la Direcci\u00f3n General de Sustentabilidad y Manejo de Residuos, unidad que se suma a la flotilla existente para fortalecer los trabajos de recolecci\u00f3n en la ciudad.<\/p>\n<p style=\"font-weight: 400; text-align: justify;\">\n<p style=\"font-weight: 400; text-align: justify;\">Finalmente, la Presidenta Municipal reafirm\u00f3 su compromiso con la protecci\u00f3n del medio ambiente y cooperaci\u00f3n interinstitucional para conseguir estos prop\u00f3sitos.<\/p>\n","protected":false},"excerpt":{"rendered":"<p>En el marco del D\u00eda Mundial del Medio Ambiente 2025, la Alcaldesa Milena Quiroga Romero encabez\u00f3 un evento en el<\/p>\n","protected":false},"author":1,"featured_media":151274,"comment_status":"open","ping_status":"closed","sticky":false,"template":"","format":"standard","meta":{"colormag_page_container_layout":"default_layout","colormag_page_sidebar_layout":"default_layout","_jetpack_memberships_contains_paid_content":false,"footnotes":"","jetpack_publicize_message":"","jetpack_publicize_feature_enabled":true,"jetpack_social_post_already_shared":true,"jetpack_social_options":{"image_generator_settings":{"template":"highway","default_image_id":0,"font":"","enabled":false},"version":2}},"categories":[40],"tags":[],"class_list":["post-151273","post","type-post","status-publish","format-standard","has-post-thumbnail","hentry","category-municipios"],"yoast_head":"<!-- This site is optimized with the Yoast SEO plugin v27.5 - https:\/\/yoast.com\/product\/yoast-seo-wordpress\/ -->\n<title>La Paz ser\u00e1 una ciudad libre de pl\u00e1sticos y juntos vamos a trabajar por ello: Milena Quiroga - NBCS Noticias<\/title>\n<meta name=\"robots\" content=\"index, follow, max-snippet:-1, max-image-preview:large, max-video-preview:-1\" \/>\n<link rel=\"canonical\" href=\"https:\/\/nbcs.mx\/?p=151273\" \/>\n<meta property=\"og:locale\" content=\"es_ES\" \/>\n<meta property=\"og:type\" content=\"article\" \/>\n<meta property=\"og:title\" content=\"La Paz ser\u00e1 una ciudad libre de pl\u00e1sticos y juntos vamos a trabajar por ello: Milena Quiroga - NBCS Noticias\" \/>\n<meta property=\"og:description\" content=\"En el marco del D\u00eda Mundial del Medio Ambiente 2025, la Alcaldesa Milena Quiroga Romero encabez\u00f3 un evento en el\" \/>\n<meta property=\"og:url\" content=\"https:\/\/nbcs.mx\/?p=151273\" \/>\n<meta property=\"og:site_name\" content=\"NBCS Noticias\" \/>\n<meta property=\"article:publisher\" content=\"https:\/\/www.facebook.com\/NBCSnoticias\" \/>\n<meta property=\"article:author\" content=\"https:\/\/www.facebook.com\/NBCSnoticias\" \/>\n<meta property=\"article:published_time\" content=\"2025-06-10T14:59:55+00:00\" \/>\n<meta property=\"og:image\" content=\"https:\/\/nbcs.mx\/wp-content\/uploads\/2025\/06\/Foto-Boletin-699-1024x577.jpg\" \/>\n\t<meta property=\"og:image:width\" content=\"1024\" \/>\n\t<meta property=\"og:image:height\" content=\"577\" \/>\n\t<meta property=\"og:image:type\" content=\"image\/jpeg\" \/>\n<meta name=\"author\" content=\"NBCS Noticias\" \/>\n<meta name=\"twitter:card\" content=\"summary_large_image\" \/>\n<meta name=\"twitter:creator\" content=\"@https:\/\/twitter.com\/NBCSnoticias\" \/>\n<meta name=\"twitter:site\" content=\"@NBCSnoticias\" \/>\n<meta name=\"twitter:label1\" content=\"Escrito por\" \/>\n\t<meta name=\"twitter:data1\" content=\"NBCS Noticias\" \/>\n\t<meta name=\"twitter:label2\" content=\"Tiempo de lectura\" \/>\n\t<meta name=\"twitter:data2\" content=\"3 minutos\" \/>\n<script type=\"application\/ld+json\" class=\"yoast-schema-graph\">{\"@context\":\"https:\\\/\\\/schema.org\",\"@graph\":[{\"@type\":\"Article\",\"@id\":\"https:\\\/\\\/nbcs.mx\\\/?p=151273#article\",\"isPartOf\":{\"@id\":\"https:\\\/\\\/nbcs.mx\\\/?p=151273\"},\"author\":{\"name\":\"NBCS Noticias\",\"@id\":\"https:\\\/\\\/nbcs.mx\\\/#\\\/schema\\\/person\\\/ece58bab9a7c1e87a4d28ec9ecd79ff4\"},\"headline\":\"La Paz ser\u00e1 una ciudad libre de pl\u00e1sticos y juntos vamos a trabajar por ello: Milena Quiroga\",\"datePublished\":\"2025-06-10T14:59:55+00:00\",\"mainEntityOfPage\":{\"@id\":\"https:\\\/\\\/nbcs.mx\\\/?p=151273\"},\"wordCount\":489,\"commentCount\":0,\"publisher\":{\"@id\":\"https:\\\/\\\/nbcs.mx\\\/#organization\"},\"image\":{\"@id\":\"https:\\\/\\\/nbcs.mx\\\/?p=151273#primaryimage\"},\"thumbnailUrl\":\"https:\\\/\\\/nbcs.mx\\\/wp-content\\\/uploads\\\/2025\\\/06\\\/Foto-Boletin-699.jpg\",\"articleSection\":[\"Municipios\"],\"inLanguage\":\"es\",\"potentialAction\":[{\"@type\":\"CommentAction\",\"name\":\"Comment\",\"target\":[\"https:\\\/\\\/nbcs.mx\\\/?p=151273#respond\"]}]},{\"@type\":\"WebPage\",\"@id\":\"https:\\\/\\\/nbcs.mx\\\/?p=151273\",\"url\":\"https:\\\/\\\/nbcs.mx\\\/?p=151273\",\"name\":\"La Paz ser\u00e1 una ciudad libre de pl\u00e1sticos y juntos vamos a trabajar por ello: Milena Quiroga - NBCS Noticias\",\"isPartOf\":{\"@id\":\"https:\\\/\\\/nbcs.mx\\\/#website\"},\"primaryImageOfPage\":{\"@id\":\"https:\\\/\\\/nbcs.mx\\\/?p=151273#primaryimage\"},\"image\":{\"@id\":\"https:\\\/\\\/nbcs.mx\\\/?p=151273#primaryimage\"},\"thumbnailUrl\":\"https:\\\/\\\/nbcs.mx\\\/wp-content\\\/uploads\\\/2025\\\/06\\\/Foto-Boletin-699.jpg\",\"datePublished\":\"2025-06-10T14:59:55+00:00\",\"breadcrumb\":{\"@id\":\"https:\\\/\\\/nbcs.mx\\\/?p=151273#breadcrumb\"},\"inLanguage\":\"es\",\"potentialAction\":[{\"@type\":\"ReadAction\",\"target\":[\"https:\\\/\\\/nbcs.mx\\\/?p=151273\"]}]},{\"@type\":\"ImageObject\",\"inLanguage\":\"es\",\"@id\":\"https:\\\/\\\/nbcs.mx\\\/?p=151273#primaryimage\",\"url\":\"https:\\\/\\\/nbcs.mx\\\/wp-content\\\/uploads\\\/2025\\\/06\\\/Foto-Boletin-699.jpg\",\"contentUrl\":\"https:\\\/\\\/nbcs.mx\\\/wp-content\\\/uploads\\\/2025\\\/06\\\/Foto-Boletin-699.jpg\",\"width\":2048,\"height\":1153},{\"@type\":\"BreadcrumbList\",\"@id\":\"https:\\\/\\\/nbcs.mx\\\/?p=151273#breadcrumb\",\"itemListElement\":[{\"@type\":\"ListItem\",\"position\":1,\"name\":\"Portada\",\"item\":\"https:\\\/\\\/nbcs.mx\\\/\"},{\"@type\":\"ListItem\",\"position\":2,\"name\":\"La Paz ser\u00e1 una ciudad libre de pl\u00e1sticos y juntos vamos a trabajar por ello: Milena Quiroga\"}]},{\"@type\":\"WebSite\",\"@id\":\"https:\\\/\\\/nbcs.mx\\\/#website\",\"url\":\"https:\\\/\\\/nbcs.mx\\\/\",\"name\":\"NBCS Noticias\",\"description\":\"Sitio web de noticias en Baja California Sur\",\"publisher\":{\"@id\":\"https:\\\/\\\/nbcs.mx\\\/#organization\"},\"potentialAction\":[{\"@type\":\"SearchAction\",\"target\":{\"@type\":\"EntryPoint\",\"urlTemplate\":\"https:\\\/\\\/nbcs.mx\\\/?s={search_term_string}\"},\"query-input\":{\"@type\":\"PropertyValueSpecification\",\"valueRequired\":true,\"valueName\":\"search_term_string\"}}],\"inLanguage\":\"es\"},{\"@type\":\"Organization\",\"@id\":\"https:\\\/\\\/nbcs.mx\\\/#organization\",\"name\":\"NBCS Noticias\",\"url\":\"https:\\\/\\\/nbcs.mx\\\/\",\"logo\":{\"@type\":\"ImageObject\",\"inLanguage\":\"es\",\"@id\":\"https:\\\/\\\/nbcs.mx\\\/#\\\/schema\\\/logo\\\/image\\\/\",\"url\":\"https:\\\/\\\/nbcs.mx\\\/wp-content\\\/uploads\\\/2018\\\/09\\\/057b69485e93575a5c2b1c1dde2dd297.jpeg\",\"contentUrl\":\"https:\\\/\\\/nbcs.mx\\\/wp-content\\\/uploads\\\/2018\\\/09\\\/057b69485e93575a5c2b1c1dde2dd297.jpeg\",\"width\":64,\"height\":64,\"caption\":\"NBCS Noticias\"},\"image\":{\"@id\":\"https:\\\/\\\/nbcs.mx\\\/#\\\/schema\\\/logo\\\/image\\\/\"},\"sameAs\":[\"https:\\\/\\\/www.facebook.com\\\/NBCSnoticias\",\"https:\\\/\\\/x.com\\\/NBCSnoticias\"]},{\"@type\":\"Person\",\"@id\":\"https:\\\/\\\/nbcs.mx\\\/#\\\/schema\\\/person\\\/ece58bab9a7c1e87a4d28ec9ecd79ff4\",\"name\":\"NBCS Noticias\",\"image\":{\"@type\":\"ImageObject\",\"inLanguage\":\"es\",\"@id\":\"https:\\\/\\\/secure.gravatar.com\\\/avatar\\\/4e52110cad1c4054b43271a0d14bbe9e2ea76aecd0e1097edfc670798d9ca1d4?s=96&d=blank&r=g\",\"url\":\"https:\\\/\\\/secure.gravatar.com\\\/avatar\\\/4e52110cad1c4054b43271a0d14bbe9e2ea76aecd0e1097edfc670798d9ca1d4?s=96&d=blank&r=g\",\"contentUrl\":\"https:\\\/\\\/secure.gravatar.com\\\/avatar\\\/4e52110cad1c4054b43271a0d14bbe9e2ea76aecd0e1097edfc670798d9ca1d4?s=96&d=blank&r=g\",\"caption\":\"NBCS Noticias\"},\"description\":\"\u00bfTienes fotos o video de alg\u00fan acto de posible negligencia, corrupci\u00f3n y abuso de autoridad? M\u00e1ndalo al WhatsApp de NBCS Noticias: 612 141 98 08\",\"sameAs\":[\"https:\\\/\\\/www.nbcs.mx\",\"https:\\\/\\\/www.facebook.com\\\/NBCSnoticias\",\"https:\\\/\\\/www.instagram.com\\\/nbcsnoticias\\\/\",\"https:\\\/\\\/x.com\\\/https:\\\/\\\/twitter.com\\\/NBCSnoticias\"]}]}<\/script>\n<!-- \/ Yoast SEO plugin. -->","yoast_head_json":{"title":"La Paz ser\u00e1 una ciudad libre de pl\u00e1sticos y juntos vamos a trabajar por ello: Milena Quiroga - NBCS Noticias","robots":{"index":"index","follow":"follow","max-snippet":"max-snippet:-1","max-image-preview":"max-image-preview:large","max-video-preview":"max-video-preview:-1"},"canonical":"https:\/\/nbcs.mx\/?p=151273","og_locale":"es_ES","og_type":"article","og_title":"La Paz ser\u00e1 una ciudad libre de pl\u00e1sticos y juntos vamos a trabajar por ello: Milena Quiroga - NBCS Noticias","og_description":"En el marco del D\u00eda Mundial del Medio Ambiente 2025, la Alcaldesa Milena Quiroga Romero encabez\u00f3 un evento en el","og_url":"https:\/\/nbcs.mx\/?p=151273","og_site_name":"NBCS Noticias","article_publisher":"https:\/\/www.facebook.com\/NBCSnoticias","article_author":"https:\/\/www.facebook.com\/NBCSnoticias","article_published_time":"2025-06-10T14:59:55+00:00","og_image":[{"width":1024,"height":577,"url":"https:\/\/nbcs.mx\/wp-content\/uploads\/2025\/06\/Foto-Boletin-699-1024x577.jpg","type":"image\/jpeg"}],"author":"NBCS Noticias","twitter_card":"summary_large_image","twitter_creator":"@https:\/\/twitter.com\/NBCSnoticias","twitter_site":"@NBCSnoticias","twitter_misc":{"Escrito por":"NBCS Noticias","Tiempo de lectura":"3 minutos"},"schema":{"@context":"https:\/\/schema.org","@graph":[{"@type":"Article","@id":"https:\/\/nbcs.mx\/?p=151273#article","isPartOf":{"@id":"https:\/\/nbcs.mx\/?p=151273"},"author":{"name":"NBCS Noticias","@id":"https:\/\/nbcs.mx\/#\/schema\/person\/ece58bab9a7c1e87a4d28ec9ecd79ff4"},"headline":"La Paz ser\u00e1 una ciudad libre de pl\u00e1sticos y juntos vamos a trabajar por ello: Milena Quiroga","datePublished":"2025-06-10T14:59:55+00:00","mainEntityOfPage":{"@id":"https:\/\/nbcs.mx\/?p=151273"},"wordCount":489,"commentCount":0,"publisher":{"@id":"https:\/\/nbcs.mx\/#organization"},"image":{"@id":"https:\/\/nbcs.mx\/?p=151273#primaryimage"},"thumbnailUrl":"https:\/\/nbcs.mx\/wp-content\/uploads\/2025\/06\/Foto-Boletin-699.jpg","articleSection":["Municipios"],"inLanguage":"es","potentialAction":[{"@type":"CommentAction","name":"Comment","target":["https:\/\/nbcs.mx\/?p=151273#respond"]}]},{"@type":"WebPage","@id":"https:\/\/nbcs.mx\/?p=151273","url":"https:\/\/nbcs.mx\/?p=151273","name":"La Paz ser\u00e1 una ciudad libre de pl\u00e1sticos y juntos vamos a trabajar por ello: Milena Quiroga - NBCS Noticias","isPartOf":{"@id":"https:\/\/nbcs.mx\/#website"},"primaryImageOfPage":{"@id":"https:\/\/nbcs.mx\/?p=151273#primaryimage"},"image":{"@id":"https:\/\/nbcs.mx\/?p=151273#primaryimage"},"thumbnailUrl":"https:\/\/nbcs.mx\/wp-content\/uploads\/2025\/06\/Foto-Boletin-699.jpg","datePublished":"2025-06-10T14:59:55+00:00","breadcrumb":{"@id":"https:\/\/nbcs.mx\/?p=151273#breadcrumb"},"inLanguage":"es","potentialAction":[{"@type":"ReadAction","target":["https:\/\/nbcs.mx\/?p=151273"]}]},{"@type":"ImageObject","inLanguage":"es","@id":"https:\/\/nbcs.mx\/?p=151273#primaryimage","url":"https:\/\/nbcs.mx\/wp-content\/uploads\/2025\/06\/Foto-Boletin-699.jpg","contentUrl":"https:\/\/nbcs.mx\/wp-content\/uploads\/2025\/06\/Foto-Boletin-699.jpg","width":2048,"height":1153},{"@type":"BreadcrumbList","@id":"https:\/\/nbcs.mx\/?p=151273#breadcrumb","itemListElement":[{"@type":"ListItem","position":1,"name":"Portada","item":"https:\/\/nbcs.mx\/"},{"@type":"ListItem","position":2,"name":"La Paz ser\u00e1 una ciudad libre de pl\u00e1sticos y juntos vamos a trabajar por ello: Milena Quiroga"}]},{"@type":"WebSite","@id":"https:\/\/nbcs.mx\/#website","url":"https:\/\/nbcs.mx\/","name":"NBCS Noticias","description":"Sitio web de noticias en Baja California Sur","publisher":{"@id":"https:\/\/nbcs.mx\/#organization"},"potentialAction":[{"@type":"SearchAction","target":{"@type":"EntryPoint","urlTemplate":"https:\/\/nbcs.mx\/?s={search_term_string}"},"query-input":{"@type":"PropertyValueSpecification","valueRequired":true,"valueName":"search_term_string"}}],"inLanguage":"es"},{"@type":"Organization","@id":"https:\/\/nbcs.mx\/#organization","name":"NBCS Noticias","url":"https:\/\/nbcs.mx\/","logo":{"@type":"ImageObject","inLanguage":"es","@id":"https:\/\/nbcs.mx\/#\/schema\/logo\/image\/","url":"https:\/\/nbcs.mx\/wp-content\/uploads\/2018\/09\/057b69485e93575a5c2b1c1dde2dd297.jpeg","contentUrl":"https:\/\/nbcs.mx\/wp-content\/uploads\/2018\/09\/057b69485e93575a5c2b1c1dde2dd297.jpeg","width":64,"height":64,"caption":"NBCS Noticias"},"image":{"@id":"https:\/\/nbcs.mx\/#\/schema\/logo\/image\/"},"sameAs":["https:\/\/www.facebook.com\/NBCSnoticias","https:\/\/x.com\/NBCSnoticias"]},{"@type":"Person","@id":"https:\/\/nbcs.mx\/#\/schema\/person\/ece58bab9a7c1e87a4d28ec9ecd79ff4","name":"NBCS Noticias","image":{"@type":"ImageObject","inLanguage":"es","@id":"https:\/\/secure.gravatar.com\/avatar\/4e52110cad1c4054b43271a0d14bbe9e2ea76aecd0e1097edfc670798d9ca1d4?s=96&d=blank&r=g","url":"https:\/\/secure.gravatar.com\/avatar\/4e52110cad1c4054b43271a0d14bbe9e2ea76aecd0e1097edfc670798d9ca1d4?s=96&d=blank&r=g","contentUrl":"https:\/\/secure.gravatar.com\/avatar\/4e52110cad1c4054b43271a0d14bbe9e2ea76aecd0e1097edfc670798d9ca1d4?s=96&d=blank&r=g","caption":"NBCS Noticias"},"description":"\u00bfTienes fotos o video de alg\u00fan acto de posible negligencia, corrupci\u00f3n y abuso de autoridad? M\u00e1ndalo al WhatsApp de NBCS Noticias: 612 141 98 08","sameAs":["https:\/\/www.nbcs.mx","https:\/\/www.facebook.com\/NBCSnoticias","https:\/\/www.instagram.com\/nbcsnoticias\/","https:\/\/x.com\/https:\/\/twitter.com\/NBCSnoticias"]}]}},"jetpack_publicize_connections":[],"jetpack_featured_media_url":"https:\/\/nbcs.mx\/wp-content\/uploads\/2025\/06\/Foto-Boletin-699.jpg","jetpack_sharing_enabled":true,"_links":{"self":[{"href":"https:\/\/nbcs.mx\/index.php?rest_route=\/wp\/v2\/posts\/151273","targetHints":{"allow":["GET"]}}],"collection":[{"href":"https:\/\/nbcs.mx\/index.php?rest_route=\/wp\/v2\/posts"}],"about":[{"href":"https:\/\/nbcs.mx\/index.php?rest_route=\/wp\/v2\/types\/post"}],"author":[{"embeddable":true,"href":"https:\/\/nbcs.mx\/index.php?rest_route=\/wp\/v2\/users\/1"}],"replies":[{"embeddable":true,"href":"https:\/\/nbcs.mx\/index.php?rest_route=%2Fwp%2Fv2%2Fcomments&post=151273"}],"version-history":[{"count":1,"href":"https:\/\/nbcs.mx\/index.php?rest_route=\/wp\/v2\/posts\/151273\/revisions"}],"predecessor-version":[{"id":151275,"href":"https:\/\/nbcs.mx\/index.php?rest_route=\/wp\/v2\/posts\/151273\/revisions\/151275"}],"wp:featuredmedia":[{"embeddable":true,"href":"https:\/\/nbcs.mx\/index.php?rest_route=\/wp\/v2\/media\/151274"}],"wp:attachment":[{"href":"https:\/\/nbcs.mx\/index.php?rest_route=%2Fwp%2Fv2%2Fmedia&parent=151273"}],"wp:term":[{"taxonomy":"category","embeddable":true,"href":"https:\/\/nbcs.mx\/index.php?rest_route=%2Fwp%2Fv2%2Fcategories&post=151273"},{"taxonomy":"post_tag","embeddable":true,"href":"https:\/\/nbcs.mx\/index.php?rest_route=%2Fwp%2Fv2%2Ftags&post=151273"}],"curies":[{"name":"wp","href":"https:\/\/api.w.org\/{rel}","templated":true}]}}