{"id":151276,"date":"2025-06-10T09:00:57","date_gmt":"2025-06-10T15:00:57","guid":{"rendered":"https:\/\/nbcs.mx\/?p=151276"},"modified":"2025-06-10T09:00:57","modified_gmt":"2025-06-10T15:00:57","slug":"entra-en-funciones-un-nuevo-semaforo-en-el-bulevar-olachea-para-mejorar-la-movilidad-milena-quiroga","status":"publish","type":"post","link":"https:\/\/nbcs.mx\/?p=151276","title":{"rendered":"Entra en funciones un nuevo sem\u00e1foro en el bulevar Olachea para mejorar la movilidad: Milena Quiroga"},"content":{"rendered":"<p style=\"font-weight: 400; text-align: justify;\"><img loading=\"lazy\" decoding=\"async\" class=\" wp-image-151277 alignleft\" src=\"https:\/\/nbcs.mx\/wp-content\/uploads\/2025\/06\/Foto-Boletin-694-755x423.jpg\" alt=\"\" width=\"368\" height=\"206\" srcset=\"https:\/\/nbcs.mx\/wp-content\/uploads\/2025\/06\/Foto-Boletin-694-755x423.jpg 755w, https:\/\/nbcs.mx\/wp-content\/uploads\/2025\/06\/Foto-Boletin-694-1024x574.jpg 1024w, https:\/\/nbcs.mx\/wp-content\/uploads\/2025\/06\/Foto-Boletin-694-150x84.jpg 150w, https:\/\/nbcs.mx\/wp-content\/uploads\/2025\/06\/Foto-Boletin-694-768x430.jpg 768w, https:\/\/nbcs.mx\/wp-content\/uploads\/2025\/06\/Foto-Boletin-694-1536x860.jpg 1536w, https:\/\/nbcs.mx\/wp-content\/uploads\/2025\/06\/Foto-Boletin-694-800x445.jpg 800w, https:\/\/nbcs.mx\/wp-content\/uploads\/2025\/06\/Foto-Boletin-694.jpg 2048w\" sizes=\"auto, (max-width: 368px) 100vw, 368px\" \/>Como parte del programa integral para mejorar la movilidad y transformar la manera en que se transita por la ciudad, este lunes 9 de junio fue activado un nuevo sem\u00e1foro inteligente en el cruce del bulevar Agust\u00edn Olachea, a la altura de los centros comerciales Liverpool, Sam\u2019s y Walmart.<\/p>\n<p style=\"font-weight: 400; text-align: justify;\">\n<p style=\"font-weight: 400; text-align: justify;\">La Presidenta Municipal de La Paz, Milena Quiroga Romero, inform\u00f3 que este nuevo dispositivo forma parte de la red de sem\u00e1foros conectados al Centro de Monitoreo Vial (Cemovial), herramienta tecnol\u00f3gica que permite coordinar y sincronizar la circulaci\u00f3n vehicular para reducir tiempos de traslado y prevenir siniestros viales.<\/p>\n<p style=\"font-weight: 400; text-align: justify;\">\n<p style=\"font-weight: 400; text-align: justify;\">\u201cCemovial se ampl\u00eda ahora con la semaforizaci\u00f3n, se trata de un sem\u00e1foro m\u00e1s que esta sincronizado con el Centro de Monitoreo Vial. As\u00ed que los invitamos a tomar precauciones y que nos ayuden a respetar el reglamento de tr\u00e1nsito para que todo pueda fluir de mejor manera\u201d, manifest\u00f3.<\/p>\n<p style=\"font-weight: 400; text-align: justify;\">\n<p style=\"font-weight: 400; text-align: justify;\">Quiroga Romero explic\u00f3 que el sem\u00e1foro cuenta con c\u00e1maras para su coordinaci\u00f3n con otros dispositivos, lo que permitir\u00e1 dar preferencia a los veh\u00edculos que circulan por el bulevar, reduciendo la necesidad de hacer cuatro altos y mejorando as\u00ed la fluidez del tr\u00e1nsito.<\/p>\n<p style=\"font-weight: 400; text-align: justify;\">\n<p style=\"font-weight: 400; text-align: justify;\">\u201cLa idea principal es que no todos hagamos 4 Altos, para que quienes transitan por Las Garzas no se detengan tanto por los veh\u00edculos que entran y salen de las plazas comerciales, ya que la mayor\u00eda del tiempo deben tener preferencia los que circulan por Las Garzas\u201d, explic\u00f3.<\/p>\n<p style=\"font-weight: 400; text-align: justify;\">\n<p style=\"font-weight: 400; text-align: justify;\">El Gobierno Municipal contin\u00faa avanzando en la implementaci\u00f3n de soluciones que permiten reducir los tiempos de espera y garantizar una movilidad segura para todas y todos, #EsLaPaz una mejor ciudad para vivir.<\/p>\n","protected":false},"excerpt":{"rendered":"<p>Como parte del programa integral para mejorar la movilidad y transformar la manera en que se transita por la ciudad,<\/p>\n","protected":false},"author":1,"featured_media":151277,"comment_status":"open","ping_status":"closed","sticky":false,"template":"","format":"standard","meta":{"colormag_page_container_layout":"default_layout","colormag_page_sidebar_layout":"default_layout","_jetpack_memberships_contains_paid_content":false,"footnotes":"","jetpack_publicize_message":"","jetpack_publicize_feature_enabled":true,"jetpack_social_post_already_shared":true,"jetpack_social_options":{"image_generator_settings":{"template":"highway","default_image_id":0,"font":"","enabled":false},"version":2}},"categories":[40],"tags":[],"class_list":["post-151276","post","type-post","status-publish","format-standard","has-post-thumbnail","hentry","category-municipios"],"yoast_head":"<!-- This site is optimized with the Yoast SEO plugin v27.5 - https:\/\/yoast.com\/product\/yoast-seo-wordpress\/ -->\n<title>Entra en funciones un nuevo sem\u00e1foro en el bulevar Olachea para mejorar la movilidad: Milena Quiroga - NBCS Noticias<\/title>\n<meta name=\"robots\" content=\"index, follow, max-snippet:-1, max-image-preview:large, max-video-preview:-1\" \/>\n<link rel=\"canonical\" href=\"https:\/\/nbcs.mx\/?p=151276\" \/>\n<meta property=\"og:locale\" content=\"es_ES\" \/>\n<meta property=\"og:type\" content=\"article\" \/>\n<meta property=\"og:title\" content=\"Entra en funciones un nuevo sem\u00e1foro en el bulevar Olachea para mejorar la movilidad: Milena Quiroga - NBCS Noticias\" \/>\n<meta property=\"og:description\" content=\"Como parte del programa integral para mejorar la movilidad y transformar la manera en que se transita por la ciudad,\" \/>\n<meta property=\"og:url\" content=\"https:\/\/nbcs.mx\/?p=151276\" \/>\n<meta property=\"og:site_name\" content=\"NBCS Noticias\" \/>\n<meta property=\"article:publisher\" content=\"https:\/\/www.facebook.com\/NBCSnoticias\" \/>\n<meta property=\"article:author\" content=\"https:\/\/www.facebook.com\/NBCSnoticias\" \/>\n<meta property=\"article:published_time\" content=\"2025-06-10T15:00:57+00:00\" \/>\n<meta property=\"og:image\" content=\"https:\/\/nbcs.mx\/wp-content\/uploads\/2025\/06\/Foto-Boletin-694.jpg\" \/>\n\t<meta property=\"og:image:width\" content=\"2048\" \/>\n\t<meta property=\"og:image:height\" content=\"1147\" \/>\n\t<meta property=\"og:image:type\" content=\"image\/jpeg\" \/>\n<meta name=\"author\" content=\"NBCS Noticias\" \/>\n<meta name=\"twitter:card\" content=\"summary_large_image\" \/>\n<meta name=\"twitter:creator\" content=\"@https:\/\/twitter.com\/NBCSnoticias\" \/>\n<meta name=\"twitter:site\" content=\"@NBCSnoticias\" \/>\n<meta name=\"twitter:label1\" content=\"Escrito por\" \/>\n\t<meta name=\"twitter:data1\" content=\"NBCS Noticias\" \/>\n\t<meta name=\"twitter:label2\" content=\"Tiempo de lectura\" \/>\n\t<meta name=\"twitter:data2\" content=\"2 minutos\" \/>\n<script type=\"application\/ld+json\" class=\"yoast-schema-graph\">{\"@context\":\"https:\\\/\\\/schema.org\",\"@graph\":[{\"@type\":\"Article\",\"@id\":\"https:\\\/\\\/nbcs.mx\\\/?p=151276#article\",\"isPartOf\":{\"@id\":\"https:\\\/\\\/nbcs.mx\\\/?p=151276\"},\"author\":{\"name\":\"NBCS Noticias\",\"@id\":\"https:\\\/\\\/nbcs.mx\\\/#\\\/schema\\\/person\\\/ece58bab9a7c1e87a4d28ec9ecd79ff4\"},\"headline\":\"Entra en funciones un nuevo sem\u00e1foro en el bulevar Olachea para mejorar la movilidad: Milena Quiroga\",\"datePublished\":\"2025-06-10T15:00:57+00:00\",\"mainEntityOfPage\":{\"@id\":\"https:\\\/\\\/nbcs.mx\\\/?p=151276\"},\"wordCount\":301,\"commentCount\":0,\"publisher\":{\"@id\":\"https:\\\/\\\/nbcs.mx\\\/#organization\"},\"image\":{\"@id\":\"https:\\\/\\\/nbcs.mx\\\/?p=151276#primaryimage\"},\"thumbnailUrl\":\"https:\\\/\\\/nbcs.mx\\\/wp-content\\\/uploads\\\/2025\\\/06\\\/Foto-Boletin-694.jpg\",\"articleSection\":[\"Municipios\"],\"inLanguage\":\"es\",\"potentialAction\":[{\"@type\":\"CommentAction\",\"name\":\"Comment\",\"target\":[\"https:\\\/\\\/nbcs.mx\\\/?p=151276#respond\"]}]},{\"@type\":\"WebPage\",\"@id\":\"https:\\\/\\\/nbcs.mx\\\/?p=151276\",\"url\":\"https:\\\/\\\/nbcs.mx\\\/?p=151276\",\"name\":\"Entra en funciones un nuevo sem\u00e1foro en el bulevar Olachea para mejorar la movilidad: Milena Quiroga - NBCS Noticias\",\"isPartOf\":{\"@id\":\"https:\\\/\\\/nbcs.mx\\\/#website\"},\"primaryImageOfPage\":{\"@id\":\"https:\\\/\\\/nbcs.mx\\\/?p=151276#primaryimage\"},\"image\":{\"@id\":\"https:\\\/\\\/nbcs.mx\\\/?p=151276#primaryimage\"},\"thumbnailUrl\":\"https:\\\/\\\/nbcs.mx\\\/wp-content\\\/uploads\\\/2025\\\/06\\\/Foto-Boletin-694.jpg\",\"datePublished\":\"2025-06-10T15:00:57+00:00\",\"breadcrumb\":{\"@id\":\"https:\\\/\\\/nbcs.mx\\\/?p=151276#breadcrumb\"},\"inLanguage\":\"es\",\"potentialAction\":[{\"@type\":\"ReadAction\",\"target\":[\"https:\\\/\\\/nbcs.mx\\\/?p=151276\"]}]},{\"@type\":\"ImageObject\",\"inLanguage\":\"es\",\"@id\":\"https:\\\/\\\/nbcs.mx\\\/?p=151276#primaryimage\",\"url\":\"https:\\\/\\\/nbcs.mx\\\/wp-content\\\/uploads\\\/2025\\\/06\\\/Foto-Boletin-694.jpg\",\"contentUrl\":\"https:\\\/\\\/nbcs.mx\\\/wp-content\\\/uploads\\\/2025\\\/06\\\/Foto-Boletin-694.jpg\",\"width\":2048,\"height\":1147},{\"@type\":\"BreadcrumbList\",\"@id\":\"https:\\\/\\\/nbcs.mx\\\/?p=151276#breadcrumb\",\"itemListElement\":[{\"@type\":\"ListItem\",\"position\":1,\"name\":\"Portada\",\"item\":\"https:\\\/\\\/nbcs.mx\\\/\"},{\"@type\":\"ListItem\",\"position\":2,\"name\":\"Entra en funciones un nuevo sem\u00e1foro en el bulevar Olachea para mejorar la movilidad: Milena Quiroga\"}]},{\"@type\":\"WebSite\",\"@id\":\"https:\\\/\\\/nbcs.mx\\\/#website\",\"url\":\"https:\\\/\\\/nbcs.mx\\\/\",\"name\":\"NBCS Noticias\",\"description\":\"Sitio web de noticias en Baja California Sur\",\"publisher\":{\"@id\":\"https:\\\/\\\/nbcs.mx\\\/#organization\"},\"potentialAction\":[{\"@type\":\"SearchAction\",\"target\":{\"@type\":\"EntryPoint\",\"urlTemplate\":\"https:\\\/\\\/nbcs.mx\\\/?s={search_term_string}\"},\"query-input\":{\"@type\":\"PropertyValueSpecification\",\"valueRequired\":true,\"valueName\":\"search_term_string\"}}],\"inLanguage\":\"es\"},{\"@type\":\"Organization\",\"@id\":\"https:\\\/\\\/nbcs.mx\\\/#organization\",\"name\":\"NBCS Noticias\",\"url\":\"https:\\\/\\\/nbcs.mx\\\/\",\"logo\":{\"@type\":\"ImageObject\",\"inLanguage\":\"es\",\"@id\":\"https:\\\/\\\/nbcs.mx\\\/#\\\/schema\\\/logo\\\/image\\\/\",\"url\":\"https:\\\/\\\/nbcs.mx\\\/wp-content\\\/uploads\\\/2018\\\/09\\\/057b69485e93575a5c2b1c1dde2dd297.jpeg\",\"contentUrl\":\"https:\\\/\\\/nbcs.mx\\\/wp-content\\\/uploads\\\/2018\\\/09\\\/057b69485e93575a5c2b1c1dde2dd297.jpeg\",\"width\":64,\"height\":64,\"caption\":\"NBCS Noticias\"},\"image\":{\"@id\":\"https:\\\/\\\/nbcs.mx\\\/#\\\/schema\\\/logo\\\/image\\\/\"},\"sameAs\":[\"https:\\\/\\\/www.facebook.com\\\/NBCSnoticias\",\"https:\\\/\\\/x.com\\\/NBCSnoticias\"]},{\"@type\":\"Person\",\"@id\":\"https:\\\/\\\/nbcs.mx\\\/#\\\/schema\\\/person\\\/ece58bab9a7c1e87a4d28ec9ecd79ff4\",\"name\":\"NBCS Noticias\",\"image\":{\"@type\":\"ImageObject\",\"inLanguage\":\"es\",\"@id\":\"https:\\\/\\\/secure.gravatar.com\\\/avatar\\\/4e52110cad1c4054b43271a0d14bbe9e2ea76aecd0e1097edfc670798d9ca1d4?s=96&d=blank&r=g\",\"url\":\"https:\\\/\\\/secure.gravatar.com\\\/avatar\\\/4e52110cad1c4054b43271a0d14bbe9e2ea76aecd0e1097edfc670798d9ca1d4?s=96&d=blank&r=g\",\"contentUrl\":\"https:\\\/\\\/secure.gravatar.com\\\/avatar\\\/4e52110cad1c4054b43271a0d14bbe9e2ea76aecd0e1097edfc670798d9ca1d4?s=96&d=blank&r=g\",\"caption\":\"NBCS Noticias\"},\"description\":\"\u00bfTienes fotos o video de alg\u00fan acto de posible negligencia, corrupci\u00f3n y abuso de autoridad? M\u00e1ndalo al WhatsApp de NBCS Noticias: 612 141 98 08\",\"sameAs\":[\"https:\\\/\\\/www.nbcs.mx\",\"https:\\\/\\\/www.facebook.com\\\/NBCSnoticias\",\"https:\\\/\\\/www.instagram.com\\\/nbcsnoticias\\\/\",\"https:\\\/\\\/x.com\\\/https:\\\/\\\/twitter.com\\\/NBCSnoticias\"]}]}<\/script>\n<!-- \/ Yoast SEO plugin. -->","yoast_head_json":{"title":"Entra en funciones un nuevo sem\u00e1foro en el bulevar Olachea para mejorar la movilidad: Milena Quiroga - NBCS Noticias","robots":{"index":"index","follow":"follow","max-snippet":"max-snippet:-1","max-image-preview":"max-image-preview:large","max-video-preview":"max-video-preview:-1"},"canonical":"https:\/\/nbcs.mx\/?p=151276","og_locale":"es_ES","og_type":"article","og_title":"Entra en funciones un nuevo sem\u00e1foro en el bulevar Olachea para mejorar la movilidad: Milena Quiroga - NBCS Noticias","og_description":"Como parte del programa integral para mejorar la movilidad y transformar la manera en que se transita por la ciudad,","og_url":"https:\/\/nbcs.mx\/?p=151276","og_site_name":"NBCS Noticias","article_publisher":"https:\/\/www.facebook.com\/NBCSnoticias","article_author":"https:\/\/www.facebook.com\/NBCSnoticias","article_published_time":"2025-06-10T15:00:57+00:00","og_image":[{"width":2048,"height":1147,"url":"https:\/\/nbcs.mx\/wp-content\/uploads\/2025\/06\/Foto-Boletin-694.jpg","type":"image\/jpeg"}],"author":"NBCS Noticias","twitter_card":"summary_large_image","twitter_creator":"@https:\/\/twitter.com\/NBCSnoticias","twitter_site":"@NBCSnoticias","twitter_misc":{"Escrito por":"NBCS Noticias","Tiempo de lectura":"2 minutos"},"schema":{"@context":"https:\/\/schema.org","@graph":[{"@type":"Article","@id":"https:\/\/nbcs.mx\/?p=151276#article","isPartOf":{"@id":"https:\/\/nbcs.mx\/?p=151276"},"author":{"name":"NBCS Noticias","@id":"https:\/\/nbcs.mx\/#\/schema\/person\/ece58bab9a7c1e87a4d28ec9ecd79ff4"},"headline":"Entra en funciones un nuevo sem\u00e1foro en el bulevar Olachea para mejorar la movilidad: Milena Quiroga","datePublished":"2025-06-10T15:00:57+00:00","mainEntityOfPage":{"@id":"https:\/\/nbcs.mx\/?p=151276"},"wordCount":301,"commentCount":0,"publisher":{"@id":"https:\/\/nbcs.mx\/#organization"},"image":{"@id":"https:\/\/nbcs.mx\/?p=151276#primaryimage"},"thumbnailUrl":"https:\/\/nbcs.mx\/wp-content\/uploads\/2025\/06\/Foto-Boletin-694.jpg","articleSection":["Municipios"],"inLanguage":"es","potentialAction":[{"@type":"CommentAction","name":"Comment","target":["https:\/\/nbcs.mx\/?p=151276#respond"]}]},{"@type":"WebPage","@id":"https:\/\/nbcs.mx\/?p=151276","url":"https:\/\/nbcs.mx\/?p=151276","name":"Entra en funciones un nuevo sem\u00e1foro en el bulevar Olachea para mejorar la movilidad: Milena Quiroga - NBCS Noticias","isPartOf":{"@id":"https:\/\/nbcs.mx\/#website"},"primaryImageOfPage":{"@id":"https:\/\/nbcs.mx\/?p=151276#primaryimage"},"image":{"@id":"https:\/\/nbcs.mx\/?p=151276#primaryimage"},"thumbnailUrl":"https:\/\/nbcs.mx\/wp-content\/uploads\/2025\/06\/Foto-Boletin-694.jpg","datePublished":"2025-06-10T15:00:57+00:00","breadcrumb":{"@id":"https:\/\/nbcs.mx\/?p=151276#breadcrumb"},"inLanguage":"es","potentialAction":[{"@type":"ReadAction","target":["https:\/\/nbcs.mx\/?p=151276"]}]},{"@type":"ImageObject","inLanguage":"es","@id":"https:\/\/nbcs.mx\/?p=151276#primaryimage","url":"https:\/\/nbcs.mx\/wp-content\/uploads\/2025\/06\/Foto-Boletin-694.jpg","contentUrl":"https:\/\/nbcs.mx\/wp-content\/uploads\/2025\/06\/Foto-Boletin-694.jpg","width":2048,"height":1147},{"@type":"BreadcrumbList","@id":"https:\/\/nbcs.mx\/?p=151276#breadcrumb","itemListElement":[{"@type":"ListItem","position":1,"name":"Portada","item":"https:\/\/nbcs.mx\/"},{"@type":"ListItem","position":2,"name":"Entra en funciones un nuevo sem\u00e1foro en el bulevar Olachea para mejorar la movilidad: Milena Quiroga"}]},{"@type":"WebSite","@id":"https:\/\/nbcs.mx\/#website","url":"https:\/\/nbcs.mx\/","name":"NBCS Noticias","description":"Sitio web de noticias en Baja California Sur","publisher":{"@id":"https:\/\/nbcs.mx\/#organization"},"potentialAction":[{"@type":"SearchAction","target":{"@type":"EntryPoint","urlTemplate":"https:\/\/nbcs.mx\/?s={search_term_string}"},"query-input":{"@type":"PropertyValueSpecification","valueRequired":true,"valueName":"search_term_string"}}],"inLanguage":"es"},{"@type":"Organization","@id":"https:\/\/nbcs.mx\/#organization","name":"NBCS Noticias","url":"https:\/\/nbcs.mx\/","logo":{"@type":"ImageObject","inLanguage":"es","@id":"https:\/\/nbcs.mx\/#\/schema\/logo\/image\/","url":"https:\/\/nbcs.mx\/wp-content\/uploads\/2018\/09\/057b69485e93575a5c2b1c1dde2dd297.jpeg","contentUrl":"https:\/\/nbcs.mx\/wp-content\/uploads\/2018\/09\/057b69485e93575a5c2b1c1dde2dd297.jpeg","width":64,"height":64,"caption":"NBCS Noticias"},"image":{"@id":"https:\/\/nbcs.mx\/#\/schema\/logo\/image\/"},"sameAs":["https:\/\/www.facebook.com\/NBCSnoticias","https:\/\/x.com\/NBCSnoticias"]},{"@type":"Person","@id":"https:\/\/nbcs.mx\/#\/schema\/person\/ece58bab9a7c1e87a4d28ec9ecd79ff4","name":"NBCS Noticias","image":{"@type":"ImageObject","inLanguage":"es","@id":"https:\/\/secure.gravatar.com\/avatar\/4e52110cad1c4054b43271a0d14bbe9e2ea76aecd0e1097edfc670798d9ca1d4?s=96&d=blank&r=g","url":"https:\/\/secure.gravatar.com\/avatar\/4e52110cad1c4054b43271a0d14bbe9e2ea76aecd0e1097edfc670798d9ca1d4?s=96&d=blank&r=g","contentUrl":"https:\/\/secure.gravatar.com\/avatar\/4e52110cad1c4054b43271a0d14bbe9e2ea76aecd0e1097edfc670798d9ca1d4?s=96&d=blank&r=g","caption":"NBCS Noticias"},"description":"\u00bfTienes fotos o video de alg\u00fan acto de posible negligencia, corrupci\u00f3n y abuso de autoridad? M\u00e1ndalo al WhatsApp de NBCS Noticias: 612 141 98 08","sameAs":["https:\/\/www.nbcs.mx","https:\/\/www.facebook.com\/NBCSnoticias","https:\/\/www.instagram.com\/nbcsnoticias\/","https:\/\/x.com\/https:\/\/twitter.com\/NBCSnoticias"]}]}},"jetpack_publicize_connections":[],"jetpack_featured_media_url":"https:\/\/nbcs.mx\/wp-content\/uploads\/2025\/06\/Foto-Boletin-694.jpg","jetpack_sharing_enabled":true,"_links":{"self":[{"href":"https:\/\/nbcs.mx\/index.php?rest_route=\/wp\/v2\/posts\/151276","targetHints":{"allow":["GET"]}}],"collection":[{"href":"https:\/\/nbcs.mx\/index.php?rest_route=\/wp\/v2\/posts"}],"about":[{"href":"https:\/\/nbcs.mx\/index.php?rest_route=\/wp\/v2\/types\/post"}],"author":[{"embeddable":true,"href":"https:\/\/nbcs.mx\/index.php?rest_route=\/wp\/v2\/users\/1"}],"replies":[{"embeddable":true,"href":"https:\/\/nbcs.mx\/index.php?rest_route=%2Fwp%2Fv2%2Fcomments&post=151276"}],"version-history":[{"count":1,"href":"https:\/\/nbcs.mx\/index.php?rest_route=\/wp\/v2\/posts\/151276\/revisions"}],"predecessor-version":[{"id":151278,"href":"https:\/\/nbcs.mx\/index.php?rest_route=\/wp\/v2\/posts\/151276\/revisions\/151278"}],"wp:featuredmedia":[{"embeddable":true,"href":"https:\/\/nbcs.mx\/index.php?rest_route=\/wp\/v2\/media\/151277"}],"wp:attachment":[{"href":"https:\/\/nbcs.mx\/index.php?rest_route=%2Fwp%2Fv2%2Fmedia&parent=151276"}],"wp:term":[{"taxonomy":"category","embeddable":true,"href":"https:\/\/nbcs.mx\/index.php?rest_route=%2Fwp%2Fv2%2Fcategories&post=151276"},{"taxonomy":"post_tag","embeddable":true,"href":"https:\/\/nbcs.mx\/index.php?rest_route=%2Fwp%2Fv2%2Ftags&post=151276"}],"curies":[{"name":"wp","href":"https:\/\/api.w.org\/{rel}","templated":true}]}}