{"id":151288,"date":"2025-06-10T09:08:59","date_gmt":"2025-06-10T15:08:59","guid":{"rendered":"https:\/\/nbcs.mx\/?p=151288"},"modified":"2025-06-10T09:08:59","modified_gmt":"2025-06-10T15:08:59","slug":"lanzan-convocatoria-para-certamen-nuestra-belleza-loretana","status":"publish","type":"post","link":"https:\/\/nbcs.mx\/?p=151288","title":{"rendered":"Lanzan convocatoria para certamen \u201cNuestra Belleza Loretana\u201d"},"content":{"rendered":"<p style=\"font-weight: 400; text-align: justify;\"><img loading=\"lazy\" decoding=\"async\" class=\" wp-image-151289 alignleft\" src=\"https:\/\/nbcs.mx\/wp-content\/uploads\/2025\/06\/503033211_18190626838311122_5472534382442308838_n-737x492.jpeg\" alt=\"\" width=\"380\" height=\"254\" srcset=\"https:\/\/nbcs.mx\/wp-content\/uploads\/2025\/06\/503033211_18190626838311122_5472534382442308838_n-737x492.jpeg 737w, https:\/\/nbcs.mx\/wp-content\/uploads\/2025\/06\/503033211_18190626838311122_5472534382442308838_n-1024x683.jpeg 1024w, https:\/\/nbcs.mx\/wp-content\/uploads\/2025\/06\/503033211_18190626838311122_5472534382442308838_n-150x100.jpeg 150w, https:\/\/nbcs.mx\/wp-content\/uploads\/2025\/06\/503033211_18190626838311122_5472534382442308838_n-768x512.jpeg 768w, https:\/\/nbcs.mx\/wp-content\/uploads\/2025\/06\/503033211_18190626838311122_5472534382442308838_n.jpeg 1439w\" sizes=\"auto, (max-width: 380px) 100vw, 380px\" \/>Con el objetivo de destacar la belleza y el talento de las j\u00f3venes de Loreto, as\u00ed como impulsar su desarrollo, seguridad y liderazgo, El XI AYUNTAMIENTO de Loreto, a trav\u00e9s de la Direcci\u00f3n de Acci\u00f3n Social, C\u00edvica y Cultural, en coordinaci\u00f3n con el Instituto Municipal de Atenci\u00f3n a la Juventud y la Casa de la Cultura, invitan a las se\u00f1oritas loretanas a participar en el certamen municipal NUESTRA BELLEZA LORETANA \u201cBrilla con tu esencia y resalta tu belleza\u00bb.<\/p>\n<p style=\"font-weight: 400; text-align: justify;\">\n<p style=\"font-weight: 400; text-align: justify;\">Julio Jorge Cota Davis, director de Acci\u00f3n Social, C\u00edvica y Cultural, se\u00f1al\u00f3 que el concurso busca promover la belleza, talento y preparaci\u00f3n de las j\u00f3venes, al mismo tiempo, pretende motivar a las participantes para que tengan aspiraciones y proyectos de vida que les permitan lograr metas y objetivos, a\u00f1adi\u00f3 que dentro de los aspectos a calificar adem\u00e1s de belleza y personalidad, deber\u00e1n de tener simpat\u00eda, dominio del tema (libre, aprobado por el comit\u00e9), facilidad de palabra, habilidad para responder y seguridad.<\/p>\n<p style=\"font-weight: 400; text-align: justify;\">\n<p style=\"font-weight: 400; text-align: justify;\">Aclar\u00f3 que, s\u00f3lo podr\u00e1n participar chicas entre 16 y 25 a\u00f1os, con residencia m\u00ednima de 4 a\u00f1os en Loreto o alguna de sus comunidades, adem\u00e1s de ingresar en la concentraci\u00f3n que dar\u00e1 inicio el pr\u00f3ximo 20 de junio, en la cual, las j\u00f3venes deber\u00e1n cumplir con las clases que recibir\u00e1n en temas como nutrici\u00f3n, acondicionamiento f\u00edsico, oratoria, apoyo psicol\u00f3gico, talleres de modelaje, pasarela y baile entre otros.<\/p>\n<p style=\"font-weight: 400; text-align: justify;\">\n<p style=\"font-weight: 400; text-align: justify;\">Un requisito fundamental es conocer la historia, las costumbres, las tradiciones y valores de su municipio indic\u00f3 el funcionario, agreg\u00f3 que, el certamen se desarrollar\u00e1 el 23 de agosto pr\u00f3ximo en el inicio del Camino Real, ubicado en paseo Adolfo L\u00f3pez Mateos y calle Salvatierra (arco del malec\u00f3n), quien resulte ganadora ser\u00e1 coronada como reina de las fiestas de fundaci\u00f3n de Loreto, puntualiz\u00f3 Julio Jorge Cota.<\/p>\n<p style=\"font-weight: 400; text-align: justify;\">\n<p style=\"font-weight: 400; text-align: justify;\">Por \u00faltimo, el director de Acci\u00f3n Social, C\u00edvica y Cultural, invit\u00f3 a las aspirantes a consultar todo lo relacionado al certamen en el siguiente enlace:<\/p>\n<p style=\"font-weight: 400; text-align: justify;\"><a href=\"https:\/\/drive.google.com\/file\/d\/1dqGRSUxbLXv7MdUWBx-JDYANBXOY0et-\/view?usp=sharing&amp;fbclid=IwZXh0bgNhZW0CMTAAYnJpZBExWkViNU1GUWp5djVNOTJWcgEeQf3bYdjZ-MyRYjFkgM2toe1ph__ejBUpkwjXjYwZ3w9YRGtrUa_GT5DgXVU_aem_onFGHLlhj12dEgRdtL1bHg\"><strong>https:\/\/drive.google.com\/&#8230;\/1dqGRSUxbLXv7MdUWBx&#8230;\/view&#8230;<\/strong><\/a><\/p>\n<p style=\"text-align: justify;\"><span style=\"font-weight: 400;\">LOS REGISTROS CIERRAN ESTE VIERNES DE 13 JUNIO<\/span><\/p>\n","protected":false},"excerpt":{"rendered":"<p>Con el objetivo de destacar la belleza y el talento de las j\u00f3venes de Loreto, as\u00ed como impulsar su desarrollo,<\/p>\n","protected":false},"author":1,"featured_media":151289,"comment_status":"open","ping_status":"closed","sticky":false,"template":"","format":"standard","meta":{"colormag_page_container_layout":"default_layout","colormag_page_sidebar_layout":"default_layout","_jetpack_memberships_contains_paid_content":false,"footnotes":"","jetpack_publicize_message":"","jetpack_publicize_feature_enabled":true,"jetpack_social_post_already_shared":true,"jetpack_social_options":{"image_generator_settings":{"template":"highway","default_image_id":0,"font":"","enabled":false},"version":2}},"categories":[40],"tags":[],"class_list":["post-151288","post","type-post","status-publish","format-standard","has-post-thumbnail","hentry","category-municipios"],"yoast_head":"<!-- This site is optimized with the Yoast SEO plugin v27.5 - https:\/\/yoast.com\/product\/yoast-seo-wordpress\/ -->\n<title>Lanzan convocatoria para certamen \u201cNuestra Belleza Loretana\u201d - NBCS Noticias<\/title>\n<meta name=\"robots\" content=\"index, follow, max-snippet:-1, max-image-preview:large, max-video-preview:-1\" \/>\n<link rel=\"canonical\" href=\"https:\/\/nbcs.mx\/?p=151288\" \/>\n<meta property=\"og:locale\" content=\"es_ES\" \/>\n<meta property=\"og:type\" content=\"article\" \/>\n<meta property=\"og:title\" content=\"Lanzan convocatoria para certamen \u201cNuestra Belleza Loretana\u201d - NBCS Noticias\" \/>\n<meta property=\"og:description\" content=\"Con el objetivo de destacar la belleza y el talento de las j\u00f3venes de Loreto, as\u00ed como impulsar su desarrollo,\" \/>\n<meta property=\"og:url\" content=\"https:\/\/nbcs.mx\/?p=151288\" \/>\n<meta property=\"og:site_name\" content=\"NBCS Noticias\" \/>\n<meta property=\"article:publisher\" content=\"https:\/\/www.facebook.com\/NBCSnoticias\" \/>\n<meta property=\"article:author\" content=\"https:\/\/www.facebook.com\/NBCSnoticias\" \/>\n<meta property=\"article:published_time\" content=\"2025-06-10T15:08:59+00:00\" \/>\n<meta property=\"og:image\" content=\"https:\/\/nbcs.mx\/wp-content\/uploads\/2025\/06\/503033211_18190626838311122_5472534382442308838_n.jpeg\" \/>\n\t<meta property=\"og:image:width\" content=\"1439\" \/>\n\t<meta property=\"og:image:height\" content=\"960\" \/>\n\t<meta property=\"og:image:type\" content=\"image\/jpeg\" \/>\n<meta name=\"author\" content=\"NBCS Noticias\" \/>\n<meta name=\"twitter:card\" content=\"summary_large_image\" \/>\n<meta name=\"twitter:creator\" content=\"@https:\/\/twitter.com\/NBCSnoticias\" \/>\n<meta name=\"twitter:site\" content=\"@NBCSnoticias\" \/>\n<meta name=\"twitter:label1\" content=\"Escrito por\" \/>\n\t<meta name=\"twitter:data1\" content=\"NBCS Noticias\" \/>\n\t<meta name=\"twitter:label2\" content=\"Tiempo de lectura\" \/>\n\t<meta name=\"twitter:data2\" content=\"2 minutos\" \/>\n<script type=\"application\/ld+json\" class=\"yoast-schema-graph\">{\"@context\":\"https:\\\/\\\/schema.org\",\"@graph\":[{\"@type\":\"Article\",\"@id\":\"https:\\\/\\\/nbcs.mx\\\/?p=151288#article\",\"isPartOf\":{\"@id\":\"https:\\\/\\\/nbcs.mx\\\/?p=151288\"},\"author\":{\"name\":\"NBCS Noticias\",\"@id\":\"https:\\\/\\\/nbcs.mx\\\/#\\\/schema\\\/person\\\/ece58bab9a7c1e87a4d28ec9ecd79ff4\"},\"headline\":\"Lanzan convocatoria para certamen \u201cNuestra Belleza Loretana\u201d\",\"datePublished\":\"2025-06-10T15:08:59+00:00\",\"mainEntityOfPage\":{\"@id\":\"https:\\\/\\\/nbcs.mx\\\/?p=151288\"},\"wordCount\":370,\"commentCount\":0,\"publisher\":{\"@id\":\"https:\\\/\\\/nbcs.mx\\\/#organization\"},\"image\":{\"@id\":\"https:\\\/\\\/nbcs.mx\\\/?p=151288#primaryimage\"},\"thumbnailUrl\":\"https:\\\/\\\/nbcs.mx\\\/wp-content\\\/uploads\\\/2025\\\/06\\\/503033211_18190626838311122_5472534382442308838_n.jpeg\",\"articleSection\":[\"Municipios\"],\"inLanguage\":\"es\",\"potentialAction\":[{\"@type\":\"CommentAction\",\"name\":\"Comment\",\"target\":[\"https:\\\/\\\/nbcs.mx\\\/?p=151288#respond\"]}]},{\"@type\":\"WebPage\",\"@id\":\"https:\\\/\\\/nbcs.mx\\\/?p=151288\",\"url\":\"https:\\\/\\\/nbcs.mx\\\/?p=151288\",\"name\":\"Lanzan convocatoria para certamen \u201cNuestra Belleza Loretana\u201d - NBCS Noticias\",\"isPartOf\":{\"@id\":\"https:\\\/\\\/nbcs.mx\\\/#website\"},\"primaryImageOfPage\":{\"@id\":\"https:\\\/\\\/nbcs.mx\\\/?p=151288#primaryimage\"},\"image\":{\"@id\":\"https:\\\/\\\/nbcs.mx\\\/?p=151288#primaryimage\"},\"thumbnailUrl\":\"https:\\\/\\\/nbcs.mx\\\/wp-content\\\/uploads\\\/2025\\\/06\\\/503033211_18190626838311122_5472534382442308838_n.jpeg\",\"datePublished\":\"2025-06-10T15:08:59+00:00\",\"breadcrumb\":{\"@id\":\"https:\\\/\\\/nbcs.mx\\\/?p=151288#breadcrumb\"},\"inLanguage\":\"es\",\"potentialAction\":[{\"@type\":\"ReadAction\",\"target\":[\"https:\\\/\\\/nbcs.mx\\\/?p=151288\"]}]},{\"@type\":\"ImageObject\",\"inLanguage\":\"es\",\"@id\":\"https:\\\/\\\/nbcs.mx\\\/?p=151288#primaryimage\",\"url\":\"https:\\\/\\\/nbcs.mx\\\/wp-content\\\/uploads\\\/2025\\\/06\\\/503033211_18190626838311122_5472534382442308838_n.jpeg\",\"contentUrl\":\"https:\\\/\\\/nbcs.mx\\\/wp-content\\\/uploads\\\/2025\\\/06\\\/503033211_18190626838311122_5472534382442308838_n.jpeg\",\"width\":1439,\"height\":960},{\"@type\":\"BreadcrumbList\",\"@id\":\"https:\\\/\\\/nbcs.mx\\\/?p=151288#breadcrumb\",\"itemListElement\":[{\"@type\":\"ListItem\",\"position\":1,\"name\":\"Portada\",\"item\":\"https:\\\/\\\/nbcs.mx\\\/\"},{\"@type\":\"ListItem\",\"position\":2,\"name\":\"Lanzan convocatoria para certamen \u201cNuestra Belleza Loretana\u201d\"}]},{\"@type\":\"WebSite\",\"@id\":\"https:\\\/\\\/nbcs.mx\\\/#website\",\"url\":\"https:\\\/\\\/nbcs.mx\\\/\",\"name\":\"NBCS Noticias\",\"description\":\"Sitio web de noticias en Baja California Sur\",\"publisher\":{\"@id\":\"https:\\\/\\\/nbcs.mx\\\/#organization\"},\"potentialAction\":[{\"@type\":\"SearchAction\",\"target\":{\"@type\":\"EntryPoint\",\"urlTemplate\":\"https:\\\/\\\/nbcs.mx\\\/?s={search_term_string}\"},\"query-input\":{\"@type\":\"PropertyValueSpecification\",\"valueRequired\":true,\"valueName\":\"search_term_string\"}}],\"inLanguage\":\"es\"},{\"@type\":\"Organization\",\"@id\":\"https:\\\/\\\/nbcs.mx\\\/#organization\",\"name\":\"NBCS Noticias\",\"url\":\"https:\\\/\\\/nbcs.mx\\\/\",\"logo\":{\"@type\":\"ImageObject\",\"inLanguage\":\"es\",\"@id\":\"https:\\\/\\\/nbcs.mx\\\/#\\\/schema\\\/logo\\\/image\\\/\",\"url\":\"https:\\\/\\\/nbcs.mx\\\/wp-content\\\/uploads\\\/2018\\\/09\\\/057b69485e93575a5c2b1c1dde2dd297.jpeg\",\"contentUrl\":\"https:\\\/\\\/nbcs.mx\\\/wp-content\\\/uploads\\\/2018\\\/09\\\/057b69485e93575a5c2b1c1dde2dd297.jpeg\",\"width\":64,\"height\":64,\"caption\":\"NBCS Noticias\"},\"image\":{\"@id\":\"https:\\\/\\\/nbcs.mx\\\/#\\\/schema\\\/logo\\\/image\\\/\"},\"sameAs\":[\"https:\\\/\\\/www.facebook.com\\\/NBCSnoticias\",\"https:\\\/\\\/x.com\\\/NBCSnoticias\"]},{\"@type\":\"Person\",\"@id\":\"https:\\\/\\\/nbcs.mx\\\/#\\\/schema\\\/person\\\/ece58bab9a7c1e87a4d28ec9ecd79ff4\",\"name\":\"NBCS Noticias\",\"image\":{\"@type\":\"ImageObject\",\"inLanguage\":\"es\",\"@id\":\"https:\\\/\\\/secure.gravatar.com\\\/avatar\\\/4e52110cad1c4054b43271a0d14bbe9e2ea76aecd0e1097edfc670798d9ca1d4?s=96&d=blank&r=g\",\"url\":\"https:\\\/\\\/secure.gravatar.com\\\/avatar\\\/4e52110cad1c4054b43271a0d14bbe9e2ea76aecd0e1097edfc670798d9ca1d4?s=96&d=blank&r=g\",\"contentUrl\":\"https:\\\/\\\/secure.gravatar.com\\\/avatar\\\/4e52110cad1c4054b43271a0d14bbe9e2ea76aecd0e1097edfc670798d9ca1d4?s=96&d=blank&r=g\",\"caption\":\"NBCS Noticias\"},\"description\":\"\u00bfTienes fotos o video de alg\u00fan acto de posible negligencia, corrupci\u00f3n y abuso de autoridad? M\u00e1ndalo al WhatsApp de NBCS Noticias: 612 141 98 08\",\"sameAs\":[\"https:\\\/\\\/www.nbcs.mx\",\"https:\\\/\\\/www.facebook.com\\\/NBCSnoticias\",\"https:\\\/\\\/www.instagram.com\\\/nbcsnoticias\\\/\",\"https:\\\/\\\/x.com\\\/https:\\\/\\\/twitter.com\\\/NBCSnoticias\"]}]}<\/script>\n<!-- \/ Yoast SEO plugin. -->","yoast_head_json":{"title":"Lanzan convocatoria para certamen \u201cNuestra Belleza Loretana\u201d - NBCS Noticias","robots":{"index":"index","follow":"follow","max-snippet":"max-snippet:-1","max-image-preview":"max-image-preview:large","max-video-preview":"max-video-preview:-1"},"canonical":"https:\/\/nbcs.mx\/?p=151288","og_locale":"es_ES","og_type":"article","og_title":"Lanzan convocatoria para certamen \u201cNuestra Belleza Loretana\u201d - NBCS Noticias","og_description":"Con el objetivo de destacar la belleza y el talento de las j\u00f3venes de Loreto, as\u00ed como impulsar su desarrollo,","og_url":"https:\/\/nbcs.mx\/?p=151288","og_site_name":"NBCS Noticias","article_publisher":"https:\/\/www.facebook.com\/NBCSnoticias","article_author":"https:\/\/www.facebook.com\/NBCSnoticias","article_published_time":"2025-06-10T15:08:59+00:00","og_image":[{"width":1439,"height":960,"url":"https:\/\/nbcs.mx\/wp-content\/uploads\/2025\/06\/503033211_18190626838311122_5472534382442308838_n.jpeg","type":"image\/jpeg"}],"author":"NBCS Noticias","twitter_card":"summary_large_image","twitter_creator":"@https:\/\/twitter.com\/NBCSnoticias","twitter_site":"@NBCSnoticias","twitter_misc":{"Escrito por":"NBCS Noticias","Tiempo de lectura":"2 minutos"},"schema":{"@context":"https:\/\/schema.org","@graph":[{"@type":"Article","@id":"https:\/\/nbcs.mx\/?p=151288#article","isPartOf":{"@id":"https:\/\/nbcs.mx\/?p=151288"},"author":{"name":"NBCS Noticias","@id":"https:\/\/nbcs.mx\/#\/schema\/person\/ece58bab9a7c1e87a4d28ec9ecd79ff4"},"headline":"Lanzan convocatoria para certamen \u201cNuestra Belleza Loretana\u201d","datePublished":"2025-06-10T15:08:59+00:00","mainEntityOfPage":{"@id":"https:\/\/nbcs.mx\/?p=151288"},"wordCount":370,"commentCount":0,"publisher":{"@id":"https:\/\/nbcs.mx\/#organization"},"image":{"@id":"https:\/\/nbcs.mx\/?p=151288#primaryimage"},"thumbnailUrl":"https:\/\/nbcs.mx\/wp-content\/uploads\/2025\/06\/503033211_18190626838311122_5472534382442308838_n.jpeg","articleSection":["Municipios"],"inLanguage":"es","potentialAction":[{"@type":"CommentAction","name":"Comment","target":["https:\/\/nbcs.mx\/?p=151288#respond"]}]},{"@type":"WebPage","@id":"https:\/\/nbcs.mx\/?p=151288","url":"https:\/\/nbcs.mx\/?p=151288","name":"Lanzan convocatoria para certamen \u201cNuestra Belleza Loretana\u201d - NBCS Noticias","isPartOf":{"@id":"https:\/\/nbcs.mx\/#website"},"primaryImageOfPage":{"@id":"https:\/\/nbcs.mx\/?p=151288#primaryimage"},"image":{"@id":"https:\/\/nbcs.mx\/?p=151288#primaryimage"},"thumbnailUrl":"https:\/\/nbcs.mx\/wp-content\/uploads\/2025\/06\/503033211_18190626838311122_5472534382442308838_n.jpeg","datePublished":"2025-06-10T15:08:59+00:00","breadcrumb":{"@id":"https:\/\/nbcs.mx\/?p=151288#breadcrumb"},"inLanguage":"es","potentialAction":[{"@type":"ReadAction","target":["https:\/\/nbcs.mx\/?p=151288"]}]},{"@type":"ImageObject","inLanguage":"es","@id":"https:\/\/nbcs.mx\/?p=151288#primaryimage","url":"https:\/\/nbcs.mx\/wp-content\/uploads\/2025\/06\/503033211_18190626838311122_5472534382442308838_n.jpeg","contentUrl":"https:\/\/nbcs.mx\/wp-content\/uploads\/2025\/06\/503033211_18190626838311122_5472534382442308838_n.jpeg","width":1439,"height":960},{"@type":"BreadcrumbList","@id":"https:\/\/nbcs.mx\/?p=151288#breadcrumb","itemListElement":[{"@type":"ListItem","position":1,"name":"Portada","item":"https:\/\/nbcs.mx\/"},{"@type":"ListItem","position":2,"name":"Lanzan convocatoria para certamen \u201cNuestra Belleza Loretana\u201d"}]},{"@type":"WebSite","@id":"https:\/\/nbcs.mx\/#website","url":"https:\/\/nbcs.mx\/","name":"NBCS Noticias","description":"Sitio web de noticias en Baja California Sur","publisher":{"@id":"https:\/\/nbcs.mx\/#organization"},"potentialAction":[{"@type":"SearchAction","target":{"@type":"EntryPoint","urlTemplate":"https:\/\/nbcs.mx\/?s={search_term_string}"},"query-input":{"@type":"PropertyValueSpecification","valueRequired":true,"valueName":"search_term_string"}}],"inLanguage":"es"},{"@type":"Organization","@id":"https:\/\/nbcs.mx\/#organization","name":"NBCS Noticias","url":"https:\/\/nbcs.mx\/","logo":{"@type":"ImageObject","inLanguage":"es","@id":"https:\/\/nbcs.mx\/#\/schema\/logo\/image\/","url":"https:\/\/nbcs.mx\/wp-content\/uploads\/2018\/09\/057b69485e93575a5c2b1c1dde2dd297.jpeg","contentUrl":"https:\/\/nbcs.mx\/wp-content\/uploads\/2018\/09\/057b69485e93575a5c2b1c1dde2dd297.jpeg","width":64,"height":64,"caption":"NBCS Noticias"},"image":{"@id":"https:\/\/nbcs.mx\/#\/schema\/logo\/image\/"},"sameAs":["https:\/\/www.facebook.com\/NBCSnoticias","https:\/\/x.com\/NBCSnoticias"]},{"@type":"Person","@id":"https:\/\/nbcs.mx\/#\/schema\/person\/ece58bab9a7c1e87a4d28ec9ecd79ff4","name":"NBCS Noticias","image":{"@type":"ImageObject","inLanguage":"es","@id":"https:\/\/secure.gravatar.com\/avatar\/4e52110cad1c4054b43271a0d14bbe9e2ea76aecd0e1097edfc670798d9ca1d4?s=96&d=blank&r=g","url":"https:\/\/secure.gravatar.com\/avatar\/4e52110cad1c4054b43271a0d14bbe9e2ea76aecd0e1097edfc670798d9ca1d4?s=96&d=blank&r=g","contentUrl":"https:\/\/secure.gravatar.com\/avatar\/4e52110cad1c4054b43271a0d14bbe9e2ea76aecd0e1097edfc670798d9ca1d4?s=96&d=blank&r=g","caption":"NBCS Noticias"},"description":"\u00bfTienes fotos o video de alg\u00fan acto de posible negligencia, corrupci\u00f3n y abuso de autoridad? M\u00e1ndalo al WhatsApp de NBCS Noticias: 612 141 98 08","sameAs":["https:\/\/www.nbcs.mx","https:\/\/www.facebook.com\/NBCSnoticias","https:\/\/www.instagram.com\/nbcsnoticias\/","https:\/\/x.com\/https:\/\/twitter.com\/NBCSnoticias"]}]}},"jetpack_publicize_connections":[],"jetpack_featured_media_url":"https:\/\/nbcs.mx\/wp-content\/uploads\/2025\/06\/503033211_18190626838311122_5472534382442308838_n.jpeg","jetpack_sharing_enabled":true,"_links":{"self":[{"href":"https:\/\/nbcs.mx\/index.php?rest_route=\/wp\/v2\/posts\/151288","targetHints":{"allow":["GET"]}}],"collection":[{"href":"https:\/\/nbcs.mx\/index.php?rest_route=\/wp\/v2\/posts"}],"about":[{"href":"https:\/\/nbcs.mx\/index.php?rest_route=\/wp\/v2\/types\/post"}],"author":[{"embeddable":true,"href":"https:\/\/nbcs.mx\/index.php?rest_route=\/wp\/v2\/users\/1"}],"replies":[{"embeddable":true,"href":"https:\/\/nbcs.mx\/index.php?rest_route=%2Fwp%2Fv2%2Fcomments&post=151288"}],"version-history":[{"count":1,"href":"https:\/\/nbcs.mx\/index.php?rest_route=\/wp\/v2\/posts\/151288\/revisions"}],"predecessor-version":[{"id":151290,"href":"https:\/\/nbcs.mx\/index.php?rest_route=\/wp\/v2\/posts\/151288\/revisions\/151290"}],"wp:featuredmedia":[{"embeddable":true,"href":"https:\/\/nbcs.mx\/index.php?rest_route=\/wp\/v2\/media\/151289"}],"wp:attachment":[{"href":"https:\/\/nbcs.mx\/index.php?rest_route=%2Fwp%2Fv2%2Fmedia&parent=151288"}],"wp:term":[{"taxonomy":"category","embeddable":true,"href":"https:\/\/nbcs.mx\/index.php?rest_route=%2Fwp%2Fv2%2Fcategories&post=151288"},{"taxonomy":"post_tag","embeddable":true,"href":"https:\/\/nbcs.mx\/index.php?rest_route=%2Fwp%2Fv2%2Ftags&post=151288"}],"curies":[{"name":"wp","href":"https:\/\/api.w.org\/{rel}","templated":true}]}}