{"id":151745,"date":"2025-06-20T08:48:40","date_gmt":"2025-06-20T14:48:40","guid":{"rendered":"https:\/\/nbcs.mx\/?p=151745"},"modified":"2025-06-20T08:48:40","modified_gmt":"2025-06-20T14:48:40","slug":"micropolis-estrategas-publicitarios","status":"publish","type":"post","link":"https:\/\/nbcs.mx\/?p=151745","title":{"rendered":"MICR\u00d3POLIS \/ ESTRATEGAS PUBLICITARIOS"},"content":{"rendered":"<p style=\"font-weight: 400; text-align: justify;\"><strong><img loading=\"lazy\" decoding=\"async\" class=\" wp-image-151746 alignleft\" src=\"https:\/\/nbcs.mx\/wp-content\/uploads\/2025\/06\/01-micropolis-755x393.jpg\" alt=\"\" width=\"402\" height=\"209\" srcset=\"https:\/\/nbcs.mx\/wp-content\/uploads\/2025\/06\/01-micropolis-755x393.jpg 755w, https:\/\/nbcs.mx\/wp-content\/uploads\/2025\/06\/01-micropolis-1024x533.jpg 1024w, https:\/\/nbcs.mx\/wp-content\/uploads\/2025\/06\/01-micropolis-150x78.jpg 150w, https:\/\/nbcs.mx\/wp-content\/uploads\/2025\/06\/01-micropolis-768x400.jpg 768w, https:\/\/nbcs.mx\/wp-content\/uploads\/2025\/06\/01-micropolis-1536x800.jpg 1536w, https:\/\/nbcs.mx\/wp-content\/uploads\/2025\/06\/01-micropolis-2048x1067.jpg 2048w\" sizes=\"auto, (max-width: 402px) 100vw, 402px\" \/>Por Bertoldo Velasco Silva<\/strong><\/p>\n<p style=\"font-weight: 400; text-align: justify;\">\n<p style=\"font-weight: 400; text-align: justify;\">Los estrategas publicitarios de ciertos pol\u00edticos y pol\u00edticas, est\u00e1n en la imaginaria, donde todo lo que inventan puede ser positivo o negativo, seg\u00fan sus intereses y para quienes trabajan. Unos, en su desmesurada dimensi\u00f3n, culpan a otros del fracaso de sus proyectos, y le endilgan a los medios de comunicaci\u00f3n el fracaso en sus trabajos.<\/p>\n<p style=\"font-weight: 400; text-align: justify;\">No se han puesto a pensar, bueno, si es que lo hacen, que no todo es como lo miran o lo sienten, cuando la realidad es la que est\u00e1 a la vista, se escucha, se nota y se percibe. Es decir, lo que a trav\u00e9s de redes sociales y bajo pseud\u00f3nimos, publican situaciones que carecen de valor \u00e9tico para sostener sus dichos, son \u201cferoces defensores\u201d de sus jefes imponiendo adjetivos calificativos al que no est\u00e1 de acuerdo con el que los contrat\u00f3 para contrarrestar la mala imagen que les endilgan.<\/p>\n<p style=\"font-weight: 400; text-align: justify;\">Y en esos ataques viscerales, por cierto, se atreven a publicar hasta fotograf\u00edas de los \u201cagresores\u201d, para ponerlos \u201cen evidencia\u201d.<\/p>\n<p style=\"font-weight: 400; text-align: justify;\">No se\u00f1ores, no inventen. \u00bfSe han puesto a pensar que el que los contrat\u00f3 goza de mala imagen? \u00bfQue mantiene una sobrada soberbia? \u00bfQue no acepta asesor\u00edas ni consejos de expertos? \u00bfY que adem\u00e1s ha sido una de las figuras pol\u00edticas mal calificadas por sus gobernados?.<\/p>\n<p style=\"font-weight: 400; text-align: justify;\">Vaya trabajo para esos \u201cestrategas de la comunicaci\u00f3n\u201d que tienen una papa caliente, un producto dif\u00edcil de vender, dif\u00edcil de colocar y promocionar ante los ojos de los ciudadanos. Es tanto su fracaso, que le echan la culpa a los medios de comunicaci\u00f3n que no tienen relaci\u00f3n alguna con sus jefes y por m\u00e1s que le han tratado de ayudar personajes de m\u00e1s alto nivel pol\u00edtico, han deso\u00eddo esas asistencias porque se sienten sobrados.<\/p>\n<p style=\"font-weight: 400; text-align: justify;\">Son tan sensibles que una buena cr\u00edtica no la toleran. Un se\u00f1alamiento es para ellos, el peor mensaje que se les pueda enviar al grado tal, que se sienten como si fuesen agredidos f\u00edsicamente. Son intolerantes ante cualquier se\u00f1alamiento.<\/p>\n<p style=\"font-weight: 400; text-align: justify;\">No fuera una lisonja por muy corriente que esta sea, que los hace sentir divinos, en las nubes, pero ni las gracias le dan al que \u201centint\u00f3 la cuartilla\u201d, porque es suficiente unas migajas que le dan mientras que ellos se quedan con los millones.<\/p>\n<p style=\"font-weight: 400; text-align: justify;\">Les recomiendo no ver moros con tranchete, y p\u00f3nganse a trabajar, hagan su labor, y traten de mejorar la imagen de sus patrones, porque se supone que son \u201cespecialistas del marketing\u201d y como \u201cbuenos estrategas publicitarios\u201d, no le echen la culpa a terceros de su fracaso en esta incipiente lucha pol\u00edtica a la cual le falta un a\u00f1o para entrar de lleno al proceso electoral.<\/p>\n<p style=\"font-weight: 400; text-align: justify;\">Ya estuvo bueno de que su mal trabajo no se vea reflejado en una mejor imagen de quien verdaderamente les paga, y no entiendo por qu\u00e9 sus patrones no transparentan esos gastos que salen del erario, lo que podr\u00eda ser considerado un vil acto de corrupci\u00f3n, destinando recursos para manejar una campa\u00f1a pol\u00edtica ilegal, porque esta no ha empezado.<\/p>\n<p style=\"font-weight: 400; text-align: justify;\">Y no deben culpar a terceros, porque su salario no es raqu\u00edtico, es bastante oneroso, luego entonces, justif\u00edquenlo.<\/p>\n<p style=\"font-weight: 400; text-align: justify;\">\u00bfSugerencias? No creo. Solicitudes o peticiones, para una campa\u00f1a negra en contra de alguno de los personajes que se manejan en la palestra pol\u00edtica, solo est\u00e1 en la mente de quienes se sienten abajo en las preferencias ciudadanas.<\/p>\n<p style=\"font-weight: 400; text-align: justify;\">De donde ha surgido esa campa\u00f1a negra, es precisamente de quien cuenta con \u201cestrategas de la comunicaci\u00f3n\u201d, porque siguen esa tendencia equivocada de que \u201csi le pegas al que va arriba en las preferencias ciudadanas, t\u00fa subes\u201d, y eso, es totalmente un concepto equivocado, in\u00fatil y arcaico.<\/p>\n<p style=\"font-weight: 400; text-align: justify;\">Deber\u00edan enfocar sus bater\u00edas en modelar a las personas, que tenga cuando menos en la apariencia un poco de humildad, que sepa responder a la gente con acciones y no con palabras, porque hasta el momento, solo han sido acciones de saliva.<\/p>\n<p style=\"font-weight: 400; text-align: justify;\">Med\u00edtenlo. El error esta al interior, no al exterior.<\/p>\n<p style=\"font-weight: 400; text-align: justify;\"><strong>MICROTEMAS<\/strong>. El Gobernador del Estado <strong>V\u00cdCTOR CASTRO COS\u00cdO<\/strong>, acompa\u00f1ado por la titular de la Secretar\u00eda de Planeaci\u00f3n Urbana, Infraestructura, Movilidad, Medio Ambiente y Recursos Naturales, Carolina Armenta Cervantes, y por el director general del Instituto Sudcaliforniano del Deporte, No\u00e9 Fiol Verduzco, encabez\u00f3 la inauguraci\u00f3n del campo de f\u00fatbol empastado y la cancha de basquetbol en la colonia 20 de Noviembre de La Paz, en la que se invirtieron 8.63 millones de pesos. Estas obras favorecer\u00e1n a la comunidad infantil y juvenil de la capital del estado, al tiempo que se promueven con ello, entornos seguros y saludables. Castro Cos\u00edo dijo que el campo de futbol, llevar\u00e1 por nombre \u201cMart\u00edn Mendoza Beltr\u00e1n\u201d. \u201cEste es un lugar para la gente, un \u00e1rea de uso p\u00fablico que debe permanecer abierta y viva para las familias sudcalifornianas. Aqu\u00ed nuestros ni\u00f1os y j\u00f3venes encontrar\u00e1n no solo recreaci\u00f3n, sino disciplina y bienestar\u201d, declar\u00f3 el Ejecutivo Estatal.<\/p>\n<p style=\"font-weight: 400; text-align: justify;\">Con la firma del convenio de colaboraci\u00f3n entre el dirigente de la CROC, <strong>ISA\u00cdAS GONZ\u00c1LEZ CUEVAS<\/strong> y el presidente municipal de Los Cabos, <strong>CHRISTIAN AG\u00daNDEZ G\u00d3MEZ<\/strong>, se va a generar el bienestar para todas las personas que viven en este municipio, ya que ambas instancias trabajar\u00e1n juntos por el bienestar de la ciudadan\u00eda, a trav\u00e9s de iniciativas enfocadas en el desarrollo social, la capacitaci\u00f3n, la creaci\u00f3n de empleo digno, campa\u00f1as de limpieza y reforestaci\u00f3n; la idea, se\u00f1alaron, es construir un futuro m\u00e1s pr\u00f3spero y justo para quienes habitan Los Cabos. Ag\u00fandez G\u00f3mez sostuvo que se necesita otro nivel en el municipio en donde ni siquiera se compita con otros destinos del pa\u00eds y que a la vez se tengan las colonias que necesitamos, ser todos responsables, incluidas las autoridades, de poder brindarles la oportunidad de tener un patrimonio y que al final, el mejor futuro para Los Cabos llegue, y que este sea de primera calidad como el que todos quieren.<\/p>\n<p style=\"font-weight: 400; text-align: justify;\">Por tener el mejor nivel de salarios, por las jornadas laborales de 48 horas semanales, por su mayor poblaci\u00f3n con educci\u00f3n superior y por su fuerte \u00e9nfasis en la capacitaci\u00f3n laboral, <strong>BAJA CALIFORNIA SUR<\/strong>, es considerada por el \u00cdndice de Competitividad Estatal (IMCO) como el mejor estado de la Rep\u00fablica Mexicana para trabajar. BCS se encuentra posicionada dentro del ranking de competitividad como n\u00famero uno del pa\u00eds, y de igual manera, en este sentido, el gobernador <strong>V\u00cdCTOR CASGRO COS\u00cdO<\/strong>, result\u00f3 el mejor evaluado del pa\u00eds y lo ubic\u00f3 en la posici\u00f3n a la cabeza de las 32 entidades del pa\u00eds. El IMCO destac\u00f3 que en cuanto al capital humano de BCS, se considera el principal factor de esta evaluaci\u00f3n positiva, por ser la eficiencia, el principal factor de producci\u00f3n. Estas, se buenas noticias, porque nuestra entidad percibe los mejores salarios del pa\u00eds y est\u00e1 evaluada con los m\u00e1s altos niveles educativos al contar con una gran cantidad de instituciones de educaci\u00f3n superior como de investigaci\u00f3n cient\u00edfica.<\/p>\n<p style=\"font-weight: 400; text-align: justify;\">El presidente municipal de Los Cabos, <strong>CHRISTIAN AG\u00daNDEZ G\u00d3MEZ<\/strong>, como parte de su estrategia de prevenci\u00f3n, protecci\u00f3n y seguridad de sus gobernados ante los embates de la naturaleza como son los huracanes, de manera personal junto con elementos de Protecci\u00f3n Civil como de Oficial\u00eda Mayor del Ayuntamiento, no solo verificaron las instalaciones, sino que avituallaron las bodegas donde se concentra el material de apoyo a los albergues temporales. El propio alcalde Ag\u00fandez G\u00f3mez y el oficial Mayor, Carlos Beltr\u00e1n Olmeda, procedieron a bajar los suministros de las unidades m\u00f3viles como una manera para constatar y asegurar se encuentren resguardados para utilizarlos en las futuras emergencias ante la temporada de huracanes. \u201cLa prevenci\u00f3n suma al bienestar de nuestras familias en Los Cabos. Realizamos el abasto de suministros y material necesario para las zonas de albergue, apost\u00e1ndole a la prevenci\u00f3n como medida de seguridad durante esta temporada de huracanes\u201d, expres\u00f3 el alcalde.<\/p>\n<p style=\"font-weight: 400; text-align: justify;\">Ayer por la tarde, en Cd. Constituci\u00f3n, el Gobernador del Estado <strong>V\u00cdCTOR CASTRO COS\u00cdO,<\/strong> acompa\u00f1ado del Subsecretario federal de Agricultura y Desarrollo Rural (SADER) Leonel Cota Monta\u00f1o, el alcalde de Comond\u00fa, Roberto Pantoja Castro y productores del Valle de Santo Domingo, dieron inicio a los programas del bienestar, con el cual se emprendieron acciones en apoyo a la ganader\u00eda en temporada de sequ\u00eda con la entrega de fertilizantes y el programa de abasto social de leche. Castro Cos\u00edo destac\u00f3 el respaldo del Gobierno de M\u00e9xico, por favorecer de manera directa a 160 mil productores sudcalifornianos a trav\u00e9s de los programas sociales. Y en el plan de Leche para el Bienestar, se beneficiar\u00e1 en la regi\u00f3n a 42 mil personas, un proyecto que distribuye la leche a 7.50 pesos el litro. Adem\u00e1s del programa nacional de producci\u00f3n para el bienestar que inici\u00f3 con mil productores quienes recibir\u00e1n de 7 a 12 mil pesos para trabajar 20 hect\u00e1reas de temporal y cinco hect\u00e1reas de riego, iniciando en la zona sur de Comond\u00fa y norte de La Paz.<\/p>\n<p style=\"font-weight: 400; text-align: justify;\">Este s\u00e1bado 21 de junio la empresa encuestadora de <strong>\u00c1NGEL C\u00c9SAR MANZANO<\/strong>, inicia el levantamiento de un estudio demosc\u00f3pico en los cinco municipios del estado, en donde realizar\u00e1 en cada uno, 680 entrevistas presenciales, es decir, cara a cara. Del resultado que obtengan los entrevistadores en este estudio, conoceremos cu\u00e1les son los liderazgos pol\u00edticos m\u00e1s sobresalientes a 24 meses de las elecciones del 2027. Adem\u00e1s, sabremos, en su momento, c\u00f3mo van en las preferencias ciudadanas las principales figuras pol\u00edticas para las candidaturas a la gubernatura por Morena-PT-Verde, as\u00ed como del PAN; de igual forma para las candidaturas a las alcald\u00edas de La Paz como de Los Cabos. Resultar\u00e1 interesante conocer el resultado de este ejercicio demosc\u00f3pico que realizar\u00e1 la empresa del Maestro \u00c1ngel C\u00e9sar Manzano, sobre todo, porque es cara a cara, es decir, es presencial.<\/p>\n<p style=\"font-weight: 400; text-align: justify;\"><strong><em>Buen d\u00eda Amigas y Amigos, espero nos puedan favorecer envi\u00e1ndonos sus cr\u00edticas, comentarios o sugerencias al correo electr\u00f3nico: bertoldovs@gmail.com.<\/em><\/strong><\/p>\n<p style=\"font-weight: 400; text-align: justify;\">\n<p style=\"font-weight: 400; text-align: justify;\">\n<p style=\"font-weight: 400; text-align: justify;\"><strong>\u00a0<\/strong><\/p>\n<p style=\"font-weight: 400; text-align: justify;\">\n","protected":false},"excerpt":{"rendered":"<p>Por Bertoldo Velasco Silva Los estrategas publicitarios de ciertos pol\u00edticos y pol\u00edticas, est\u00e1n en la imaginaria, donde todo lo que<\/p>\n","protected":false},"author":1,"featured_media":151746,"comment_status":"open","ping_status":"closed","sticky":false,"template":"","format":"standard","meta":{"colormag_page_container_layout":"default_layout","colormag_page_sidebar_layout":"default_layout","_jetpack_memberships_contains_paid_content":false,"footnotes":"","jetpack_publicize_message":"","jetpack_publicize_feature_enabled":true,"jetpack_social_post_already_shared":true,"jetpack_social_options":{"image_generator_settings":{"template":"highway","default_image_id":0,"font":"","enabled":false},"version":2}},"categories":[41],"tags":[],"class_list":["post-151745","post","type-post","status-publish","format-standard","has-post-thumbnail","hentry","category-las-columnas"],"yoast_head":"<!-- This site is optimized with the Yoast SEO plugin v27.4 - https:\/\/yoast.com\/product\/yoast-seo-wordpress\/ -->\n<title>MICR\u00d3POLIS \/ ESTRATEGAS PUBLICITARIOS - NBCS Noticias<\/title>\n<meta name=\"robots\" content=\"index, follow, max-snippet:-1, max-image-preview:large, max-video-preview:-1\" \/>\n<link rel=\"canonical\" href=\"https:\/\/nbcs.mx\/?p=151745\" \/>\n<meta property=\"og:locale\" content=\"es_ES\" \/>\n<meta property=\"og:type\" content=\"article\" \/>\n<meta property=\"og:title\" content=\"MICR\u00d3POLIS \/ ESTRATEGAS PUBLICITARIOS - NBCS Noticias\" \/>\n<meta property=\"og:description\" content=\"Por Bertoldo Velasco Silva Los estrategas publicitarios de ciertos pol\u00edticos y pol\u00edticas, est\u00e1n en la imaginaria, donde todo lo que\" \/>\n<meta property=\"og:url\" content=\"https:\/\/nbcs.mx\/?p=151745\" \/>\n<meta property=\"og:site_name\" content=\"NBCS Noticias\" \/>\n<meta property=\"article:publisher\" content=\"https:\/\/www.facebook.com\/NBCSnoticias\" \/>\n<meta property=\"article:author\" content=\"https:\/\/www.facebook.com\/NBCSnoticias\" \/>\n<meta property=\"article:published_time\" content=\"2025-06-20T14:48:40+00:00\" \/>\n<meta property=\"og:image\" content=\"https:\/\/nbcs.mx\/wp-content\/uploads\/2025\/06\/01-micropolis.jpg\" \/>\n\t<meta property=\"og:image:width\" content=\"2526\" \/>\n\t<meta property=\"og:image:height\" content=\"1316\" \/>\n\t<meta property=\"og:image:type\" content=\"image\/jpeg\" \/>\n<meta name=\"author\" content=\"NBCS Noticias\" \/>\n<meta name=\"twitter:card\" content=\"summary_large_image\" \/>\n<meta name=\"twitter:creator\" content=\"@https:\/\/twitter.com\/NBCSnoticias\" \/>\n<meta name=\"twitter:site\" content=\"@NBCSnoticias\" \/>\n<meta name=\"twitter:label1\" content=\"Escrito por\" \/>\n\t<meta name=\"twitter:data1\" content=\"NBCS Noticias\" \/>\n\t<meta name=\"twitter:label2\" content=\"Tiempo de lectura\" \/>\n\t<meta name=\"twitter:data2\" content=\"8 minutos\" \/>\n<script type=\"application\/ld+json\" class=\"yoast-schema-graph\">{\"@context\":\"https:\\\/\\\/schema.org\",\"@graph\":[{\"@type\":\"Article\",\"@id\":\"https:\\\/\\\/nbcs.mx\\\/?p=151745#article\",\"isPartOf\":{\"@id\":\"https:\\\/\\\/nbcs.mx\\\/?p=151745\"},\"author\":{\"name\":\"NBCS Noticias\",\"@id\":\"https:\\\/\\\/nbcs.mx\\\/#\\\/schema\\\/person\\\/ece58bab9a7c1e87a4d28ec9ecd79ff4\"},\"headline\":\"MICR\u00d3POLIS \\\/ ESTRATEGAS PUBLICITARIOS\",\"datePublished\":\"2025-06-20T14:48:40+00:00\",\"mainEntityOfPage\":{\"@id\":\"https:\\\/\\\/nbcs.mx\\\/?p=151745\"},\"wordCount\":1740,\"commentCount\":0,\"publisher\":{\"@id\":\"https:\\\/\\\/nbcs.mx\\\/#organization\"},\"image\":{\"@id\":\"https:\\\/\\\/nbcs.mx\\\/?p=151745#primaryimage\"},\"thumbnailUrl\":\"https:\\\/\\\/nbcs.mx\\\/wp-content\\\/uploads\\\/2025\\\/06\\\/01-micropolis.jpg\",\"articleSection\":[\"Las Columnas\"],\"inLanguage\":\"es\",\"potentialAction\":[{\"@type\":\"CommentAction\",\"name\":\"Comment\",\"target\":[\"https:\\\/\\\/nbcs.mx\\\/?p=151745#respond\"]}]},{\"@type\":\"WebPage\",\"@id\":\"https:\\\/\\\/nbcs.mx\\\/?p=151745\",\"url\":\"https:\\\/\\\/nbcs.mx\\\/?p=151745\",\"name\":\"MICR\u00d3POLIS \\\/ ESTRATEGAS PUBLICITARIOS - NBCS Noticias\",\"isPartOf\":{\"@id\":\"https:\\\/\\\/nbcs.mx\\\/#website\"},\"primaryImageOfPage\":{\"@id\":\"https:\\\/\\\/nbcs.mx\\\/?p=151745#primaryimage\"},\"image\":{\"@id\":\"https:\\\/\\\/nbcs.mx\\\/?p=151745#primaryimage\"},\"thumbnailUrl\":\"https:\\\/\\\/nbcs.mx\\\/wp-content\\\/uploads\\\/2025\\\/06\\\/01-micropolis.jpg\",\"datePublished\":\"2025-06-20T14:48:40+00:00\",\"breadcrumb\":{\"@id\":\"https:\\\/\\\/nbcs.mx\\\/?p=151745#breadcrumb\"},\"inLanguage\":\"es\",\"potentialAction\":[{\"@type\":\"ReadAction\",\"target\":[\"https:\\\/\\\/nbcs.mx\\\/?p=151745\"]}]},{\"@type\":\"ImageObject\",\"inLanguage\":\"es\",\"@id\":\"https:\\\/\\\/nbcs.mx\\\/?p=151745#primaryimage\",\"url\":\"https:\\\/\\\/nbcs.mx\\\/wp-content\\\/uploads\\\/2025\\\/06\\\/01-micropolis.jpg\",\"contentUrl\":\"https:\\\/\\\/nbcs.mx\\\/wp-content\\\/uploads\\\/2025\\\/06\\\/01-micropolis.jpg\",\"width\":2526,\"height\":1316},{\"@type\":\"BreadcrumbList\",\"@id\":\"https:\\\/\\\/nbcs.mx\\\/?p=151745#breadcrumb\",\"itemListElement\":[{\"@type\":\"ListItem\",\"position\":1,\"name\":\"Portada\",\"item\":\"https:\\\/\\\/nbcs.mx\\\/\"},{\"@type\":\"ListItem\",\"position\":2,\"name\":\"MICR\u00d3POLIS \\\/ ESTRATEGAS PUBLICITARIOS\"}]},{\"@type\":\"WebSite\",\"@id\":\"https:\\\/\\\/nbcs.mx\\\/#website\",\"url\":\"https:\\\/\\\/nbcs.mx\\\/\",\"name\":\"NBCS Noticias\",\"description\":\"Sitio web de noticias en Baja California Sur\",\"publisher\":{\"@id\":\"https:\\\/\\\/nbcs.mx\\\/#organization\"},\"potentialAction\":[{\"@type\":\"SearchAction\",\"target\":{\"@type\":\"EntryPoint\",\"urlTemplate\":\"https:\\\/\\\/nbcs.mx\\\/?s={search_term_string}\"},\"query-input\":{\"@type\":\"PropertyValueSpecification\",\"valueRequired\":true,\"valueName\":\"search_term_string\"}}],\"inLanguage\":\"es\"},{\"@type\":\"Organization\",\"@id\":\"https:\\\/\\\/nbcs.mx\\\/#organization\",\"name\":\"NBCS Noticias\",\"url\":\"https:\\\/\\\/nbcs.mx\\\/\",\"logo\":{\"@type\":\"ImageObject\",\"inLanguage\":\"es\",\"@id\":\"https:\\\/\\\/nbcs.mx\\\/#\\\/schema\\\/logo\\\/image\\\/\",\"url\":\"https:\\\/\\\/nbcs.mx\\\/wp-content\\\/uploads\\\/2018\\\/09\\\/057b69485e93575a5c2b1c1dde2dd297.jpeg\",\"contentUrl\":\"https:\\\/\\\/nbcs.mx\\\/wp-content\\\/uploads\\\/2018\\\/09\\\/057b69485e93575a5c2b1c1dde2dd297.jpeg\",\"width\":64,\"height\":64,\"caption\":\"NBCS Noticias\"},\"image\":{\"@id\":\"https:\\\/\\\/nbcs.mx\\\/#\\\/schema\\\/logo\\\/image\\\/\"},\"sameAs\":[\"https:\\\/\\\/www.facebook.com\\\/NBCSnoticias\",\"https:\\\/\\\/x.com\\\/NBCSnoticias\"]},{\"@type\":\"Person\",\"@id\":\"https:\\\/\\\/nbcs.mx\\\/#\\\/schema\\\/person\\\/ece58bab9a7c1e87a4d28ec9ecd79ff4\",\"name\":\"NBCS Noticias\",\"image\":{\"@type\":\"ImageObject\",\"inLanguage\":\"es\",\"@id\":\"https:\\\/\\\/secure.gravatar.com\\\/avatar\\\/4e52110cad1c4054b43271a0d14bbe9e2ea76aecd0e1097edfc670798d9ca1d4?s=96&d=blank&r=g\",\"url\":\"https:\\\/\\\/secure.gravatar.com\\\/avatar\\\/4e52110cad1c4054b43271a0d14bbe9e2ea76aecd0e1097edfc670798d9ca1d4?s=96&d=blank&r=g\",\"contentUrl\":\"https:\\\/\\\/secure.gravatar.com\\\/avatar\\\/4e52110cad1c4054b43271a0d14bbe9e2ea76aecd0e1097edfc670798d9ca1d4?s=96&d=blank&r=g\",\"caption\":\"NBCS Noticias\"},\"description\":\"\u00bfTienes fotos o video de alg\u00fan acto de posible negligencia, corrupci\u00f3n y abuso de autoridad? M\u00e1ndalo al WhatsApp de NBCS Noticias: 612 141 98 08\",\"sameAs\":[\"https:\\\/\\\/www.nbcs.mx\",\"https:\\\/\\\/www.facebook.com\\\/NBCSnoticias\",\"https:\\\/\\\/www.instagram.com\\\/nbcsnoticias\\\/\",\"https:\\\/\\\/x.com\\\/https:\\\/\\\/twitter.com\\\/NBCSnoticias\"]}]}<\/script>\n<!-- \/ Yoast SEO plugin. -->","yoast_head_json":{"title":"MICR\u00d3POLIS \/ ESTRATEGAS PUBLICITARIOS - NBCS Noticias","robots":{"index":"index","follow":"follow","max-snippet":"max-snippet:-1","max-image-preview":"max-image-preview:large","max-video-preview":"max-video-preview:-1"},"canonical":"https:\/\/nbcs.mx\/?p=151745","og_locale":"es_ES","og_type":"article","og_title":"MICR\u00d3POLIS \/ ESTRATEGAS PUBLICITARIOS - NBCS Noticias","og_description":"Por Bertoldo Velasco Silva Los estrategas publicitarios de ciertos pol\u00edticos y pol\u00edticas, est\u00e1n en la imaginaria, donde todo lo que","og_url":"https:\/\/nbcs.mx\/?p=151745","og_site_name":"NBCS Noticias","article_publisher":"https:\/\/www.facebook.com\/NBCSnoticias","article_author":"https:\/\/www.facebook.com\/NBCSnoticias","article_published_time":"2025-06-20T14:48:40+00:00","og_image":[{"width":2526,"height":1316,"url":"https:\/\/nbcs.mx\/wp-content\/uploads\/2025\/06\/01-micropolis.jpg","type":"image\/jpeg"}],"author":"NBCS Noticias","twitter_card":"summary_large_image","twitter_creator":"@https:\/\/twitter.com\/NBCSnoticias","twitter_site":"@NBCSnoticias","twitter_misc":{"Escrito por":"NBCS Noticias","Tiempo de lectura":"8 minutos"},"schema":{"@context":"https:\/\/schema.org","@graph":[{"@type":"Article","@id":"https:\/\/nbcs.mx\/?p=151745#article","isPartOf":{"@id":"https:\/\/nbcs.mx\/?p=151745"},"author":{"name":"NBCS Noticias","@id":"https:\/\/nbcs.mx\/#\/schema\/person\/ece58bab9a7c1e87a4d28ec9ecd79ff4"},"headline":"MICR\u00d3POLIS \/ ESTRATEGAS PUBLICITARIOS","datePublished":"2025-06-20T14:48:40+00:00","mainEntityOfPage":{"@id":"https:\/\/nbcs.mx\/?p=151745"},"wordCount":1740,"commentCount":0,"publisher":{"@id":"https:\/\/nbcs.mx\/#organization"},"image":{"@id":"https:\/\/nbcs.mx\/?p=151745#primaryimage"},"thumbnailUrl":"https:\/\/nbcs.mx\/wp-content\/uploads\/2025\/06\/01-micropolis.jpg","articleSection":["Las Columnas"],"inLanguage":"es","potentialAction":[{"@type":"CommentAction","name":"Comment","target":["https:\/\/nbcs.mx\/?p=151745#respond"]}]},{"@type":"WebPage","@id":"https:\/\/nbcs.mx\/?p=151745","url":"https:\/\/nbcs.mx\/?p=151745","name":"MICR\u00d3POLIS \/ ESTRATEGAS PUBLICITARIOS - NBCS Noticias","isPartOf":{"@id":"https:\/\/nbcs.mx\/#website"},"primaryImageOfPage":{"@id":"https:\/\/nbcs.mx\/?p=151745#primaryimage"},"image":{"@id":"https:\/\/nbcs.mx\/?p=151745#primaryimage"},"thumbnailUrl":"https:\/\/nbcs.mx\/wp-content\/uploads\/2025\/06\/01-micropolis.jpg","datePublished":"2025-06-20T14:48:40+00:00","breadcrumb":{"@id":"https:\/\/nbcs.mx\/?p=151745#breadcrumb"},"inLanguage":"es","potentialAction":[{"@type":"ReadAction","target":["https:\/\/nbcs.mx\/?p=151745"]}]},{"@type":"ImageObject","inLanguage":"es","@id":"https:\/\/nbcs.mx\/?p=151745#primaryimage","url":"https:\/\/nbcs.mx\/wp-content\/uploads\/2025\/06\/01-micropolis.jpg","contentUrl":"https:\/\/nbcs.mx\/wp-content\/uploads\/2025\/06\/01-micropolis.jpg","width":2526,"height":1316},{"@type":"BreadcrumbList","@id":"https:\/\/nbcs.mx\/?p=151745#breadcrumb","itemListElement":[{"@type":"ListItem","position":1,"name":"Portada","item":"https:\/\/nbcs.mx\/"},{"@type":"ListItem","position":2,"name":"MICR\u00d3POLIS \/ ESTRATEGAS PUBLICITARIOS"}]},{"@type":"WebSite","@id":"https:\/\/nbcs.mx\/#website","url":"https:\/\/nbcs.mx\/","name":"NBCS Noticias","description":"Sitio web de noticias en Baja California Sur","publisher":{"@id":"https:\/\/nbcs.mx\/#organization"},"potentialAction":[{"@type":"SearchAction","target":{"@type":"EntryPoint","urlTemplate":"https:\/\/nbcs.mx\/?s={search_term_string}"},"query-input":{"@type":"PropertyValueSpecification","valueRequired":true,"valueName":"search_term_string"}}],"inLanguage":"es"},{"@type":"Organization","@id":"https:\/\/nbcs.mx\/#organization","name":"NBCS Noticias","url":"https:\/\/nbcs.mx\/","logo":{"@type":"ImageObject","inLanguage":"es","@id":"https:\/\/nbcs.mx\/#\/schema\/logo\/image\/","url":"https:\/\/nbcs.mx\/wp-content\/uploads\/2018\/09\/057b69485e93575a5c2b1c1dde2dd297.jpeg","contentUrl":"https:\/\/nbcs.mx\/wp-content\/uploads\/2018\/09\/057b69485e93575a5c2b1c1dde2dd297.jpeg","width":64,"height":64,"caption":"NBCS Noticias"},"image":{"@id":"https:\/\/nbcs.mx\/#\/schema\/logo\/image\/"},"sameAs":["https:\/\/www.facebook.com\/NBCSnoticias","https:\/\/x.com\/NBCSnoticias"]},{"@type":"Person","@id":"https:\/\/nbcs.mx\/#\/schema\/person\/ece58bab9a7c1e87a4d28ec9ecd79ff4","name":"NBCS Noticias","image":{"@type":"ImageObject","inLanguage":"es","@id":"https:\/\/secure.gravatar.com\/avatar\/4e52110cad1c4054b43271a0d14bbe9e2ea76aecd0e1097edfc670798d9ca1d4?s=96&d=blank&r=g","url":"https:\/\/secure.gravatar.com\/avatar\/4e52110cad1c4054b43271a0d14bbe9e2ea76aecd0e1097edfc670798d9ca1d4?s=96&d=blank&r=g","contentUrl":"https:\/\/secure.gravatar.com\/avatar\/4e52110cad1c4054b43271a0d14bbe9e2ea76aecd0e1097edfc670798d9ca1d4?s=96&d=blank&r=g","caption":"NBCS Noticias"},"description":"\u00bfTienes fotos o video de alg\u00fan acto de posible negligencia, corrupci\u00f3n y abuso de autoridad? M\u00e1ndalo al WhatsApp de NBCS Noticias: 612 141 98 08","sameAs":["https:\/\/www.nbcs.mx","https:\/\/www.facebook.com\/NBCSnoticias","https:\/\/www.instagram.com\/nbcsnoticias\/","https:\/\/x.com\/https:\/\/twitter.com\/NBCSnoticias"]}]}},"jetpack_publicize_connections":[],"jetpack_featured_media_url":"https:\/\/nbcs.mx\/wp-content\/uploads\/2025\/06\/01-micropolis.jpg","jetpack_sharing_enabled":true,"_links":{"self":[{"href":"https:\/\/nbcs.mx\/index.php?rest_route=\/wp\/v2\/posts\/151745","targetHints":{"allow":["GET"]}}],"collection":[{"href":"https:\/\/nbcs.mx\/index.php?rest_route=\/wp\/v2\/posts"}],"about":[{"href":"https:\/\/nbcs.mx\/index.php?rest_route=\/wp\/v2\/types\/post"}],"author":[{"embeddable":true,"href":"https:\/\/nbcs.mx\/index.php?rest_route=\/wp\/v2\/users\/1"}],"replies":[{"embeddable":true,"href":"https:\/\/nbcs.mx\/index.php?rest_route=%2Fwp%2Fv2%2Fcomments&post=151745"}],"version-history":[{"count":1,"href":"https:\/\/nbcs.mx\/index.php?rest_route=\/wp\/v2\/posts\/151745\/revisions"}],"predecessor-version":[{"id":151747,"href":"https:\/\/nbcs.mx\/index.php?rest_route=\/wp\/v2\/posts\/151745\/revisions\/151747"}],"wp:featuredmedia":[{"embeddable":true,"href":"https:\/\/nbcs.mx\/index.php?rest_route=\/wp\/v2\/media\/151746"}],"wp:attachment":[{"href":"https:\/\/nbcs.mx\/index.php?rest_route=%2Fwp%2Fv2%2Fmedia&parent=151745"}],"wp:term":[{"taxonomy":"category","embeddable":true,"href":"https:\/\/nbcs.mx\/index.php?rest_route=%2Fwp%2Fv2%2Fcategories&post=151745"},{"taxonomy":"post_tag","embeddable":true,"href":"https:\/\/nbcs.mx\/index.php?rest_route=%2Fwp%2Fv2%2Ftags&post=151745"}],"curies":[{"name":"wp","href":"https:\/\/api.w.org\/{rel}","templated":true}]}}