{"id":151821,"date":"2025-06-23T07:25:33","date_gmt":"2025-06-23T13:25:33","guid":{"rendered":"https:\/\/nbcs.mx\/?p=151821"},"modified":"2025-06-23T07:25:33","modified_gmt":"2025-06-23T13:25:33","slug":"uabcs-da-bienvenida-a-estudiantes-del-verano-cientifico-delfin-2025","status":"publish","type":"post","link":"https:\/\/nbcs.mx\/?p=151821","title":{"rendered":"UABCS da bienvenida a estudiantes del Verano Cient\u00edfico Delf\u00edn 2025"},"content":{"rendered":"<p style=\"font-weight: 400; text-align: justify;\"><img loading=\"lazy\" decoding=\"async\" class=\" wp-image-151822 alignleft\" src=\"https:\/\/nbcs.mx\/wp-content\/uploads\/2025\/06\/22-06-25-Inauguracion-Delfin-2-755x422.jpeg\" alt=\"\" width=\"363\" height=\"203\" srcset=\"https:\/\/nbcs.mx\/wp-content\/uploads\/2025\/06\/22-06-25-Inauguracion-Delfin-2-755x422.jpeg 755w, https:\/\/nbcs.mx\/wp-content\/uploads\/2025\/06\/22-06-25-Inauguracion-Delfin-2-1024x572.jpeg 1024w, https:\/\/nbcs.mx\/wp-content\/uploads\/2025\/06\/22-06-25-Inauguracion-Delfin-2-150x84.jpeg 150w, https:\/\/nbcs.mx\/wp-content\/uploads\/2025\/06\/22-06-25-Inauguracion-Delfin-2-768x429.jpeg 768w, https:\/\/nbcs.mx\/wp-content\/uploads\/2025\/06\/22-06-25-Inauguracion-Delfin-2-1536x858.jpeg 1536w, https:\/\/nbcs.mx\/wp-content\/uploads\/2025\/06\/22-06-25-Inauguracion-Delfin-2-2048x1144.jpeg 2048w, https:\/\/nbcs.mx\/wp-content\/uploads\/2025\/06\/22-06-25-Inauguracion-Delfin-2-800x445.jpeg 800w\" sizes=\"auto, (max-width: 363px) 100vw, 363px\" \/>La Universidad Aut\u00f3noma de Baja California Sur (UABCS) recibi\u00f3 esta semana a 50 estudiantes, provenientes de 22 instituciones de educaci\u00f3n superior del pa\u00eds, quienes realizar\u00e1n una estancia acad\u00e9mica de seis a siete semanas como parte del Programa Interinstitucional para el Fortalecimiento de la Investigaci\u00f3n y el Posgrado del Pac\u00edfico, Delf\u00edn.<\/p>\n<p style=\"font-weight: 400; text-align: justify;\">Durante este periodo, las y los j\u00f3venes se integrar\u00e1n a proyectos de investigaci\u00f3n desarrollados en distintos Departamentos Acad\u00e9micos de la Universidad, bajo la asesor\u00eda de profesorado especializado en \u00e1reas como ciencias marinas, sociales, jur\u00eddicas, biol\u00f3gicas y ambientales, entre otras.<\/p>\n<p style=\"font-weight: 400; text-align: justify;\">El programa Delf\u00edn busca fomentar una cultura de colaboraci\u00f3n cient\u00edfica entre instituciones de educaci\u00f3n superior y centros de investigaci\u00f3n del pa\u00eds y de Am\u00e9rica Latina, promoviendo la movilidad acad\u00e9mica, el fortalecimiento del pensamiento cr\u00edtico y la divulgaci\u00f3n de productos cient\u00edficos y tecnol\u00f3gicos a trav\u00e9s del aprendizaje directo con investigadoras e investigadores consolidados.<\/p>\n<p style=\"font-weight: 400; text-align: justify;\">En la ceremonia de bienvenida, autoridades universitarias expresaron su entusiasmo por ser parte de esta experiencia formativa. En representaci\u00f3n del rector, Dr. Dante Salgado Gonz\u00e1lez, el jefe del Departamento de Servicios Estudiantiles, Lic. Rub\u00e9n Manuel Rivera Calder\u00f3n, dirigi\u00f3 un mensaje de apertura donde expres\u00f3 el benepl\u00e1cito institucional por haber elegido a la UABCS como opci\u00f3n para su estancia.<\/p>\n<p style=\"font-weight: 400; text-align: justify;\">\u00a0\u00a0\u00a0\u00a0\u00a0\u00a0\u00a0\u00a0\u00a0\u00a0\u00a0 Refiri\u00f3 que este programa es una oportunidad invaluable para acercarse a la investigaci\u00f3n desde un enfoque pr\u00e1ctico, humano e interdisciplinario, destacando la experiencia y trayectoria del personal docente de la universidad que estar\u00e1 participando.<\/p>\n<p style=\"font-weight: 400; text-align: justify;\">\u00a0\u00a0\u00a0\u00a0\u00a0\u00a0\u00a0\u00a0\u00a0\u00a0\u00a0 \u201cConf\u00eden en que aqu\u00ed encontrar\u00e1n a una comunidad que trabaja con vocaci\u00f3n, apertura y compromiso. Sean bienvenidas y bienvenidos; les deseamos un verano lleno de aprendizajes significativos y descubrimientos\u201d, puntualiz\u00f3 el Lic. Rivera Calder\u00f3n.<\/p>\n<p style=\"font-weight: 400; text-align: justify;\">Asimismo, jefas y jefes de departamento agradecieron la confianza de las y los estudiantes, destacando el potencial transformador de este tipo de estancias. Coincidieron en que la universidad, adem\u00e1s de contar con una s\u00f3lida planta docente y de investigaci\u00f3n, es tambi\u00e9n un espacio de encuentro, trabajo colectivo y crecimiento personal.<\/p>\n<p style=\"font-weight: 400; text-align: justify;\">Durante su estancia, el alumnado visitante se incorporar\u00e1 a distintos proyectos en curso, colaborando con acad\u00e9micos como el Dr. H\u00e9ctor Reyes Bonilla, Dr. Pl\u00e1cido Cruz Ch\u00e1vez, Dr. Carlos Armando S\u00e1nchez Ortiz, Dra. Erika Torres Ochoa, Dr. Macario Sav\u00edn Amador, Dra. Teresita de Jes\u00fas Alvarado Robles, Dra. Reyna Ib\u00e1\u00f1ez P\u00e9rez, Dra. Mar\u00eda M\u00f3nica Lara L\u00f3pez, Dra. Abril Karim Romo Pi\u00f1eira, entre otros.<\/p>\n","protected":false},"excerpt":{"rendered":"<p>La Universidad Aut\u00f3noma de Baja California Sur (UABCS) recibi\u00f3 esta semana a 50 estudiantes, provenientes de 22 instituciones de educaci\u00f3n<\/p>\n","protected":false},"author":1,"featured_media":151822,"comment_status":"open","ping_status":"closed","sticky":false,"template":"","format":"standard","meta":{"colormag_page_container_layout":"default_layout","colormag_page_sidebar_layout":"default_layout","_jetpack_memberships_contains_paid_content":false,"footnotes":"","jetpack_publicize_message":"","jetpack_publicize_feature_enabled":true,"jetpack_social_post_already_shared":true,"jetpack_social_options":{"image_generator_settings":{"template":"highway","default_image_id":0,"font":"","enabled":false},"version":2}},"categories":[1],"tags":[],"class_list":["post-151821","post","type-post","status-publish","format-standard","has-post-thumbnail","hentry","category-noticias"],"yoast_head":"<!-- This site is optimized with the Yoast SEO plugin v27.5 - https:\/\/yoast.com\/product\/yoast-seo-wordpress\/ -->\n<title>UABCS da bienvenida a estudiantes del Verano Cient\u00edfico Delf\u00edn 2025 - NBCS Noticias<\/title>\n<meta name=\"robots\" content=\"index, follow, max-snippet:-1, max-image-preview:large, max-video-preview:-1\" \/>\n<link rel=\"canonical\" href=\"https:\/\/nbcs.mx\/?p=151821\" \/>\n<meta property=\"og:locale\" content=\"es_ES\" \/>\n<meta property=\"og:type\" content=\"article\" \/>\n<meta property=\"og:title\" content=\"UABCS da bienvenida a estudiantes del Verano Cient\u00edfico Delf\u00edn 2025 - NBCS Noticias\" \/>\n<meta property=\"og:description\" content=\"La Universidad Aut\u00f3noma de Baja California Sur (UABCS) recibi\u00f3 esta semana a 50 estudiantes, provenientes de 22 instituciones de educaci\u00f3n\" \/>\n<meta property=\"og:url\" content=\"https:\/\/nbcs.mx\/?p=151821\" \/>\n<meta property=\"og:site_name\" content=\"NBCS Noticias\" \/>\n<meta property=\"article:publisher\" content=\"https:\/\/www.facebook.com\/NBCSnoticias\" \/>\n<meta property=\"article:author\" content=\"https:\/\/www.facebook.com\/NBCSnoticias\" \/>\n<meta property=\"article:published_time\" content=\"2025-06-23T13:25:33+00:00\" \/>\n<meta property=\"og:image\" content=\"https:\/\/nbcs.mx\/wp-content\/uploads\/2025\/06\/22-06-25-Inauguracion-Delfin-2.jpeg\" \/>\n\t<meta property=\"og:image:width\" content=\"2560\" \/>\n\t<meta property=\"og:image:height\" content=\"1430\" \/>\n\t<meta property=\"og:image:type\" content=\"image\/jpeg\" \/>\n<meta name=\"author\" content=\"NBCS Noticias\" \/>\n<meta name=\"twitter:card\" content=\"summary_large_image\" \/>\n<meta name=\"twitter:creator\" content=\"@https:\/\/twitter.com\/NBCSnoticias\" \/>\n<meta name=\"twitter:site\" content=\"@NBCSnoticias\" \/>\n<meta name=\"twitter:label1\" content=\"Escrito por\" \/>\n\t<meta name=\"twitter:data1\" content=\"NBCS Noticias\" \/>\n\t<meta name=\"twitter:label2\" content=\"Tiempo de lectura\" \/>\n\t<meta name=\"twitter:data2\" content=\"3 minutos\" \/>\n<script type=\"application\/ld+json\" class=\"yoast-schema-graph\">{\"@context\":\"https:\\\/\\\/schema.org\",\"@graph\":[{\"@type\":\"Article\",\"@id\":\"https:\\\/\\\/nbcs.mx\\\/?p=151821#article\",\"isPartOf\":{\"@id\":\"https:\\\/\\\/nbcs.mx\\\/?p=151821\"},\"author\":{\"name\":\"NBCS Noticias\",\"@id\":\"https:\\\/\\\/nbcs.mx\\\/#\\\/schema\\\/person\\\/ece58bab9a7c1e87a4d28ec9ecd79ff4\"},\"headline\":\"UABCS da bienvenida a estudiantes del Verano Cient\u00edfico Delf\u00edn 2025\",\"datePublished\":\"2025-06-23T13:25:33+00:00\",\"mainEntityOfPage\":{\"@id\":\"https:\\\/\\\/nbcs.mx\\\/?p=151821\"},\"wordCount\":444,\"commentCount\":0,\"publisher\":{\"@id\":\"https:\\\/\\\/nbcs.mx\\\/#organization\"},\"image\":{\"@id\":\"https:\\\/\\\/nbcs.mx\\\/?p=151821#primaryimage\"},\"thumbnailUrl\":\"https:\\\/\\\/nbcs.mx\\\/wp-content\\\/uploads\\\/2025\\\/06\\\/22-06-25-Inauguracion-Delfin-2.jpeg\",\"articleSection\":[\"Noticias\"],\"inLanguage\":\"es\",\"potentialAction\":[{\"@type\":\"CommentAction\",\"name\":\"Comment\",\"target\":[\"https:\\\/\\\/nbcs.mx\\\/?p=151821#respond\"]}]},{\"@type\":\"WebPage\",\"@id\":\"https:\\\/\\\/nbcs.mx\\\/?p=151821\",\"url\":\"https:\\\/\\\/nbcs.mx\\\/?p=151821\",\"name\":\"UABCS da bienvenida a estudiantes del Verano Cient\u00edfico Delf\u00edn 2025 - NBCS Noticias\",\"isPartOf\":{\"@id\":\"https:\\\/\\\/nbcs.mx\\\/#website\"},\"primaryImageOfPage\":{\"@id\":\"https:\\\/\\\/nbcs.mx\\\/?p=151821#primaryimage\"},\"image\":{\"@id\":\"https:\\\/\\\/nbcs.mx\\\/?p=151821#primaryimage\"},\"thumbnailUrl\":\"https:\\\/\\\/nbcs.mx\\\/wp-content\\\/uploads\\\/2025\\\/06\\\/22-06-25-Inauguracion-Delfin-2.jpeg\",\"datePublished\":\"2025-06-23T13:25:33+00:00\",\"breadcrumb\":{\"@id\":\"https:\\\/\\\/nbcs.mx\\\/?p=151821#breadcrumb\"},\"inLanguage\":\"es\",\"potentialAction\":[{\"@type\":\"ReadAction\",\"target\":[\"https:\\\/\\\/nbcs.mx\\\/?p=151821\"]}]},{\"@type\":\"ImageObject\",\"inLanguage\":\"es\",\"@id\":\"https:\\\/\\\/nbcs.mx\\\/?p=151821#primaryimage\",\"url\":\"https:\\\/\\\/nbcs.mx\\\/wp-content\\\/uploads\\\/2025\\\/06\\\/22-06-25-Inauguracion-Delfin-2.jpeg\",\"contentUrl\":\"https:\\\/\\\/nbcs.mx\\\/wp-content\\\/uploads\\\/2025\\\/06\\\/22-06-25-Inauguracion-Delfin-2.jpeg\",\"width\":2560,\"height\":1430},{\"@type\":\"BreadcrumbList\",\"@id\":\"https:\\\/\\\/nbcs.mx\\\/?p=151821#breadcrumb\",\"itemListElement\":[{\"@type\":\"ListItem\",\"position\":1,\"name\":\"Portada\",\"item\":\"https:\\\/\\\/nbcs.mx\\\/\"},{\"@type\":\"ListItem\",\"position\":2,\"name\":\"UABCS da bienvenida a estudiantes del Verano Cient\u00edfico Delf\u00edn 2025\"}]},{\"@type\":\"WebSite\",\"@id\":\"https:\\\/\\\/nbcs.mx\\\/#website\",\"url\":\"https:\\\/\\\/nbcs.mx\\\/\",\"name\":\"NBCS Noticias\",\"description\":\"Sitio web de noticias en Baja California Sur\",\"publisher\":{\"@id\":\"https:\\\/\\\/nbcs.mx\\\/#organization\"},\"potentialAction\":[{\"@type\":\"SearchAction\",\"target\":{\"@type\":\"EntryPoint\",\"urlTemplate\":\"https:\\\/\\\/nbcs.mx\\\/?s={search_term_string}\"},\"query-input\":{\"@type\":\"PropertyValueSpecification\",\"valueRequired\":true,\"valueName\":\"search_term_string\"}}],\"inLanguage\":\"es\"},{\"@type\":\"Organization\",\"@id\":\"https:\\\/\\\/nbcs.mx\\\/#organization\",\"name\":\"NBCS Noticias\",\"url\":\"https:\\\/\\\/nbcs.mx\\\/\",\"logo\":{\"@type\":\"ImageObject\",\"inLanguage\":\"es\",\"@id\":\"https:\\\/\\\/nbcs.mx\\\/#\\\/schema\\\/logo\\\/image\\\/\",\"url\":\"https:\\\/\\\/nbcs.mx\\\/wp-content\\\/uploads\\\/2018\\\/09\\\/057b69485e93575a5c2b1c1dde2dd297.jpeg\",\"contentUrl\":\"https:\\\/\\\/nbcs.mx\\\/wp-content\\\/uploads\\\/2018\\\/09\\\/057b69485e93575a5c2b1c1dde2dd297.jpeg\",\"width\":64,\"height\":64,\"caption\":\"NBCS Noticias\"},\"image\":{\"@id\":\"https:\\\/\\\/nbcs.mx\\\/#\\\/schema\\\/logo\\\/image\\\/\"},\"sameAs\":[\"https:\\\/\\\/www.facebook.com\\\/NBCSnoticias\",\"https:\\\/\\\/x.com\\\/NBCSnoticias\"]},{\"@type\":\"Person\",\"@id\":\"https:\\\/\\\/nbcs.mx\\\/#\\\/schema\\\/person\\\/ece58bab9a7c1e87a4d28ec9ecd79ff4\",\"name\":\"NBCS Noticias\",\"image\":{\"@type\":\"ImageObject\",\"inLanguage\":\"es\",\"@id\":\"https:\\\/\\\/secure.gravatar.com\\\/avatar\\\/4e52110cad1c4054b43271a0d14bbe9e2ea76aecd0e1097edfc670798d9ca1d4?s=96&d=blank&r=g\",\"url\":\"https:\\\/\\\/secure.gravatar.com\\\/avatar\\\/4e52110cad1c4054b43271a0d14bbe9e2ea76aecd0e1097edfc670798d9ca1d4?s=96&d=blank&r=g\",\"contentUrl\":\"https:\\\/\\\/secure.gravatar.com\\\/avatar\\\/4e52110cad1c4054b43271a0d14bbe9e2ea76aecd0e1097edfc670798d9ca1d4?s=96&d=blank&r=g\",\"caption\":\"NBCS Noticias\"},\"description\":\"\u00bfTienes fotos o video de alg\u00fan acto de posible negligencia, corrupci\u00f3n y abuso de autoridad? M\u00e1ndalo al WhatsApp de NBCS Noticias: 612 141 98 08\",\"sameAs\":[\"https:\\\/\\\/www.nbcs.mx\",\"https:\\\/\\\/www.facebook.com\\\/NBCSnoticias\",\"https:\\\/\\\/www.instagram.com\\\/nbcsnoticias\\\/\",\"https:\\\/\\\/x.com\\\/https:\\\/\\\/twitter.com\\\/NBCSnoticias\"]}]}<\/script>\n<!-- \/ Yoast SEO plugin. -->","yoast_head_json":{"title":"UABCS da bienvenida a estudiantes del Verano Cient\u00edfico Delf\u00edn 2025 - NBCS Noticias","robots":{"index":"index","follow":"follow","max-snippet":"max-snippet:-1","max-image-preview":"max-image-preview:large","max-video-preview":"max-video-preview:-1"},"canonical":"https:\/\/nbcs.mx\/?p=151821","og_locale":"es_ES","og_type":"article","og_title":"UABCS da bienvenida a estudiantes del Verano Cient\u00edfico Delf\u00edn 2025 - NBCS Noticias","og_description":"La Universidad Aut\u00f3noma de Baja California Sur (UABCS) recibi\u00f3 esta semana a 50 estudiantes, provenientes de 22 instituciones de educaci\u00f3n","og_url":"https:\/\/nbcs.mx\/?p=151821","og_site_name":"NBCS Noticias","article_publisher":"https:\/\/www.facebook.com\/NBCSnoticias","article_author":"https:\/\/www.facebook.com\/NBCSnoticias","article_published_time":"2025-06-23T13:25:33+00:00","og_image":[{"width":2560,"height":1430,"url":"https:\/\/nbcs.mx\/wp-content\/uploads\/2025\/06\/22-06-25-Inauguracion-Delfin-2.jpeg","type":"image\/jpeg"}],"author":"NBCS Noticias","twitter_card":"summary_large_image","twitter_creator":"@https:\/\/twitter.com\/NBCSnoticias","twitter_site":"@NBCSnoticias","twitter_misc":{"Escrito por":"NBCS Noticias","Tiempo de lectura":"3 minutos"},"schema":{"@context":"https:\/\/schema.org","@graph":[{"@type":"Article","@id":"https:\/\/nbcs.mx\/?p=151821#article","isPartOf":{"@id":"https:\/\/nbcs.mx\/?p=151821"},"author":{"name":"NBCS Noticias","@id":"https:\/\/nbcs.mx\/#\/schema\/person\/ece58bab9a7c1e87a4d28ec9ecd79ff4"},"headline":"UABCS da bienvenida a estudiantes del Verano Cient\u00edfico Delf\u00edn 2025","datePublished":"2025-06-23T13:25:33+00:00","mainEntityOfPage":{"@id":"https:\/\/nbcs.mx\/?p=151821"},"wordCount":444,"commentCount":0,"publisher":{"@id":"https:\/\/nbcs.mx\/#organization"},"image":{"@id":"https:\/\/nbcs.mx\/?p=151821#primaryimage"},"thumbnailUrl":"https:\/\/nbcs.mx\/wp-content\/uploads\/2025\/06\/22-06-25-Inauguracion-Delfin-2.jpeg","articleSection":["Noticias"],"inLanguage":"es","potentialAction":[{"@type":"CommentAction","name":"Comment","target":["https:\/\/nbcs.mx\/?p=151821#respond"]}]},{"@type":"WebPage","@id":"https:\/\/nbcs.mx\/?p=151821","url":"https:\/\/nbcs.mx\/?p=151821","name":"UABCS da bienvenida a estudiantes del Verano Cient\u00edfico Delf\u00edn 2025 - NBCS Noticias","isPartOf":{"@id":"https:\/\/nbcs.mx\/#website"},"primaryImageOfPage":{"@id":"https:\/\/nbcs.mx\/?p=151821#primaryimage"},"image":{"@id":"https:\/\/nbcs.mx\/?p=151821#primaryimage"},"thumbnailUrl":"https:\/\/nbcs.mx\/wp-content\/uploads\/2025\/06\/22-06-25-Inauguracion-Delfin-2.jpeg","datePublished":"2025-06-23T13:25:33+00:00","breadcrumb":{"@id":"https:\/\/nbcs.mx\/?p=151821#breadcrumb"},"inLanguage":"es","potentialAction":[{"@type":"ReadAction","target":["https:\/\/nbcs.mx\/?p=151821"]}]},{"@type":"ImageObject","inLanguage":"es","@id":"https:\/\/nbcs.mx\/?p=151821#primaryimage","url":"https:\/\/nbcs.mx\/wp-content\/uploads\/2025\/06\/22-06-25-Inauguracion-Delfin-2.jpeg","contentUrl":"https:\/\/nbcs.mx\/wp-content\/uploads\/2025\/06\/22-06-25-Inauguracion-Delfin-2.jpeg","width":2560,"height":1430},{"@type":"BreadcrumbList","@id":"https:\/\/nbcs.mx\/?p=151821#breadcrumb","itemListElement":[{"@type":"ListItem","position":1,"name":"Portada","item":"https:\/\/nbcs.mx\/"},{"@type":"ListItem","position":2,"name":"UABCS da bienvenida a estudiantes del Verano Cient\u00edfico Delf\u00edn 2025"}]},{"@type":"WebSite","@id":"https:\/\/nbcs.mx\/#website","url":"https:\/\/nbcs.mx\/","name":"NBCS Noticias","description":"Sitio web de noticias en Baja California Sur","publisher":{"@id":"https:\/\/nbcs.mx\/#organization"},"potentialAction":[{"@type":"SearchAction","target":{"@type":"EntryPoint","urlTemplate":"https:\/\/nbcs.mx\/?s={search_term_string}"},"query-input":{"@type":"PropertyValueSpecification","valueRequired":true,"valueName":"search_term_string"}}],"inLanguage":"es"},{"@type":"Organization","@id":"https:\/\/nbcs.mx\/#organization","name":"NBCS Noticias","url":"https:\/\/nbcs.mx\/","logo":{"@type":"ImageObject","inLanguage":"es","@id":"https:\/\/nbcs.mx\/#\/schema\/logo\/image\/","url":"https:\/\/nbcs.mx\/wp-content\/uploads\/2018\/09\/057b69485e93575a5c2b1c1dde2dd297.jpeg","contentUrl":"https:\/\/nbcs.mx\/wp-content\/uploads\/2018\/09\/057b69485e93575a5c2b1c1dde2dd297.jpeg","width":64,"height":64,"caption":"NBCS Noticias"},"image":{"@id":"https:\/\/nbcs.mx\/#\/schema\/logo\/image\/"},"sameAs":["https:\/\/www.facebook.com\/NBCSnoticias","https:\/\/x.com\/NBCSnoticias"]},{"@type":"Person","@id":"https:\/\/nbcs.mx\/#\/schema\/person\/ece58bab9a7c1e87a4d28ec9ecd79ff4","name":"NBCS Noticias","image":{"@type":"ImageObject","inLanguage":"es","@id":"https:\/\/secure.gravatar.com\/avatar\/4e52110cad1c4054b43271a0d14bbe9e2ea76aecd0e1097edfc670798d9ca1d4?s=96&d=blank&r=g","url":"https:\/\/secure.gravatar.com\/avatar\/4e52110cad1c4054b43271a0d14bbe9e2ea76aecd0e1097edfc670798d9ca1d4?s=96&d=blank&r=g","contentUrl":"https:\/\/secure.gravatar.com\/avatar\/4e52110cad1c4054b43271a0d14bbe9e2ea76aecd0e1097edfc670798d9ca1d4?s=96&d=blank&r=g","caption":"NBCS Noticias"},"description":"\u00bfTienes fotos o video de alg\u00fan acto de posible negligencia, corrupci\u00f3n y abuso de autoridad? M\u00e1ndalo al WhatsApp de NBCS Noticias: 612 141 98 08","sameAs":["https:\/\/www.nbcs.mx","https:\/\/www.facebook.com\/NBCSnoticias","https:\/\/www.instagram.com\/nbcsnoticias\/","https:\/\/x.com\/https:\/\/twitter.com\/NBCSnoticias"]}]}},"jetpack_publicize_connections":[],"jetpack_featured_media_url":"https:\/\/nbcs.mx\/wp-content\/uploads\/2025\/06\/22-06-25-Inauguracion-Delfin-2.jpeg","jetpack_sharing_enabled":true,"_links":{"self":[{"href":"https:\/\/nbcs.mx\/index.php?rest_route=\/wp\/v2\/posts\/151821","targetHints":{"allow":["GET"]}}],"collection":[{"href":"https:\/\/nbcs.mx\/index.php?rest_route=\/wp\/v2\/posts"}],"about":[{"href":"https:\/\/nbcs.mx\/index.php?rest_route=\/wp\/v2\/types\/post"}],"author":[{"embeddable":true,"href":"https:\/\/nbcs.mx\/index.php?rest_route=\/wp\/v2\/users\/1"}],"replies":[{"embeddable":true,"href":"https:\/\/nbcs.mx\/index.php?rest_route=%2Fwp%2Fv2%2Fcomments&post=151821"}],"version-history":[{"count":1,"href":"https:\/\/nbcs.mx\/index.php?rest_route=\/wp\/v2\/posts\/151821\/revisions"}],"predecessor-version":[{"id":151823,"href":"https:\/\/nbcs.mx\/index.php?rest_route=\/wp\/v2\/posts\/151821\/revisions\/151823"}],"wp:featuredmedia":[{"embeddable":true,"href":"https:\/\/nbcs.mx\/index.php?rest_route=\/wp\/v2\/media\/151822"}],"wp:attachment":[{"href":"https:\/\/nbcs.mx\/index.php?rest_route=%2Fwp%2Fv2%2Fmedia&parent=151821"}],"wp:term":[{"taxonomy":"category","embeddable":true,"href":"https:\/\/nbcs.mx\/index.php?rest_route=%2Fwp%2Fv2%2Fcategories&post=151821"},{"taxonomy":"post_tag","embeddable":true,"href":"https:\/\/nbcs.mx\/index.php?rest_route=%2Fwp%2Fv2%2Ftags&post=151821"}],"curies":[{"name":"wp","href":"https:\/\/api.w.org\/{rel}","templated":true}]}}