{"id":151895,"date":"2025-06-23T23:47:36","date_gmt":"2025-06-24T05:47:36","guid":{"rendered":"https:\/\/nbcs.mx\/?p=151895"},"modified":"2025-06-23T23:47:36","modified_gmt":"2025-06-24T05:47:36","slug":"inicia-el-verano-y-la-paz-se-acercaria-a-los-40-durante-esta-semana","status":"publish","type":"post","link":"https:\/\/nbcs.mx\/?p=151895","title":{"rendered":"Inicia el verano y La Paz se acercar\u00eda a los 40\u00b0 durante esta semana"},"content":{"rendered":"<p style=\"text-align: justify;\"><img loading=\"lazy\" decoding=\"async\" class=\" wp-image-151896 alignleft\" src=\"https:\/\/nbcs.mx\/wp-content\/uploads\/2025\/06\/Calor-3.jpg\" alt=\"\" width=\"381\" height=\"210\" srcset=\"https:\/\/nbcs.mx\/wp-content\/uploads\/2025\/06\/Calor-3.jpg 725w, https:\/\/nbcs.mx\/wp-content\/uploads\/2025\/06\/Calor-3-150x83.jpg 150w\" sizes=\"auto, (max-width: 381px) 100vw, 381px\" \/>Ya en plena estaci\u00f3n de verano, la temperatura en Baja California Sur se acercar\u00eda a los 40 grados durante el fin de semana, principalmente en la regi\u00f3n de La Paz; en tanto que el registro m\u00e1s bajo ocurrir\u00eda en El Vizca\u00edno, donde se podr\u00eda estar en 12.<\/p>\n<p style=\"text-align: justify;\">Mientras tanto, para el jueves se pronostican lluvias m\u00ednimas en el sur del municipio de La Paz, debido a una circulaci\u00f3n tipo monz\u00f3n que prevalecer\u00e1 sobre el noroeste de M\u00e9xico, manteniendo la probabilidad de lluvias fuertes a muy fuertes en otras entidades de la regi\u00f3n.<\/p>\n<p style=\"text-align: justify;\">Para este martes La Paz alcanzar\u00eda temperaturas de hasta 36 grados con m\u00ednimas de 18, seguido de Ciudad Constituci\u00f3n y Heroica Muleg\u00e9 con 34 m\u00e1ximas de 34 y de 16 y 22, respectivamente, en las noches; en tanto que Santa Rosal\u00eda y Loreto estar\u00edan en 33 con 21 y 24.<\/p>\n<p style=\"text-align: justify;\">Los Cabos se ubicar\u00eda en 31 y 22, y El Vizca\u00edno en 31 y 12, y el resto de las regiones se ubicar\u00e1n con m\u00e1ximas por debajo de los 30 y m\u00ednimas de entre 13 y 17.<\/p>\n<p style=\"text-align: justify;\">El mi\u00e9rcoles la situaci\u00f3n ser\u00e1 similar, con incremento de 1 a 2 grados en El Vizca\u00edno y el valle de Santo Domingo, en tanto que Los Cabos disminuir\u00eda en esa misma proporci\u00f3n.<\/p>\n<p style=\"text-align: justify;\">El jueves, Ciudad Constituci\u00f3n se pondr\u00eda a la cabeza de la zona m\u00e1s caliente, con 37 grados, y La Paz se mantendr\u00eda en 36, pero con pron\u00f3stico de lluvias ligeras dispersas, en tanto que El Vizca\u00edno se elevar\u00eda a 34-14.<\/p>\n<p style=\"text-align: justify;\">Pero las condiciones se modificar\u00e1n dr\u00e1sticamente en viernes y s\u00e1bado para La Paz, y Ciudad Constituci\u00f3n, cuando algunos puntos de su geograf\u00eda alcanzar\u00edan los 38 grados, con 21 y 18 m\u00ednimas, mientras que El Vizca\u00edno y Heroica Muleg\u00e9 se elevar\u00edan a 36 en el d\u00eda, con 14 y 26 durante la noche.<\/p>\n<p style=\"text-align: justify;\">Los Cabos estar\u00eda en 33-22, y Santa Rosal\u00eda en 34-26, en tanto que inusitadamente San Juanico, que regularmente es fresco, llegar\u00eda a los 30 con 18, y el resto seguir\u00eda por debajo de los 30.<\/p>\n<p style=\"text-align: justify;\">El s\u00e1bado las condiciones ser\u00edan similares, salvo La Paz que se acercar\u00eda a los 40 grados, con m\u00ednimas de 22; en tanto que Ciudad Constituci\u00f3n se elevar\u00eda a 38-18, y El Vizca\u00edno 37-15, Santa Rosal\u00eda y Heroica Muleg\u00e9 36-26, Loreto y Los Cabos, 34 con m\u00ednimas de 26 y 24.<\/p>\n<p style=\"text-align: justify;\">Con el solsticio de verano del pasado 20 de junio, dio inicio la temporada de verano, que concluir\u00eda el 22 de septiembre. (Por: Arturo Nieves).<\/p>\n","protected":false},"excerpt":{"rendered":"<p>Ya en plena estaci\u00f3n de verano, la temperatura en Baja California Sur se acercar\u00eda a los 40 grados durante el<\/p>\n","protected":false},"author":1,"featured_media":151896,"comment_status":"open","ping_status":"closed","sticky":false,"template":"","format":"standard","meta":{"colormag_page_container_layout":"default_layout","colormag_page_sidebar_layout":"default_layout","_jetpack_newsletter_access":"","_jetpack_dont_email_post_to_subs":false,"_jetpack_newsletter_tier_id":0,"_jetpack_memberships_contains_paywalled_content":false,"_jetpack_feature_clip_id":0,"_jetpack_memberships_contains_paid_content":false,"footnotes":"","jetpack_publicize_message":"","jetpack_publicize_feature_enabled":true,"jetpack_social_post_already_shared":true,"jetpack_social_options":{"image_generator_settings":{"template":"highway","default_image_id":0,"font":"","enabled":false},"version":2},"jetpack_post_was_ever_published":false},"categories":[30],"tags":[],"class_list":["post-151895","post","type-post","status-publish","format-standard","has-post-thumbnail","hentry","category-clima"],"yoast_head":"<!-- This site is optimized with the Yoast SEO plugin v28.4 - https:\/\/yoast.com\/product\/yoast-seo-wordpress\/ -->\n<title>Inicia el verano y La Paz se acercar\u00eda a los 40\u00b0 durante esta semana - NBCS Noticias<\/title>\n<meta name=\"robots\" content=\"index, follow, max-snippet:-1, max-image-preview:large, max-video-preview:-1\" \/>\n<link rel=\"canonical\" href=\"https:\/\/nbcs.mx\/?p=151895\" \/>\n<meta property=\"og:locale\" content=\"es_ES\" \/>\n<meta property=\"og:type\" content=\"article\" \/>\n<meta property=\"og:title\" content=\"Inicia el verano y La Paz se acercar\u00eda a los 40\u00b0 durante esta semana - NBCS Noticias\" \/>\n<meta property=\"og:description\" content=\"Ya en plena estaci\u00f3n de verano, la temperatura en Baja California Sur se acercar\u00eda a los 40 grados durante el\" \/>\n<meta property=\"og:url\" content=\"https:\/\/nbcs.mx\/?p=151895\" \/>\n<meta property=\"og:site_name\" content=\"NBCS Noticias\" \/>\n<meta property=\"article:publisher\" content=\"https:\/\/www.facebook.com\/NBCSnoticias\" \/>\n<meta property=\"article:author\" content=\"https:\/\/www.facebook.com\/NBCSnoticias\" \/>\n<meta property=\"article:published_time\" content=\"2025-06-24T05:47:36+00:00\" \/>\n<meta property=\"og:image\" content=\"https:\/\/nbcs.mx\/wp-content\/uploads\/2025\/06\/Calor-3.jpg\" \/>\n\t<meta property=\"og:image:width\" content=\"725\" \/>\n\t<meta property=\"og:image:height\" content=\"400\" \/>\n\t<meta property=\"og:image:type\" content=\"image\/jpeg\" \/>\n<meta name=\"author\" content=\"NBCS Noticias\" \/>\n<meta name=\"twitter:card\" content=\"summary_large_image\" \/>\n<meta name=\"twitter:creator\" content=\"@https:\/\/twitter.com\/NBCSnoticias\" \/>\n<meta name=\"twitter:site\" content=\"@NBCSnoticias\" \/>\n<meta name=\"twitter:label1\" content=\"Escrito por\" \/>\n\t<meta name=\"twitter:data1\" content=\"NBCS Noticias\" \/>\n\t<meta name=\"twitter:label2\" content=\"Tiempo de lectura\" \/>\n\t<meta name=\"twitter:data2\" content=\"3 minutos\" \/>\n<script type=\"application\/ld+json\" class=\"yoast-schema-graph\">{\"@context\":\"https:\\\/\\\/schema.org\",\"@graph\":[{\"@type\":\"Article\",\"@id\":\"https:\\\/\\\/nbcs.mx\\\/?p=151895#article\",\"isPartOf\":{\"@id\":\"https:\\\/\\\/nbcs.mx\\\/?p=151895\"},\"author\":{\"name\":\"NBCS Noticias\",\"@id\":\"https:\\\/\\\/nbcs.mx\\\/#\\\/schema\\\/person\\\/ece58bab9a7c1e87a4d28ec9ecd79ff4\"},\"headline\":\"Inicia el verano y La Paz se acercar\u00eda a los 40\u00b0 durante esta semana\",\"datePublished\":\"2025-06-24T05:47:36+00:00\",\"mainEntityOfPage\":{\"@id\":\"https:\\\/\\\/nbcs.mx\\\/?p=151895\"},\"wordCount\":448,\"commentCount\":0,\"publisher\":{\"@id\":\"https:\\\/\\\/nbcs.mx\\\/#organization\"},\"image\":{\"@id\":\"https:\\\/\\\/nbcs.mx\\\/?p=151895#primaryimage\"},\"thumbnailUrl\":\"https:\\\/\\\/nbcs.mx\\\/wp-content\\\/uploads\\\/2025\\\/06\\\/Calor-3.jpg\",\"articleSection\":[\"Clima\"],\"inLanguage\":\"es\",\"potentialAction\":[{\"@type\":\"CommentAction\",\"name\":\"Comment\",\"target\":[\"https:\\\/\\\/nbcs.mx\\\/?p=151895#respond\"]}]},{\"@type\":\"WebPage\",\"@id\":\"https:\\\/\\\/nbcs.mx\\\/?p=151895\",\"url\":\"https:\\\/\\\/nbcs.mx\\\/?p=151895\",\"name\":\"Inicia el verano y La Paz se acercar\u00eda a los 40\u00b0 durante esta semana - NBCS Noticias\",\"isPartOf\":{\"@id\":\"https:\\\/\\\/nbcs.mx\\\/#website\"},\"primaryImageOfPage\":{\"@id\":\"https:\\\/\\\/nbcs.mx\\\/?p=151895#primaryimage\"},\"image\":{\"@id\":\"https:\\\/\\\/nbcs.mx\\\/?p=151895#primaryimage\"},\"thumbnailUrl\":\"https:\\\/\\\/nbcs.mx\\\/wp-content\\\/uploads\\\/2025\\\/06\\\/Calor-3.jpg\",\"datePublished\":\"2025-06-24T05:47:36+00:00\",\"breadcrumb\":{\"@id\":\"https:\\\/\\\/nbcs.mx\\\/?p=151895#breadcrumb\"},\"inLanguage\":\"es\",\"potentialAction\":[{\"@type\":\"ReadAction\",\"target\":[\"https:\\\/\\\/nbcs.mx\\\/?p=151895\"]}]},{\"@type\":\"ImageObject\",\"inLanguage\":\"es\",\"@id\":\"https:\\\/\\\/nbcs.mx\\\/?p=151895#primaryimage\",\"url\":\"https:\\\/\\\/nbcs.mx\\\/wp-content\\\/uploads\\\/2025\\\/06\\\/Calor-3.jpg\",\"contentUrl\":\"https:\\\/\\\/nbcs.mx\\\/wp-content\\\/uploads\\\/2025\\\/06\\\/Calor-3.jpg\",\"width\":725,\"height\":400},{\"@type\":\"BreadcrumbList\",\"@id\":\"https:\\\/\\\/nbcs.mx\\\/?p=151895#breadcrumb\",\"itemListElement\":[{\"@type\":\"ListItem\",\"position\":1,\"name\":\"Portada\",\"item\":\"https:\\\/\\\/nbcs.mx\\\/\"},{\"@type\":\"ListItem\",\"position\":2,\"name\":\"Inicia el verano y La Paz se acercar\u00eda a los 40\u00b0 durante esta semana\"}]},{\"@type\":\"WebSite\",\"@id\":\"https:\\\/\\\/nbcs.mx\\\/#website\",\"url\":\"https:\\\/\\\/nbcs.mx\\\/\",\"name\":\"NBCS Noticias\",\"description\":\"Sitio web de noticias en Baja California Sur\",\"publisher\":{\"@id\":\"https:\\\/\\\/nbcs.mx\\\/#organization\"},\"potentialAction\":[{\"@type\":\"SearchAction\",\"target\":{\"@type\":\"EntryPoint\",\"urlTemplate\":\"https:\\\/\\\/nbcs.mx\\\/?s={search_term_string}\"},\"query-input\":{\"@type\":\"PropertyValueSpecification\",\"valueRequired\":true,\"valueName\":\"search_term_string\"}}],\"inLanguage\":\"es\"},{\"@type\":\"Organization\",\"@id\":\"https:\\\/\\\/nbcs.mx\\\/#organization\",\"name\":\"NBCS Noticias\",\"url\":\"https:\\\/\\\/nbcs.mx\\\/\",\"logo\":{\"@type\":\"ImageObject\",\"inLanguage\":\"es\",\"@id\":\"https:\\\/\\\/nbcs.mx\\\/#\\\/schema\\\/logo\\\/image\\\/\",\"url\":\"https:\\\/\\\/nbcs.mx\\\/wp-content\\\/uploads\\\/2018\\\/09\\\/057b69485e93575a5c2b1c1dde2dd297.jpeg\",\"contentUrl\":\"https:\\\/\\\/nbcs.mx\\\/wp-content\\\/uploads\\\/2018\\\/09\\\/057b69485e93575a5c2b1c1dde2dd297.jpeg\",\"width\":64,\"height\":64,\"caption\":\"NBCS Noticias\"},\"image\":{\"@id\":\"https:\\\/\\\/nbcs.mx\\\/#\\\/schema\\\/logo\\\/image\\\/\"},\"sameAs\":[\"https:\\\/\\\/www.facebook.com\\\/NBCSnoticias\",\"https:\\\/\\\/x.com\\\/NBCSnoticias\"]},{\"@type\":\"Person\",\"@id\":\"https:\\\/\\\/nbcs.mx\\\/#\\\/schema\\\/person\\\/ece58bab9a7c1e87a4d28ec9ecd79ff4\",\"name\":\"NBCS Noticias\",\"image\":{\"@type\":\"ImageObject\",\"inLanguage\":\"es\",\"@id\":\"https:\\\/\\\/secure.gravatar.com\\\/avatar\\\/4e52110cad1c4054b43271a0d14bbe9e2ea76aecd0e1097edfc670798d9ca1d4?s=96&d=blank&r=g\",\"url\":\"https:\\\/\\\/secure.gravatar.com\\\/avatar\\\/4e52110cad1c4054b43271a0d14bbe9e2ea76aecd0e1097edfc670798d9ca1d4?s=96&d=blank&r=g\",\"contentUrl\":\"https:\\\/\\\/secure.gravatar.com\\\/avatar\\\/4e52110cad1c4054b43271a0d14bbe9e2ea76aecd0e1097edfc670798d9ca1d4?s=96&d=blank&r=g\",\"caption\":\"NBCS Noticias\"},\"description\":\"\u00bfTienes fotos o video de alg\u00fan acto de posible negligencia, corrupci\u00f3n y abuso de autoridad? M\u00e1ndalo al WhatsApp de NBCS Noticias: 612 141 98 08\",\"sameAs\":[\"https:\\\/\\\/www.nbcs.mx\",\"https:\\\/\\\/www.facebook.com\\\/NBCSnoticias\",\"https:\\\/\\\/www.instagram.com\\\/nbcsnoticias\\\/\",\"https:\\\/\\\/x.com\\\/https:\\\/\\\/twitter.com\\\/NBCSnoticias\"]}]}<\/script>\n<!-- \/ Yoast SEO plugin. -->","yoast_head_json":{"title":"Inicia el verano y La Paz se acercar\u00eda a los 40\u00b0 durante esta semana - NBCS Noticias","robots":{"index":"index","follow":"follow","max-snippet":"max-snippet:-1","max-image-preview":"max-image-preview:large","max-video-preview":"max-video-preview:-1"},"canonical":"https:\/\/nbcs.mx\/?p=151895","og_locale":"es_ES","og_type":"article","og_title":"Inicia el verano y La Paz se acercar\u00eda a los 40\u00b0 durante esta semana - NBCS Noticias","og_description":"Ya en plena estaci\u00f3n de verano, la temperatura en Baja California Sur se acercar\u00eda a los 40 grados durante el","og_url":"https:\/\/nbcs.mx\/?p=151895","og_site_name":"NBCS Noticias","article_publisher":"https:\/\/www.facebook.com\/NBCSnoticias","article_author":"https:\/\/www.facebook.com\/NBCSnoticias","article_published_time":"2025-06-24T05:47:36+00:00","og_image":[{"width":725,"height":400,"url":"https:\/\/nbcs.mx\/wp-content\/uploads\/2025\/06\/Calor-3.jpg","type":"image\/jpeg"}],"author":"NBCS Noticias","twitter_card":"summary_large_image","twitter_creator":"@https:\/\/twitter.com\/NBCSnoticias","twitter_site":"@NBCSnoticias","twitter_misc":{"Escrito por":"NBCS Noticias","Tiempo de lectura":"3 minutos"},"schema":{"@context":"https:\/\/schema.org","@graph":[{"@type":"Article","@id":"https:\/\/nbcs.mx\/?p=151895#article","isPartOf":{"@id":"https:\/\/nbcs.mx\/?p=151895"},"author":{"name":"NBCS Noticias","@id":"https:\/\/nbcs.mx\/#\/schema\/person\/ece58bab9a7c1e87a4d28ec9ecd79ff4"},"headline":"Inicia el verano y La Paz se acercar\u00eda a los 40\u00b0 durante esta semana","datePublished":"2025-06-24T05:47:36+00:00","mainEntityOfPage":{"@id":"https:\/\/nbcs.mx\/?p=151895"},"wordCount":448,"commentCount":0,"publisher":{"@id":"https:\/\/nbcs.mx\/#organization"},"image":{"@id":"https:\/\/nbcs.mx\/?p=151895#primaryimage"},"thumbnailUrl":"https:\/\/nbcs.mx\/wp-content\/uploads\/2025\/06\/Calor-3.jpg","articleSection":["Clima"],"inLanguage":"es","potentialAction":[{"@type":"CommentAction","name":"Comment","target":["https:\/\/nbcs.mx\/?p=151895#respond"]}]},{"@type":"WebPage","@id":"https:\/\/nbcs.mx\/?p=151895","url":"https:\/\/nbcs.mx\/?p=151895","name":"Inicia el verano y La Paz se acercar\u00eda a los 40\u00b0 durante esta semana - NBCS Noticias","isPartOf":{"@id":"https:\/\/nbcs.mx\/#website"},"primaryImageOfPage":{"@id":"https:\/\/nbcs.mx\/?p=151895#primaryimage"},"image":{"@id":"https:\/\/nbcs.mx\/?p=151895#primaryimage"},"thumbnailUrl":"https:\/\/nbcs.mx\/wp-content\/uploads\/2025\/06\/Calor-3.jpg","datePublished":"2025-06-24T05:47:36+00:00","breadcrumb":{"@id":"https:\/\/nbcs.mx\/?p=151895#breadcrumb"},"inLanguage":"es","potentialAction":[{"@type":"ReadAction","target":["https:\/\/nbcs.mx\/?p=151895"]}]},{"@type":"ImageObject","inLanguage":"es","@id":"https:\/\/nbcs.mx\/?p=151895#primaryimage","url":"https:\/\/nbcs.mx\/wp-content\/uploads\/2025\/06\/Calor-3.jpg","contentUrl":"https:\/\/nbcs.mx\/wp-content\/uploads\/2025\/06\/Calor-3.jpg","width":725,"height":400},{"@type":"BreadcrumbList","@id":"https:\/\/nbcs.mx\/?p=151895#breadcrumb","itemListElement":[{"@type":"ListItem","position":1,"name":"Portada","item":"https:\/\/nbcs.mx\/"},{"@type":"ListItem","position":2,"name":"Inicia el verano y La Paz se acercar\u00eda a los 40\u00b0 durante esta semana"}]},{"@type":"WebSite","@id":"https:\/\/nbcs.mx\/#website","url":"https:\/\/nbcs.mx\/","name":"NBCS Noticias","description":"Sitio web de noticias en Baja California Sur","publisher":{"@id":"https:\/\/nbcs.mx\/#organization"},"potentialAction":[{"@type":"SearchAction","target":{"@type":"EntryPoint","urlTemplate":"https:\/\/nbcs.mx\/?s={search_term_string}"},"query-input":{"@type":"PropertyValueSpecification","valueRequired":true,"valueName":"search_term_string"}}],"inLanguage":"es"},{"@type":"Organization","@id":"https:\/\/nbcs.mx\/#organization","name":"NBCS Noticias","url":"https:\/\/nbcs.mx\/","logo":{"@type":"ImageObject","inLanguage":"es","@id":"https:\/\/nbcs.mx\/#\/schema\/logo\/image\/","url":"https:\/\/nbcs.mx\/wp-content\/uploads\/2018\/09\/057b69485e93575a5c2b1c1dde2dd297.jpeg","contentUrl":"https:\/\/nbcs.mx\/wp-content\/uploads\/2018\/09\/057b69485e93575a5c2b1c1dde2dd297.jpeg","width":64,"height":64,"caption":"NBCS Noticias"},"image":{"@id":"https:\/\/nbcs.mx\/#\/schema\/logo\/image\/"},"sameAs":["https:\/\/www.facebook.com\/NBCSnoticias","https:\/\/x.com\/NBCSnoticias"]},{"@type":"Person","@id":"https:\/\/nbcs.mx\/#\/schema\/person\/ece58bab9a7c1e87a4d28ec9ecd79ff4","name":"NBCS Noticias","image":{"@type":"ImageObject","inLanguage":"es","@id":"https:\/\/secure.gravatar.com\/avatar\/4e52110cad1c4054b43271a0d14bbe9e2ea76aecd0e1097edfc670798d9ca1d4?s=96&d=blank&r=g","url":"https:\/\/secure.gravatar.com\/avatar\/4e52110cad1c4054b43271a0d14bbe9e2ea76aecd0e1097edfc670798d9ca1d4?s=96&d=blank&r=g","contentUrl":"https:\/\/secure.gravatar.com\/avatar\/4e52110cad1c4054b43271a0d14bbe9e2ea76aecd0e1097edfc670798d9ca1d4?s=96&d=blank&r=g","caption":"NBCS Noticias"},"description":"\u00bfTienes fotos o video de alg\u00fan acto de posible negligencia, corrupci\u00f3n y abuso de autoridad? M\u00e1ndalo al WhatsApp de NBCS Noticias: 612 141 98 08","sameAs":["https:\/\/www.nbcs.mx","https:\/\/www.facebook.com\/NBCSnoticias","https:\/\/www.instagram.com\/nbcsnoticias\/","https:\/\/x.com\/https:\/\/twitter.com\/NBCSnoticias"]}]}},"jetpack_publicize_connections":[],"jetpack_sharing_enabled":true,"jetpack_featured_media_url":"https:\/\/nbcs.mx\/wp-content\/uploads\/2025\/06\/Calor-3.jpg","_links":{"self":[{"href":"https:\/\/nbcs.mx\/index.php?rest_route=\/wp\/v2\/posts\/151895","targetHints":{"allow":["GET"]}}],"collection":[{"href":"https:\/\/nbcs.mx\/index.php?rest_route=\/wp\/v2\/posts"}],"about":[{"href":"https:\/\/nbcs.mx\/index.php?rest_route=\/wp\/v2\/types\/post"}],"author":[{"embeddable":true,"href":"https:\/\/nbcs.mx\/index.php?rest_route=\/wp\/v2\/users\/1"}],"replies":[{"embeddable":true,"href":"https:\/\/nbcs.mx\/index.php?rest_route=%2Fwp%2Fv2%2Fcomments&post=151895"}],"version-history":[{"count":1,"href":"https:\/\/nbcs.mx\/index.php?rest_route=\/wp\/v2\/posts\/151895\/revisions"}],"predecessor-version":[{"id":151897,"href":"https:\/\/nbcs.mx\/index.php?rest_route=\/wp\/v2\/posts\/151895\/revisions\/151897"}],"wp:featuredmedia":[{"embeddable":true,"href":"https:\/\/nbcs.mx\/index.php?rest_route=\/wp\/v2\/media\/151896"}],"wp:attachment":[{"href":"https:\/\/nbcs.mx\/index.php?rest_route=%2Fwp%2Fv2%2Fmedia&parent=151895"}],"wp:term":[{"taxonomy":"category","embeddable":true,"href":"https:\/\/nbcs.mx\/index.php?rest_route=%2Fwp%2Fv2%2Fcategories&post=151895"},{"taxonomy":"post_tag","embeddable":true,"href":"https:\/\/nbcs.mx\/index.php?rest_route=%2Fwp%2Fv2%2Ftags&post=151895"}],"curies":[{"name":"wp","href":"https:\/\/api.w.org\/{rel}","templated":true}]}}