{"id":152412,"date":"2025-07-06T17:47:34","date_gmt":"2025-07-06T23:47:34","guid":{"rendered":"https:\/\/nbcs.mx\/?p=152412"},"modified":"2025-07-06T17:47:34","modified_gmt":"2025-07-06T23:47:34","slug":"encabeza-milena-quiroga-jornada-de-biciviernes-con-mas-de-200-participantes","status":"publish","type":"post","link":"https:\/\/nbcs.mx\/?p=152412","title":{"rendered":"Encabeza Milena Quiroga jornada de biciviernes con m\u00e1s de 200 participantes"},"content":{"rendered":"<figure id=\"attachment_152413\" aria-describedby=\"caption-attachment-152413\" style=\"width: 383px\" class=\"wp-caption alignleft\"><img loading=\"lazy\" decoding=\"async\" class=\" wp-image-152413\" src=\"https:\/\/nbcs.mx\/wp-content\/uploads\/2025\/07\/Foto-Boletin-799-755x378.jpg\" alt=\"\" width=\"383\" height=\"192\" srcset=\"https:\/\/nbcs.mx\/wp-content\/uploads\/2025\/07\/Foto-Boletin-799-755x378.jpg 755w, https:\/\/nbcs.mx\/wp-content\/uploads\/2025\/07\/Foto-Boletin-799-1024x513.jpg 1024w, https:\/\/nbcs.mx\/wp-content\/uploads\/2025\/07\/Foto-Boletin-799-150x75.jpg 150w, https:\/\/nbcs.mx\/wp-content\/uploads\/2025\/07\/Foto-Boletin-799-768x384.jpg 768w, https:\/\/nbcs.mx\/wp-content\/uploads\/2025\/07\/Foto-Boletin-799-1536x769.jpg 1536w, https:\/\/nbcs.mx\/wp-content\/uploads\/2025\/07\/Foto-Boletin-799.jpg 2048w\" sizes=\"auto, (max-width: 383px) 100vw, 383px\" \/><figcaption id=\"caption-attachment-152413\" class=\"wp-caption-text\">default<\/figcaption><\/figure>\n<p style=\"font-weight: 400; text-align: justify;\">M\u00e1s de 200 personas se sumaron al biciviernes, una actividad promovida por la alcaldesa de La Paz, Milena Quiroga Romero, con el objetivo de fomentar el uso de veh\u00edculos no motorizados y la activaci\u00f3n f\u00edsica entre la poblaci\u00f3n, en un ambiente familiar y saludable.<\/p>\n<p style=\"font-weight: 400; text-align: justify;\">\n<p style=\"font-weight: 400; text-align: justify;\">Durante el evento, la presidenta municipal destac\u00f3 que esta iniciativa, que cumple dos a\u00f1os realiz\u00e1ndose de manera constante, busca no solo impulsar la movilidad en bicicleta, sino tambi\u00e9n generar conciencia sobre la necesidad de contar con infraestructura adecuada.<\/p>\n<p style=\"font-weight: 400; text-align: justify;\">\n<p style=\"font-weight: 400; text-align: justify;\">\u00a0\u201cEstas actividades tambi\u00e9n son para hacer conciencia, si estamos manejando y vemos a un ciclista, bajemos la velocidad y ayudemos a protegerlas y protegerlos. Hay mucha gente que se mueve en bicicleta y tenemos que darle prioridad, as\u00ed como al peat\u00f3n, as\u00ed que es un llamado a la conciencia para que respetemos a las y los ciclistas. Y cuando construyamos calles se contemplen ciclov\u00edas, porque de esa manera tendremos todas y todos un espacio seguro para transitar\u201d, expres\u00f3.<\/p>\n<p style=\"font-weight: 400; text-align: justify;\">\n<p style=\"font-weight: 400; text-align: justify;\">La \u00faltima edici\u00f3n del biciviernes se llev\u00f3 a cabo por la tarde, partiendo del estacionamiento del Ayuntamiento de La Paz, incorpor\u00e1ndose al par vial hasta la avenida Abasolo, para concluir en el kiosco del malec\u00f3n, sumando un recorrido aproximado de 11 kil\u00f3metros.<\/p>\n<p style=\"font-weight: 400; text-align: justify;\">\n<p style=\"font-weight: 400; text-align: justify;\">Al evento se sumaron instituciones y colectivos como el Instituto Mexicano de la Juventud, encabezado por Abraham Carro; personal del Conalep, COBACH, FONMAR, la SEP, GAP; grupos ciclistas como Runners, Babisuri y Guaycura; adem\u00e1s de direcciones municipales como OOMSAPAS, la Direcci\u00f3n de Tr\u00e1nsito Municipal, Tesorer\u00eda, y el diputado local Eduardo \u201cYayo\u201d Van Wormer.<\/p>\n<p style=\"font-weight: 400; text-align: justify;\">\n<p style=\"font-weight: 400; text-align: justify;\">Cabe se\u00f1alar que esta jornada saludable tambi\u00e9n fue replicada en otros municipios del estado, consolidando al biciviernes como una estrategia que crece y se fortalece con la participaci\u00f3n ciudadana y en favor de la salud.<\/p>\n","protected":false},"excerpt":{"rendered":"<p>M\u00e1s de 200 personas se sumaron al biciviernes, una actividad promovida por la alcaldesa de La Paz, Milena Quiroga Romero,<\/p>\n","protected":false},"author":1,"featured_media":152413,"comment_status":"open","ping_status":"closed","sticky":false,"template":"","format":"standard","meta":{"colormag_page_container_layout":"default_layout","colormag_page_sidebar_layout":"default_layout","_jetpack_memberships_contains_paid_content":false,"footnotes":"","jetpack_publicize_message":"","jetpack_publicize_feature_enabled":true,"jetpack_social_post_already_shared":true,"jetpack_social_options":{"image_generator_settings":{"template":"highway","default_image_id":0,"font":"","enabled":false},"version":2}},"categories":[40],"tags":[],"class_list":["post-152412","post","type-post","status-publish","format-standard","has-post-thumbnail","hentry","category-municipios"],"yoast_head":"<!-- This site is optimized with the Yoast SEO plugin v27.5 - https:\/\/yoast.com\/product\/yoast-seo-wordpress\/ -->\n<title>Encabeza Milena Quiroga jornada de biciviernes con m\u00e1s de 200 participantes - NBCS Noticias<\/title>\n<meta name=\"robots\" content=\"index, follow, max-snippet:-1, max-image-preview:large, max-video-preview:-1\" \/>\n<link rel=\"canonical\" href=\"https:\/\/nbcs.mx\/?p=152412\" \/>\n<meta property=\"og:locale\" content=\"es_ES\" \/>\n<meta property=\"og:type\" content=\"article\" \/>\n<meta property=\"og:title\" content=\"Encabeza Milena Quiroga jornada de biciviernes con m\u00e1s de 200 participantes - NBCS Noticias\" \/>\n<meta property=\"og:description\" content=\"M\u00e1s de 200 personas se sumaron al biciviernes, una actividad promovida por la alcaldesa de La Paz, Milena Quiroga Romero,\" \/>\n<meta property=\"og:url\" content=\"https:\/\/nbcs.mx\/?p=152412\" \/>\n<meta property=\"og:site_name\" content=\"NBCS Noticias\" \/>\n<meta property=\"article:publisher\" content=\"https:\/\/www.facebook.com\/NBCSnoticias\" \/>\n<meta property=\"article:author\" content=\"https:\/\/www.facebook.com\/NBCSnoticias\" \/>\n<meta property=\"article:published_time\" content=\"2025-07-06T23:47:34+00:00\" \/>\n<meta property=\"og:image\" content=\"https:\/\/nbcs.mx\/wp-content\/uploads\/2025\/07\/Foto-Boletin-799-1024x513.jpg\" \/>\n\t<meta property=\"og:image:width\" content=\"1024\" \/>\n\t<meta property=\"og:image:height\" content=\"513\" \/>\n\t<meta property=\"og:image:type\" content=\"image\/jpeg\" \/>\n<meta name=\"author\" content=\"NBCS Noticias\" \/>\n<meta name=\"twitter:card\" content=\"summary_large_image\" \/>\n<meta name=\"twitter:creator\" content=\"@https:\/\/twitter.com\/NBCSnoticias\" \/>\n<meta name=\"twitter:site\" content=\"@NBCSnoticias\" \/>\n<meta name=\"twitter:label1\" content=\"Escrito por\" \/>\n\t<meta name=\"twitter:data1\" content=\"NBCS Noticias\" \/>\n\t<meta name=\"twitter:label2\" content=\"Tiempo de lectura\" \/>\n\t<meta name=\"twitter:data2\" content=\"2 minutos\" \/>\n<script type=\"application\/ld+json\" class=\"yoast-schema-graph\">{\"@context\":\"https:\\\/\\\/schema.org\",\"@graph\":[{\"@type\":\"Article\",\"@id\":\"https:\\\/\\\/nbcs.mx\\\/?p=152412#article\",\"isPartOf\":{\"@id\":\"https:\\\/\\\/nbcs.mx\\\/?p=152412\"},\"author\":{\"name\":\"NBCS Noticias\",\"@id\":\"https:\\\/\\\/nbcs.mx\\\/#\\\/schema\\\/person\\\/ece58bab9a7c1e87a4d28ec9ecd79ff4\"},\"headline\":\"Encabeza Milena Quiroga jornada de biciviernes con m\u00e1s de 200 participantes\",\"datePublished\":\"2025-07-06T23:47:34+00:00\",\"mainEntityOfPage\":{\"@id\":\"https:\\\/\\\/nbcs.mx\\\/?p=152412\"},\"wordCount\":329,\"commentCount\":0,\"publisher\":{\"@id\":\"https:\\\/\\\/nbcs.mx\\\/#organization\"},\"image\":{\"@id\":\"https:\\\/\\\/nbcs.mx\\\/?p=152412#primaryimage\"},\"thumbnailUrl\":\"https:\\\/\\\/nbcs.mx\\\/wp-content\\\/uploads\\\/2025\\\/07\\\/Foto-Boletin-799.jpg\",\"articleSection\":[\"Municipios\"],\"inLanguage\":\"es\",\"potentialAction\":[{\"@type\":\"CommentAction\",\"name\":\"Comment\",\"target\":[\"https:\\\/\\\/nbcs.mx\\\/?p=152412#respond\"]}]},{\"@type\":\"WebPage\",\"@id\":\"https:\\\/\\\/nbcs.mx\\\/?p=152412\",\"url\":\"https:\\\/\\\/nbcs.mx\\\/?p=152412\",\"name\":\"Encabeza Milena Quiroga jornada de biciviernes con m\u00e1s de 200 participantes - NBCS Noticias\",\"isPartOf\":{\"@id\":\"https:\\\/\\\/nbcs.mx\\\/#website\"},\"primaryImageOfPage\":{\"@id\":\"https:\\\/\\\/nbcs.mx\\\/?p=152412#primaryimage\"},\"image\":{\"@id\":\"https:\\\/\\\/nbcs.mx\\\/?p=152412#primaryimage\"},\"thumbnailUrl\":\"https:\\\/\\\/nbcs.mx\\\/wp-content\\\/uploads\\\/2025\\\/07\\\/Foto-Boletin-799.jpg\",\"datePublished\":\"2025-07-06T23:47:34+00:00\",\"breadcrumb\":{\"@id\":\"https:\\\/\\\/nbcs.mx\\\/?p=152412#breadcrumb\"},\"inLanguage\":\"es\",\"potentialAction\":[{\"@type\":\"ReadAction\",\"target\":[\"https:\\\/\\\/nbcs.mx\\\/?p=152412\"]}]},{\"@type\":\"ImageObject\",\"inLanguage\":\"es\",\"@id\":\"https:\\\/\\\/nbcs.mx\\\/?p=152412#primaryimage\",\"url\":\"https:\\\/\\\/nbcs.mx\\\/wp-content\\\/uploads\\\/2025\\\/07\\\/Foto-Boletin-799.jpg\",\"contentUrl\":\"https:\\\/\\\/nbcs.mx\\\/wp-content\\\/uploads\\\/2025\\\/07\\\/Foto-Boletin-799.jpg\",\"width\":2048,\"height\":1025,\"caption\":\"default\"},{\"@type\":\"BreadcrumbList\",\"@id\":\"https:\\\/\\\/nbcs.mx\\\/?p=152412#breadcrumb\",\"itemListElement\":[{\"@type\":\"ListItem\",\"position\":1,\"name\":\"Portada\",\"item\":\"https:\\\/\\\/nbcs.mx\\\/\"},{\"@type\":\"ListItem\",\"position\":2,\"name\":\"Encabeza Milena Quiroga jornada de biciviernes con m\u00e1s de 200 participantes\"}]},{\"@type\":\"WebSite\",\"@id\":\"https:\\\/\\\/nbcs.mx\\\/#website\",\"url\":\"https:\\\/\\\/nbcs.mx\\\/\",\"name\":\"NBCS Noticias\",\"description\":\"Sitio web de noticias en Baja California Sur\",\"publisher\":{\"@id\":\"https:\\\/\\\/nbcs.mx\\\/#organization\"},\"potentialAction\":[{\"@type\":\"SearchAction\",\"target\":{\"@type\":\"EntryPoint\",\"urlTemplate\":\"https:\\\/\\\/nbcs.mx\\\/?s={search_term_string}\"},\"query-input\":{\"@type\":\"PropertyValueSpecification\",\"valueRequired\":true,\"valueName\":\"search_term_string\"}}],\"inLanguage\":\"es\"},{\"@type\":\"Organization\",\"@id\":\"https:\\\/\\\/nbcs.mx\\\/#organization\",\"name\":\"NBCS Noticias\",\"url\":\"https:\\\/\\\/nbcs.mx\\\/\",\"logo\":{\"@type\":\"ImageObject\",\"inLanguage\":\"es\",\"@id\":\"https:\\\/\\\/nbcs.mx\\\/#\\\/schema\\\/logo\\\/image\\\/\",\"url\":\"https:\\\/\\\/nbcs.mx\\\/wp-content\\\/uploads\\\/2018\\\/09\\\/057b69485e93575a5c2b1c1dde2dd297.jpeg\",\"contentUrl\":\"https:\\\/\\\/nbcs.mx\\\/wp-content\\\/uploads\\\/2018\\\/09\\\/057b69485e93575a5c2b1c1dde2dd297.jpeg\",\"width\":64,\"height\":64,\"caption\":\"NBCS Noticias\"},\"image\":{\"@id\":\"https:\\\/\\\/nbcs.mx\\\/#\\\/schema\\\/logo\\\/image\\\/\"},\"sameAs\":[\"https:\\\/\\\/www.facebook.com\\\/NBCSnoticias\",\"https:\\\/\\\/x.com\\\/NBCSnoticias\"]},{\"@type\":\"Person\",\"@id\":\"https:\\\/\\\/nbcs.mx\\\/#\\\/schema\\\/person\\\/ece58bab9a7c1e87a4d28ec9ecd79ff4\",\"name\":\"NBCS Noticias\",\"image\":{\"@type\":\"ImageObject\",\"inLanguage\":\"es\",\"@id\":\"https:\\\/\\\/secure.gravatar.com\\\/avatar\\\/4e52110cad1c4054b43271a0d14bbe9e2ea76aecd0e1097edfc670798d9ca1d4?s=96&d=blank&r=g\",\"url\":\"https:\\\/\\\/secure.gravatar.com\\\/avatar\\\/4e52110cad1c4054b43271a0d14bbe9e2ea76aecd0e1097edfc670798d9ca1d4?s=96&d=blank&r=g\",\"contentUrl\":\"https:\\\/\\\/secure.gravatar.com\\\/avatar\\\/4e52110cad1c4054b43271a0d14bbe9e2ea76aecd0e1097edfc670798d9ca1d4?s=96&d=blank&r=g\",\"caption\":\"NBCS Noticias\"},\"description\":\"\u00bfTienes fotos o video de alg\u00fan acto de posible negligencia, corrupci\u00f3n y abuso de autoridad? M\u00e1ndalo al WhatsApp de NBCS Noticias: 612 141 98 08\",\"sameAs\":[\"https:\\\/\\\/www.nbcs.mx\",\"https:\\\/\\\/www.facebook.com\\\/NBCSnoticias\",\"https:\\\/\\\/www.instagram.com\\\/nbcsnoticias\\\/\",\"https:\\\/\\\/x.com\\\/https:\\\/\\\/twitter.com\\\/NBCSnoticias\"]}]}<\/script>\n<!-- \/ Yoast SEO plugin. -->","yoast_head_json":{"title":"Encabeza Milena Quiroga jornada de biciviernes con m\u00e1s de 200 participantes - NBCS Noticias","robots":{"index":"index","follow":"follow","max-snippet":"max-snippet:-1","max-image-preview":"max-image-preview:large","max-video-preview":"max-video-preview:-1"},"canonical":"https:\/\/nbcs.mx\/?p=152412","og_locale":"es_ES","og_type":"article","og_title":"Encabeza Milena Quiroga jornada de biciviernes con m\u00e1s de 200 participantes - NBCS Noticias","og_description":"M\u00e1s de 200 personas se sumaron al biciviernes, una actividad promovida por la alcaldesa de La Paz, Milena Quiroga Romero,","og_url":"https:\/\/nbcs.mx\/?p=152412","og_site_name":"NBCS Noticias","article_publisher":"https:\/\/www.facebook.com\/NBCSnoticias","article_author":"https:\/\/www.facebook.com\/NBCSnoticias","article_published_time":"2025-07-06T23:47:34+00:00","og_image":[{"width":1024,"height":513,"url":"https:\/\/nbcs.mx\/wp-content\/uploads\/2025\/07\/Foto-Boletin-799-1024x513.jpg","type":"image\/jpeg"}],"author":"NBCS Noticias","twitter_card":"summary_large_image","twitter_creator":"@https:\/\/twitter.com\/NBCSnoticias","twitter_site":"@NBCSnoticias","twitter_misc":{"Escrito por":"NBCS Noticias","Tiempo de lectura":"2 minutos"},"schema":{"@context":"https:\/\/schema.org","@graph":[{"@type":"Article","@id":"https:\/\/nbcs.mx\/?p=152412#article","isPartOf":{"@id":"https:\/\/nbcs.mx\/?p=152412"},"author":{"name":"NBCS Noticias","@id":"https:\/\/nbcs.mx\/#\/schema\/person\/ece58bab9a7c1e87a4d28ec9ecd79ff4"},"headline":"Encabeza Milena Quiroga jornada de biciviernes con m\u00e1s de 200 participantes","datePublished":"2025-07-06T23:47:34+00:00","mainEntityOfPage":{"@id":"https:\/\/nbcs.mx\/?p=152412"},"wordCount":329,"commentCount":0,"publisher":{"@id":"https:\/\/nbcs.mx\/#organization"},"image":{"@id":"https:\/\/nbcs.mx\/?p=152412#primaryimage"},"thumbnailUrl":"https:\/\/nbcs.mx\/wp-content\/uploads\/2025\/07\/Foto-Boletin-799.jpg","articleSection":["Municipios"],"inLanguage":"es","potentialAction":[{"@type":"CommentAction","name":"Comment","target":["https:\/\/nbcs.mx\/?p=152412#respond"]}]},{"@type":"WebPage","@id":"https:\/\/nbcs.mx\/?p=152412","url":"https:\/\/nbcs.mx\/?p=152412","name":"Encabeza Milena Quiroga jornada de biciviernes con m\u00e1s de 200 participantes - NBCS Noticias","isPartOf":{"@id":"https:\/\/nbcs.mx\/#website"},"primaryImageOfPage":{"@id":"https:\/\/nbcs.mx\/?p=152412#primaryimage"},"image":{"@id":"https:\/\/nbcs.mx\/?p=152412#primaryimage"},"thumbnailUrl":"https:\/\/nbcs.mx\/wp-content\/uploads\/2025\/07\/Foto-Boletin-799.jpg","datePublished":"2025-07-06T23:47:34+00:00","breadcrumb":{"@id":"https:\/\/nbcs.mx\/?p=152412#breadcrumb"},"inLanguage":"es","potentialAction":[{"@type":"ReadAction","target":["https:\/\/nbcs.mx\/?p=152412"]}]},{"@type":"ImageObject","inLanguage":"es","@id":"https:\/\/nbcs.mx\/?p=152412#primaryimage","url":"https:\/\/nbcs.mx\/wp-content\/uploads\/2025\/07\/Foto-Boletin-799.jpg","contentUrl":"https:\/\/nbcs.mx\/wp-content\/uploads\/2025\/07\/Foto-Boletin-799.jpg","width":2048,"height":1025,"caption":"default"},{"@type":"BreadcrumbList","@id":"https:\/\/nbcs.mx\/?p=152412#breadcrumb","itemListElement":[{"@type":"ListItem","position":1,"name":"Portada","item":"https:\/\/nbcs.mx\/"},{"@type":"ListItem","position":2,"name":"Encabeza Milena Quiroga jornada de biciviernes con m\u00e1s de 200 participantes"}]},{"@type":"WebSite","@id":"https:\/\/nbcs.mx\/#website","url":"https:\/\/nbcs.mx\/","name":"NBCS Noticias","description":"Sitio web de noticias en Baja California Sur","publisher":{"@id":"https:\/\/nbcs.mx\/#organization"},"potentialAction":[{"@type":"SearchAction","target":{"@type":"EntryPoint","urlTemplate":"https:\/\/nbcs.mx\/?s={search_term_string}"},"query-input":{"@type":"PropertyValueSpecification","valueRequired":true,"valueName":"search_term_string"}}],"inLanguage":"es"},{"@type":"Organization","@id":"https:\/\/nbcs.mx\/#organization","name":"NBCS Noticias","url":"https:\/\/nbcs.mx\/","logo":{"@type":"ImageObject","inLanguage":"es","@id":"https:\/\/nbcs.mx\/#\/schema\/logo\/image\/","url":"https:\/\/nbcs.mx\/wp-content\/uploads\/2018\/09\/057b69485e93575a5c2b1c1dde2dd297.jpeg","contentUrl":"https:\/\/nbcs.mx\/wp-content\/uploads\/2018\/09\/057b69485e93575a5c2b1c1dde2dd297.jpeg","width":64,"height":64,"caption":"NBCS Noticias"},"image":{"@id":"https:\/\/nbcs.mx\/#\/schema\/logo\/image\/"},"sameAs":["https:\/\/www.facebook.com\/NBCSnoticias","https:\/\/x.com\/NBCSnoticias"]},{"@type":"Person","@id":"https:\/\/nbcs.mx\/#\/schema\/person\/ece58bab9a7c1e87a4d28ec9ecd79ff4","name":"NBCS Noticias","image":{"@type":"ImageObject","inLanguage":"es","@id":"https:\/\/secure.gravatar.com\/avatar\/4e52110cad1c4054b43271a0d14bbe9e2ea76aecd0e1097edfc670798d9ca1d4?s=96&d=blank&r=g","url":"https:\/\/secure.gravatar.com\/avatar\/4e52110cad1c4054b43271a0d14bbe9e2ea76aecd0e1097edfc670798d9ca1d4?s=96&d=blank&r=g","contentUrl":"https:\/\/secure.gravatar.com\/avatar\/4e52110cad1c4054b43271a0d14bbe9e2ea76aecd0e1097edfc670798d9ca1d4?s=96&d=blank&r=g","caption":"NBCS Noticias"},"description":"\u00bfTienes fotos o video de alg\u00fan acto de posible negligencia, corrupci\u00f3n y abuso de autoridad? M\u00e1ndalo al WhatsApp de NBCS Noticias: 612 141 98 08","sameAs":["https:\/\/www.nbcs.mx","https:\/\/www.facebook.com\/NBCSnoticias","https:\/\/www.instagram.com\/nbcsnoticias\/","https:\/\/x.com\/https:\/\/twitter.com\/NBCSnoticias"]}]}},"jetpack_publicize_connections":[],"jetpack_featured_media_url":"https:\/\/nbcs.mx\/wp-content\/uploads\/2025\/07\/Foto-Boletin-799.jpg","jetpack_sharing_enabled":true,"_links":{"self":[{"href":"https:\/\/nbcs.mx\/index.php?rest_route=\/wp\/v2\/posts\/152412","targetHints":{"allow":["GET"]}}],"collection":[{"href":"https:\/\/nbcs.mx\/index.php?rest_route=\/wp\/v2\/posts"}],"about":[{"href":"https:\/\/nbcs.mx\/index.php?rest_route=\/wp\/v2\/types\/post"}],"author":[{"embeddable":true,"href":"https:\/\/nbcs.mx\/index.php?rest_route=\/wp\/v2\/users\/1"}],"replies":[{"embeddable":true,"href":"https:\/\/nbcs.mx\/index.php?rest_route=%2Fwp%2Fv2%2Fcomments&post=152412"}],"version-history":[{"count":1,"href":"https:\/\/nbcs.mx\/index.php?rest_route=\/wp\/v2\/posts\/152412\/revisions"}],"predecessor-version":[{"id":152414,"href":"https:\/\/nbcs.mx\/index.php?rest_route=\/wp\/v2\/posts\/152412\/revisions\/152414"}],"wp:featuredmedia":[{"embeddable":true,"href":"https:\/\/nbcs.mx\/index.php?rest_route=\/wp\/v2\/media\/152413"}],"wp:attachment":[{"href":"https:\/\/nbcs.mx\/index.php?rest_route=%2Fwp%2Fv2%2Fmedia&parent=152412"}],"wp:term":[{"taxonomy":"category","embeddable":true,"href":"https:\/\/nbcs.mx\/index.php?rest_route=%2Fwp%2Fv2%2Fcategories&post=152412"},{"taxonomy":"post_tag","embeddable":true,"href":"https:\/\/nbcs.mx\/index.php?rest_route=%2Fwp%2Fv2%2Ftags&post=152412"}],"curies":[{"name":"wp","href":"https:\/\/api.w.org\/{rel}","templated":true}]}}