{"id":152907,"date":"2025-07-18T14:46:49","date_gmt":"2025-07-18T20:46:49","guid":{"rendered":"https:\/\/nbcs.mx\/?p=152907"},"modified":"2025-07-18T14:46:49","modified_gmt":"2025-07-18T20:46:49","slug":"inician-este-fin-de-semana-las-actividades-del-festival-del-mango-de-todos-santos","status":"publish","type":"post","link":"https:\/\/nbcs.mx\/?p=152907","title":{"rendered":"Inician este fin de semana las actividades del Festival del Mango de Todos Santos"},"content":{"rendered":"<div>\n<p style=\"text-align: justify;\"><img loading=\"lazy\" decoding=\"async\" class=\" wp-image-152908 alignleft\" src=\"https:\/\/nbcs.mx\/wp-content\/uploads\/2025\/07\/FOTO-BOLETIN-SETUE-INICIAN-656x492.jpg\" alt=\"\" width=\"345\" height=\"259\" srcset=\"https:\/\/nbcs.mx\/wp-content\/uploads\/2025\/07\/FOTO-BOLETIN-SETUE-INICIAN-656x492.jpg 656w, https:\/\/nbcs.mx\/wp-content\/uploads\/2025\/07\/FOTO-BOLETIN-SETUE-INICIAN-1024x768.jpg 1024w, https:\/\/nbcs.mx\/wp-content\/uploads\/2025\/07\/FOTO-BOLETIN-SETUE-INICIAN-150x113.jpg 150w, https:\/\/nbcs.mx\/wp-content\/uploads\/2025\/07\/FOTO-BOLETIN-SETUE-INICIAN-768x576.jpg 768w, https:\/\/nbcs.mx\/wp-content\/uploads\/2025\/07\/FOTO-BOLETIN-SETUE-INICIAN-1536x1152.jpg 1536w, https:\/\/nbcs.mx\/wp-content\/uploads\/2025\/07\/FOTO-BOLETIN-SETUE-INICIAN-2048x1536.jpg 2048w\" sizes=\"auto, (max-width: 345px) 100vw, 345px\" \/>Con la participaci\u00f3n de 35 restaurantes y productores locales, adem\u00e1s de 40 artesanos, se realizar\u00e1 el 17\u00ba Festival del Mango de Todos Santos, una celebraci\u00f3n que honra las ra\u00edces culturales de la comunidad, impulsa la econom\u00eda local y fortalece el sentido de identidad de esta regi\u00f3n del municipio de La Paz.<\/p>\n<\/div>\n<div style=\"text-align: justify;\">\n<p>El subsecretario de Turismo del Gobierno del Estado, Fernando Ojeda Aguilar, inform\u00f3 que las actividades inician el domingo 20 de julio, en la playa de La Bocana de Las Tunas, con el tradicional torneo de pesca de orilla, posteriormente el domingo 27 de julio se celebrar\u00e1 el festival gastron\u00f3mico y cultural, para culminar el tres de agosto con las fiestas del Barrio de San Ignacio.<\/p>\n<\/div>\n<div style=\"text-align: justify;\">\n<p>Destac\u00f3 que, en este periodo, tambi\u00e9n otros negocios se benefician, ya que los viajeros consumen en las comunidades de San Pedro, La Garita y otros comercios de Todos Santos, generando una importante derrama econ\u00f3mica para las familias locales.<\/p>\n<\/div>\n<div style=\"text-align: justify;\">\n<p>\u201cDesde los inicios de esta administraci\u00f3n estatal, se ha trabajado con las comunidades para crear nuevas experiencias tur\u00edsticas que lleven los beneficios del turismo a sus familias, es as\u00ed, que se han fortalecido los festivales gastron\u00f3micos, los cuales impulsan la gastronom\u00eda y refuerzan las tradiciones, como es el Festival del Mango del Pueblo M\u00e1gico de Todos Santos, uno de los m\u00e1s esperados cada a\u00f1o, que, en esta edici\u00f3n, se estima recibir a 6 mil visitantes\u201d, a\u00f1adi\u00f3.<\/p>\n<\/div>\n<div style=\"text-align: justify;\">\n<p>Detall\u00f3 que previo al evento gastron\u00f3mico, llevar\u00e1n a cabo la Carrera de Meseros, en coordinaci\u00f3n con la CROC y CANIRAC, en la que se espera la colaboraci\u00f3n de m\u00e1s de 70 meseras y meseros, una de las actividades m\u00e1s esperadas por las familias de la comunidad.<\/p>\n<\/div>\n<div>\n<p style=\"text-align: justify;\">Ojeda Aguilar puntualiz\u00f3 que esta edici\u00f3n del festival es posible gracias al trabajo conjunto entre Gobierno del Estado, a trav\u00e9s de la Secretar\u00eda de Turismo y Econom\u00eda (SETUE), Ayuntamiento de La Paz, la CROC, CANIRAC, Comit\u00e9 de Pueblo M\u00e1gico y diversos representantes sociales y econ\u00f3micos que han contribuido a consolidar esta fiesta como una de las m\u00e1s representativas del calendario cultural del municipio.<\/p>\n<\/div>\n","protected":false},"excerpt":{"rendered":"<p>Con la participaci\u00f3n de 35 restaurantes y productores locales, adem\u00e1s de 40 artesanos, se realizar\u00e1 el 17\u00ba Festival del Mango<\/p>\n","protected":false},"author":1,"featured_media":152908,"comment_status":"open","ping_status":"closed","sticky":false,"template":"","format":"standard","meta":{"colormag_page_container_layout":"default_layout","colormag_page_sidebar_layout":"default_layout","_jetpack_memberships_contains_paid_content":false,"footnotes":"","jetpack_publicize_message":"","jetpack_publicize_feature_enabled":true,"jetpack_social_post_already_shared":true,"jetpack_social_options":{"image_generator_settings":{"template":"highway","default_image_id":0,"font":"","enabled":false},"version":2}},"categories":[1],"tags":[],"class_list":["post-152907","post","type-post","status-publish","format-standard","has-post-thumbnail","hentry","category-noticias"],"yoast_head":"<!-- This site is optimized with the Yoast SEO plugin v27.5 - https:\/\/yoast.com\/product\/yoast-seo-wordpress\/ -->\n<title>Inician este fin de semana las actividades del Festival del Mango de Todos Santos - NBCS Noticias<\/title>\n<meta name=\"robots\" content=\"index, follow, max-snippet:-1, max-image-preview:large, max-video-preview:-1\" \/>\n<link rel=\"canonical\" href=\"https:\/\/nbcs.mx\/?p=152907\" \/>\n<meta property=\"og:locale\" content=\"es_ES\" \/>\n<meta property=\"og:type\" content=\"article\" \/>\n<meta property=\"og:title\" content=\"Inician este fin de semana las actividades del Festival del Mango de Todos Santos - NBCS Noticias\" \/>\n<meta property=\"og:description\" content=\"Con la participaci\u00f3n de 35 restaurantes y productores locales, adem\u00e1s de 40 artesanos, se realizar\u00e1 el 17\u00ba Festival del Mango\" \/>\n<meta property=\"og:url\" content=\"https:\/\/nbcs.mx\/?p=152907\" \/>\n<meta property=\"og:site_name\" content=\"NBCS Noticias\" \/>\n<meta property=\"article:publisher\" content=\"https:\/\/www.facebook.com\/NBCSnoticias\" \/>\n<meta property=\"article:author\" content=\"https:\/\/www.facebook.com\/NBCSnoticias\" \/>\n<meta property=\"article:published_time\" content=\"2025-07-18T20:46:49+00:00\" \/>\n<meta property=\"og:image\" content=\"https:\/\/nbcs.mx\/wp-content\/uploads\/2025\/07\/FOTO-BOLETIN-SETUE-INICIAN-scaled.jpg\" \/>\n\t<meta property=\"og:image:width\" content=\"2560\" \/>\n\t<meta property=\"og:image:height\" content=\"1920\" \/>\n\t<meta property=\"og:image:type\" content=\"image\/jpeg\" \/>\n<meta name=\"author\" content=\"NBCS Noticias\" \/>\n<meta name=\"twitter:card\" content=\"summary_large_image\" \/>\n<meta name=\"twitter:creator\" content=\"@https:\/\/twitter.com\/NBCSnoticias\" \/>\n<meta name=\"twitter:site\" content=\"@NBCSnoticias\" \/>\n<meta name=\"twitter:label1\" content=\"Escrito por\" \/>\n\t<meta name=\"twitter:data1\" content=\"NBCS Noticias\" \/>\n\t<meta name=\"twitter:label2\" content=\"Tiempo de lectura\" \/>\n\t<meta name=\"twitter:data2\" content=\"2 minutos\" \/>\n<script type=\"application\/ld+json\" class=\"yoast-schema-graph\">{\"@context\":\"https:\\\/\\\/schema.org\",\"@graph\":[{\"@type\":\"Article\",\"@id\":\"https:\\\/\\\/nbcs.mx\\\/?p=152907#article\",\"isPartOf\":{\"@id\":\"https:\\\/\\\/nbcs.mx\\\/?p=152907\"},\"author\":{\"name\":\"NBCS Noticias\",\"@id\":\"https:\\\/\\\/nbcs.mx\\\/#\\\/schema\\\/person\\\/ece58bab9a7c1e87a4d28ec9ecd79ff4\"},\"headline\":\"Inician este fin de semana las actividades del Festival del Mango de Todos Santos\",\"datePublished\":\"2025-07-18T20:46:49+00:00\",\"mainEntityOfPage\":{\"@id\":\"https:\\\/\\\/nbcs.mx\\\/?p=152907\"},\"wordCount\":377,\"commentCount\":0,\"publisher\":{\"@id\":\"https:\\\/\\\/nbcs.mx\\\/#organization\"},\"image\":{\"@id\":\"https:\\\/\\\/nbcs.mx\\\/?p=152907#primaryimage\"},\"thumbnailUrl\":\"https:\\\/\\\/nbcs.mx\\\/wp-content\\\/uploads\\\/2025\\\/07\\\/FOTO-BOLETIN-SETUE-INICIAN-scaled.jpg\",\"articleSection\":[\"Noticias\"],\"inLanguage\":\"es\",\"potentialAction\":[{\"@type\":\"CommentAction\",\"name\":\"Comment\",\"target\":[\"https:\\\/\\\/nbcs.mx\\\/?p=152907#respond\"]}]},{\"@type\":\"WebPage\",\"@id\":\"https:\\\/\\\/nbcs.mx\\\/?p=152907\",\"url\":\"https:\\\/\\\/nbcs.mx\\\/?p=152907\",\"name\":\"Inician este fin de semana las actividades del Festival del Mango de Todos Santos - NBCS Noticias\",\"isPartOf\":{\"@id\":\"https:\\\/\\\/nbcs.mx\\\/#website\"},\"primaryImageOfPage\":{\"@id\":\"https:\\\/\\\/nbcs.mx\\\/?p=152907#primaryimage\"},\"image\":{\"@id\":\"https:\\\/\\\/nbcs.mx\\\/?p=152907#primaryimage\"},\"thumbnailUrl\":\"https:\\\/\\\/nbcs.mx\\\/wp-content\\\/uploads\\\/2025\\\/07\\\/FOTO-BOLETIN-SETUE-INICIAN-scaled.jpg\",\"datePublished\":\"2025-07-18T20:46:49+00:00\",\"breadcrumb\":{\"@id\":\"https:\\\/\\\/nbcs.mx\\\/?p=152907#breadcrumb\"},\"inLanguage\":\"es\",\"potentialAction\":[{\"@type\":\"ReadAction\",\"target\":[\"https:\\\/\\\/nbcs.mx\\\/?p=152907\"]}]},{\"@type\":\"ImageObject\",\"inLanguage\":\"es\",\"@id\":\"https:\\\/\\\/nbcs.mx\\\/?p=152907#primaryimage\",\"url\":\"https:\\\/\\\/nbcs.mx\\\/wp-content\\\/uploads\\\/2025\\\/07\\\/FOTO-BOLETIN-SETUE-INICIAN-scaled.jpg\",\"contentUrl\":\"https:\\\/\\\/nbcs.mx\\\/wp-content\\\/uploads\\\/2025\\\/07\\\/FOTO-BOLETIN-SETUE-INICIAN-scaled.jpg\",\"width\":2560,\"height\":1920},{\"@type\":\"BreadcrumbList\",\"@id\":\"https:\\\/\\\/nbcs.mx\\\/?p=152907#breadcrumb\",\"itemListElement\":[{\"@type\":\"ListItem\",\"position\":1,\"name\":\"Portada\",\"item\":\"https:\\\/\\\/nbcs.mx\\\/\"},{\"@type\":\"ListItem\",\"position\":2,\"name\":\"Inician este fin de semana las actividades del Festival del Mango de Todos Santos\"}]},{\"@type\":\"WebSite\",\"@id\":\"https:\\\/\\\/nbcs.mx\\\/#website\",\"url\":\"https:\\\/\\\/nbcs.mx\\\/\",\"name\":\"NBCS Noticias\",\"description\":\"Sitio web de noticias en Baja California Sur\",\"publisher\":{\"@id\":\"https:\\\/\\\/nbcs.mx\\\/#organization\"},\"potentialAction\":[{\"@type\":\"SearchAction\",\"target\":{\"@type\":\"EntryPoint\",\"urlTemplate\":\"https:\\\/\\\/nbcs.mx\\\/?s={search_term_string}\"},\"query-input\":{\"@type\":\"PropertyValueSpecification\",\"valueRequired\":true,\"valueName\":\"search_term_string\"}}],\"inLanguage\":\"es\"},{\"@type\":\"Organization\",\"@id\":\"https:\\\/\\\/nbcs.mx\\\/#organization\",\"name\":\"NBCS Noticias\",\"url\":\"https:\\\/\\\/nbcs.mx\\\/\",\"logo\":{\"@type\":\"ImageObject\",\"inLanguage\":\"es\",\"@id\":\"https:\\\/\\\/nbcs.mx\\\/#\\\/schema\\\/logo\\\/image\\\/\",\"url\":\"https:\\\/\\\/nbcs.mx\\\/wp-content\\\/uploads\\\/2018\\\/09\\\/057b69485e93575a5c2b1c1dde2dd297.jpeg\",\"contentUrl\":\"https:\\\/\\\/nbcs.mx\\\/wp-content\\\/uploads\\\/2018\\\/09\\\/057b69485e93575a5c2b1c1dde2dd297.jpeg\",\"width\":64,\"height\":64,\"caption\":\"NBCS Noticias\"},\"image\":{\"@id\":\"https:\\\/\\\/nbcs.mx\\\/#\\\/schema\\\/logo\\\/image\\\/\"},\"sameAs\":[\"https:\\\/\\\/www.facebook.com\\\/NBCSnoticias\",\"https:\\\/\\\/x.com\\\/NBCSnoticias\"]},{\"@type\":\"Person\",\"@id\":\"https:\\\/\\\/nbcs.mx\\\/#\\\/schema\\\/person\\\/ece58bab9a7c1e87a4d28ec9ecd79ff4\",\"name\":\"NBCS Noticias\",\"image\":{\"@type\":\"ImageObject\",\"inLanguage\":\"es\",\"@id\":\"https:\\\/\\\/secure.gravatar.com\\\/avatar\\\/4e52110cad1c4054b43271a0d14bbe9e2ea76aecd0e1097edfc670798d9ca1d4?s=96&d=blank&r=g\",\"url\":\"https:\\\/\\\/secure.gravatar.com\\\/avatar\\\/4e52110cad1c4054b43271a0d14bbe9e2ea76aecd0e1097edfc670798d9ca1d4?s=96&d=blank&r=g\",\"contentUrl\":\"https:\\\/\\\/secure.gravatar.com\\\/avatar\\\/4e52110cad1c4054b43271a0d14bbe9e2ea76aecd0e1097edfc670798d9ca1d4?s=96&d=blank&r=g\",\"caption\":\"NBCS Noticias\"},\"description\":\"\u00bfTienes fotos o video de alg\u00fan acto de posible negligencia, corrupci\u00f3n y abuso de autoridad? M\u00e1ndalo al WhatsApp de NBCS Noticias: 612 141 98 08\",\"sameAs\":[\"https:\\\/\\\/www.nbcs.mx\",\"https:\\\/\\\/www.facebook.com\\\/NBCSnoticias\",\"https:\\\/\\\/www.instagram.com\\\/nbcsnoticias\\\/\",\"https:\\\/\\\/x.com\\\/https:\\\/\\\/twitter.com\\\/NBCSnoticias\"]}]}<\/script>\n<!-- \/ Yoast SEO plugin. -->","yoast_head_json":{"title":"Inician este fin de semana las actividades del Festival del Mango de Todos Santos - NBCS Noticias","robots":{"index":"index","follow":"follow","max-snippet":"max-snippet:-1","max-image-preview":"max-image-preview:large","max-video-preview":"max-video-preview:-1"},"canonical":"https:\/\/nbcs.mx\/?p=152907","og_locale":"es_ES","og_type":"article","og_title":"Inician este fin de semana las actividades del Festival del Mango de Todos Santos - NBCS Noticias","og_description":"Con la participaci\u00f3n de 35 restaurantes y productores locales, adem\u00e1s de 40 artesanos, se realizar\u00e1 el 17\u00ba Festival del Mango","og_url":"https:\/\/nbcs.mx\/?p=152907","og_site_name":"NBCS Noticias","article_publisher":"https:\/\/www.facebook.com\/NBCSnoticias","article_author":"https:\/\/www.facebook.com\/NBCSnoticias","article_published_time":"2025-07-18T20:46:49+00:00","og_image":[{"width":2560,"height":1920,"url":"https:\/\/nbcs.mx\/wp-content\/uploads\/2025\/07\/FOTO-BOLETIN-SETUE-INICIAN-scaled.jpg","type":"image\/jpeg"}],"author":"NBCS Noticias","twitter_card":"summary_large_image","twitter_creator":"@https:\/\/twitter.com\/NBCSnoticias","twitter_site":"@NBCSnoticias","twitter_misc":{"Escrito por":"NBCS Noticias","Tiempo de lectura":"2 minutos"},"schema":{"@context":"https:\/\/schema.org","@graph":[{"@type":"Article","@id":"https:\/\/nbcs.mx\/?p=152907#article","isPartOf":{"@id":"https:\/\/nbcs.mx\/?p=152907"},"author":{"name":"NBCS Noticias","@id":"https:\/\/nbcs.mx\/#\/schema\/person\/ece58bab9a7c1e87a4d28ec9ecd79ff4"},"headline":"Inician este fin de semana las actividades del Festival del Mango de Todos Santos","datePublished":"2025-07-18T20:46:49+00:00","mainEntityOfPage":{"@id":"https:\/\/nbcs.mx\/?p=152907"},"wordCount":377,"commentCount":0,"publisher":{"@id":"https:\/\/nbcs.mx\/#organization"},"image":{"@id":"https:\/\/nbcs.mx\/?p=152907#primaryimage"},"thumbnailUrl":"https:\/\/nbcs.mx\/wp-content\/uploads\/2025\/07\/FOTO-BOLETIN-SETUE-INICIAN-scaled.jpg","articleSection":["Noticias"],"inLanguage":"es","potentialAction":[{"@type":"CommentAction","name":"Comment","target":["https:\/\/nbcs.mx\/?p=152907#respond"]}]},{"@type":"WebPage","@id":"https:\/\/nbcs.mx\/?p=152907","url":"https:\/\/nbcs.mx\/?p=152907","name":"Inician este fin de semana las actividades del Festival del Mango de Todos Santos - NBCS Noticias","isPartOf":{"@id":"https:\/\/nbcs.mx\/#website"},"primaryImageOfPage":{"@id":"https:\/\/nbcs.mx\/?p=152907#primaryimage"},"image":{"@id":"https:\/\/nbcs.mx\/?p=152907#primaryimage"},"thumbnailUrl":"https:\/\/nbcs.mx\/wp-content\/uploads\/2025\/07\/FOTO-BOLETIN-SETUE-INICIAN-scaled.jpg","datePublished":"2025-07-18T20:46:49+00:00","breadcrumb":{"@id":"https:\/\/nbcs.mx\/?p=152907#breadcrumb"},"inLanguage":"es","potentialAction":[{"@type":"ReadAction","target":["https:\/\/nbcs.mx\/?p=152907"]}]},{"@type":"ImageObject","inLanguage":"es","@id":"https:\/\/nbcs.mx\/?p=152907#primaryimage","url":"https:\/\/nbcs.mx\/wp-content\/uploads\/2025\/07\/FOTO-BOLETIN-SETUE-INICIAN-scaled.jpg","contentUrl":"https:\/\/nbcs.mx\/wp-content\/uploads\/2025\/07\/FOTO-BOLETIN-SETUE-INICIAN-scaled.jpg","width":2560,"height":1920},{"@type":"BreadcrumbList","@id":"https:\/\/nbcs.mx\/?p=152907#breadcrumb","itemListElement":[{"@type":"ListItem","position":1,"name":"Portada","item":"https:\/\/nbcs.mx\/"},{"@type":"ListItem","position":2,"name":"Inician este fin de semana las actividades del Festival del Mango de Todos Santos"}]},{"@type":"WebSite","@id":"https:\/\/nbcs.mx\/#website","url":"https:\/\/nbcs.mx\/","name":"NBCS Noticias","description":"Sitio web de noticias en Baja California Sur","publisher":{"@id":"https:\/\/nbcs.mx\/#organization"},"potentialAction":[{"@type":"SearchAction","target":{"@type":"EntryPoint","urlTemplate":"https:\/\/nbcs.mx\/?s={search_term_string}"},"query-input":{"@type":"PropertyValueSpecification","valueRequired":true,"valueName":"search_term_string"}}],"inLanguage":"es"},{"@type":"Organization","@id":"https:\/\/nbcs.mx\/#organization","name":"NBCS Noticias","url":"https:\/\/nbcs.mx\/","logo":{"@type":"ImageObject","inLanguage":"es","@id":"https:\/\/nbcs.mx\/#\/schema\/logo\/image\/","url":"https:\/\/nbcs.mx\/wp-content\/uploads\/2018\/09\/057b69485e93575a5c2b1c1dde2dd297.jpeg","contentUrl":"https:\/\/nbcs.mx\/wp-content\/uploads\/2018\/09\/057b69485e93575a5c2b1c1dde2dd297.jpeg","width":64,"height":64,"caption":"NBCS Noticias"},"image":{"@id":"https:\/\/nbcs.mx\/#\/schema\/logo\/image\/"},"sameAs":["https:\/\/www.facebook.com\/NBCSnoticias","https:\/\/x.com\/NBCSnoticias"]},{"@type":"Person","@id":"https:\/\/nbcs.mx\/#\/schema\/person\/ece58bab9a7c1e87a4d28ec9ecd79ff4","name":"NBCS Noticias","image":{"@type":"ImageObject","inLanguage":"es","@id":"https:\/\/secure.gravatar.com\/avatar\/4e52110cad1c4054b43271a0d14bbe9e2ea76aecd0e1097edfc670798d9ca1d4?s=96&d=blank&r=g","url":"https:\/\/secure.gravatar.com\/avatar\/4e52110cad1c4054b43271a0d14bbe9e2ea76aecd0e1097edfc670798d9ca1d4?s=96&d=blank&r=g","contentUrl":"https:\/\/secure.gravatar.com\/avatar\/4e52110cad1c4054b43271a0d14bbe9e2ea76aecd0e1097edfc670798d9ca1d4?s=96&d=blank&r=g","caption":"NBCS Noticias"},"description":"\u00bfTienes fotos o video de alg\u00fan acto de posible negligencia, corrupci\u00f3n y abuso de autoridad? M\u00e1ndalo al WhatsApp de NBCS Noticias: 612 141 98 08","sameAs":["https:\/\/www.nbcs.mx","https:\/\/www.facebook.com\/NBCSnoticias","https:\/\/www.instagram.com\/nbcsnoticias\/","https:\/\/x.com\/https:\/\/twitter.com\/NBCSnoticias"]}]}},"jetpack_publicize_connections":[],"jetpack_featured_media_url":"https:\/\/nbcs.mx\/wp-content\/uploads\/2025\/07\/FOTO-BOLETIN-SETUE-INICIAN-scaled.jpg","jetpack_sharing_enabled":true,"_links":{"self":[{"href":"https:\/\/nbcs.mx\/index.php?rest_route=\/wp\/v2\/posts\/152907","targetHints":{"allow":["GET"]}}],"collection":[{"href":"https:\/\/nbcs.mx\/index.php?rest_route=\/wp\/v2\/posts"}],"about":[{"href":"https:\/\/nbcs.mx\/index.php?rest_route=\/wp\/v2\/types\/post"}],"author":[{"embeddable":true,"href":"https:\/\/nbcs.mx\/index.php?rest_route=\/wp\/v2\/users\/1"}],"replies":[{"embeddable":true,"href":"https:\/\/nbcs.mx\/index.php?rest_route=%2Fwp%2Fv2%2Fcomments&post=152907"}],"version-history":[{"count":1,"href":"https:\/\/nbcs.mx\/index.php?rest_route=\/wp\/v2\/posts\/152907\/revisions"}],"predecessor-version":[{"id":152909,"href":"https:\/\/nbcs.mx\/index.php?rest_route=\/wp\/v2\/posts\/152907\/revisions\/152909"}],"wp:featuredmedia":[{"embeddable":true,"href":"https:\/\/nbcs.mx\/index.php?rest_route=\/wp\/v2\/media\/152908"}],"wp:attachment":[{"href":"https:\/\/nbcs.mx\/index.php?rest_route=%2Fwp%2Fv2%2Fmedia&parent=152907"}],"wp:term":[{"taxonomy":"category","embeddable":true,"href":"https:\/\/nbcs.mx\/index.php?rest_route=%2Fwp%2Fv2%2Fcategories&post=152907"},{"taxonomy":"post_tag","embeddable":true,"href":"https:\/\/nbcs.mx\/index.php?rest_route=%2Fwp%2Fv2%2Ftags&post=152907"}],"curies":[{"name":"wp","href":"https:\/\/api.w.org\/{rel}","templated":true}]}}