{"id":153606,"date":"2025-08-06T06:58:23","date_gmt":"2025-08-06T12:58:23","guid":{"rendered":"https:\/\/nbcs.mx\/?p=153606"},"modified":"2025-08-06T06:58:23","modified_gmt":"2025-08-06T12:58:23","slug":"no-hay-afectacion-a-la-sierra-la-laguna-dice-conanp-pero-rancheros-no-le-creen-y-se-manifiestan","status":"publish","type":"post","link":"https:\/\/nbcs.mx\/?p=153606","title":{"rendered":"No hay afectaci\u00f3n a la Sierra La Laguna dice Conanp, pero rancheros no le creen y se manifiestan"},"content":{"rendered":"<p style=\"text-align: justify;\"><img loading=\"lazy\" decoding=\"async\" class=\" wp-image-153607 alignleft\" src=\"https:\/\/nbcs.mx\/wp-content\/uploads\/2025\/08\/Protesta.jpg\" alt=\"\" width=\"404\" height=\"223\" srcset=\"https:\/\/nbcs.mx\/wp-content\/uploads\/2025\/08\/Protesta.jpg 725w, https:\/\/nbcs.mx\/wp-content\/uploads\/2025\/08\/Protesta-150x83.jpg 150w\" sizes=\"auto, (max-width: 404px) 100vw, 404px\" \/>Mientras la Comisi\u00f3n Nacional de \u00c1reas Naturales Protegidas (Conanp) sali\u00f3 a desmentir posible inversi\u00f3n privada en la Sierra La Laguna, rancheros de los pueblos originarios expresaron que, \u201ccon la sierra no se metan, no la chinguen, es nuestro tinaco de agua\u201d, durante una manifestaci\u00f3n en el Congreso del Estado.<\/p>\n<p style=\"text-align: justify;\">Mientras tanto, el Frente Ciudadano en Defensa del Agua y la Vida (Freciudav), estableci\u00f3: \u201cse constata que el Ni\u00f1o Verde (que el \u00fanico verde que le interesa es el de los d\u00f3lares), est\u00e1 iniciando la invasi\u00f3n de nuestra Sierra de La Laguna\u201d, sin embargo, el diputado local del Partido Verde Ecologista de M\u00e9xico, Erick Ag\u00fandez Cervantes, rechaz\u00f3 que exista inter\u00e9s de ese partido en alg\u00fan proyecto en la sierra.<\/p>\n<p style=\"text-align: justify;\">Cabe recordar que la pol\u00e9mica comenz\u00f3 cuando una persona an\u00f3nima, difundi\u00f3 el aterrizaje de un helic\u00f3ptero en la zona de El Valle, en la cumbre de la sierra, as\u00ed como personas que aparentemente andan explorando el lugar, pero no con fines de excursionismo, e incluso se habl\u00f3 de que se estaban marcando algunos puntos del lugar, y se hizo referencia a que al parecer quien encabeza todo es Jorge Emilio Gonz\u00e1lez, del PVEM.<\/p>\n<p style=\"text-align: justify;\">El lunes 4 de agosto, la Direcci\u00f3n de la Sierra La Laguna, emiti\u00f3 un comunicado en el que aclara que las im\u00e1genes difundidas tienen que ver con el cambio de propietario del predio denominado Nuestra Se\u00f1ora del Rosario, ubicado en la subzona de amortiguamiento, tambi\u00e9n conocida como de Uso P\u00fablico.<\/p>\n<p style=\"text-align: justify;\">Pero se insiste en que el acuerdo se dio entre particulares, por lo cual no implica afectaciones al ecosistema, ni autorizaci\u00f3n de nuevos desarrollos, ya que el cambio de propiedad no compromete la conservaci\u00f3n del \u00e1rea, puesto que toda actividad ah\u00ed est\u00e1 sujeta al decreto de creaci\u00f3n de 1994 y el Programa de Manejo vigente publicado en 2003.<\/p>\n<p style=\"text-align: justify;\">En ese sentido se indica que el Programa de Manejo precisa que en esa subzona se permiten actividades como la conservaci\u00f3n, educaci\u00f3n ambiental, turismo de bajo impacto, senderismo, monitoreo ecol\u00f3gico, y restauraci\u00f3n ambiental.<\/p>\n<p style=\"text-align: justify;\">Pero est\u00e1 prohibida la instalaci\u00f3n de infraestructura agropecuaria, asentamientos humanos, miner\u00eda, ganader\u00eda, agricultura, silvicultura, UMA\u2019s, aprovechamiento forestal o bancos de material, as\u00ed como cualquier otra actividad que implique modificaci\u00f3n del entorno natural.<\/p>\n<p style=\"text-align: justify;\">Sin embargo, la organizaci\u00f3n Rescate de los Pueblos Tradicionales de Baja California Sur y su Econom\u00eda, que representa, Guillermo Trasvi\u00f1a Meza, dijo que la Conanp miente y que no est\u00e1n dispuestos a que se despoje a los sudcalifornianos de un bien como la Sierra La Laguna, como ya se ha hecho en otras partes de la entidad.<\/p>\n<p style=\"text-align: justify;\">Por ese motivo, legisladores se comprometieron a realizar una mesa de trabajo donde se analice el tema, en la coincidencia de que no se debe permitir inversiones de ning\u00fan tipo en la sierra. (Por: Arturo Nieves).<\/p>\n","protected":false},"excerpt":{"rendered":"<p>Mientras la Comisi\u00f3n Nacional de \u00c1reas Naturales Protegidas (Conanp) sali\u00f3 a desmentir posible inversi\u00f3n privada en la Sierra La Laguna,<\/p>\n","protected":false},"author":1,"featured_media":153607,"comment_status":"open","ping_status":"closed","sticky":false,"template":"","format":"standard","meta":{"colormag_page_container_layout":"default_layout","colormag_page_sidebar_layout":"default_layout","_jetpack_memberships_contains_paid_content":false,"footnotes":"","jetpack_publicize_message":"","jetpack_publicize_feature_enabled":true,"jetpack_social_post_already_shared":true,"jetpack_social_options":{"image_generator_settings":{"template":"highway","default_image_id":0,"font":"","enabled":false},"version":2}},"categories":[1],"tags":[],"class_list":["post-153606","post","type-post","status-publish","format-standard","has-post-thumbnail","hentry","category-noticias"],"yoast_head":"<!-- This site is optimized with the Yoast SEO plugin v27.4 - https:\/\/yoast.com\/product\/yoast-seo-wordpress\/ -->\n<title>No hay afectaci\u00f3n a la Sierra La Laguna dice Conanp, pero rancheros no le creen y se manifiestan - NBCS Noticias<\/title>\n<meta name=\"robots\" content=\"index, follow, max-snippet:-1, max-image-preview:large, max-video-preview:-1\" \/>\n<link rel=\"canonical\" href=\"https:\/\/nbcs.mx\/?p=153606\" \/>\n<meta property=\"og:locale\" content=\"es_ES\" \/>\n<meta property=\"og:type\" content=\"article\" \/>\n<meta property=\"og:title\" content=\"No hay afectaci\u00f3n a la Sierra La Laguna dice Conanp, pero rancheros no le creen y se manifiestan - NBCS Noticias\" \/>\n<meta property=\"og:description\" content=\"Mientras la Comisi\u00f3n Nacional de \u00c1reas Naturales Protegidas (Conanp) sali\u00f3 a desmentir posible inversi\u00f3n privada en la Sierra La Laguna,\" \/>\n<meta property=\"og:url\" content=\"https:\/\/nbcs.mx\/?p=153606\" \/>\n<meta property=\"og:site_name\" content=\"NBCS Noticias\" \/>\n<meta property=\"article:publisher\" content=\"https:\/\/www.facebook.com\/NBCSnoticias\" \/>\n<meta property=\"article:author\" content=\"https:\/\/www.facebook.com\/NBCSnoticias\" \/>\n<meta property=\"article:published_time\" content=\"2025-08-06T12:58:23+00:00\" \/>\n<meta property=\"og:image\" content=\"https:\/\/nbcs.mx\/wp-content\/uploads\/2025\/08\/Protesta.jpg\" \/>\n\t<meta property=\"og:image:width\" content=\"725\" \/>\n\t<meta property=\"og:image:height\" content=\"400\" \/>\n\t<meta property=\"og:image:type\" content=\"image\/jpeg\" \/>\n<meta name=\"author\" content=\"NBCS Noticias\" \/>\n<meta name=\"twitter:card\" content=\"summary_large_image\" \/>\n<meta name=\"twitter:creator\" content=\"@https:\/\/twitter.com\/NBCSnoticias\" \/>\n<meta name=\"twitter:site\" content=\"@NBCSnoticias\" \/>\n<meta name=\"twitter:label1\" content=\"Escrito por\" \/>\n\t<meta name=\"twitter:data1\" content=\"NBCS Noticias\" \/>\n\t<meta name=\"twitter:label2\" content=\"Tiempo de lectura\" \/>\n\t<meta name=\"twitter:data2\" content=\"3 minutos\" \/>\n<script type=\"application\/ld+json\" class=\"yoast-schema-graph\">{\"@context\":\"https:\\\/\\\/schema.org\",\"@graph\":[{\"@type\":\"Article\",\"@id\":\"https:\\\/\\\/nbcs.mx\\\/?p=153606#article\",\"isPartOf\":{\"@id\":\"https:\\\/\\\/nbcs.mx\\\/?p=153606\"},\"author\":{\"name\":\"NBCS Noticias\",\"@id\":\"https:\\\/\\\/nbcs.mx\\\/#\\\/schema\\\/person\\\/ece58bab9a7c1e87a4d28ec9ecd79ff4\"},\"headline\":\"No hay afectaci\u00f3n a la Sierra La Laguna dice Conanp, pero rancheros no le creen y se manifiestan\",\"datePublished\":\"2025-08-06T12:58:23+00:00\",\"mainEntityOfPage\":{\"@id\":\"https:\\\/\\\/nbcs.mx\\\/?p=153606\"},\"wordCount\":509,\"commentCount\":0,\"publisher\":{\"@id\":\"https:\\\/\\\/nbcs.mx\\\/#organization\"},\"image\":{\"@id\":\"https:\\\/\\\/nbcs.mx\\\/?p=153606#primaryimage\"},\"thumbnailUrl\":\"https:\\\/\\\/nbcs.mx\\\/wp-content\\\/uploads\\\/2025\\\/08\\\/Protesta.jpg\",\"articleSection\":[\"Noticias\"],\"inLanguage\":\"es\",\"potentialAction\":[{\"@type\":\"CommentAction\",\"name\":\"Comment\",\"target\":[\"https:\\\/\\\/nbcs.mx\\\/?p=153606#respond\"]}]},{\"@type\":\"WebPage\",\"@id\":\"https:\\\/\\\/nbcs.mx\\\/?p=153606\",\"url\":\"https:\\\/\\\/nbcs.mx\\\/?p=153606\",\"name\":\"No hay afectaci\u00f3n a la Sierra La Laguna dice Conanp, pero rancheros no le creen y se manifiestan - NBCS Noticias\",\"isPartOf\":{\"@id\":\"https:\\\/\\\/nbcs.mx\\\/#website\"},\"primaryImageOfPage\":{\"@id\":\"https:\\\/\\\/nbcs.mx\\\/?p=153606#primaryimage\"},\"image\":{\"@id\":\"https:\\\/\\\/nbcs.mx\\\/?p=153606#primaryimage\"},\"thumbnailUrl\":\"https:\\\/\\\/nbcs.mx\\\/wp-content\\\/uploads\\\/2025\\\/08\\\/Protesta.jpg\",\"datePublished\":\"2025-08-06T12:58:23+00:00\",\"breadcrumb\":{\"@id\":\"https:\\\/\\\/nbcs.mx\\\/?p=153606#breadcrumb\"},\"inLanguage\":\"es\",\"potentialAction\":[{\"@type\":\"ReadAction\",\"target\":[\"https:\\\/\\\/nbcs.mx\\\/?p=153606\"]}]},{\"@type\":\"ImageObject\",\"inLanguage\":\"es\",\"@id\":\"https:\\\/\\\/nbcs.mx\\\/?p=153606#primaryimage\",\"url\":\"https:\\\/\\\/nbcs.mx\\\/wp-content\\\/uploads\\\/2025\\\/08\\\/Protesta.jpg\",\"contentUrl\":\"https:\\\/\\\/nbcs.mx\\\/wp-content\\\/uploads\\\/2025\\\/08\\\/Protesta.jpg\",\"width\":725,\"height\":400},{\"@type\":\"BreadcrumbList\",\"@id\":\"https:\\\/\\\/nbcs.mx\\\/?p=153606#breadcrumb\",\"itemListElement\":[{\"@type\":\"ListItem\",\"position\":1,\"name\":\"Portada\",\"item\":\"https:\\\/\\\/nbcs.mx\\\/\"},{\"@type\":\"ListItem\",\"position\":2,\"name\":\"No hay afectaci\u00f3n a la Sierra La Laguna dice Conanp, pero rancheros no le creen y se manifiestan\"}]},{\"@type\":\"WebSite\",\"@id\":\"https:\\\/\\\/nbcs.mx\\\/#website\",\"url\":\"https:\\\/\\\/nbcs.mx\\\/\",\"name\":\"NBCS Noticias\",\"description\":\"Sitio web de noticias en Baja California Sur\",\"publisher\":{\"@id\":\"https:\\\/\\\/nbcs.mx\\\/#organization\"},\"potentialAction\":[{\"@type\":\"SearchAction\",\"target\":{\"@type\":\"EntryPoint\",\"urlTemplate\":\"https:\\\/\\\/nbcs.mx\\\/?s={search_term_string}\"},\"query-input\":{\"@type\":\"PropertyValueSpecification\",\"valueRequired\":true,\"valueName\":\"search_term_string\"}}],\"inLanguage\":\"es\"},{\"@type\":\"Organization\",\"@id\":\"https:\\\/\\\/nbcs.mx\\\/#organization\",\"name\":\"NBCS Noticias\",\"url\":\"https:\\\/\\\/nbcs.mx\\\/\",\"logo\":{\"@type\":\"ImageObject\",\"inLanguage\":\"es\",\"@id\":\"https:\\\/\\\/nbcs.mx\\\/#\\\/schema\\\/logo\\\/image\\\/\",\"url\":\"https:\\\/\\\/nbcs.mx\\\/wp-content\\\/uploads\\\/2018\\\/09\\\/057b69485e93575a5c2b1c1dde2dd297.jpeg\",\"contentUrl\":\"https:\\\/\\\/nbcs.mx\\\/wp-content\\\/uploads\\\/2018\\\/09\\\/057b69485e93575a5c2b1c1dde2dd297.jpeg\",\"width\":64,\"height\":64,\"caption\":\"NBCS Noticias\"},\"image\":{\"@id\":\"https:\\\/\\\/nbcs.mx\\\/#\\\/schema\\\/logo\\\/image\\\/\"},\"sameAs\":[\"https:\\\/\\\/www.facebook.com\\\/NBCSnoticias\",\"https:\\\/\\\/x.com\\\/NBCSnoticias\"]},{\"@type\":\"Person\",\"@id\":\"https:\\\/\\\/nbcs.mx\\\/#\\\/schema\\\/person\\\/ece58bab9a7c1e87a4d28ec9ecd79ff4\",\"name\":\"NBCS Noticias\",\"image\":{\"@type\":\"ImageObject\",\"inLanguage\":\"es\",\"@id\":\"https:\\\/\\\/secure.gravatar.com\\\/avatar\\\/4e52110cad1c4054b43271a0d14bbe9e2ea76aecd0e1097edfc670798d9ca1d4?s=96&d=blank&r=g\",\"url\":\"https:\\\/\\\/secure.gravatar.com\\\/avatar\\\/4e52110cad1c4054b43271a0d14bbe9e2ea76aecd0e1097edfc670798d9ca1d4?s=96&d=blank&r=g\",\"contentUrl\":\"https:\\\/\\\/secure.gravatar.com\\\/avatar\\\/4e52110cad1c4054b43271a0d14bbe9e2ea76aecd0e1097edfc670798d9ca1d4?s=96&d=blank&r=g\",\"caption\":\"NBCS Noticias\"},\"description\":\"\u00bfTienes fotos o video de alg\u00fan acto de posible negligencia, corrupci\u00f3n y abuso de autoridad? M\u00e1ndalo al WhatsApp de NBCS Noticias: 612 141 98 08\",\"sameAs\":[\"https:\\\/\\\/www.nbcs.mx\",\"https:\\\/\\\/www.facebook.com\\\/NBCSnoticias\",\"https:\\\/\\\/www.instagram.com\\\/nbcsnoticias\\\/\",\"https:\\\/\\\/x.com\\\/https:\\\/\\\/twitter.com\\\/NBCSnoticias\"]}]}<\/script>\n<!-- \/ Yoast SEO plugin. -->","yoast_head_json":{"title":"No hay afectaci\u00f3n a la Sierra La Laguna dice Conanp, pero rancheros no le creen y se manifiestan - NBCS Noticias","robots":{"index":"index","follow":"follow","max-snippet":"max-snippet:-1","max-image-preview":"max-image-preview:large","max-video-preview":"max-video-preview:-1"},"canonical":"https:\/\/nbcs.mx\/?p=153606","og_locale":"es_ES","og_type":"article","og_title":"No hay afectaci\u00f3n a la Sierra La Laguna dice Conanp, pero rancheros no le creen y se manifiestan - NBCS Noticias","og_description":"Mientras la Comisi\u00f3n Nacional de \u00c1reas Naturales Protegidas (Conanp) sali\u00f3 a desmentir posible inversi\u00f3n privada en la Sierra La Laguna,","og_url":"https:\/\/nbcs.mx\/?p=153606","og_site_name":"NBCS Noticias","article_publisher":"https:\/\/www.facebook.com\/NBCSnoticias","article_author":"https:\/\/www.facebook.com\/NBCSnoticias","article_published_time":"2025-08-06T12:58:23+00:00","og_image":[{"width":725,"height":400,"url":"https:\/\/nbcs.mx\/wp-content\/uploads\/2025\/08\/Protesta.jpg","type":"image\/jpeg"}],"author":"NBCS Noticias","twitter_card":"summary_large_image","twitter_creator":"@https:\/\/twitter.com\/NBCSnoticias","twitter_site":"@NBCSnoticias","twitter_misc":{"Escrito por":"NBCS Noticias","Tiempo de lectura":"3 minutos"},"schema":{"@context":"https:\/\/schema.org","@graph":[{"@type":"Article","@id":"https:\/\/nbcs.mx\/?p=153606#article","isPartOf":{"@id":"https:\/\/nbcs.mx\/?p=153606"},"author":{"name":"NBCS Noticias","@id":"https:\/\/nbcs.mx\/#\/schema\/person\/ece58bab9a7c1e87a4d28ec9ecd79ff4"},"headline":"No hay afectaci\u00f3n a la Sierra La Laguna dice Conanp, pero rancheros no le creen y se manifiestan","datePublished":"2025-08-06T12:58:23+00:00","mainEntityOfPage":{"@id":"https:\/\/nbcs.mx\/?p=153606"},"wordCount":509,"commentCount":0,"publisher":{"@id":"https:\/\/nbcs.mx\/#organization"},"image":{"@id":"https:\/\/nbcs.mx\/?p=153606#primaryimage"},"thumbnailUrl":"https:\/\/nbcs.mx\/wp-content\/uploads\/2025\/08\/Protesta.jpg","articleSection":["Noticias"],"inLanguage":"es","potentialAction":[{"@type":"CommentAction","name":"Comment","target":["https:\/\/nbcs.mx\/?p=153606#respond"]}]},{"@type":"WebPage","@id":"https:\/\/nbcs.mx\/?p=153606","url":"https:\/\/nbcs.mx\/?p=153606","name":"No hay afectaci\u00f3n a la Sierra La Laguna dice Conanp, pero rancheros no le creen y se manifiestan - NBCS Noticias","isPartOf":{"@id":"https:\/\/nbcs.mx\/#website"},"primaryImageOfPage":{"@id":"https:\/\/nbcs.mx\/?p=153606#primaryimage"},"image":{"@id":"https:\/\/nbcs.mx\/?p=153606#primaryimage"},"thumbnailUrl":"https:\/\/nbcs.mx\/wp-content\/uploads\/2025\/08\/Protesta.jpg","datePublished":"2025-08-06T12:58:23+00:00","breadcrumb":{"@id":"https:\/\/nbcs.mx\/?p=153606#breadcrumb"},"inLanguage":"es","potentialAction":[{"@type":"ReadAction","target":["https:\/\/nbcs.mx\/?p=153606"]}]},{"@type":"ImageObject","inLanguage":"es","@id":"https:\/\/nbcs.mx\/?p=153606#primaryimage","url":"https:\/\/nbcs.mx\/wp-content\/uploads\/2025\/08\/Protesta.jpg","contentUrl":"https:\/\/nbcs.mx\/wp-content\/uploads\/2025\/08\/Protesta.jpg","width":725,"height":400},{"@type":"BreadcrumbList","@id":"https:\/\/nbcs.mx\/?p=153606#breadcrumb","itemListElement":[{"@type":"ListItem","position":1,"name":"Portada","item":"https:\/\/nbcs.mx\/"},{"@type":"ListItem","position":2,"name":"No hay afectaci\u00f3n a la Sierra La Laguna dice Conanp, pero rancheros no le creen y se manifiestan"}]},{"@type":"WebSite","@id":"https:\/\/nbcs.mx\/#website","url":"https:\/\/nbcs.mx\/","name":"NBCS Noticias","description":"Sitio web de noticias en Baja California Sur","publisher":{"@id":"https:\/\/nbcs.mx\/#organization"},"potentialAction":[{"@type":"SearchAction","target":{"@type":"EntryPoint","urlTemplate":"https:\/\/nbcs.mx\/?s={search_term_string}"},"query-input":{"@type":"PropertyValueSpecification","valueRequired":true,"valueName":"search_term_string"}}],"inLanguage":"es"},{"@type":"Organization","@id":"https:\/\/nbcs.mx\/#organization","name":"NBCS Noticias","url":"https:\/\/nbcs.mx\/","logo":{"@type":"ImageObject","inLanguage":"es","@id":"https:\/\/nbcs.mx\/#\/schema\/logo\/image\/","url":"https:\/\/nbcs.mx\/wp-content\/uploads\/2018\/09\/057b69485e93575a5c2b1c1dde2dd297.jpeg","contentUrl":"https:\/\/nbcs.mx\/wp-content\/uploads\/2018\/09\/057b69485e93575a5c2b1c1dde2dd297.jpeg","width":64,"height":64,"caption":"NBCS Noticias"},"image":{"@id":"https:\/\/nbcs.mx\/#\/schema\/logo\/image\/"},"sameAs":["https:\/\/www.facebook.com\/NBCSnoticias","https:\/\/x.com\/NBCSnoticias"]},{"@type":"Person","@id":"https:\/\/nbcs.mx\/#\/schema\/person\/ece58bab9a7c1e87a4d28ec9ecd79ff4","name":"NBCS Noticias","image":{"@type":"ImageObject","inLanguage":"es","@id":"https:\/\/secure.gravatar.com\/avatar\/4e52110cad1c4054b43271a0d14bbe9e2ea76aecd0e1097edfc670798d9ca1d4?s=96&d=blank&r=g","url":"https:\/\/secure.gravatar.com\/avatar\/4e52110cad1c4054b43271a0d14bbe9e2ea76aecd0e1097edfc670798d9ca1d4?s=96&d=blank&r=g","contentUrl":"https:\/\/secure.gravatar.com\/avatar\/4e52110cad1c4054b43271a0d14bbe9e2ea76aecd0e1097edfc670798d9ca1d4?s=96&d=blank&r=g","caption":"NBCS Noticias"},"description":"\u00bfTienes fotos o video de alg\u00fan acto de posible negligencia, corrupci\u00f3n y abuso de autoridad? M\u00e1ndalo al WhatsApp de NBCS Noticias: 612 141 98 08","sameAs":["https:\/\/www.nbcs.mx","https:\/\/www.facebook.com\/NBCSnoticias","https:\/\/www.instagram.com\/nbcsnoticias\/","https:\/\/x.com\/https:\/\/twitter.com\/NBCSnoticias"]}]}},"jetpack_publicize_connections":[],"jetpack_featured_media_url":"https:\/\/nbcs.mx\/wp-content\/uploads\/2025\/08\/Protesta.jpg","jetpack_sharing_enabled":true,"_links":{"self":[{"href":"https:\/\/nbcs.mx\/index.php?rest_route=\/wp\/v2\/posts\/153606","targetHints":{"allow":["GET"]}}],"collection":[{"href":"https:\/\/nbcs.mx\/index.php?rest_route=\/wp\/v2\/posts"}],"about":[{"href":"https:\/\/nbcs.mx\/index.php?rest_route=\/wp\/v2\/types\/post"}],"author":[{"embeddable":true,"href":"https:\/\/nbcs.mx\/index.php?rest_route=\/wp\/v2\/users\/1"}],"replies":[{"embeddable":true,"href":"https:\/\/nbcs.mx\/index.php?rest_route=%2Fwp%2Fv2%2Fcomments&post=153606"}],"version-history":[{"count":1,"href":"https:\/\/nbcs.mx\/index.php?rest_route=\/wp\/v2\/posts\/153606\/revisions"}],"predecessor-version":[{"id":153608,"href":"https:\/\/nbcs.mx\/index.php?rest_route=\/wp\/v2\/posts\/153606\/revisions\/153608"}],"wp:featuredmedia":[{"embeddable":true,"href":"https:\/\/nbcs.mx\/index.php?rest_route=\/wp\/v2\/media\/153607"}],"wp:attachment":[{"href":"https:\/\/nbcs.mx\/index.php?rest_route=%2Fwp%2Fv2%2Fmedia&parent=153606"}],"wp:term":[{"taxonomy":"category","embeddable":true,"href":"https:\/\/nbcs.mx\/index.php?rest_route=%2Fwp%2Fv2%2Fcategories&post=153606"},{"taxonomy":"post_tag","embeddable":true,"href":"https:\/\/nbcs.mx\/index.php?rest_route=%2Fwp%2Fv2%2Ftags&post=153606"}],"curies":[{"name":"wp","href":"https:\/\/api.w.org\/{rel}","templated":true}]}}