{"id":153672,"date":"2025-08-07T15:44:35","date_gmt":"2025-08-07T21:44:35","guid":{"rendered":"https:\/\/nbcs.mx\/?p=153672"},"modified":"2025-08-07T15:44:35","modified_gmt":"2025-08-07T21:44:35","slug":"participa-sedif-en-encuentro-nacional-en-el-marco-de-la-semana-mundial-de-la-lactancia-materna","status":"publish","type":"post","link":"https:\/\/nbcs.mx\/?p=153672","title":{"rendered":"Participa SEDIF en Encuentro Nacional en el marco de la Semana Mundial de la Lactancia Materna"},"content":{"rendered":"<div>\n<p style=\"text-align: justify;\"><img loading=\"lazy\" decoding=\"async\" class=\" wp-image-153673 alignleft\" src=\"https:\/\/nbcs.mx\/wp-content\/uploads\/2025\/08\/FOTO-BOLETIN-SEDIF-SEMANA-LACTANCIA-HIDALGO-755x481.jpeg\" alt=\"\" width=\"386\" height=\"246\" srcset=\"https:\/\/nbcs.mx\/wp-content\/uploads\/2025\/08\/FOTO-BOLETIN-SEDIF-SEMANA-LACTANCIA-HIDALGO-755x481.jpeg 755w, https:\/\/nbcs.mx\/wp-content\/uploads\/2025\/08\/FOTO-BOLETIN-SEDIF-SEMANA-LACTANCIA-HIDALGO-1024x653.jpeg 1024w, https:\/\/nbcs.mx\/wp-content\/uploads\/2025\/08\/FOTO-BOLETIN-SEDIF-SEMANA-LACTANCIA-HIDALGO-150x96.jpeg 150w, https:\/\/nbcs.mx\/wp-content\/uploads\/2025\/08\/FOTO-BOLETIN-SEDIF-SEMANA-LACTANCIA-HIDALGO-768x490.jpeg 768w, https:\/\/nbcs.mx\/wp-content\/uploads\/2025\/08\/FOTO-BOLETIN-SEDIF-SEMANA-LACTANCIA-HIDALGO-1536x979.jpeg 1536w, https:\/\/nbcs.mx\/wp-content\/uploads\/2025\/08\/FOTO-BOLETIN-SEDIF-SEMANA-LACTANCIA-HIDALGO-2048x1305.jpeg 2048w\" sizes=\"auto, (max-width: 386px) 100vw, 386px\" \/>Con el objetivo de fortalecer las acciones en favor de la salud materno-infantil y el bienestar de las familias, el Sistema Estatal para el Desarrollo Integral de la Familia (SEDIF), particip\u00f3 en el evento nacional<span class=\"apple-converted-space\">\u00a0<\/span><strong>\u201cLactancia Materna: Pilar de la Comunidad en los Primeros D\u00edas\u201d<\/strong>, organizado por el Sistema Nacional DIF (SNDIF) en el marco de la Semana Mundial de la Lactancia, celebrado en el Centro de Desarrollo Comunitario DIF PILARES, en Pachuca, Hidalgo.<\/p>\n<\/div>\n<div style=\"text-align: justify;\">\n<p>As\u00ed lo dio a conocer el director general,<span class=\"apple-converted-space\">\u00a0<\/span><strong>Luis Alberto Cese\u00f1a Romero<\/strong>, quien inform\u00f3 que en este espacio se reunieron representantes de los Sistemas Estatales DIF de todo el pa\u00eds, con el prop\u00f3sito de intercambiar experiencias, estrategias y buenas pr\u00e1cticas que contribuyan a promover la lactancia materna como un acto de salud p\u00fablica y justicia social.<\/p>\n<\/div>\n<div style=\"text-align: justify;\">\n<p>Durante la inauguraci\u00f3n, encabezada por la titular del SNDIF,<span class=\"apple-converted-space\">\u00a0<\/span><strong>Mar\u00eda del Roc\u00edo Garc\u00eda P\u00e9rez<\/strong>, el gobernador de Hidalgo,<span class=\"apple-converted-space\">\u00a0<\/span><strong>Julio Menchaca Salazar<\/strong>, y la presidenta del Patronato del DIF,<span class=\"apple-converted-space\">\u00a0<\/span><strong>Edda Vite Ramos<\/strong>, se destac\u00f3 la importancia de considerar la lactancia como un derecho fundamental que transforma la vida de ni\u00f1as y ni\u00f1os desde los primeros d\u00edas de vida, y como una pr\u00e1ctica clave para construir comunidades m\u00e1s sanas y solidarias.<\/p>\n<\/div>\n<div style=\"text-align: justify;\">\n<p>Cese\u00f1a Romero informo\u00f3 que, como parte del programa, se llevaron a cabo diversos talleres y actividades formativas, entre los que destacaron: <em>Autocuidado para madres que brindan lactancia materna<\/em><i>,<\/i> a cargo del Centro Nacional para la Salud de la Infancia y Adolescencia, <em>Conectando corazones, compartiendo experiencias<\/em>, impartido por el Instituto Nacional de Salud P\u00fablica, <em>Alimentaci\u00f3n complementaria respetuosa<\/em><i>, <\/i>presentado por UNICEF y <em>Preparaci\u00f3n de snacks saludables para madres lactantes<\/em>, a cargo del DIF Hidalgo.<\/p>\n<\/div>\n<div>\n<p style=\"text-align: justify;\">Finalmente, el director general del SEDIF reiter\u00f3 el compromiso del Gobierno de Baja California Sur con la promoci\u00f3n de la lactancia materna como una pol\u00edtica de salud p\u00fablica esencial para el desarrollo integral de las infancias sudcalifornianas.<\/p>\n<\/div>\n","protected":false},"excerpt":{"rendered":"<p>Con el objetivo de fortalecer las acciones en favor de la salud materno-infantil y el bienestar de las familias, el<\/p>\n","protected":false},"author":1,"featured_media":153673,"comment_status":"open","ping_status":"closed","sticky":false,"template":"","format":"standard","meta":{"colormag_page_container_layout":"default_layout","colormag_page_sidebar_layout":"default_layout","_jetpack_memberships_contains_paid_content":false,"footnotes":"","jetpack_publicize_message":"","jetpack_publicize_feature_enabled":true,"jetpack_social_post_already_shared":true,"jetpack_social_options":{"image_generator_settings":{"template":"highway","default_image_id":0,"font":"","enabled":false},"version":2}},"categories":[1],"tags":[],"class_list":["post-153672","post","type-post","status-publish","format-standard","has-post-thumbnail","hentry","category-noticias"],"yoast_head":"<!-- This site is optimized with the Yoast SEO plugin v27.5 - https:\/\/yoast.com\/product\/yoast-seo-wordpress\/ -->\n<title>Participa SEDIF en Encuentro Nacional en el marco de la Semana Mundial de la Lactancia Materna - NBCS Noticias<\/title>\n<meta name=\"robots\" content=\"index, follow, max-snippet:-1, max-image-preview:large, max-video-preview:-1\" \/>\n<link rel=\"canonical\" href=\"https:\/\/nbcs.mx\/?p=153672\" \/>\n<meta property=\"og:locale\" content=\"es_ES\" \/>\n<meta property=\"og:type\" content=\"article\" \/>\n<meta property=\"og:title\" content=\"Participa SEDIF en Encuentro Nacional en el marco de la Semana Mundial de la Lactancia Materna - NBCS Noticias\" \/>\n<meta property=\"og:description\" content=\"Con el objetivo de fortalecer las acciones en favor de la salud materno-infantil y el bienestar de las familias, el\" \/>\n<meta property=\"og:url\" content=\"https:\/\/nbcs.mx\/?p=153672\" \/>\n<meta property=\"og:site_name\" content=\"NBCS Noticias\" \/>\n<meta property=\"article:publisher\" content=\"https:\/\/www.facebook.com\/NBCSnoticias\" \/>\n<meta property=\"article:author\" content=\"https:\/\/www.facebook.com\/NBCSnoticias\" \/>\n<meta property=\"article:published_time\" content=\"2025-08-07T21:44:35+00:00\" \/>\n<meta property=\"og:image\" content=\"https:\/\/nbcs.mx\/wp-content\/uploads\/2025\/08\/FOTO-BOLETIN-SEDIF-SEMANA-LACTANCIA-HIDALGO.jpeg\" \/>\n\t<meta property=\"og:image:width\" content=\"2212\" \/>\n\t<meta property=\"og:image:height\" content=\"1410\" \/>\n\t<meta property=\"og:image:type\" content=\"image\/jpeg\" \/>\n<meta name=\"author\" content=\"NBCS Noticias\" \/>\n<meta name=\"twitter:card\" content=\"summary_large_image\" \/>\n<meta name=\"twitter:creator\" content=\"@https:\/\/twitter.com\/NBCSnoticias\" \/>\n<meta name=\"twitter:site\" content=\"@NBCSnoticias\" \/>\n<meta name=\"twitter:label1\" content=\"Escrito por\" \/>\n\t<meta name=\"twitter:data1\" content=\"NBCS Noticias\" \/>\n\t<meta name=\"twitter:label2\" content=\"Tiempo de lectura\" \/>\n\t<meta name=\"twitter:data2\" content=\"2 minutos\" \/>\n<script type=\"application\/ld+json\" class=\"yoast-schema-graph\">{\"@context\":\"https:\\\/\\\/schema.org\",\"@graph\":[{\"@type\":\"Article\",\"@id\":\"https:\\\/\\\/nbcs.mx\\\/?p=153672#article\",\"isPartOf\":{\"@id\":\"https:\\\/\\\/nbcs.mx\\\/?p=153672\"},\"author\":{\"name\":\"NBCS Noticias\",\"@id\":\"https:\\\/\\\/nbcs.mx\\\/#\\\/schema\\\/person\\\/ece58bab9a7c1e87a4d28ec9ecd79ff4\"},\"headline\":\"Participa SEDIF en Encuentro Nacional en el marco de la Semana Mundial de la Lactancia Materna\",\"datePublished\":\"2025-08-07T21:44:35+00:00\",\"mainEntityOfPage\":{\"@id\":\"https:\\\/\\\/nbcs.mx\\\/?p=153672\"},\"wordCount\":347,\"commentCount\":0,\"publisher\":{\"@id\":\"https:\\\/\\\/nbcs.mx\\\/#organization\"},\"image\":{\"@id\":\"https:\\\/\\\/nbcs.mx\\\/?p=153672#primaryimage\"},\"thumbnailUrl\":\"https:\\\/\\\/nbcs.mx\\\/wp-content\\\/uploads\\\/2025\\\/08\\\/FOTO-BOLETIN-SEDIF-SEMANA-LACTANCIA-HIDALGO.jpeg\",\"articleSection\":[\"Noticias\"],\"inLanguage\":\"es\",\"potentialAction\":[{\"@type\":\"CommentAction\",\"name\":\"Comment\",\"target\":[\"https:\\\/\\\/nbcs.mx\\\/?p=153672#respond\"]}]},{\"@type\":\"WebPage\",\"@id\":\"https:\\\/\\\/nbcs.mx\\\/?p=153672\",\"url\":\"https:\\\/\\\/nbcs.mx\\\/?p=153672\",\"name\":\"Participa SEDIF en Encuentro Nacional en el marco de la Semana Mundial de la Lactancia Materna - NBCS Noticias\",\"isPartOf\":{\"@id\":\"https:\\\/\\\/nbcs.mx\\\/#website\"},\"primaryImageOfPage\":{\"@id\":\"https:\\\/\\\/nbcs.mx\\\/?p=153672#primaryimage\"},\"image\":{\"@id\":\"https:\\\/\\\/nbcs.mx\\\/?p=153672#primaryimage\"},\"thumbnailUrl\":\"https:\\\/\\\/nbcs.mx\\\/wp-content\\\/uploads\\\/2025\\\/08\\\/FOTO-BOLETIN-SEDIF-SEMANA-LACTANCIA-HIDALGO.jpeg\",\"datePublished\":\"2025-08-07T21:44:35+00:00\",\"breadcrumb\":{\"@id\":\"https:\\\/\\\/nbcs.mx\\\/?p=153672#breadcrumb\"},\"inLanguage\":\"es\",\"potentialAction\":[{\"@type\":\"ReadAction\",\"target\":[\"https:\\\/\\\/nbcs.mx\\\/?p=153672\"]}]},{\"@type\":\"ImageObject\",\"inLanguage\":\"es\",\"@id\":\"https:\\\/\\\/nbcs.mx\\\/?p=153672#primaryimage\",\"url\":\"https:\\\/\\\/nbcs.mx\\\/wp-content\\\/uploads\\\/2025\\\/08\\\/FOTO-BOLETIN-SEDIF-SEMANA-LACTANCIA-HIDALGO.jpeg\",\"contentUrl\":\"https:\\\/\\\/nbcs.mx\\\/wp-content\\\/uploads\\\/2025\\\/08\\\/FOTO-BOLETIN-SEDIF-SEMANA-LACTANCIA-HIDALGO.jpeg\",\"width\":2212,\"height\":1410},{\"@type\":\"BreadcrumbList\",\"@id\":\"https:\\\/\\\/nbcs.mx\\\/?p=153672#breadcrumb\",\"itemListElement\":[{\"@type\":\"ListItem\",\"position\":1,\"name\":\"Portada\",\"item\":\"https:\\\/\\\/nbcs.mx\\\/\"},{\"@type\":\"ListItem\",\"position\":2,\"name\":\"Participa SEDIF en Encuentro Nacional en el marco de la Semana Mundial de la Lactancia Materna\"}]},{\"@type\":\"WebSite\",\"@id\":\"https:\\\/\\\/nbcs.mx\\\/#website\",\"url\":\"https:\\\/\\\/nbcs.mx\\\/\",\"name\":\"NBCS Noticias\",\"description\":\"Sitio web de noticias en Baja California Sur\",\"publisher\":{\"@id\":\"https:\\\/\\\/nbcs.mx\\\/#organization\"},\"potentialAction\":[{\"@type\":\"SearchAction\",\"target\":{\"@type\":\"EntryPoint\",\"urlTemplate\":\"https:\\\/\\\/nbcs.mx\\\/?s={search_term_string}\"},\"query-input\":{\"@type\":\"PropertyValueSpecification\",\"valueRequired\":true,\"valueName\":\"search_term_string\"}}],\"inLanguage\":\"es\"},{\"@type\":\"Organization\",\"@id\":\"https:\\\/\\\/nbcs.mx\\\/#organization\",\"name\":\"NBCS Noticias\",\"url\":\"https:\\\/\\\/nbcs.mx\\\/\",\"logo\":{\"@type\":\"ImageObject\",\"inLanguage\":\"es\",\"@id\":\"https:\\\/\\\/nbcs.mx\\\/#\\\/schema\\\/logo\\\/image\\\/\",\"url\":\"https:\\\/\\\/nbcs.mx\\\/wp-content\\\/uploads\\\/2018\\\/09\\\/057b69485e93575a5c2b1c1dde2dd297.jpeg\",\"contentUrl\":\"https:\\\/\\\/nbcs.mx\\\/wp-content\\\/uploads\\\/2018\\\/09\\\/057b69485e93575a5c2b1c1dde2dd297.jpeg\",\"width\":64,\"height\":64,\"caption\":\"NBCS Noticias\"},\"image\":{\"@id\":\"https:\\\/\\\/nbcs.mx\\\/#\\\/schema\\\/logo\\\/image\\\/\"},\"sameAs\":[\"https:\\\/\\\/www.facebook.com\\\/NBCSnoticias\",\"https:\\\/\\\/x.com\\\/NBCSnoticias\"]},{\"@type\":\"Person\",\"@id\":\"https:\\\/\\\/nbcs.mx\\\/#\\\/schema\\\/person\\\/ece58bab9a7c1e87a4d28ec9ecd79ff4\",\"name\":\"NBCS Noticias\",\"image\":{\"@type\":\"ImageObject\",\"inLanguage\":\"es\",\"@id\":\"https:\\\/\\\/secure.gravatar.com\\\/avatar\\\/4e52110cad1c4054b43271a0d14bbe9e2ea76aecd0e1097edfc670798d9ca1d4?s=96&d=blank&r=g\",\"url\":\"https:\\\/\\\/secure.gravatar.com\\\/avatar\\\/4e52110cad1c4054b43271a0d14bbe9e2ea76aecd0e1097edfc670798d9ca1d4?s=96&d=blank&r=g\",\"contentUrl\":\"https:\\\/\\\/secure.gravatar.com\\\/avatar\\\/4e52110cad1c4054b43271a0d14bbe9e2ea76aecd0e1097edfc670798d9ca1d4?s=96&d=blank&r=g\",\"caption\":\"NBCS Noticias\"},\"description\":\"\u00bfTienes fotos o video de alg\u00fan acto de posible negligencia, corrupci\u00f3n y abuso de autoridad? M\u00e1ndalo al WhatsApp de NBCS Noticias: 612 141 98 08\",\"sameAs\":[\"https:\\\/\\\/www.nbcs.mx\",\"https:\\\/\\\/www.facebook.com\\\/NBCSnoticias\",\"https:\\\/\\\/www.instagram.com\\\/nbcsnoticias\\\/\",\"https:\\\/\\\/x.com\\\/https:\\\/\\\/twitter.com\\\/NBCSnoticias\"]}]}<\/script>\n<!-- \/ Yoast SEO plugin. -->","yoast_head_json":{"title":"Participa SEDIF en Encuentro Nacional en el marco de la Semana Mundial de la Lactancia Materna - NBCS Noticias","robots":{"index":"index","follow":"follow","max-snippet":"max-snippet:-1","max-image-preview":"max-image-preview:large","max-video-preview":"max-video-preview:-1"},"canonical":"https:\/\/nbcs.mx\/?p=153672","og_locale":"es_ES","og_type":"article","og_title":"Participa SEDIF en Encuentro Nacional en el marco de la Semana Mundial de la Lactancia Materna - NBCS Noticias","og_description":"Con el objetivo de fortalecer las acciones en favor de la salud materno-infantil y el bienestar de las familias, el","og_url":"https:\/\/nbcs.mx\/?p=153672","og_site_name":"NBCS Noticias","article_publisher":"https:\/\/www.facebook.com\/NBCSnoticias","article_author":"https:\/\/www.facebook.com\/NBCSnoticias","article_published_time":"2025-08-07T21:44:35+00:00","og_image":[{"width":2212,"height":1410,"url":"https:\/\/nbcs.mx\/wp-content\/uploads\/2025\/08\/FOTO-BOLETIN-SEDIF-SEMANA-LACTANCIA-HIDALGO.jpeg","type":"image\/jpeg"}],"author":"NBCS Noticias","twitter_card":"summary_large_image","twitter_creator":"@https:\/\/twitter.com\/NBCSnoticias","twitter_site":"@NBCSnoticias","twitter_misc":{"Escrito por":"NBCS Noticias","Tiempo de lectura":"2 minutos"},"schema":{"@context":"https:\/\/schema.org","@graph":[{"@type":"Article","@id":"https:\/\/nbcs.mx\/?p=153672#article","isPartOf":{"@id":"https:\/\/nbcs.mx\/?p=153672"},"author":{"name":"NBCS Noticias","@id":"https:\/\/nbcs.mx\/#\/schema\/person\/ece58bab9a7c1e87a4d28ec9ecd79ff4"},"headline":"Participa SEDIF en Encuentro Nacional en el marco de la Semana Mundial de la Lactancia Materna","datePublished":"2025-08-07T21:44:35+00:00","mainEntityOfPage":{"@id":"https:\/\/nbcs.mx\/?p=153672"},"wordCount":347,"commentCount":0,"publisher":{"@id":"https:\/\/nbcs.mx\/#organization"},"image":{"@id":"https:\/\/nbcs.mx\/?p=153672#primaryimage"},"thumbnailUrl":"https:\/\/nbcs.mx\/wp-content\/uploads\/2025\/08\/FOTO-BOLETIN-SEDIF-SEMANA-LACTANCIA-HIDALGO.jpeg","articleSection":["Noticias"],"inLanguage":"es","potentialAction":[{"@type":"CommentAction","name":"Comment","target":["https:\/\/nbcs.mx\/?p=153672#respond"]}]},{"@type":"WebPage","@id":"https:\/\/nbcs.mx\/?p=153672","url":"https:\/\/nbcs.mx\/?p=153672","name":"Participa SEDIF en Encuentro Nacional en el marco de la Semana Mundial de la Lactancia Materna - NBCS Noticias","isPartOf":{"@id":"https:\/\/nbcs.mx\/#website"},"primaryImageOfPage":{"@id":"https:\/\/nbcs.mx\/?p=153672#primaryimage"},"image":{"@id":"https:\/\/nbcs.mx\/?p=153672#primaryimage"},"thumbnailUrl":"https:\/\/nbcs.mx\/wp-content\/uploads\/2025\/08\/FOTO-BOLETIN-SEDIF-SEMANA-LACTANCIA-HIDALGO.jpeg","datePublished":"2025-08-07T21:44:35+00:00","breadcrumb":{"@id":"https:\/\/nbcs.mx\/?p=153672#breadcrumb"},"inLanguage":"es","potentialAction":[{"@type":"ReadAction","target":["https:\/\/nbcs.mx\/?p=153672"]}]},{"@type":"ImageObject","inLanguage":"es","@id":"https:\/\/nbcs.mx\/?p=153672#primaryimage","url":"https:\/\/nbcs.mx\/wp-content\/uploads\/2025\/08\/FOTO-BOLETIN-SEDIF-SEMANA-LACTANCIA-HIDALGO.jpeg","contentUrl":"https:\/\/nbcs.mx\/wp-content\/uploads\/2025\/08\/FOTO-BOLETIN-SEDIF-SEMANA-LACTANCIA-HIDALGO.jpeg","width":2212,"height":1410},{"@type":"BreadcrumbList","@id":"https:\/\/nbcs.mx\/?p=153672#breadcrumb","itemListElement":[{"@type":"ListItem","position":1,"name":"Portada","item":"https:\/\/nbcs.mx\/"},{"@type":"ListItem","position":2,"name":"Participa SEDIF en Encuentro Nacional en el marco de la Semana Mundial de la Lactancia Materna"}]},{"@type":"WebSite","@id":"https:\/\/nbcs.mx\/#website","url":"https:\/\/nbcs.mx\/","name":"NBCS Noticias","description":"Sitio web de noticias en Baja California Sur","publisher":{"@id":"https:\/\/nbcs.mx\/#organization"},"potentialAction":[{"@type":"SearchAction","target":{"@type":"EntryPoint","urlTemplate":"https:\/\/nbcs.mx\/?s={search_term_string}"},"query-input":{"@type":"PropertyValueSpecification","valueRequired":true,"valueName":"search_term_string"}}],"inLanguage":"es"},{"@type":"Organization","@id":"https:\/\/nbcs.mx\/#organization","name":"NBCS Noticias","url":"https:\/\/nbcs.mx\/","logo":{"@type":"ImageObject","inLanguage":"es","@id":"https:\/\/nbcs.mx\/#\/schema\/logo\/image\/","url":"https:\/\/nbcs.mx\/wp-content\/uploads\/2018\/09\/057b69485e93575a5c2b1c1dde2dd297.jpeg","contentUrl":"https:\/\/nbcs.mx\/wp-content\/uploads\/2018\/09\/057b69485e93575a5c2b1c1dde2dd297.jpeg","width":64,"height":64,"caption":"NBCS Noticias"},"image":{"@id":"https:\/\/nbcs.mx\/#\/schema\/logo\/image\/"},"sameAs":["https:\/\/www.facebook.com\/NBCSnoticias","https:\/\/x.com\/NBCSnoticias"]},{"@type":"Person","@id":"https:\/\/nbcs.mx\/#\/schema\/person\/ece58bab9a7c1e87a4d28ec9ecd79ff4","name":"NBCS Noticias","image":{"@type":"ImageObject","inLanguage":"es","@id":"https:\/\/secure.gravatar.com\/avatar\/4e52110cad1c4054b43271a0d14bbe9e2ea76aecd0e1097edfc670798d9ca1d4?s=96&d=blank&r=g","url":"https:\/\/secure.gravatar.com\/avatar\/4e52110cad1c4054b43271a0d14bbe9e2ea76aecd0e1097edfc670798d9ca1d4?s=96&d=blank&r=g","contentUrl":"https:\/\/secure.gravatar.com\/avatar\/4e52110cad1c4054b43271a0d14bbe9e2ea76aecd0e1097edfc670798d9ca1d4?s=96&d=blank&r=g","caption":"NBCS Noticias"},"description":"\u00bfTienes fotos o video de alg\u00fan acto de posible negligencia, corrupci\u00f3n y abuso de autoridad? M\u00e1ndalo al WhatsApp de NBCS Noticias: 612 141 98 08","sameAs":["https:\/\/www.nbcs.mx","https:\/\/www.facebook.com\/NBCSnoticias","https:\/\/www.instagram.com\/nbcsnoticias\/","https:\/\/x.com\/https:\/\/twitter.com\/NBCSnoticias"]}]}},"jetpack_publicize_connections":[],"jetpack_featured_media_url":"https:\/\/nbcs.mx\/wp-content\/uploads\/2025\/08\/FOTO-BOLETIN-SEDIF-SEMANA-LACTANCIA-HIDALGO.jpeg","jetpack_sharing_enabled":true,"_links":{"self":[{"href":"https:\/\/nbcs.mx\/index.php?rest_route=\/wp\/v2\/posts\/153672","targetHints":{"allow":["GET"]}}],"collection":[{"href":"https:\/\/nbcs.mx\/index.php?rest_route=\/wp\/v2\/posts"}],"about":[{"href":"https:\/\/nbcs.mx\/index.php?rest_route=\/wp\/v2\/types\/post"}],"author":[{"embeddable":true,"href":"https:\/\/nbcs.mx\/index.php?rest_route=\/wp\/v2\/users\/1"}],"replies":[{"embeddable":true,"href":"https:\/\/nbcs.mx\/index.php?rest_route=%2Fwp%2Fv2%2Fcomments&post=153672"}],"version-history":[{"count":1,"href":"https:\/\/nbcs.mx\/index.php?rest_route=\/wp\/v2\/posts\/153672\/revisions"}],"predecessor-version":[{"id":153674,"href":"https:\/\/nbcs.mx\/index.php?rest_route=\/wp\/v2\/posts\/153672\/revisions\/153674"}],"wp:featuredmedia":[{"embeddable":true,"href":"https:\/\/nbcs.mx\/index.php?rest_route=\/wp\/v2\/media\/153673"}],"wp:attachment":[{"href":"https:\/\/nbcs.mx\/index.php?rest_route=%2Fwp%2Fv2%2Fmedia&parent=153672"}],"wp:term":[{"taxonomy":"category","embeddable":true,"href":"https:\/\/nbcs.mx\/index.php?rest_route=%2Fwp%2Fv2%2Fcategories&post=153672"},{"taxonomy":"post_tag","embeddable":true,"href":"https:\/\/nbcs.mx\/index.php?rest_route=%2Fwp%2Fv2%2Ftags&post=153672"}],"curies":[{"name":"wp","href":"https:\/\/api.w.org\/{rel}","templated":true}]}}