{"id":153675,"date":"2025-08-07T15:45:38","date_gmt":"2025-08-07T21:45:38","guid":{"rendered":"https:\/\/nbcs.mx\/?p=153675"},"modified":"2025-08-07T15:45:38","modified_gmt":"2025-08-07T21:45:38","slug":"capacitacion-y-trabajo-en-equipo-fundamentales-para-la-proteccion-civil","status":"publish","type":"post","link":"https:\/\/nbcs.mx\/?p=153675","title":{"rendered":"Capacitaci\u00f3n y trabajo en equipo, fundamentales para la Protecci\u00f3n Civil"},"content":{"rendered":"<p style=\"font-weight: 400; text-align: justify;\"><img loading=\"lazy\" decoding=\"async\" class=\" wp-image-153676 alignleft\" src=\"https:\/\/nbcs.mx\/wp-content\/uploads\/2025\/08\/FOTO-BOLETIN-SGG-PROFESIONALIZACION-PCIVIL-656x492.jpeg\" alt=\"\" width=\"391\" height=\"293\" srcset=\"https:\/\/nbcs.mx\/wp-content\/uploads\/2025\/08\/FOTO-BOLETIN-SGG-PROFESIONALIZACION-PCIVIL-656x492.jpeg 656w, https:\/\/nbcs.mx\/wp-content\/uploads\/2025\/08\/FOTO-BOLETIN-SGG-PROFESIONALIZACION-PCIVIL-150x113.jpeg 150w, https:\/\/nbcs.mx\/wp-content\/uploads\/2025\/08\/FOTO-BOLETIN-SGG-PROFESIONALIZACION-PCIVIL-768x576.jpeg 768w, https:\/\/nbcs.mx\/wp-content\/uploads\/2025\/08\/FOTO-BOLETIN-SGG-PROFESIONALIZACION-PCIVIL.jpeg 1024w\" sizes=\"auto, (max-width: 391px) 100vw, 391px\" \/>En representaci\u00f3n del gobernador del estado, V\u00edctor Manuel Castro Cos\u00edo, la subsecretaria General de Gobierno, Claudia Elena Meza de la Toba inaugur\u00f3, junto al director general para la Gesti\u00f3n de Riesgos de la Coordinaci\u00f3n Nacional de Protecci\u00f3n Civil, Eduardo Olmos Tomasini y el subsecretario del ramo en la entidad, H\u00e9ctor Amparano Herrera, el curso \u201cAtenci\u00f3n de Emergencias por Huracanes\u201d, dirigido a 217 integrantes del Sistema Estatal de Protecci\u00f3n Civil en Baja California Sur, a fin de fortalecer la cultura de la prevenci\u00f3n.<\/p>\n<p style=\"font-weight: 400; text-align: justify;\">\n<p style=\"font-weight: 400; text-align: justify;\">Durante su intervenci\u00f3n, Meza de la Toba, refrend\u00f3 el compromiso de la presente administraci\u00f3n, de seguir avanzando en la construcci\u00f3n de una nueva manera de hacer gobierno, es decir, poner en el centro de todas las pol\u00edticas p\u00fablicas el bienestar de la poblaci\u00f3n, sobre todo, en estos temas prioritarios.<\/p>\n<p style=\"font-weight: 400; text-align: justify;\">\n<p style=\"font-weight: 400; text-align: justify;\">\u201cLa temporada de huracanes representa un desaf\u00edo constante, es nuestra responsabilidad como autoridades y ciudadanos, estar preparados para enfrentar los posibles embates por un fen\u00f3meno de esta naturaleza, teniendo como principal objetivo la protecci\u00f3n de la vida de las y los habitantes\u201d, expres\u00f3 la subsecretaria de Gobierno.<\/p>\n<p style=\"font-weight: 400; text-align: justify;\">\n<p style=\"font-weight: 400; text-align: justify;\">Al tiempo que resalt\u00f3 que la prevenci\u00f3n es la mejor herramienta para mitigar sus efectos, de ah\u00ed la relevancia de mantenerse en constante capacitaci\u00f3n para atender a las familias sudcalifornianas en caso de requerirse.<\/p>\n<p style=\"font-weight: 400; text-align: justify;\">\n<p style=\"font-weight: 400; text-align: justify;\">As\u00ed como la participaci\u00f3n social, para seguir avanzando en esta materia, ya que es una responsabilidad compartida entre todas y todos, para conocer qu\u00e9 medidas adoptar antes, durante y despu\u00e9s de un hurac\u00e1n.<\/p>\n<p style=\"font-weight: 400; text-align: justify;\">\n<p style=\"font-weight: 400; text-align: justify;\">Claudia Meza, reconoci\u00f3 el apoyo y la colaboraci\u00f3n del Gobierno Federal, a trav\u00e9s de la Coordinaci\u00f3n Nacional de Protecci\u00f3n Civil, las Fuerzas Armadas representadas por las Secretar\u00edas de la Defensa, Marina y Guardia Nacional, adem\u00e1s de los cinco municipios por sumarse a estas acciones.<\/p>\n","protected":false},"excerpt":{"rendered":"<p>En representaci\u00f3n del gobernador del estado, V\u00edctor Manuel Castro Cos\u00edo, la subsecretaria General de Gobierno, Claudia Elena Meza de la<\/p>\n","protected":false},"author":1,"featured_media":153676,"comment_status":"open","ping_status":"closed","sticky":false,"template":"","format":"standard","meta":{"colormag_page_container_layout":"default_layout","colormag_page_sidebar_layout":"default_layout","_jetpack_memberships_contains_paid_content":false,"footnotes":"","jetpack_publicize_message":"","jetpack_publicize_feature_enabled":true,"jetpack_social_post_already_shared":true,"jetpack_social_options":{"image_generator_settings":{"template":"highway","default_image_id":0,"font":"","enabled":false},"version":2}},"categories":[1],"tags":[],"class_list":["post-153675","post","type-post","status-publish","format-standard","has-post-thumbnail","hentry","category-noticias"],"yoast_head":"<!-- This site is optimized with the Yoast SEO plugin v27.5 - https:\/\/yoast.com\/product\/yoast-seo-wordpress\/ -->\n<title>Capacitaci\u00f3n y trabajo en equipo, fundamentales para la Protecci\u00f3n Civil - NBCS Noticias<\/title>\n<meta name=\"robots\" content=\"index, follow, max-snippet:-1, max-image-preview:large, max-video-preview:-1\" \/>\n<link rel=\"canonical\" href=\"https:\/\/nbcs.mx\/?p=153675\" \/>\n<meta property=\"og:locale\" content=\"es_ES\" \/>\n<meta property=\"og:type\" content=\"article\" \/>\n<meta property=\"og:title\" content=\"Capacitaci\u00f3n y trabajo en equipo, fundamentales para la Protecci\u00f3n Civil - NBCS Noticias\" \/>\n<meta property=\"og:description\" content=\"En representaci\u00f3n del gobernador del estado, V\u00edctor Manuel Castro Cos\u00edo, la subsecretaria General de Gobierno, Claudia Elena Meza de la\" \/>\n<meta property=\"og:url\" content=\"https:\/\/nbcs.mx\/?p=153675\" \/>\n<meta property=\"og:site_name\" content=\"NBCS Noticias\" \/>\n<meta property=\"article:publisher\" content=\"https:\/\/www.facebook.com\/NBCSnoticias\" \/>\n<meta property=\"article:author\" content=\"https:\/\/www.facebook.com\/NBCSnoticias\" \/>\n<meta property=\"article:published_time\" content=\"2025-08-07T21:45:38+00:00\" \/>\n<meta property=\"og:image\" content=\"https:\/\/nbcs.mx\/wp-content\/uploads\/2025\/08\/FOTO-BOLETIN-SGG-PROFESIONALIZACION-PCIVIL.jpeg\" \/>\n\t<meta property=\"og:image:width\" content=\"1024\" \/>\n\t<meta property=\"og:image:height\" content=\"768\" \/>\n\t<meta property=\"og:image:type\" content=\"image\/jpeg\" \/>\n<meta name=\"author\" content=\"NBCS Noticias\" \/>\n<meta name=\"twitter:card\" content=\"summary_large_image\" \/>\n<meta name=\"twitter:creator\" content=\"@https:\/\/twitter.com\/NBCSnoticias\" \/>\n<meta name=\"twitter:site\" content=\"@NBCSnoticias\" \/>\n<meta name=\"twitter:label1\" content=\"Escrito por\" \/>\n\t<meta name=\"twitter:data1\" content=\"NBCS Noticias\" \/>\n\t<meta name=\"twitter:label2\" content=\"Tiempo de lectura\" \/>\n\t<meta name=\"twitter:data2\" content=\"2 minutos\" \/>\n<script type=\"application\/ld+json\" class=\"yoast-schema-graph\">{\"@context\":\"https:\\\/\\\/schema.org\",\"@graph\":[{\"@type\":\"Article\",\"@id\":\"https:\\\/\\\/nbcs.mx\\\/?p=153675#article\",\"isPartOf\":{\"@id\":\"https:\\\/\\\/nbcs.mx\\\/?p=153675\"},\"author\":{\"name\":\"NBCS Noticias\",\"@id\":\"https:\\\/\\\/nbcs.mx\\\/#\\\/schema\\\/person\\\/ece58bab9a7c1e87a4d28ec9ecd79ff4\"},\"headline\":\"Capacitaci\u00f3n y trabajo en equipo, fundamentales para la Protecci\u00f3n Civil\",\"datePublished\":\"2025-08-07T21:45:38+00:00\",\"mainEntityOfPage\":{\"@id\":\"https:\\\/\\\/nbcs.mx\\\/?p=153675\"},\"wordCount\":330,\"commentCount\":0,\"publisher\":{\"@id\":\"https:\\\/\\\/nbcs.mx\\\/#organization\"},\"image\":{\"@id\":\"https:\\\/\\\/nbcs.mx\\\/?p=153675#primaryimage\"},\"thumbnailUrl\":\"https:\\\/\\\/nbcs.mx\\\/wp-content\\\/uploads\\\/2025\\\/08\\\/FOTO-BOLETIN-SGG-PROFESIONALIZACION-PCIVIL.jpeg\",\"articleSection\":[\"Noticias\"],\"inLanguage\":\"es\",\"potentialAction\":[{\"@type\":\"CommentAction\",\"name\":\"Comment\",\"target\":[\"https:\\\/\\\/nbcs.mx\\\/?p=153675#respond\"]}]},{\"@type\":\"WebPage\",\"@id\":\"https:\\\/\\\/nbcs.mx\\\/?p=153675\",\"url\":\"https:\\\/\\\/nbcs.mx\\\/?p=153675\",\"name\":\"Capacitaci\u00f3n y trabajo en equipo, fundamentales para la Protecci\u00f3n Civil - NBCS Noticias\",\"isPartOf\":{\"@id\":\"https:\\\/\\\/nbcs.mx\\\/#website\"},\"primaryImageOfPage\":{\"@id\":\"https:\\\/\\\/nbcs.mx\\\/?p=153675#primaryimage\"},\"image\":{\"@id\":\"https:\\\/\\\/nbcs.mx\\\/?p=153675#primaryimage\"},\"thumbnailUrl\":\"https:\\\/\\\/nbcs.mx\\\/wp-content\\\/uploads\\\/2025\\\/08\\\/FOTO-BOLETIN-SGG-PROFESIONALIZACION-PCIVIL.jpeg\",\"datePublished\":\"2025-08-07T21:45:38+00:00\",\"breadcrumb\":{\"@id\":\"https:\\\/\\\/nbcs.mx\\\/?p=153675#breadcrumb\"},\"inLanguage\":\"es\",\"potentialAction\":[{\"@type\":\"ReadAction\",\"target\":[\"https:\\\/\\\/nbcs.mx\\\/?p=153675\"]}]},{\"@type\":\"ImageObject\",\"inLanguage\":\"es\",\"@id\":\"https:\\\/\\\/nbcs.mx\\\/?p=153675#primaryimage\",\"url\":\"https:\\\/\\\/nbcs.mx\\\/wp-content\\\/uploads\\\/2025\\\/08\\\/FOTO-BOLETIN-SGG-PROFESIONALIZACION-PCIVIL.jpeg\",\"contentUrl\":\"https:\\\/\\\/nbcs.mx\\\/wp-content\\\/uploads\\\/2025\\\/08\\\/FOTO-BOLETIN-SGG-PROFESIONALIZACION-PCIVIL.jpeg\",\"width\":1024,\"height\":768},{\"@type\":\"BreadcrumbList\",\"@id\":\"https:\\\/\\\/nbcs.mx\\\/?p=153675#breadcrumb\",\"itemListElement\":[{\"@type\":\"ListItem\",\"position\":1,\"name\":\"Portada\",\"item\":\"https:\\\/\\\/nbcs.mx\\\/\"},{\"@type\":\"ListItem\",\"position\":2,\"name\":\"Capacitaci\u00f3n y trabajo en equipo, fundamentales para la Protecci\u00f3n Civil\"}]},{\"@type\":\"WebSite\",\"@id\":\"https:\\\/\\\/nbcs.mx\\\/#website\",\"url\":\"https:\\\/\\\/nbcs.mx\\\/\",\"name\":\"NBCS Noticias\",\"description\":\"Sitio web de noticias en Baja California Sur\",\"publisher\":{\"@id\":\"https:\\\/\\\/nbcs.mx\\\/#organization\"},\"potentialAction\":[{\"@type\":\"SearchAction\",\"target\":{\"@type\":\"EntryPoint\",\"urlTemplate\":\"https:\\\/\\\/nbcs.mx\\\/?s={search_term_string}\"},\"query-input\":{\"@type\":\"PropertyValueSpecification\",\"valueRequired\":true,\"valueName\":\"search_term_string\"}}],\"inLanguage\":\"es\"},{\"@type\":\"Organization\",\"@id\":\"https:\\\/\\\/nbcs.mx\\\/#organization\",\"name\":\"NBCS Noticias\",\"url\":\"https:\\\/\\\/nbcs.mx\\\/\",\"logo\":{\"@type\":\"ImageObject\",\"inLanguage\":\"es\",\"@id\":\"https:\\\/\\\/nbcs.mx\\\/#\\\/schema\\\/logo\\\/image\\\/\",\"url\":\"https:\\\/\\\/nbcs.mx\\\/wp-content\\\/uploads\\\/2018\\\/09\\\/057b69485e93575a5c2b1c1dde2dd297.jpeg\",\"contentUrl\":\"https:\\\/\\\/nbcs.mx\\\/wp-content\\\/uploads\\\/2018\\\/09\\\/057b69485e93575a5c2b1c1dde2dd297.jpeg\",\"width\":64,\"height\":64,\"caption\":\"NBCS Noticias\"},\"image\":{\"@id\":\"https:\\\/\\\/nbcs.mx\\\/#\\\/schema\\\/logo\\\/image\\\/\"},\"sameAs\":[\"https:\\\/\\\/www.facebook.com\\\/NBCSnoticias\",\"https:\\\/\\\/x.com\\\/NBCSnoticias\"]},{\"@type\":\"Person\",\"@id\":\"https:\\\/\\\/nbcs.mx\\\/#\\\/schema\\\/person\\\/ece58bab9a7c1e87a4d28ec9ecd79ff4\",\"name\":\"NBCS Noticias\",\"image\":{\"@type\":\"ImageObject\",\"inLanguage\":\"es\",\"@id\":\"https:\\\/\\\/secure.gravatar.com\\\/avatar\\\/4e52110cad1c4054b43271a0d14bbe9e2ea76aecd0e1097edfc670798d9ca1d4?s=96&d=blank&r=g\",\"url\":\"https:\\\/\\\/secure.gravatar.com\\\/avatar\\\/4e52110cad1c4054b43271a0d14bbe9e2ea76aecd0e1097edfc670798d9ca1d4?s=96&d=blank&r=g\",\"contentUrl\":\"https:\\\/\\\/secure.gravatar.com\\\/avatar\\\/4e52110cad1c4054b43271a0d14bbe9e2ea76aecd0e1097edfc670798d9ca1d4?s=96&d=blank&r=g\",\"caption\":\"NBCS Noticias\"},\"description\":\"\u00bfTienes fotos o video de alg\u00fan acto de posible negligencia, corrupci\u00f3n y abuso de autoridad? M\u00e1ndalo al WhatsApp de NBCS Noticias: 612 141 98 08\",\"sameAs\":[\"https:\\\/\\\/www.nbcs.mx\",\"https:\\\/\\\/www.facebook.com\\\/NBCSnoticias\",\"https:\\\/\\\/www.instagram.com\\\/nbcsnoticias\\\/\",\"https:\\\/\\\/x.com\\\/https:\\\/\\\/twitter.com\\\/NBCSnoticias\"]}]}<\/script>\n<!-- \/ Yoast SEO plugin. -->","yoast_head_json":{"title":"Capacitaci\u00f3n y trabajo en equipo, fundamentales para la Protecci\u00f3n Civil - NBCS Noticias","robots":{"index":"index","follow":"follow","max-snippet":"max-snippet:-1","max-image-preview":"max-image-preview:large","max-video-preview":"max-video-preview:-1"},"canonical":"https:\/\/nbcs.mx\/?p=153675","og_locale":"es_ES","og_type":"article","og_title":"Capacitaci\u00f3n y trabajo en equipo, fundamentales para la Protecci\u00f3n Civil - NBCS Noticias","og_description":"En representaci\u00f3n del gobernador del estado, V\u00edctor Manuel Castro Cos\u00edo, la subsecretaria General de Gobierno, Claudia Elena Meza de la","og_url":"https:\/\/nbcs.mx\/?p=153675","og_site_name":"NBCS Noticias","article_publisher":"https:\/\/www.facebook.com\/NBCSnoticias","article_author":"https:\/\/www.facebook.com\/NBCSnoticias","article_published_time":"2025-08-07T21:45:38+00:00","og_image":[{"width":1024,"height":768,"url":"https:\/\/nbcs.mx\/wp-content\/uploads\/2025\/08\/FOTO-BOLETIN-SGG-PROFESIONALIZACION-PCIVIL.jpeg","type":"image\/jpeg"}],"author":"NBCS Noticias","twitter_card":"summary_large_image","twitter_creator":"@https:\/\/twitter.com\/NBCSnoticias","twitter_site":"@NBCSnoticias","twitter_misc":{"Escrito por":"NBCS Noticias","Tiempo de lectura":"2 minutos"},"schema":{"@context":"https:\/\/schema.org","@graph":[{"@type":"Article","@id":"https:\/\/nbcs.mx\/?p=153675#article","isPartOf":{"@id":"https:\/\/nbcs.mx\/?p=153675"},"author":{"name":"NBCS Noticias","@id":"https:\/\/nbcs.mx\/#\/schema\/person\/ece58bab9a7c1e87a4d28ec9ecd79ff4"},"headline":"Capacitaci\u00f3n y trabajo en equipo, fundamentales para la Protecci\u00f3n Civil","datePublished":"2025-08-07T21:45:38+00:00","mainEntityOfPage":{"@id":"https:\/\/nbcs.mx\/?p=153675"},"wordCount":330,"commentCount":0,"publisher":{"@id":"https:\/\/nbcs.mx\/#organization"},"image":{"@id":"https:\/\/nbcs.mx\/?p=153675#primaryimage"},"thumbnailUrl":"https:\/\/nbcs.mx\/wp-content\/uploads\/2025\/08\/FOTO-BOLETIN-SGG-PROFESIONALIZACION-PCIVIL.jpeg","articleSection":["Noticias"],"inLanguage":"es","potentialAction":[{"@type":"CommentAction","name":"Comment","target":["https:\/\/nbcs.mx\/?p=153675#respond"]}]},{"@type":"WebPage","@id":"https:\/\/nbcs.mx\/?p=153675","url":"https:\/\/nbcs.mx\/?p=153675","name":"Capacitaci\u00f3n y trabajo en equipo, fundamentales para la Protecci\u00f3n Civil - NBCS Noticias","isPartOf":{"@id":"https:\/\/nbcs.mx\/#website"},"primaryImageOfPage":{"@id":"https:\/\/nbcs.mx\/?p=153675#primaryimage"},"image":{"@id":"https:\/\/nbcs.mx\/?p=153675#primaryimage"},"thumbnailUrl":"https:\/\/nbcs.mx\/wp-content\/uploads\/2025\/08\/FOTO-BOLETIN-SGG-PROFESIONALIZACION-PCIVIL.jpeg","datePublished":"2025-08-07T21:45:38+00:00","breadcrumb":{"@id":"https:\/\/nbcs.mx\/?p=153675#breadcrumb"},"inLanguage":"es","potentialAction":[{"@type":"ReadAction","target":["https:\/\/nbcs.mx\/?p=153675"]}]},{"@type":"ImageObject","inLanguage":"es","@id":"https:\/\/nbcs.mx\/?p=153675#primaryimage","url":"https:\/\/nbcs.mx\/wp-content\/uploads\/2025\/08\/FOTO-BOLETIN-SGG-PROFESIONALIZACION-PCIVIL.jpeg","contentUrl":"https:\/\/nbcs.mx\/wp-content\/uploads\/2025\/08\/FOTO-BOLETIN-SGG-PROFESIONALIZACION-PCIVIL.jpeg","width":1024,"height":768},{"@type":"BreadcrumbList","@id":"https:\/\/nbcs.mx\/?p=153675#breadcrumb","itemListElement":[{"@type":"ListItem","position":1,"name":"Portada","item":"https:\/\/nbcs.mx\/"},{"@type":"ListItem","position":2,"name":"Capacitaci\u00f3n y trabajo en equipo, fundamentales para la Protecci\u00f3n Civil"}]},{"@type":"WebSite","@id":"https:\/\/nbcs.mx\/#website","url":"https:\/\/nbcs.mx\/","name":"NBCS Noticias","description":"Sitio web de noticias en Baja California Sur","publisher":{"@id":"https:\/\/nbcs.mx\/#organization"},"potentialAction":[{"@type":"SearchAction","target":{"@type":"EntryPoint","urlTemplate":"https:\/\/nbcs.mx\/?s={search_term_string}"},"query-input":{"@type":"PropertyValueSpecification","valueRequired":true,"valueName":"search_term_string"}}],"inLanguage":"es"},{"@type":"Organization","@id":"https:\/\/nbcs.mx\/#organization","name":"NBCS Noticias","url":"https:\/\/nbcs.mx\/","logo":{"@type":"ImageObject","inLanguage":"es","@id":"https:\/\/nbcs.mx\/#\/schema\/logo\/image\/","url":"https:\/\/nbcs.mx\/wp-content\/uploads\/2018\/09\/057b69485e93575a5c2b1c1dde2dd297.jpeg","contentUrl":"https:\/\/nbcs.mx\/wp-content\/uploads\/2018\/09\/057b69485e93575a5c2b1c1dde2dd297.jpeg","width":64,"height":64,"caption":"NBCS Noticias"},"image":{"@id":"https:\/\/nbcs.mx\/#\/schema\/logo\/image\/"},"sameAs":["https:\/\/www.facebook.com\/NBCSnoticias","https:\/\/x.com\/NBCSnoticias"]},{"@type":"Person","@id":"https:\/\/nbcs.mx\/#\/schema\/person\/ece58bab9a7c1e87a4d28ec9ecd79ff4","name":"NBCS Noticias","image":{"@type":"ImageObject","inLanguage":"es","@id":"https:\/\/secure.gravatar.com\/avatar\/4e52110cad1c4054b43271a0d14bbe9e2ea76aecd0e1097edfc670798d9ca1d4?s=96&d=blank&r=g","url":"https:\/\/secure.gravatar.com\/avatar\/4e52110cad1c4054b43271a0d14bbe9e2ea76aecd0e1097edfc670798d9ca1d4?s=96&d=blank&r=g","contentUrl":"https:\/\/secure.gravatar.com\/avatar\/4e52110cad1c4054b43271a0d14bbe9e2ea76aecd0e1097edfc670798d9ca1d4?s=96&d=blank&r=g","caption":"NBCS Noticias"},"description":"\u00bfTienes fotos o video de alg\u00fan acto de posible negligencia, corrupci\u00f3n y abuso de autoridad? M\u00e1ndalo al WhatsApp de NBCS Noticias: 612 141 98 08","sameAs":["https:\/\/www.nbcs.mx","https:\/\/www.facebook.com\/NBCSnoticias","https:\/\/www.instagram.com\/nbcsnoticias\/","https:\/\/x.com\/https:\/\/twitter.com\/NBCSnoticias"]}]}},"jetpack_publicize_connections":[],"jetpack_featured_media_url":"https:\/\/nbcs.mx\/wp-content\/uploads\/2025\/08\/FOTO-BOLETIN-SGG-PROFESIONALIZACION-PCIVIL.jpeg","jetpack_sharing_enabled":true,"_links":{"self":[{"href":"https:\/\/nbcs.mx\/index.php?rest_route=\/wp\/v2\/posts\/153675","targetHints":{"allow":["GET"]}}],"collection":[{"href":"https:\/\/nbcs.mx\/index.php?rest_route=\/wp\/v2\/posts"}],"about":[{"href":"https:\/\/nbcs.mx\/index.php?rest_route=\/wp\/v2\/types\/post"}],"author":[{"embeddable":true,"href":"https:\/\/nbcs.mx\/index.php?rest_route=\/wp\/v2\/users\/1"}],"replies":[{"embeddable":true,"href":"https:\/\/nbcs.mx\/index.php?rest_route=%2Fwp%2Fv2%2Fcomments&post=153675"}],"version-history":[{"count":1,"href":"https:\/\/nbcs.mx\/index.php?rest_route=\/wp\/v2\/posts\/153675\/revisions"}],"predecessor-version":[{"id":153677,"href":"https:\/\/nbcs.mx\/index.php?rest_route=\/wp\/v2\/posts\/153675\/revisions\/153677"}],"wp:featuredmedia":[{"embeddable":true,"href":"https:\/\/nbcs.mx\/index.php?rest_route=\/wp\/v2\/media\/153676"}],"wp:attachment":[{"href":"https:\/\/nbcs.mx\/index.php?rest_route=%2Fwp%2Fv2%2Fmedia&parent=153675"}],"wp:term":[{"taxonomy":"category","embeddable":true,"href":"https:\/\/nbcs.mx\/index.php?rest_route=%2Fwp%2Fv2%2Fcategories&post=153675"},{"taxonomy":"post_tag","embeddable":true,"href":"https:\/\/nbcs.mx\/index.php?rest_route=%2Fwp%2Fv2%2Ftags&post=153675"}],"curies":[{"name":"wp","href":"https:\/\/api.w.org\/{rel}","templated":true}]}}