{"id":153678,"date":"2025-08-07T15:47:00","date_gmt":"2025-08-07T21:47:00","guid":{"rendered":"https:\/\/nbcs.mx\/?p=153678"},"modified":"2025-08-07T15:47:00","modified_gmt":"2025-08-07T21:47:00","slug":"anuncian-caravanas-de-salud-y-mejoras-educativas-tras-reunion-en-palacio-nacional","status":"publish","type":"post","link":"https:\/\/nbcs.mx\/?p=153678","title":{"rendered":"Anuncian caravanas de salud y mejoras educativas tras reuni\u00f3n en Palacio Nacional"},"content":{"rendered":"<p style=\"font-weight: 400; text-align: justify;\"><img loading=\"lazy\" decoding=\"async\" class=\" wp-image-153679 alignleft\" src=\"https:\/\/nbcs.mx\/wp-content\/uploads\/2025\/08\/FOTO-BOLETIN-0273-VMCC-CARAVANAS-SALUD-PALACIO-NACIONAL-755x464.jpeg\" alt=\"\" width=\"374\" height=\"230\" srcset=\"https:\/\/nbcs.mx\/wp-content\/uploads\/2025\/08\/FOTO-BOLETIN-0273-VMCC-CARAVANAS-SALUD-PALACIO-NACIONAL-755x464.jpeg 755w, https:\/\/nbcs.mx\/wp-content\/uploads\/2025\/08\/FOTO-BOLETIN-0273-VMCC-CARAVANAS-SALUD-PALACIO-NACIONAL-150x92.jpeg 150w, https:\/\/nbcs.mx\/wp-content\/uploads\/2025\/08\/FOTO-BOLETIN-0273-VMCC-CARAVANAS-SALUD-PALACIO-NACIONAL-768x472.jpeg 768w, https:\/\/nbcs.mx\/wp-content\/uploads\/2025\/08\/FOTO-BOLETIN-0273-VMCC-CARAVANAS-SALUD-PALACIO-NACIONAL.jpeg 842w\" sizes=\"auto, (max-width: 374px) 100vw, 374px\" \/>Con el objetivo de consolidar el bienestar del pueblo sudcaliforniano, el gobernador V\u00edctor Manuel Castro Cos\u00edo sostuvo un encuentro de trabajo con la presidenta de M\u00e9xico, Claudia Sheinbaum Pardo, en Palacio Nacional, donde se acordaron acciones conjuntas para fortalecer los sistemas de salud y educaci\u00f3n.<\/p>\n<p style=\"font-weight: 400; text-align: justify;\">\n<p style=\"font-weight: 400; text-align: justify;\">Durante la reuni\u00f3n, el mandatario estatal reconoci\u00f3 el respaldo decidido del Gobierno de M\u00e9xico para avanzar en la implementaci\u00f3n del sistema de salud IMSS-Bienestar, una estrategia prioritaria que busca garantizar atenci\u00f3n m\u00e9dica y abasto de medicamentos para todas y todos, sin importar su condici\u00f3n laboral o afiliaci\u00f3n a seguridad social.<\/p>\n<p style=\"font-weight: 400; text-align: justify;\">\n<p style=\"font-weight: 400; text-align: justify;\">En ese sentido, anunci\u00f3 que el pr\u00f3ximo martes 19 de agosto partir\u00e1n las caravanas de la salud hacia todas las regiones del estado, con el prop\u00f3sito de entregar medicamentos faltantes y atender el rezago hist\u00f3rico en el sector. \u201cGracias al invaluable apoyo de nuestra presidenta, vamos a dar un paso firme para erradicar el desabasto que ha afectado por a\u00f1os a nuestras comunidades\u201d, expres\u00f3.<\/p>\n<p style=\"font-weight: 400; text-align: justify;\">\n<p style=\"font-weight: 400; text-align: justify;\">Castro Cos\u00edo subray\u00f3 que la salud y la educaci\u00f3n son pilares fundamentales de la Cuarta Transformaci\u00f3n. \u201cEstamos reforzando ambos rubros. Sin salud y educaci\u00f3n no hay transformaci\u00f3n\u201d, afirm\u00f3.<\/p>\n<p style=\"font-weight: 400; text-align: justify;\">\n<p style=\"font-weight: 400; text-align: justify;\">En materia educativa, el Gobernador puntualiz\u00f3 que se trabajar\u00e1 en el fortalecimiento de la infraestructura escolar, as\u00ed como en la capacitaci\u00f3n docente y la mejora de las condiciones laborales para maestras, maestros y personal de apoyo, quienes son columna vertebral del desarrollo social.<\/p>\n<p style=\"font-weight: 400; text-align: justify;\">\n<p style=\"font-weight: 400; text-align: justify;\">\u201cDesde Baja California Sur refrendamos nuestro compromiso con los principios de justicia social, bienestar y equidad. Seguiremos en coordinaci\u00f3n con el Gobierno de M\u00e9xico para que nadie se quede atr\u00e1s y nadie se quede fuera\u201d, concluy\u00f3.<\/p>\n<p style=\"font-weight: 400; text-align: justify;\">\n<p style=\"font-weight: 400; text-align: justify;\">\n","protected":false},"excerpt":{"rendered":"<p>Con el objetivo de consolidar el bienestar del pueblo sudcaliforniano, el gobernador V\u00edctor Manuel Castro Cos\u00edo sostuvo un encuentro de<\/p>\n","protected":false},"author":1,"featured_media":153679,"comment_status":"open","ping_status":"closed","sticky":false,"template":"","format":"standard","meta":{"colormag_page_container_layout":"default_layout","colormag_page_sidebar_layout":"default_layout","_jetpack_memberships_contains_paid_content":false,"footnotes":"","jetpack_publicize_message":"","jetpack_publicize_feature_enabled":true,"jetpack_social_post_already_shared":true,"jetpack_social_options":{"image_generator_settings":{"template":"highway","default_image_id":0,"font":"","enabled":false},"version":2}},"categories":[1],"tags":[],"class_list":["post-153678","post","type-post","status-publish","format-standard","has-post-thumbnail","hentry","category-noticias"],"yoast_head":"<!-- This site is optimized with the Yoast SEO plugin v27.5 - https:\/\/yoast.com\/product\/yoast-seo-wordpress\/ -->\n<title>Anuncian caravanas de salud y mejoras educativas tras reuni\u00f3n en Palacio Nacional - NBCS Noticias<\/title>\n<meta name=\"robots\" content=\"index, follow, max-snippet:-1, max-image-preview:large, max-video-preview:-1\" \/>\n<link rel=\"canonical\" href=\"https:\/\/nbcs.mx\/?p=153678\" \/>\n<meta property=\"og:locale\" content=\"es_ES\" \/>\n<meta property=\"og:type\" content=\"article\" \/>\n<meta property=\"og:title\" content=\"Anuncian caravanas de salud y mejoras educativas tras reuni\u00f3n en Palacio Nacional - NBCS Noticias\" \/>\n<meta property=\"og:description\" content=\"Con el objetivo de consolidar el bienestar del pueblo sudcaliforniano, el gobernador V\u00edctor Manuel Castro Cos\u00edo sostuvo un encuentro de\" \/>\n<meta property=\"og:url\" content=\"https:\/\/nbcs.mx\/?p=153678\" \/>\n<meta property=\"og:site_name\" content=\"NBCS Noticias\" \/>\n<meta property=\"article:publisher\" content=\"https:\/\/www.facebook.com\/NBCSnoticias\" \/>\n<meta property=\"article:author\" content=\"https:\/\/www.facebook.com\/NBCSnoticias\" \/>\n<meta property=\"article:published_time\" content=\"2025-08-07T21:47:00+00:00\" \/>\n<meta property=\"og:image\" content=\"https:\/\/nbcs.mx\/wp-content\/uploads\/2025\/08\/FOTO-BOLETIN-0273-VMCC-CARAVANAS-SALUD-PALACIO-NACIONAL.jpeg\" \/>\n\t<meta property=\"og:image:width\" content=\"842\" \/>\n\t<meta property=\"og:image:height\" content=\"517\" \/>\n\t<meta property=\"og:image:type\" content=\"image\/jpeg\" \/>\n<meta name=\"author\" content=\"NBCS Noticias\" \/>\n<meta name=\"twitter:card\" content=\"summary_large_image\" \/>\n<meta name=\"twitter:creator\" content=\"@https:\/\/twitter.com\/NBCSnoticias\" \/>\n<meta name=\"twitter:site\" content=\"@NBCSnoticias\" \/>\n<meta name=\"twitter:label1\" content=\"Escrito por\" \/>\n\t<meta name=\"twitter:data1\" content=\"NBCS Noticias\" \/>\n\t<meta name=\"twitter:label2\" content=\"Tiempo de lectura\" \/>\n\t<meta name=\"twitter:data2\" content=\"2 minutos\" \/>\n<script type=\"application\/ld+json\" class=\"yoast-schema-graph\">{\"@context\":\"https:\\\/\\\/schema.org\",\"@graph\":[{\"@type\":\"Article\",\"@id\":\"https:\\\/\\\/nbcs.mx\\\/?p=153678#article\",\"isPartOf\":{\"@id\":\"https:\\\/\\\/nbcs.mx\\\/?p=153678\"},\"author\":{\"name\":\"NBCS Noticias\",\"@id\":\"https:\\\/\\\/nbcs.mx\\\/#\\\/schema\\\/person\\\/ece58bab9a7c1e87a4d28ec9ecd79ff4\"},\"headline\":\"Anuncian caravanas de salud y mejoras educativas tras reuni\u00f3n en Palacio Nacional\",\"datePublished\":\"2025-08-07T21:47:00+00:00\",\"mainEntityOfPage\":{\"@id\":\"https:\\\/\\\/nbcs.mx\\\/?p=153678\"},\"wordCount\":303,\"commentCount\":0,\"publisher\":{\"@id\":\"https:\\\/\\\/nbcs.mx\\\/#organization\"},\"image\":{\"@id\":\"https:\\\/\\\/nbcs.mx\\\/?p=153678#primaryimage\"},\"thumbnailUrl\":\"https:\\\/\\\/nbcs.mx\\\/wp-content\\\/uploads\\\/2025\\\/08\\\/FOTO-BOLETIN-0273-VMCC-CARAVANAS-SALUD-PALACIO-NACIONAL.jpeg\",\"articleSection\":[\"Noticias\"],\"inLanguage\":\"es\",\"potentialAction\":[{\"@type\":\"CommentAction\",\"name\":\"Comment\",\"target\":[\"https:\\\/\\\/nbcs.mx\\\/?p=153678#respond\"]}]},{\"@type\":\"WebPage\",\"@id\":\"https:\\\/\\\/nbcs.mx\\\/?p=153678\",\"url\":\"https:\\\/\\\/nbcs.mx\\\/?p=153678\",\"name\":\"Anuncian caravanas de salud y mejoras educativas tras reuni\u00f3n en Palacio Nacional - NBCS Noticias\",\"isPartOf\":{\"@id\":\"https:\\\/\\\/nbcs.mx\\\/#website\"},\"primaryImageOfPage\":{\"@id\":\"https:\\\/\\\/nbcs.mx\\\/?p=153678#primaryimage\"},\"image\":{\"@id\":\"https:\\\/\\\/nbcs.mx\\\/?p=153678#primaryimage\"},\"thumbnailUrl\":\"https:\\\/\\\/nbcs.mx\\\/wp-content\\\/uploads\\\/2025\\\/08\\\/FOTO-BOLETIN-0273-VMCC-CARAVANAS-SALUD-PALACIO-NACIONAL.jpeg\",\"datePublished\":\"2025-08-07T21:47:00+00:00\",\"breadcrumb\":{\"@id\":\"https:\\\/\\\/nbcs.mx\\\/?p=153678#breadcrumb\"},\"inLanguage\":\"es\",\"potentialAction\":[{\"@type\":\"ReadAction\",\"target\":[\"https:\\\/\\\/nbcs.mx\\\/?p=153678\"]}]},{\"@type\":\"ImageObject\",\"inLanguage\":\"es\",\"@id\":\"https:\\\/\\\/nbcs.mx\\\/?p=153678#primaryimage\",\"url\":\"https:\\\/\\\/nbcs.mx\\\/wp-content\\\/uploads\\\/2025\\\/08\\\/FOTO-BOLETIN-0273-VMCC-CARAVANAS-SALUD-PALACIO-NACIONAL.jpeg\",\"contentUrl\":\"https:\\\/\\\/nbcs.mx\\\/wp-content\\\/uploads\\\/2025\\\/08\\\/FOTO-BOLETIN-0273-VMCC-CARAVANAS-SALUD-PALACIO-NACIONAL.jpeg\",\"width\":842,\"height\":517},{\"@type\":\"BreadcrumbList\",\"@id\":\"https:\\\/\\\/nbcs.mx\\\/?p=153678#breadcrumb\",\"itemListElement\":[{\"@type\":\"ListItem\",\"position\":1,\"name\":\"Portada\",\"item\":\"https:\\\/\\\/nbcs.mx\\\/\"},{\"@type\":\"ListItem\",\"position\":2,\"name\":\"Anuncian caravanas de salud y mejoras educativas tras reuni\u00f3n en Palacio Nacional\"}]},{\"@type\":\"WebSite\",\"@id\":\"https:\\\/\\\/nbcs.mx\\\/#website\",\"url\":\"https:\\\/\\\/nbcs.mx\\\/\",\"name\":\"NBCS Noticias\",\"description\":\"Sitio web de noticias en Baja California Sur\",\"publisher\":{\"@id\":\"https:\\\/\\\/nbcs.mx\\\/#organization\"},\"potentialAction\":[{\"@type\":\"SearchAction\",\"target\":{\"@type\":\"EntryPoint\",\"urlTemplate\":\"https:\\\/\\\/nbcs.mx\\\/?s={search_term_string}\"},\"query-input\":{\"@type\":\"PropertyValueSpecification\",\"valueRequired\":true,\"valueName\":\"search_term_string\"}}],\"inLanguage\":\"es\"},{\"@type\":\"Organization\",\"@id\":\"https:\\\/\\\/nbcs.mx\\\/#organization\",\"name\":\"NBCS Noticias\",\"url\":\"https:\\\/\\\/nbcs.mx\\\/\",\"logo\":{\"@type\":\"ImageObject\",\"inLanguage\":\"es\",\"@id\":\"https:\\\/\\\/nbcs.mx\\\/#\\\/schema\\\/logo\\\/image\\\/\",\"url\":\"https:\\\/\\\/nbcs.mx\\\/wp-content\\\/uploads\\\/2018\\\/09\\\/057b69485e93575a5c2b1c1dde2dd297.jpeg\",\"contentUrl\":\"https:\\\/\\\/nbcs.mx\\\/wp-content\\\/uploads\\\/2018\\\/09\\\/057b69485e93575a5c2b1c1dde2dd297.jpeg\",\"width\":64,\"height\":64,\"caption\":\"NBCS Noticias\"},\"image\":{\"@id\":\"https:\\\/\\\/nbcs.mx\\\/#\\\/schema\\\/logo\\\/image\\\/\"},\"sameAs\":[\"https:\\\/\\\/www.facebook.com\\\/NBCSnoticias\",\"https:\\\/\\\/x.com\\\/NBCSnoticias\"]},{\"@type\":\"Person\",\"@id\":\"https:\\\/\\\/nbcs.mx\\\/#\\\/schema\\\/person\\\/ece58bab9a7c1e87a4d28ec9ecd79ff4\",\"name\":\"NBCS Noticias\",\"image\":{\"@type\":\"ImageObject\",\"inLanguage\":\"es\",\"@id\":\"https:\\\/\\\/secure.gravatar.com\\\/avatar\\\/4e52110cad1c4054b43271a0d14bbe9e2ea76aecd0e1097edfc670798d9ca1d4?s=96&d=blank&r=g\",\"url\":\"https:\\\/\\\/secure.gravatar.com\\\/avatar\\\/4e52110cad1c4054b43271a0d14bbe9e2ea76aecd0e1097edfc670798d9ca1d4?s=96&d=blank&r=g\",\"contentUrl\":\"https:\\\/\\\/secure.gravatar.com\\\/avatar\\\/4e52110cad1c4054b43271a0d14bbe9e2ea76aecd0e1097edfc670798d9ca1d4?s=96&d=blank&r=g\",\"caption\":\"NBCS Noticias\"},\"description\":\"\u00bfTienes fotos o video de alg\u00fan acto de posible negligencia, corrupci\u00f3n y abuso de autoridad? M\u00e1ndalo al WhatsApp de NBCS Noticias: 612 141 98 08\",\"sameAs\":[\"https:\\\/\\\/www.nbcs.mx\",\"https:\\\/\\\/www.facebook.com\\\/NBCSnoticias\",\"https:\\\/\\\/www.instagram.com\\\/nbcsnoticias\\\/\",\"https:\\\/\\\/x.com\\\/https:\\\/\\\/twitter.com\\\/NBCSnoticias\"]}]}<\/script>\n<!-- \/ Yoast SEO plugin. -->","yoast_head_json":{"title":"Anuncian caravanas de salud y mejoras educativas tras reuni\u00f3n en Palacio Nacional - NBCS Noticias","robots":{"index":"index","follow":"follow","max-snippet":"max-snippet:-1","max-image-preview":"max-image-preview:large","max-video-preview":"max-video-preview:-1"},"canonical":"https:\/\/nbcs.mx\/?p=153678","og_locale":"es_ES","og_type":"article","og_title":"Anuncian caravanas de salud y mejoras educativas tras reuni\u00f3n en Palacio Nacional - NBCS Noticias","og_description":"Con el objetivo de consolidar el bienestar del pueblo sudcaliforniano, el gobernador V\u00edctor Manuel Castro Cos\u00edo sostuvo un encuentro de","og_url":"https:\/\/nbcs.mx\/?p=153678","og_site_name":"NBCS Noticias","article_publisher":"https:\/\/www.facebook.com\/NBCSnoticias","article_author":"https:\/\/www.facebook.com\/NBCSnoticias","article_published_time":"2025-08-07T21:47:00+00:00","og_image":[{"width":842,"height":517,"url":"https:\/\/nbcs.mx\/wp-content\/uploads\/2025\/08\/FOTO-BOLETIN-0273-VMCC-CARAVANAS-SALUD-PALACIO-NACIONAL.jpeg","type":"image\/jpeg"}],"author":"NBCS Noticias","twitter_card":"summary_large_image","twitter_creator":"@https:\/\/twitter.com\/NBCSnoticias","twitter_site":"@NBCSnoticias","twitter_misc":{"Escrito por":"NBCS Noticias","Tiempo de lectura":"2 minutos"},"schema":{"@context":"https:\/\/schema.org","@graph":[{"@type":"Article","@id":"https:\/\/nbcs.mx\/?p=153678#article","isPartOf":{"@id":"https:\/\/nbcs.mx\/?p=153678"},"author":{"name":"NBCS Noticias","@id":"https:\/\/nbcs.mx\/#\/schema\/person\/ece58bab9a7c1e87a4d28ec9ecd79ff4"},"headline":"Anuncian caravanas de salud y mejoras educativas tras reuni\u00f3n en Palacio Nacional","datePublished":"2025-08-07T21:47:00+00:00","mainEntityOfPage":{"@id":"https:\/\/nbcs.mx\/?p=153678"},"wordCount":303,"commentCount":0,"publisher":{"@id":"https:\/\/nbcs.mx\/#organization"},"image":{"@id":"https:\/\/nbcs.mx\/?p=153678#primaryimage"},"thumbnailUrl":"https:\/\/nbcs.mx\/wp-content\/uploads\/2025\/08\/FOTO-BOLETIN-0273-VMCC-CARAVANAS-SALUD-PALACIO-NACIONAL.jpeg","articleSection":["Noticias"],"inLanguage":"es","potentialAction":[{"@type":"CommentAction","name":"Comment","target":["https:\/\/nbcs.mx\/?p=153678#respond"]}]},{"@type":"WebPage","@id":"https:\/\/nbcs.mx\/?p=153678","url":"https:\/\/nbcs.mx\/?p=153678","name":"Anuncian caravanas de salud y mejoras educativas tras reuni\u00f3n en Palacio Nacional - NBCS Noticias","isPartOf":{"@id":"https:\/\/nbcs.mx\/#website"},"primaryImageOfPage":{"@id":"https:\/\/nbcs.mx\/?p=153678#primaryimage"},"image":{"@id":"https:\/\/nbcs.mx\/?p=153678#primaryimage"},"thumbnailUrl":"https:\/\/nbcs.mx\/wp-content\/uploads\/2025\/08\/FOTO-BOLETIN-0273-VMCC-CARAVANAS-SALUD-PALACIO-NACIONAL.jpeg","datePublished":"2025-08-07T21:47:00+00:00","breadcrumb":{"@id":"https:\/\/nbcs.mx\/?p=153678#breadcrumb"},"inLanguage":"es","potentialAction":[{"@type":"ReadAction","target":["https:\/\/nbcs.mx\/?p=153678"]}]},{"@type":"ImageObject","inLanguage":"es","@id":"https:\/\/nbcs.mx\/?p=153678#primaryimage","url":"https:\/\/nbcs.mx\/wp-content\/uploads\/2025\/08\/FOTO-BOLETIN-0273-VMCC-CARAVANAS-SALUD-PALACIO-NACIONAL.jpeg","contentUrl":"https:\/\/nbcs.mx\/wp-content\/uploads\/2025\/08\/FOTO-BOLETIN-0273-VMCC-CARAVANAS-SALUD-PALACIO-NACIONAL.jpeg","width":842,"height":517},{"@type":"BreadcrumbList","@id":"https:\/\/nbcs.mx\/?p=153678#breadcrumb","itemListElement":[{"@type":"ListItem","position":1,"name":"Portada","item":"https:\/\/nbcs.mx\/"},{"@type":"ListItem","position":2,"name":"Anuncian caravanas de salud y mejoras educativas tras reuni\u00f3n en Palacio Nacional"}]},{"@type":"WebSite","@id":"https:\/\/nbcs.mx\/#website","url":"https:\/\/nbcs.mx\/","name":"NBCS Noticias","description":"Sitio web de noticias en Baja California Sur","publisher":{"@id":"https:\/\/nbcs.mx\/#organization"},"potentialAction":[{"@type":"SearchAction","target":{"@type":"EntryPoint","urlTemplate":"https:\/\/nbcs.mx\/?s={search_term_string}"},"query-input":{"@type":"PropertyValueSpecification","valueRequired":true,"valueName":"search_term_string"}}],"inLanguage":"es"},{"@type":"Organization","@id":"https:\/\/nbcs.mx\/#organization","name":"NBCS Noticias","url":"https:\/\/nbcs.mx\/","logo":{"@type":"ImageObject","inLanguage":"es","@id":"https:\/\/nbcs.mx\/#\/schema\/logo\/image\/","url":"https:\/\/nbcs.mx\/wp-content\/uploads\/2018\/09\/057b69485e93575a5c2b1c1dde2dd297.jpeg","contentUrl":"https:\/\/nbcs.mx\/wp-content\/uploads\/2018\/09\/057b69485e93575a5c2b1c1dde2dd297.jpeg","width":64,"height":64,"caption":"NBCS Noticias"},"image":{"@id":"https:\/\/nbcs.mx\/#\/schema\/logo\/image\/"},"sameAs":["https:\/\/www.facebook.com\/NBCSnoticias","https:\/\/x.com\/NBCSnoticias"]},{"@type":"Person","@id":"https:\/\/nbcs.mx\/#\/schema\/person\/ece58bab9a7c1e87a4d28ec9ecd79ff4","name":"NBCS Noticias","image":{"@type":"ImageObject","inLanguage":"es","@id":"https:\/\/secure.gravatar.com\/avatar\/4e52110cad1c4054b43271a0d14bbe9e2ea76aecd0e1097edfc670798d9ca1d4?s=96&d=blank&r=g","url":"https:\/\/secure.gravatar.com\/avatar\/4e52110cad1c4054b43271a0d14bbe9e2ea76aecd0e1097edfc670798d9ca1d4?s=96&d=blank&r=g","contentUrl":"https:\/\/secure.gravatar.com\/avatar\/4e52110cad1c4054b43271a0d14bbe9e2ea76aecd0e1097edfc670798d9ca1d4?s=96&d=blank&r=g","caption":"NBCS Noticias"},"description":"\u00bfTienes fotos o video de alg\u00fan acto de posible negligencia, corrupci\u00f3n y abuso de autoridad? M\u00e1ndalo al WhatsApp de NBCS Noticias: 612 141 98 08","sameAs":["https:\/\/www.nbcs.mx","https:\/\/www.facebook.com\/NBCSnoticias","https:\/\/www.instagram.com\/nbcsnoticias\/","https:\/\/x.com\/https:\/\/twitter.com\/NBCSnoticias"]}]}},"jetpack_publicize_connections":[],"jetpack_featured_media_url":"https:\/\/nbcs.mx\/wp-content\/uploads\/2025\/08\/FOTO-BOLETIN-0273-VMCC-CARAVANAS-SALUD-PALACIO-NACIONAL.jpeg","jetpack_sharing_enabled":true,"_links":{"self":[{"href":"https:\/\/nbcs.mx\/index.php?rest_route=\/wp\/v2\/posts\/153678","targetHints":{"allow":["GET"]}}],"collection":[{"href":"https:\/\/nbcs.mx\/index.php?rest_route=\/wp\/v2\/posts"}],"about":[{"href":"https:\/\/nbcs.mx\/index.php?rest_route=\/wp\/v2\/types\/post"}],"author":[{"embeddable":true,"href":"https:\/\/nbcs.mx\/index.php?rest_route=\/wp\/v2\/users\/1"}],"replies":[{"embeddable":true,"href":"https:\/\/nbcs.mx\/index.php?rest_route=%2Fwp%2Fv2%2Fcomments&post=153678"}],"version-history":[{"count":1,"href":"https:\/\/nbcs.mx\/index.php?rest_route=\/wp\/v2\/posts\/153678\/revisions"}],"predecessor-version":[{"id":153680,"href":"https:\/\/nbcs.mx\/index.php?rest_route=\/wp\/v2\/posts\/153678\/revisions\/153680"}],"wp:featuredmedia":[{"embeddable":true,"href":"https:\/\/nbcs.mx\/index.php?rest_route=\/wp\/v2\/media\/153679"}],"wp:attachment":[{"href":"https:\/\/nbcs.mx\/index.php?rest_route=%2Fwp%2Fv2%2Fmedia&parent=153678"}],"wp:term":[{"taxonomy":"category","embeddable":true,"href":"https:\/\/nbcs.mx\/index.php?rest_route=%2Fwp%2Fv2%2Fcategories&post=153678"},{"taxonomy":"post_tag","embeddable":true,"href":"https:\/\/nbcs.mx\/index.php?rest_route=%2Fwp%2Fv2%2Ftags&post=153678"}],"curies":[{"name":"wp","href":"https:\/\/api.w.org\/{rel}","templated":true}]}}