{"id":153723,"date":"2025-08-08T13:47:06","date_gmt":"2025-08-08T19:47:06","guid":{"rendered":"https:\/\/nbcs.mx\/?p=153723"},"modified":"2025-08-08T13:47:06","modified_gmt":"2025-08-08T19:47:06","slug":"ayuntamiento-de-la-paz-participa-en-la-creacion-del-protocolo-estatal-de-acceso-a-la-salud-para-la-poblacion-lgbtttiqa","status":"publish","type":"post","link":"https:\/\/nbcs.mx\/?p=153723","title":{"rendered":"Ayuntamiento de La Paz participa en la creaci\u00f3n del Protocolo Estatal de Acceso a la Salud para la poblaci\u00f3n LGBTTTIQA+"},"content":{"rendered":"<p style=\"font-weight: 400; text-align: justify;\"><img loading=\"lazy\" decoding=\"async\" class=\" wp-image-153724 alignleft\" src=\"https:\/\/nbcs.mx\/wp-content\/uploads\/2025\/08\/Foto-Boletin-917-755x425.jpeg\" alt=\"\" width=\"401\" height=\"226\" srcset=\"https:\/\/nbcs.mx\/wp-content\/uploads\/2025\/08\/Foto-Boletin-917-755x425.jpeg 755w, https:\/\/nbcs.mx\/wp-content\/uploads\/2025\/08\/Foto-Boletin-917-150x84.jpeg 150w, https:\/\/nbcs.mx\/wp-content\/uploads\/2025\/08\/Foto-Boletin-917-768x432.jpeg 768w, https:\/\/nbcs.mx\/wp-content\/uploads\/2025\/08\/Foto-Boletin-917.jpeg 1024w\" sizes=\"auto, (max-width: 401px) 100vw, 401px\" \/>La Direcci\u00f3n Municipal de Inclusi\u00f3n, encabezada por Fabricio Arraut, particip\u00f3 en la reuni\u00f3n de trabajo de la Comisi\u00f3n Permanente de la Diversidad Sexual del Congreso del Estado de Baja California Sur, para dar seguimiento a la creaci\u00f3n del Protocolo Estatal de Acceso a la Salud para la poblaci\u00f3n LGBTTTIQA+.<\/p>\n<p style=\"font-weight: 400; text-align: justify;\">\n<p style=\"font-weight: 400; text-align: justify;\">Durante la sesi\u00f3n, presidida por la diputada Alondra Torres Garc\u00eda, autoridades estatales como la secretaria estatal de Salud Ana Luisa Guluarte Castro, y el director de IMSS-Bienestar Bogdan Arriaga Benis, presentaron un proyecto de protocolo que contempla el uso de lenguaje inclusivo, la atenci\u00f3n m\u00e9dica sin discriminaci\u00f3n y la creaci\u00f3n de una l\u00ednea de atenci\u00f3n para personas que hayan sido v\u00edctimas de discriminaci\u00f3n en los servicios de salud.<\/p>\n<p style=\"font-weight: 400; text-align: justify;\">\n<p style=\"font-weight: 400; text-align: justify;\">En su intervenci\u00f3n, Fabricio Arraut destac\u00f3 la necesidad de que el documento final incluya un resumen jur\u00eddico s\u00f3lido que garantice que las personas LGBTTTIQA+ reciban atenci\u00f3n m\u00e9dica digna, sin prejuicios ni barreras.<\/p>\n<p style=\"font-weight: 400; text-align: justify;\">\n<p style=\"font-weight: 400; text-align: justify;\">\u201cNo se trata solo de un documento administrativo, sino de un compromiso real para transformar la experiencia de atenci\u00f3n m\u00e9dica de las personas de la diversidad sexual y de g\u00e9nero. Este protocolo debe ser una herramienta efectiva para proteger derechos y abrir puertas\u201d, afirm\u00f3 Arraut.<\/p>\n<p style=\"font-weight: 400; text-align: justify;\">\n<p style=\"font-weight: 400; text-align: justify;\">Como parte de los acuerdos, se implementar\u00e1n capacitaciones en trato humano y no discriminatorio para todo el personal de salud del estado, fortaleciendo as\u00ed la atenci\u00f3n integral y respetuosa hacia todas las personas.<\/p>\n<p style=\"font-weight: 400; text-align: justify;\">\n<p style=\"font-weight: 400; text-align: justify;\">Con estas acciones, la Direcci\u00f3n Municipal de Inclusi\u00f3n reafirma su compromiso de trabajar de manera coordinada con instancias estatales y legislativas para construir un sistema de salud inclusivo, libre de discriminaci\u00f3n y centrado en el respeto a la dignidad humana.<\/p>\n","protected":false},"excerpt":{"rendered":"<p>La Direcci\u00f3n Municipal de Inclusi\u00f3n, encabezada por Fabricio Arraut, particip\u00f3 en la reuni\u00f3n de trabajo de la Comisi\u00f3n Permanente de<\/p>\n","protected":false},"author":1,"featured_media":153724,"comment_status":"open","ping_status":"closed","sticky":false,"template":"","format":"standard","meta":{"colormag_page_container_layout":"default_layout","colormag_page_sidebar_layout":"default_layout","_jetpack_memberships_contains_paid_content":false,"footnotes":"","jetpack_publicize_message":"","jetpack_publicize_feature_enabled":true,"jetpack_social_post_already_shared":true,"jetpack_social_options":{"image_generator_settings":{"template":"highway","default_image_id":0,"font":"","enabled":false},"version":2}},"categories":[40],"tags":[],"class_list":["post-153723","post","type-post","status-publish","format-standard","has-post-thumbnail","hentry","category-municipios"],"yoast_head":"<!-- This site is optimized with the Yoast SEO plugin v27.4 - https:\/\/yoast.com\/product\/yoast-seo-wordpress\/ -->\n<title>Ayuntamiento de La Paz participa en la creaci\u00f3n del Protocolo Estatal de Acceso a la Salud para la poblaci\u00f3n LGBTTTIQA+ - NBCS Noticias<\/title>\n<meta name=\"robots\" content=\"index, follow, max-snippet:-1, max-image-preview:large, max-video-preview:-1\" \/>\n<link rel=\"canonical\" href=\"https:\/\/nbcs.mx\/?p=153723\" \/>\n<meta property=\"og:locale\" content=\"es_ES\" \/>\n<meta property=\"og:type\" content=\"article\" \/>\n<meta property=\"og:title\" content=\"Ayuntamiento de La Paz participa en la creaci\u00f3n del Protocolo Estatal de Acceso a la Salud para la poblaci\u00f3n LGBTTTIQA+ - NBCS Noticias\" \/>\n<meta property=\"og:description\" content=\"La Direcci\u00f3n Municipal de Inclusi\u00f3n, encabezada por Fabricio Arraut, particip\u00f3 en la reuni\u00f3n de trabajo de la Comisi\u00f3n Permanente de\" \/>\n<meta property=\"og:url\" content=\"https:\/\/nbcs.mx\/?p=153723\" \/>\n<meta property=\"og:site_name\" content=\"NBCS Noticias\" \/>\n<meta property=\"article:publisher\" content=\"https:\/\/www.facebook.com\/NBCSnoticias\" \/>\n<meta property=\"article:author\" content=\"https:\/\/www.facebook.com\/NBCSnoticias\" \/>\n<meta property=\"article:published_time\" content=\"2025-08-08T19:47:06+00:00\" \/>\n<meta property=\"og:image\" content=\"https:\/\/nbcs.mx\/wp-content\/uploads\/2025\/08\/Foto-Boletin-917.jpeg\" \/>\n\t<meta property=\"og:image:width\" content=\"1024\" \/>\n\t<meta property=\"og:image:height\" content=\"576\" \/>\n\t<meta property=\"og:image:type\" content=\"image\/jpeg\" \/>\n<meta name=\"author\" content=\"NBCS Noticias\" \/>\n<meta name=\"twitter:card\" content=\"summary_large_image\" \/>\n<meta name=\"twitter:creator\" content=\"@https:\/\/twitter.com\/NBCSnoticias\" \/>\n<meta name=\"twitter:site\" content=\"@NBCSnoticias\" \/>\n<meta name=\"twitter:label1\" content=\"Escrito por\" \/>\n\t<meta name=\"twitter:data1\" content=\"NBCS Noticias\" \/>\n\t<meta name=\"twitter:label2\" content=\"Tiempo de lectura\" \/>\n\t<meta name=\"twitter:data2\" content=\"2 minutos\" \/>\n<script type=\"application\/ld+json\" class=\"yoast-schema-graph\">{\"@context\":\"https:\\\/\\\/schema.org\",\"@graph\":[{\"@type\":\"Article\",\"@id\":\"https:\\\/\\\/nbcs.mx\\\/?p=153723#article\",\"isPartOf\":{\"@id\":\"https:\\\/\\\/nbcs.mx\\\/?p=153723\"},\"author\":{\"name\":\"NBCS Noticias\",\"@id\":\"https:\\\/\\\/nbcs.mx\\\/#\\\/schema\\\/person\\\/ece58bab9a7c1e87a4d28ec9ecd79ff4\"},\"headline\":\"Ayuntamiento de La Paz participa en la creaci\u00f3n del Protocolo Estatal de Acceso a la Salud para la poblaci\u00f3n LGBTTTIQA+\",\"datePublished\":\"2025-08-08T19:47:06+00:00\",\"mainEntityOfPage\":{\"@id\":\"https:\\\/\\\/nbcs.mx\\\/?p=153723\"},\"wordCount\":318,\"commentCount\":0,\"publisher\":{\"@id\":\"https:\\\/\\\/nbcs.mx\\\/#organization\"},\"image\":{\"@id\":\"https:\\\/\\\/nbcs.mx\\\/?p=153723#primaryimage\"},\"thumbnailUrl\":\"https:\\\/\\\/nbcs.mx\\\/wp-content\\\/uploads\\\/2025\\\/08\\\/Foto-Boletin-917.jpeg\",\"articleSection\":[\"Municipios\"],\"inLanguage\":\"es\",\"potentialAction\":[{\"@type\":\"CommentAction\",\"name\":\"Comment\",\"target\":[\"https:\\\/\\\/nbcs.mx\\\/?p=153723#respond\"]}]},{\"@type\":\"WebPage\",\"@id\":\"https:\\\/\\\/nbcs.mx\\\/?p=153723\",\"url\":\"https:\\\/\\\/nbcs.mx\\\/?p=153723\",\"name\":\"Ayuntamiento de La Paz participa en la creaci\u00f3n del Protocolo Estatal de Acceso a la Salud para la poblaci\u00f3n LGBTTTIQA+ - NBCS Noticias\",\"isPartOf\":{\"@id\":\"https:\\\/\\\/nbcs.mx\\\/#website\"},\"primaryImageOfPage\":{\"@id\":\"https:\\\/\\\/nbcs.mx\\\/?p=153723#primaryimage\"},\"image\":{\"@id\":\"https:\\\/\\\/nbcs.mx\\\/?p=153723#primaryimage\"},\"thumbnailUrl\":\"https:\\\/\\\/nbcs.mx\\\/wp-content\\\/uploads\\\/2025\\\/08\\\/Foto-Boletin-917.jpeg\",\"datePublished\":\"2025-08-08T19:47:06+00:00\",\"breadcrumb\":{\"@id\":\"https:\\\/\\\/nbcs.mx\\\/?p=153723#breadcrumb\"},\"inLanguage\":\"es\",\"potentialAction\":[{\"@type\":\"ReadAction\",\"target\":[\"https:\\\/\\\/nbcs.mx\\\/?p=153723\"]}]},{\"@type\":\"ImageObject\",\"inLanguage\":\"es\",\"@id\":\"https:\\\/\\\/nbcs.mx\\\/?p=153723#primaryimage\",\"url\":\"https:\\\/\\\/nbcs.mx\\\/wp-content\\\/uploads\\\/2025\\\/08\\\/Foto-Boletin-917.jpeg\",\"contentUrl\":\"https:\\\/\\\/nbcs.mx\\\/wp-content\\\/uploads\\\/2025\\\/08\\\/Foto-Boletin-917.jpeg\",\"width\":1024,\"height\":576},{\"@type\":\"BreadcrumbList\",\"@id\":\"https:\\\/\\\/nbcs.mx\\\/?p=153723#breadcrumb\",\"itemListElement\":[{\"@type\":\"ListItem\",\"position\":1,\"name\":\"Portada\",\"item\":\"https:\\\/\\\/nbcs.mx\\\/\"},{\"@type\":\"ListItem\",\"position\":2,\"name\":\"Ayuntamiento de La Paz participa en la creaci\u00f3n del Protocolo Estatal de Acceso a la Salud para la poblaci\u00f3n LGBTTTIQA+\"}]},{\"@type\":\"WebSite\",\"@id\":\"https:\\\/\\\/nbcs.mx\\\/#website\",\"url\":\"https:\\\/\\\/nbcs.mx\\\/\",\"name\":\"NBCS Noticias\",\"description\":\"Sitio web de noticias en Baja California Sur\",\"publisher\":{\"@id\":\"https:\\\/\\\/nbcs.mx\\\/#organization\"},\"potentialAction\":[{\"@type\":\"SearchAction\",\"target\":{\"@type\":\"EntryPoint\",\"urlTemplate\":\"https:\\\/\\\/nbcs.mx\\\/?s={search_term_string}\"},\"query-input\":{\"@type\":\"PropertyValueSpecification\",\"valueRequired\":true,\"valueName\":\"search_term_string\"}}],\"inLanguage\":\"es\"},{\"@type\":\"Organization\",\"@id\":\"https:\\\/\\\/nbcs.mx\\\/#organization\",\"name\":\"NBCS Noticias\",\"url\":\"https:\\\/\\\/nbcs.mx\\\/\",\"logo\":{\"@type\":\"ImageObject\",\"inLanguage\":\"es\",\"@id\":\"https:\\\/\\\/nbcs.mx\\\/#\\\/schema\\\/logo\\\/image\\\/\",\"url\":\"https:\\\/\\\/nbcs.mx\\\/wp-content\\\/uploads\\\/2018\\\/09\\\/057b69485e93575a5c2b1c1dde2dd297.jpeg\",\"contentUrl\":\"https:\\\/\\\/nbcs.mx\\\/wp-content\\\/uploads\\\/2018\\\/09\\\/057b69485e93575a5c2b1c1dde2dd297.jpeg\",\"width\":64,\"height\":64,\"caption\":\"NBCS Noticias\"},\"image\":{\"@id\":\"https:\\\/\\\/nbcs.mx\\\/#\\\/schema\\\/logo\\\/image\\\/\"},\"sameAs\":[\"https:\\\/\\\/www.facebook.com\\\/NBCSnoticias\",\"https:\\\/\\\/x.com\\\/NBCSnoticias\"]},{\"@type\":\"Person\",\"@id\":\"https:\\\/\\\/nbcs.mx\\\/#\\\/schema\\\/person\\\/ece58bab9a7c1e87a4d28ec9ecd79ff4\",\"name\":\"NBCS Noticias\",\"image\":{\"@type\":\"ImageObject\",\"inLanguage\":\"es\",\"@id\":\"https:\\\/\\\/secure.gravatar.com\\\/avatar\\\/4e52110cad1c4054b43271a0d14bbe9e2ea76aecd0e1097edfc670798d9ca1d4?s=96&d=blank&r=g\",\"url\":\"https:\\\/\\\/secure.gravatar.com\\\/avatar\\\/4e52110cad1c4054b43271a0d14bbe9e2ea76aecd0e1097edfc670798d9ca1d4?s=96&d=blank&r=g\",\"contentUrl\":\"https:\\\/\\\/secure.gravatar.com\\\/avatar\\\/4e52110cad1c4054b43271a0d14bbe9e2ea76aecd0e1097edfc670798d9ca1d4?s=96&d=blank&r=g\",\"caption\":\"NBCS Noticias\"},\"description\":\"\u00bfTienes fotos o video de alg\u00fan acto de posible negligencia, corrupci\u00f3n y abuso de autoridad? M\u00e1ndalo al WhatsApp de NBCS Noticias: 612 141 98 08\",\"sameAs\":[\"https:\\\/\\\/www.nbcs.mx\",\"https:\\\/\\\/www.facebook.com\\\/NBCSnoticias\",\"https:\\\/\\\/www.instagram.com\\\/nbcsnoticias\\\/\",\"https:\\\/\\\/x.com\\\/https:\\\/\\\/twitter.com\\\/NBCSnoticias\"]}]}<\/script>\n<!-- \/ Yoast SEO plugin. -->","yoast_head_json":{"title":"Ayuntamiento de La Paz participa en la creaci\u00f3n del Protocolo Estatal de Acceso a la Salud para la poblaci\u00f3n LGBTTTIQA+ - NBCS Noticias","robots":{"index":"index","follow":"follow","max-snippet":"max-snippet:-1","max-image-preview":"max-image-preview:large","max-video-preview":"max-video-preview:-1"},"canonical":"https:\/\/nbcs.mx\/?p=153723","og_locale":"es_ES","og_type":"article","og_title":"Ayuntamiento de La Paz participa en la creaci\u00f3n del Protocolo Estatal de Acceso a la Salud para la poblaci\u00f3n LGBTTTIQA+ - NBCS Noticias","og_description":"La Direcci\u00f3n Municipal de Inclusi\u00f3n, encabezada por Fabricio Arraut, particip\u00f3 en la reuni\u00f3n de trabajo de la Comisi\u00f3n Permanente de","og_url":"https:\/\/nbcs.mx\/?p=153723","og_site_name":"NBCS Noticias","article_publisher":"https:\/\/www.facebook.com\/NBCSnoticias","article_author":"https:\/\/www.facebook.com\/NBCSnoticias","article_published_time":"2025-08-08T19:47:06+00:00","og_image":[{"width":1024,"height":576,"url":"https:\/\/nbcs.mx\/wp-content\/uploads\/2025\/08\/Foto-Boletin-917.jpeg","type":"image\/jpeg"}],"author":"NBCS Noticias","twitter_card":"summary_large_image","twitter_creator":"@https:\/\/twitter.com\/NBCSnoticias","twitter_site":"@NBCSnoticias","twitter_misc":{"Escrito por":"NBCS Noticias","Tiempo de lectura":"2 minutos"},"schema":{"@context":"https:\/\/schema.org","@graph":[{"@type":"Article","@id":"https:\/\/nbcs.mx\/?p=153723#article","isPartOf":{"@id":"https:\/\/nbcs.mx\/?p=153723"},"author":{"name":"NBCS Noticias","@id":"https:\/\/nbcs.mx\/#\/schema\/person\/ece58bab9a7c1e87a4d28ec9ecd79ff4"},"headline":"Ayuntamiento de La Paz participa en la creaci\u00f3n del Protocolo Estatal de Acceso a la Salud para la poblaci\u00f3n LGBTTTIQA+","datePublished":"2025-08-08T19:47:06+00:00","mainEntityOfPage":{"@id":"https:\/\/nbcs.mx\/?p=153723"},"wordCount":318,"commentCount":0,"publisher":{"@id":"https:\/\/nbcs.mx\/#organization"},"image":{"@id":"https:\/\/nbcs.mx\/?p=153723#primaryimage"},"thumbnailUrl":"https:\/\/nbcs.mx\/wp-content\/uploads\/2025\/08\/Foto-Boletin-917.jpeg","articleSection":["Municipios"],"inLanguage":"es","potentialAction":[{"@type":"CommentAction","name":"Comment","target":["https:\/\/nbcs.mx\/?p=153723#respond"]}]},{"@type":"WebPage","@id":"https:\/\/nbcs.mx\/?p=153723","url":"https:\/\/nbcs.mx\/?p=153723","name":"Ayuntamiento de La Paz participa en la creaci\u00f3n del Protocolo Estatal de Acceso a la Salud para la poblaci\u00f3n LGBTTTIQA+ - NBCS Noticias","isPartOf":{"@id":"https:\/\/nbcs.mx\/#website"},"primaryImageOfPage":{"@id":"https:\/\/nbcs.mx\/?p=153723#primaryimage"},"image":{"@id":"https:\/\/nbcs.mx\/?p=153723#primaryimage"},"thumbnailUrl":"https:\/\/nbcs.mx\/wp-content\/uploads\/2025\/08\/Foto-Boletin-917.jpeg","datePublished":"2025-08-08T19:47:06+00:00","breadcrumb":{"@id":"https:\/\/nbcs.mx\/?p=153723#breadcrumb"},"inLanguage":"es","potentialAction":[{"@type":"ReadAction","target":["https:\/\/nbcs.mx\/?p=153723"]}]},{"@type":"ImageObject","inLanguage":"es","@id":"https:\/\/nbcs.mx\/?p=153723#primaryimage","url":"https:\/\/nbcs.mx\/wp-content\/uploads\/2025\/08\/Foto-Boletin-917.jpeg","contentUrl":"https:\/\/nbcs.mx\/wp-content\/uploads\/2025\/08\/Foto-Boletin-917.jpeg","width":1024,"height":576},{"@type":"BreadcrumbList","@id":"https:\/\/nbcs.mx\/?p=153723#breadcrumb","itemListElement":[{"@type":"ListItem","position":1,"name":"Portada","item":"https:\/\/nbcs.mx\/"},{"@type":"ListItem","position":2,"name":"Ayuntamiento de La Paz participa en la creaci\u00f3n del Protocolo Estatal de Acceso a la Salud para la poblaci\u00f3n LGBTTTIQA+"}]},{"@type":"WebSite","@id":"https:\/\/nbcs.mx\/#website","url":"https:\/\/nbcs.mx\/","name":"NBCS Noticias","description":"Sitio web de noticias en Baja California Sur","publisher":{"@id":"https:\/\/nbcs.mx\/#organization"},"potentialAction":[{"@type":"SearchAction","target":{"@type":"EntryPoint","urlTemplate":"https:\/\/nbcs.mx\/?s={search_term_string}"},"query-input":{"@type":"PropertyValueSpecification","valueRequired":true,"valueName":"search_term_string"}}],"inLanguage":"es"},{"@type":"Organization","@id":"https:\/\/nbcs.mx\/#organization","name":"NBCS Noticias","url":"https:\/\/nbcs.mx\/","logo":{"@type":"ImageObject","inLanguage":"es","@id":"https:\/\/nbcs.mx\/#\/schema\/logo\/image\/","url":"https:\/\/nbcs.mx\/wp-content\/uploads\/2018\/09\/057b69485e93575a5c2b1c1dde2dd297.jpeg","contentUrl":"https:\/\/nbcs.mx\/wp-content\/uploads\/2018\/09\/057b69485e93575a5c2b1c1dde2dd297.jpeg","width":64,"height":64,"caption":"NBCS Noticias"},"image":{"@id":"https:\/\/nbcs.mx\/#\/schema\/logo\/image\/"},"sameAs":["https:\/\/www.facebook.com\/NBCSnoticias","https:\/\/x.com\/NBCSnoticias"]},{"@type":"Person","@id":"https:\/\/nbcs.mx\/#\/schema\/person\/ece58bab9a7c1e87a4d28ec9ecd79ff4","name":"NBCS Noticias","image":{"@type":"ImageObject","inLanguage":"es","@id":"https:\/\/secure.gravatar.com\/avatar\/4e52110cad1c4054b43271a0d14bbe9e2ea76aecd0e1097edfc670798d9ca1d4?s=96&d=blank&r=g","url":"https:\/\/secure.gravatar.com\/avatar\/4e52110cad1c4054b43271a0d14bbe9e2ea76aecd0e1097edfc670798d9ca1d4?s=96&d=blank&r=g","contentUrl":"https:\/\/secure.gravatar.com\/avatar\/4e52110cad1c4054b43271a0d14bbe9e2ea76aecd0e1097edfc670798d9ca1d4?s=96&d=blank&r=g","caption":"NBCS Noticias"},"description":"\u00bfTienes fotos o video de alg\u00fan acto de posible negligencia, corrupci\u00f3n y abuso de autoridad? M\u00e1ndalo al WhatsApp de NBCS Noticias: 612 141 98 08","sameAs":["https:\/\/www.nbcs.mx","https:\/\/www.facebook.com\/NBCSnoticias","https:\/\/www.instagram.com\/nbcsnoticias\/","https:\/\/x.com\/https:\/\/twitter.com\/NBCSnoticias"]}]}},"jetpack_publicize_connections":[],"jetpack_featured_media_url":"https:\/\/nbcs.mx\/wp-content\/uploads\/2025\/08\/Foto-Boletin-917.jpeg","jetpack_sharing_enabled":true,"_links":{"self":[{"href":"https:\/\/nbcs.mx\/index.php?rest_route=\/wp\/v2\/posts\/153723","targetHints":{"allow":["GET"]}}],"collection":[{"href":"https:\/\/nbcs.mx\/index.php?rest_route=\/wp\/v2\/posts"}],"about":[{"href":"https:\/\/nbcs.mx\/index.php?rest_route=\/wp\/v2\/types\/post"}],"author":[{"embeddable":true,"href":"https:\/\/nbcs.mx\/index.php?rest_route=\/wp\/v2\/users\/1"}],"replies":[{"embeddable":true,"href":"https:\/\/nbcs.mx\/index.php?rest_route=%2Fwp%2Fv2%2Fcomments&post=153723"}],"version-history":[{"count":1,"href":"https:\/\/nbcs.mx\/index.php?rest_route=\/wp\/v2\/posts\/153723\/revisions"}],"predecessor-version":[{"id":153725,"href":"https:\/\/nbcs.mx\/index.php?rest_route=\/wp\/v2\/posts\/153723\/revisions\/153725"}],"wp:featuredmedia":[{"embeddable":true,"href":"https:\/\/nbcs.mx\/index.php?rest_route=\/wp\/v2\/media\/153724"}],"wp:attachment":[{"href":"https:\/\/nbcs.mx\/index.php?rest_route=%2Fwp%2Fv2%2Fmedia&parent=153723"}],"wp:term":[{"taxonomy":"category","embeddable":true,"href":"https:\/\/nbcs.mx\/index.php?rest_route=%2Fwp%2Fv2%2Fcategories&post=153723"},{"taxonomy":"post_tag","embeddable":true,"href":"https:\/\/nbcs.mx\/index.php?rest_route=%2Fwp%2Fv2%2Ftags&post=153723"}],"curies":[{"name":"wp","href":"https:\/\/api.w.org\/{rel}","templated":true}]}}