{"id":153854,"date":"2025-08-12T12:18:42","date_gmt":"2025-08-12T18:18:42","guid":{"rendered":"https:\/\/nbcs.mx\/?p=153854"},"modified":"2025-08-12T12:18:42","modified_gmt":"2025-08-12T18:18:42","slug":"volveran-las-temperaturas-a-elevarse-promedio-de-40-esta-semana-en-regiones-de-bcs","status":"publish","type":"post","link":"https:\/\/nbcs.mx\/?p=153854","title":{"rendered":"Volver\u00e1n las temperaturas a elevarse; promedio de 40\u00b0 esta semana en regiones de BCS"},"content":{"rendered":"<p style=\"text-align: justify;\"><img loading=\"lazy\" decoding=\"async\" class=\" wp-image-28862 alignleft\" src=\"https:\/\/nbcs.mx\/wp-content\/uploads\/2018\/06\/02-EMITE-DIRECCIO\u0301N-MUNICIPAL-DE-SALUD-RECOMENDACIONES-PARA-ESTA-TEMPORADA-DE-CALOR-738x492.jpeg\" alt=\"\" width=\"383\" height=\"255\" srcset=\"https:\/\/nbcs.mx\/wp-content\/uploads\/2018\/06\/02-EMITE-DIRECCIO\u0301N-MUNICIPAL-DE-SALUD-RECOMENDACIONES-PARA-ESTA-TEMPORADA-DE-CALOR-738x492.jpeg 738w, https:\/\/nbcs.mx\/wp-content\/uploads\/2018\/06\/02-EMITE-DIRECCIO\u0301N-MUNICIPAL-DE-SALUD-RECOMENDACIONES-PARA-ESTA-TEMPORADA-DE-CALOR-150x100.jpeg 150w, https:\/\/nbcs.mx\/wp-content\/uploads\/2018\/06\/02-EMITE-DIRECCIO\u0301N-MUNICIPAL-DE-SALUD-RECOMENDACIONES-PARA-ESTA-TEMPORADA-DE-CALOR-768x512.jpeg 768w, https:\/\/nbcs.mx\/wp-content\/uploads\/2018\/06\/02-EMITE-DIRECCIO\u0301N-MUNICIPAL-DE-SALUD-RECOMENDACIONES-PARA-ESTA-TEMPORADA-DE-CALOR-1024x682.jpeg 1024w, https:\/\/nbcs.mx\/wp-content\/uploads\/2018\/06\/02-EMITE-DIRECCIO\u0301N-MUNICIPAL-DE-SALUD-RECOMENDACIONES-PARA-ESTA-TEMPORADA-DE-CALOR-600x400.jpeg 600w, https:\/\/nbcs.mx\/wp-content\/uploads\/2018\/06\/02-EMITE-DIRECCIO\u0301N-MUNICIPAL-DE-SALUD-RECOMENDACIONES-PARA-ESTA-TEMPORADA-DE-CALOR.jpeg 1280w\" sizes=\"auto, (max-width: 383px) 100vw, 383px\" \/>Luego de las lluvias del fin de semana que favorecieron un poco la temperatura, principalmente en el sur de Baja California Sur, a partir de este lunes los registros comenzaron a incrementarse nuevamente, esper\u00e1ndose que en el transcurso de la semana el term\u00f3metro alcance los 40 grados otra vez en algunas regiones.<\/p>\n<p style=\"text-align: justify;\">De acuerdo al pron\u00f3stico, debido al monz\u00f3n mexicano tambi\u00e9n se pronostican lluvias m\u00ednimas aisladas en el sur de la entidad, acompa\u00f1adas en algunos casos de tormentas el\u00e9ctricas, viento y tolvaneras, concretamente en las regiones de Los Cabos, Todos Santos y La Paz.<\/p>\n<p style=\"text-align: justify;\">Para este martes los registros m\u00e1ximos en la temperatura se tendr\u00edan en La Paz, Ciudad Constituci\u00f3n y Heroica Muleg\u00e9, que rondar\u00edan entre los 38 y 39 grados, con m\u00ednimas de 24, 22 y 28, respectivamente, seguidos de El Vizca\u00edno y Santa Rosal\u00eda con 37, y 18-27, luego estar\u00edan Los Cabos, Loreto y San Juanico, entre 33 y 35, y en las noches con 24-27-23.<\/p>\n<p style=\"text-align: justify;\">El resto de la entidad, como Guerrero Negro, la Pac\u00edfico Norte y San Carlos, seguir\u00edan por debajo de los 30 grados, con m\u00ednimas de 18 1 19.<\/p>\n<p style=\"text-align: justify;\">Las lluvias comenzar\u00edan a partir de este martes 12 en Los Cabos, y conforme avancen los d\u00edas ir\u00edan abarcando mayor superficie en el sur de la entidad, hasta llegar Todos Santos y posteriormente a La Paz el viernes y s\u00e1bado.<\/p>\n<p style=\"text-align: justify;\">El mi\u00e9rcoles las condiciones ser\u00edan similares, aumentando 1 o 2 grados, y lo mismo suceder\u00eda el jueves, con temperaturas m\u00e1ximas que podr\u00edan superar los 40 grados en algunas regiones, y el viernes ante posibles chubascos, la temperatura se reducir\u00eda de 2 a 3 grados en La Paz, Todos Santos y Los Cabos.<\/p>\n<p style=\"text-align: justify;\">Se espera que el s\u00e1bado las condiciones sean m\u00e1s favorables para La Paz, con 36 m\u00e1xima al igual que Heroica Muleg\u00e9, en tanto que Los Cabos se pondr\u00eda por debajo de los 35, y Todos Santos apenas superar\u00eda los 30, aunque las noches seguir\u00e1n siendo calurosas con m\u00ednimas de entre 23 y 25, mientras que el resto de la entidad se mantendr\u00eda en los mismos promedios.<\/p>\n<p style=\"text-align: justify;\">Por ahora no se contempla sistema alguno que pueda evolucionar a una formaci\u00f3n cicl\u00f3nica en el Pac\u00edfico, sin embargo, las autoridades meteorol\u00f3gicas advierten que se est\u00e1 entrando a la etapa fuerte de la temporada de huracanes, por lo cual habr\u00e1 que estar preparados ante cualquier eventualidad. (Por: Arturo Nieves).<\/p>\n","protected":false},"excerpt":{"rendered":"<p>Luego de las lluvias del fin de semana que favorecieron un poco la temperatura, principalmente en el sur de Baja<\/p>\n","protected":false},"author":1,"featured_media":28862,"comment_status":"open","ping_status":"closed","sticky":false,"template":"","format":"standard","meta":{"colormag_page_container_layout":"default_layout","colormag_page_sidebar_layout":"default_layout","_jetpack_memberships_contains_paid_content":false,"footnotes":"","jetpack_publicize_message":"","jetpack_publicize_feature_enabled":true,"jetpack_social_post_already_shared":true,"jetpack_social_options":{"image_generator_settings":{"template":"highway","default_image_id":0,"font":"","enabled":false},"version":2}},"categories":[30],"tags":[],"class_list":["post-153854","post","type-post","status-publish","format-standard","has-post-thumbnail","hentry","category-clima"],"yoast_head":"<!-- This site is optimized with the Yoast SEO plugin v27.5 - https:\/\/yoast.com\/product\/yoast-seo-wordpress\/ -->\n<title>Volver\u00e1n las temperaturas a elevarse; promedio de 40\u00b0 esta semana en regiones de BCS - NBCS Noticias<\/title>\n<meta name=\"robots\" content=\"index, follow, max-snippet:-1, max-image-preview:large, max-video-preview:-1\" \/>\n<link rel=\"canonical\" href=\"https:\/\/nbcs.mx\/?p=153854\" \/>\n<meta property=\"og:locale\" content=\"es_ES\" \/>\n<meta property=\"og:type\" content=\"article\" \/>\n<meta property=\"og:title\" content=\"Volver\u00e1n las temperaturas a elevarse; promedio de 40\u00b0 esta semana en regiones de BCS - NBCS Noticias\" \/>\n<meta property=\"og:description\" content=\"Luego de las lluvias del fin de semana que favorecieron un poco la temperatura, principalmente en el sur de Baja\" \/>\n<meta property=\"og:url\" content=\"https:\/\/nbcs.mx\/?p=153854\" \/>\n<meta property=\"og:site_name\" content=\"NBCS Noticias\" \/>\n<meta property=\"article:publisher\" content=\"https:\/\/www.facebook.com\/NBCSnoticias\" \/>\n<meta property=\"article:author\" content=\"https:\/\/www.facebook.com\/NBCSnoticias\" \/>\n<meta property=\"article:published_time\" content=\"2025-08-12T18:18:42+00:00\" \/>\n<meta property=\"og:image\" content=\"https:\/\/nbcs.mx\/wp-content\/uploads\/2018\/06\/02-EMITE-DIRECCIO\u0301N-MUNICIPAL-DE-SALUD-RECOMENDACIONES-PARA-ESTA-TEMPORADA-DE-CALOR.jpeg\" \/>\n\t<meta property=\"og:image:width\" content=\"1280\" \/>\n\t<meta property=\"og:image:height\" content=\"853\" \/>\n\t<meta property=\"og:image:type\" content=\"image\/jpeg\" \/>\n<meta name=\"author\" content=\"NBCS Noticias\" \/>\n<meta name=\"twitter:card\" content=\"summary_large_image\" \/>\n<meta name=\"twitter:creator\" content=\"@https:\/\/twitter.com\/NBCSnoticias\" \/>\n<meta name=\"twitter:site\" content=\"@NBCSnoticias\" \/>\n<meta name=\"twitter:label1\" content=\"Escrito por\" \/>\n\t<meta name=\"twitter:data1\" content=\"NBCS Noticias\" \/>\n\t<meta name=\"twitter:label2\" content=\"Tiempo de lectura\" \/>\n\t<meta name=\"twitter:data2\" content=\"3 minutos\" \/>\n<script type=\"application\/ld+json\" class=\"yoast-schema-graph\">{\"@context\":\"https:\\\/\\\/schema.org\",\"@graph\":[{\"@type\":\"Article\",\"@id\":\"https:\\\/\\\/nbcs.mx\\\/?p=153854#article\",\"isPartOf\":{\"@id\":\"https:\\\/\\\/nbcs.mx\\\/?p=153854\"},\"author\":{\"name\":\"NBCS Noticias\",\"@id\":\"https:\\\/\\\/nbcs.mx\\\/#\\\/schema\\\/person\\\/ece58bab9a7c1e87a4d28ec9ecd79ff4\"},\"headline\":\"Volver\u00e1n las temperaturas a elevarse; promedio de 40\u00b0 esta semana en regiones de BCS\",\"datePublished\":\"2025-08-12T18:18:42+00:00\",\"mainEntityOfPage\":{\"@id\":\"https:\\\/\\\/nbcs.mx\\\/?p=153854\"},\"wordCount\":424,\"commentCount\":0,\"publisher\":{\"@id\":\"https:\\\/\\\/nbcs.mx\\\/#organization\"},\"image\":{\"@id\":\"https:\\\/\\\/nbcs.mx\\\/?p=153854#primaryimage\"},\"thumbnailUrl\":\"https:\\\/\\\/nbcs.mx\\\/wp-content\\\/uploads\\\/2018\\\/06\\\/02-EMITE-DIRECCIO\u0301N-MUNICIPAL-DE-SALUD-RECOMENDACIONES-PARA-ESTA-TEMPORADA-DE-CALOR.jpeg\",\"articleSection\":[\"Clima\"],\"inLanguage\":\"es\",\"potentialAction\":[{\"@type\":\"CommentAction\",\"name\":\"Comment\",\"target\":[\"https:\\\/\\\/nbcs.mx\\\/?p=153854#respond\"]}]},{\"@type\":\"WebPage\",\"@id\":\"https:\\\/\\\/nbcs.mx\\\/?p=153854\",\"url\":\"https:\\\/\\\/nbcs.mx\\\/?p=153854\",\"name\":\"Volver\u00e1n las temperaturas a elevarse; promedio de 40\u00b0 esta semana en regiones de BCS - NBCS Noticias\",\"isPartOf\":{\"@id\":\"https:\\\/\\\/nbcs.mx\\\/#website\"},\"primaryImageOfPage\":{\"@id\":\"https:\\\/\\\/nbcs.mx\\\/?p=153854#primaryimage\"},\"image\":{\"@id\":\"https:\\\/\\\/nbcs.mx\\\/?p=153854#primaryimage\"},\"thumbnailUrl\":\"https:\\\/\\\/nbcs.mx\\\/wp-content\\\/uploads\\\/2018\\\/06\\\/02-EMITE-DIRECCIO\u0301N-MUNICIPAL-DE-SALUD-RECOMENDACIONES-PARA-ESTA-TEMPORADA-DE-CALOR.jpeg\",\"datePublished\":\"2025-08-12T18:18:42+00:00\",\"breadcrumb\":{\"@id\":\"https:\\\/\\\/nbcs.mx\\\/?p=153854#breadcrumb\"},\"inLanguage\":\"es\",\"potentialAction\":[{\"@type\":\"ReadAction\",\"target\":[\"https:\\\/\\\/nbcs.mx\\\/?p=153854\"]}]},{\"@type\":\"ImageObject\",\"inLanguage\":\"es\",\"@id\":\"https:\\\/\\\/nbcs.mx\\\/?p=153854#primaryimage\",\"url\":\"https:\\\/\\\/nbcs.mx\\\/wp-content\\\/uploads\\\/2018\\\/06\\\/02-EMITE-DIRECCIO\u0301N-MUNICIPAL-DE-SALUD-RECOMENDACIONES-PARA-ESTA-TEMPORADA-DE-CALOR.jpeg\",\"contentUrl\":\"https:\\\/\\\/nbcs.mx\\\/wp-content\\\/uploads\\\/2018\\\/06\\\/02-EMITE-DIRECCIO\u0301N-MUNICIPAL-DE-SALUD-RECOMENDACIONES-PARA-ESTA-TEMPORADA-DE-CALOR.jpeg\",\"width\":1280,\"height\":853},{\"@type\":\"BreadcrumbList\",\"@id\":\"https:\\\/\\\/nbcs.mx\\\/?p=153854#breadcrumb\",\"itemListElement\":[{\"@type\":\"ListItem\",\"position\":1,\"name\":\"Portada\",\"item\":\"https:\\\/\\\/nbcs.mx\\\/\"},{\"@type\":\"ListItem\",\"position\":2,\"name\":\"Volver\u00e1n las temperaturas a elevarse; promedio de 40\u00b0 esta semana en regiones de BCS\"}]},{\"@type\":\"WebSite\",\"@id\":\"https:\\\/\\\/nbcs.mx\\\/#website\",\"url\":\"https:\\\/\\\/nbcs.mx\\\/\",\"name\":\"NBCS Noticias\",\"description\":\"Sitio web de noticias en Baja California Sur\",\"publisher\":{\"@id\":\"https:\\\/\\\/nbcs.mx\\\/#organization\"},\"potentialAction\":[{\"@type\":\"SearchAction\",\"target\":{\"@type\":\"EntryPoint\",\"urlTemplate\":\"https:\\\/\\\/nbcs.mx\\\/?s={search_term_string}\"},\"query-input\":{\"@type\":\"PropertyValueSpecification\",\"valueRequired\":true,\"valueName\":\"search_term_string\"}}],\"inLanguage\":\"es\"},{\"@type\":\"Organization\",\"@id\":\"https:\\\/\\\/nbcs.mx\\\/#organization\",\"name\":\"NBCS Noticias\",\"url\":\"https:\\\/\\\/nbcs.mx\\\/\",\"logo\":{\"@type\":\"ImageObject\",\"inLanguage\":\"es\",\"@id\":\"https:\\\/\\\/nbcs.mx\\\/#\\\/schema\\\/logo\\\/image\\\/\",\"url\":\"https:\\\/\\\/nbcs.mx\\\/wp-content\\\/uploads\\\/2018\\\/09\\\/057b69485e93575a5c2b1c1dde2dd297.jpeg\",\"contentUrl\":\"https:\\\/\\\/nbcs.mx\\\/wp-content\\\/uploads\\\/2018\\\/09\\\/057b69485e93575a5c2b1c1dde2dd297.jpeg\",\"width\":64,\"height\":64,\"caption\":\"NBCS Noticias\"},\"image\":{\"@id\":\"https:\\\/\\\/nbcs.mx\\\/#\\\/schema\\\/logo\\\/image\\\/\"},\"sameAs\":[\"https:\\\/\\\/www.facebook.com\\\/NBCSnoticias\",\"https:\\\/\\\/x.com\\\/NBCSnoticias\"]},{\"@type\":\"Person\",\"@id\":\"https:\\\/\\\/nbcs.mx\\\/#\\\/schema\\\/person\\\/ece58bab9a7c1e87a4d28ec9ecd79ff4\",\"name\":\"NBCS Noticias\",\"image\":{\"@type\":\"ImageObject\",\"inLanguage\":\"es\",\"@id\":\"https:\\\/\\\/secure.gravatar.com\\\/avatar\\\/4e52110cad1c4054b43271a0d14bbe9e2ea76aecd0e1097edfc670798d9ca1d4?s=96&d=blank&r=g\",\"url\":\"https:\\\/\\\/secure.gravatar.com\\\/avatar\\\/4e52110cad1c4054b43271a0d14bbe9e2ea76aecd0e1097edfc670798d9ca1d4?s=96&d=blank&r=g\",\"contentUrl\":\"https:\\\/\\\/secure.gravatar.com\\\/avatar\\\/4e52110cad1c4054b43271a0d14bbe9e2ea76aecd0e1097edfc670798d9ca1d4?s=96&d=blank&r=g\",\"caption\":\"NBCS Noticias\"},\"description\":\"\u00bfTienes fotos o video de alg\u00fan acto de posible negligencia, corrupci\u00f3n y abuso de autoridad? M\u00e1ndalo al WhatsApp de NBCS Noticias: 612 141 98 08\",\"sameAs\":[\"https:\\\/\\\/www.nbcs.mx\",\"https:\\\/\\\/www.facebook.com\\\/NBCSnoticias\",\"https:\\\/\\\/www.instagram.com\\\/nbcsnoticias\\\/\",\"https:\\\/\\\/x.com\\\/https:\\\/\\\/twitter.com\\\/NBCSnoticias\"]}]}<\/script>\n<!-- \/ Yoast SEO plugin. -->","yoast_head_json":{"title":"Volver\u00e1n las temperaturas a elevarse; promedio de 40\u00b0 esta semana en regiones de BCS - NBCS Noticias","robots":{"index":"index","follow":"follow","max-snippet":"max-snippet:-1","max-image-preview":"max-image-preview:large","max-video-preview":"max-video-preview:-1"},"canonical":"https:\/\/nbcs.mx\/?p=153854","og_locale":"es_ES","og_type":"article","og_title":"Volver\u00e1n las temperaturas a elevarse; promedio de 40\u00b0 esta semana en regiones de BCS - NBCS Noticias","og_description":"Luego de las lluvias del fin de semana que favorecieron un poco la temperatura, principalmente en el sur de Baja","og_url":"https:\/\/nbcs.mx\/?p=153854","og_site_name":"NBCS Noticias","article_publisher":"https:\/\/www.facebook.com\/NBCSnoticias","article_author":"https:\/\/www.facebook.com\/NBCSnoticias","article_published_time":"2025-08-12T18:18:42+00:00","og_image":[{"width":1280,"height":853,"url":"https:\/\/nbcs.mx\/wp-content\/uploads\/2018\/06\/02-EMITE-DIRECCIO\u0301N-MUNICIPAL-DE-SALUD-RECOMENDACIONES-PARA-ESTA-TEMPORADA-DE-CALOR.jpeg","type":"image\/jpeg"}],"author":"NBCS Noticias","twitter_card":"summary_large_image","twitter_creator":"@https:\/\/twitter.com\/NBCSnoticias","twitter_site":"@NBCSnoticias","twitter_misc":{"Escrito por":"NBCS Noticias","Tiempo de lectura":"3 minutos"},"schema":{"@context":"https:\/\/schema.org","@graph":[{"@type":"Article","@id":"https:\/\/nbcs.mx\/?p=153854#article","isPartOf":{"@id":"https:\/\/nbcs.mx\/?p=153854"},"author":{"name":"NBCS Noticias","@id":"https:\/\/nbcs.mx\/#\/schema\/person\/ece58bab9a7c1e87a4d28ec9ecd79ff4"},"headline":"Volver\u00e1n las temperaturas a elevarse; promedio de 40\u00b0 esta semana en regiones de BCS","datePublished":"2025-08-12T18:18:42+00:00","mainEntityOfPage":{"@id":"https:\/\/nbcs.mx\/?p=153854"},"wordCount":424,"commentCount":0,"publisher":{"@id":"https:\/\/nbcs.mx\/#organization"},"image":{"@id":"https:\/\/nbcs.mx\/?p=153854#primaryimage"},"thumbnailUrl":"https:\/\/nbcs.mx\/wp-content\/uploads\/2018\/06\/02-EMITE-DIRECCIO\u0301N-MUNICIPAL-DE-SALUD-RECOMENDACIONES-PARA-ESTA-TEMPORADA-DE-CALOR.jpeg","articleSection":["Clima"],"inLanguage":"es","potentialAction":[{"@type":"CommentAction","name":"Comment","target":["https:\/\/nbcs.mx\/?p=153854#respond"]}]},{"@type":"WebPage","@id":"https:\/\/nbcs.mx\/?p=153854","url":"https:\/\/nbcs.mx\/?p=153854","name":"Volver\u00e1n las temperaturas a elevarse; promedio de 40\u00b0 esta semana en regiones de BCS - NBCS Noticias","isPartOf":{"@id":"https:\/\/nbcs.mx\/#website"},"primaryImageOfPage":{"@id":"https:\/\/nbcs.mx\/?p=153854#primaryimage"},"image":{"@id":"https:\/\/nbcs.mx\/?p=153854#primaryimage"},"thumbnailUrl":"https:\/\/nbcs.mx\/wp-content\/uploads\/2018\/06\/02-EMITE-DIRECCIO\u0301N-MUNICIPAL-DE-SALUD-RECOMENDACIONES-PARA-ESTA-TEMPORADA-DE-CALOR.jpeg","datePublished":"2025-08-12T18:18:42+00:00","breadcrumb":{"@id":"https:\/\/nbcs.mx\/?p=153854#breadcrumb"},"inLanguage":"es","potentialAction":[{"@type":"ReadAction","target":["https:\/\/nbcs.mx\/?p=153854"]}]},{"@type":"ImageObject","inLanguage":"es","@id":"https:\/\/nbcs.mx\/?p=153854#primaryimage","url":"https:\/\/nbcs.mx\/wp-content\/uploads\/2018\/06\/02-EMITE-DIRECCIO\u0301N-MUNICIPAL-DE-SALUD-RECOMENDACIONES-PARA-ESTA-TEMPORADA-DE-CALOR.jpeg","contentUrl":"https:\/\/nbcs.mx\/wp-content\/uploads\/2018\/06\/02-EMITE-DIRECCIO\u0301N-MUNICIPAL-DE-SALUD-RECOMENDACIONES-PARA-ESTA-TEMPORADA-DE-CALOR.jpeg","width":1280,"height":853},{"@type":"BreadcrumbList","@id":"https:\/\/nbcs.mx\/?p=153854#breadcrumb","itemListElement":[{"@type":"ListItem","position":1,"name":"Portada","item":"https:\/\/nbcs.mx\/"},{"@type":"ListItem","position":2,"name":"Volver\u00e1n las temperaturas a elevarse; promedio de 40\u00b0 esta semana en regiones de BCS"}]},{"@type":"WebSite","@id":"https:\/\/nbcs.mx\/#website","url":"https:\/\/nbcs.mx\/","name":"NBCS Noticias","description":"Sitio web de noticias en Baja California Sur","publisher":{"@id":"https:\/\/nbcs.mx\/#organization"},"potentialAction":[{"@type":"SearchAction","target":{"@type":"EntryPoint","urlTemplate":"https:\/\/nbcs.mx\/?s={search_term_string}"},"query-input":{"@type":"PropertyValueSpecification","valueRequired":true,"valueName":"search_term_string"}}],"inLanguage":"es"},{"@type":"Organization","@id":"https:\/\/nbcs.mx\/#organization","name":"NBCS Noticias","url":"https:\/\/nbcs.mx\/","logo":{"@type":"ImageObject","inLanguage":"es","@id":"https:\/\/nbcs.mx\/#\/schema\/logo\/image\/","url":"https:\/\/nbcs.mx\/wp-content\/uploads\/2018\/09\/057b69485e93575a5c2b1c1dde2dd297.jpeg","contentUrl":"https:\/\/nbcs.mx\/wp-content\/uploads\/2018\/09\/057b69485e93575a5c2b1c1dde2dd297.jpeg","width":64,"height":64,"caption":"NBCS Noticias"},"image":{"@id":"https:\/\/nbcs.mx\/#\/schema\/logo\/image\/"},"sameAs":["https:\/\/www.facebook.com\/NBCSnoticias","https:\/\/x.com\/NBCSnoticias"]},{"@type":"Person","@id":"https:\/\/nbcs.mx\/#\/schema\/person\/ece58bab9a7c1e87a4d28ec9ecd79ff4","name":"NBCS Noticias","image":{"@type":"ImageObject","inLanguage":"es","@id":"https:\/\/secure.gravatar.com\/avatar\/4e52110cad1c4054b43271a0d14bbe9e2ea76aecd0e1097edfc670798d9ca1d4?s=96&d=blank&r=g","url":"https:\/\/secure.gravatar.com\/avatar\/4e52110cad1c4054b43271a0d14bbe9e2ea76aecd0e1097edfc670798d9ca1d4?s=96&d=blank&r=g","contentUrl":"https:\/\/secure.gravatar.com\/avatar\/4e52110cad1c4054b43271a0d14bbe9e2ea76aecd0e1097edfc670798d9ca1d4?s=96&d=blank&r=g","caption":"NBCS Noticias"},"description":"\u00bfTienes fotos o video de alg\u00fan acto de posible negligencia, corrupci\u00f3n y abuso de autoridad? M\u00e1ndalo al WhatsApp de NBCS Noticias: 612 141 98 08","sameAs":["https:\/\/www.nbcs.mx","https:\/\/www.facebook.com\/NBCSnoticias","https:\/\/www.instagram.com\/nbcsnoticias\/","https:\/\/x.com\/https:\/\/twitter.com\/NBCSnoticias"]}]}},"jetpack_publicize_connections":[],"jetpack_featured_media_url":"https:\/\/nbcs.mx\/wp-content\/uploads\/2018\/06\/02-EMITE-DIRECCIO\u0301N-MUNICIPAL-DE-SALUD-RECOMENDACIONES-PARA-ESTA-TEMPORADA-DE-CALOR.jpeg","jetpack_sharing_enabled":true,"_links":{"self":[{"href":"https:\/\/nbcs.mx\/index.php?rest_route=\/wp\/v2\/posts\/153854","targetHints":{"allow":["GET"]}}],"collection":[{"href":"https:\/\/nbcs.mx\/index.php?rest_route=\/wp\/v2\/posts"}],"about":[{"href":"https:\/\/nbcs.mx\/index.php?rest_route=\/wp\/v2\/types\/post"}],"author":[{"embeddable":true,"href":"https:\/\/nbcs.mx\/index.php?rest_route=\/wp\/v2\/users\/1"}],"replies":[{"embeddable":true,"href":"https:\/\/nbcs.mx\/index.php?rest_route=%2Fwp%2Fv2%2Fcomments&post=153854"}],"version-history":[{"count":1,"href":"https:\/\/nbcs.mx\/index.php?rest_route=\/wp\/v2\/posts\/153854\/revisions"}],"predecessor-version":[{"id":153855,"href":"https:\/\/nbcs.mx\/index.php?rest_route=\/wp\/v2\/posts\/153854\/revisions\/153855"}],"wp:featuredmedia":[{"embeddable":true,"href":"https:\/\/nbcs.mx\/index.php?rest_route=\/wp\/v2\/media\/28862"}],"wp:attachment":[{"href":"https:\/\/nbcs.mx\/index.php?rest_route=%2Fwp%2Fv2%2Fmedia&parent=153854"}],"wp:term":[{"taxonomy":"category","embeddable":true,"href":"https:\/\/nbcs.mx\/index.php?rest_route=%2Fwp%2Fv2%2Fcategories&post=153854"},{"taxonomy":"post_tag","embeddable":true,"href":"https:\/\/nbcs.mx\/index.php?rest_route=%2Fwp%2Fv2%2Ftags&post=153854"}],"curies":[{"name":"wp","href":"https:\/\/api.w.org\/{rel}","templated":true}]}}