{"id":153930,"date":"2025-08-13T15:38:04","date_gmt":"2025-08-13T21:38:04","guid":{"rendered":"https:\/\/nbcs.mx\/?p=153930"},"modified":"2025-08-13T15:38:04","modified_gmt":"2025-08-13T21:38:04","slug":"invierte-gobierno-del-estado-mas-de-870-mdp-en-infraestructura-educativa-en-bcs","status":"publish","type":"post","link":"https:\/\/nbcs.mx\/?p=153930","title":{"rendered":"Invierte Gobierno del Estado m\u00e1s de 870 MDP en infraestructura educativa en BCS"},"content":{"rendered":"<p style=\"font-weight: 400; text-align: justify;\"><img loading=\"lazy\" decoding=\"async\" class=\" wp-image-153931 alignleft\" src=\"https:\/\/nbcs.mx\/wp-content\/uploads\/2025\/08\/FOTO-BOLETIN-SEP-INVIERTE-GOBIERNO-DE-BCS-MAS-870-MDP-EN-EDUCACION-755x400.jpg\" alt=\"\" width=\"396\" height=\"210\" srcset=\"https:\/\/nbcs.mx\/wp-content\/uploads\/2025\/08\/FOTO-BOLETIN-SEP-INVIERTE-GOBIERNO-DE-BCS-MAS-870-MDP-EN-EDUCACION-755x400.jpg 755w, https:\/\/nbcs.mx\/wp-content\/uploads\/2025\/08\/FOTO-BOLETIN-SEP-INVIERTE-GOBIERNO-DE-BCS-MAS-870-MDP-EN-EDUCACION-150x79.jpg 150w, https:\/\/nbcs.mx\/wp-content\/uploads\/2025\/08\/FOTO-BOLETIN-SEP-INVIERTE-GOBIERNO-DE-BCS-MAS-870-MDP-EN-EDUCACION-768x407.jpg 768w, https:\/\/nbcs.mx\/wp-content\/uploads\/2025\/08\/FOTO-BOLETIN-SEP-INVIERTE-GOBIERNO-DE-BCS-MAS-870-MDP-EN-EDUCACION.jpg 1024w\" sizes=\"auto, (max-width: 396px) 100vw, 396px\" \/>Como parte de la gesti\u00f3n y compromiso de la administrci\u00f3n del Gobernador V\u00edctor Manuel Castro Cos\u00edo se han invertido m\u00e1s de 870 millones de pesos en la construcci\u00f3n, ampliaci\u00f3n y rehabilitaci\u00f3n de obras para beneficio del alumnado, personal docente y administrativo de planteles p\u00fablicos de todos los niveles de ense\u00f1anza de los cinco municipios, inform\u00f3 Pablo Cota N\u00fa\u00f1ez, director del Instituto Sudcaliforniano de la Infraestructura F\u00edsica Educativa (ISIFE).<\/p>\n<p style=\"font-weight: 400; text-align: justify;\">\n<p style=\"font-weight: 400; text-align: justify;\">Entre las acciones realizadas, destac\u00f3 dos escuelas primarias, dos secundarias y un centro preescolar en Los Cabos, as\u00ed como una telesecundaria en el municipio de Comond\u00fa y seis nuevas aulas en la primaria Venustiano Carranza, de La Paz.<\/p>\n<p style=\"font-weight: 400; text-align: justify;\">\n<p style=\"font-weight: 400; text-align: justify;\">Por lo que se refiere a las instituciones de nivel superior, se construy\u00f3 la llamada Nave Porcina de la Universidad Aut\u00f3noma de Baja California Sur, en San Pedro, el nuevo campus Portales de la misma universidad en Los Cabos y la extensi\u00f3n en Ciudad Insurgentes.<\/p>\n<p style=\"font-weight: 400; text-align: justify;\">\n<p style=\"font-weight: 400; text-align: justify;\">Para finalizar, Cota N\u00fa\u00f1ez agreg\u00f3 que el ISIFE cumple la misi\u00f3n de vigilar que las obras se realicen conforme a la instrucci\u00f3n de tener planteles inclusivos, para lo cual se han construido rampas de acceso para personas en sillas de ruedas y se han instalado accesorios que facilitan el uso de sanitarios y lavamanos.<\/p>\n<p style=\"font-weight: 400; text-align: justify;\">\n","protected":false},"excerpt":{"rendered":"<p>Como parte de la gesti\u00f3n y compromiso de la administrci\u00f3n del Gobernador V\u00edctor Manuel Castro Cos\u00edo se han invertido m\u00e1s<\/p>\n","protected":false},"author":1,"featured_media":153931,"comment_status":"open","ping_status":"closed","sticky":false,"template":"","format":"standard","meta":{"colormag_page_container_layout":"default_layout","colormag_page_sidebar_layout":"default_layout","_jetpack_newsletter_access":"","_jetpack_dont_email_post_to_subs":false,"_jetpack_newsletter_tier_id":0,"_jetpack_memberships_contains_paywalled_content":false,"_jetpack_feature_clip_id":0,"_jetpack_memberships_contains_paid_content":false,"footnotes":"","jetpack_publicize_message":"","jetpack_publicize_feature_enabled":true,"jetpack_social_post_already_shared":true,"jetpack_social_options":{"image_generator_settings":{"template":"highway","default_image_id":0,"font":"","enabled":false},"version":2},"jetpack_post_was_ever_published":false},"categories":[1],"tags":[],"class_list":["post-153930","post","type-post","status-publish","format-standard","has-post-thumbnail","hentry","category-noticias"],"yoast_head":"<!-- This site is optimized with the Yoast SEO plugin v28.4 - https:\/\/yoast.com\/product\/yoast-seo-wordpress\/ -->\n<title>Invierte Gobierno del Estado m\u00e1s de 870 MDP en infraestructura educativa en BCS - NBCS Noticias<\/title>\n<meta name=\"robots\" content=\"index, follow, max-snippet:-1, max-image-preview:large, max-video-preview:-1\" \/>\n<link rel=\"canonical\" href=\"https:\/\/nbcs.mx\/?p=153930\" \/>\n<meta property=\"og:locale\" content=\"es_ES\" \/>\n<meta property=\"og:type\" content=\"article\" \/>\n<meta property=\"og:title\" content=\"Invierte Gobierno del Estado m\u00e1s de 870 MDP en infraestructura educativa en BCS - NBCS Noticias\" \/>\n<meta property=\"og:description\" content=\"Como parte de la gesti\u00f3n y compromiso de la administrci\u00f3n del Gobernador V\u00edctor Manuel Castro Cos\u00edo se han invertido m\u00e1s\" \/>\n<meta property=\"og:url\" content=\"https:\/\/nbcs.mx\/?p=153930\" \/>\n<meta property=\"og:site_name\" content=\"NBCS Noticias\" \/>\n<meta property=\"article:publisher\" content=\"https:\/\/www.facebook.com\/NBCSnoticias\" \/>\n<meta property=\"article:author\" content=\"https:\/\/www.facebook.com\/NBCSnoticias\" \/>\n<meta property=\"article:published_time\" content=\"2025-08-13T21:38:04+00:00\" \/>\n<meta property=\"og:image\" content=\"https:\/\/nbcs.mx\/wp-content\/uploads\/2025\/08\/FOTO-BOLETIN-SEP-INVIERTE-GOBIERNO-DE-BCS-MAS-870-MDP-EN-EDUCACION.jpg\" \/>\n\t<meta property=\"og:image:width\" content=\"1024\" \/>\n\t<meta property=\"og:image:height\" content=\"542\" \/>\n\t<meta property=\"og:image:type\" content=\"image\/jpeg\" \/>\n<meta name=\"author\" content=\"NBCS Noticias\" \/>\n<meta name=\"twitter:card\" content=\"summary_large_image\" \/>\n<meta name=\"twitter:creator\" content=\"@https:\/\/twitter.com\/NBCSnoticias\" \/>\n<meta name=\"twitter:site\" content=\"@NBCSnoticias\" \/>\n<meta name=\"twitter:label1\" content=\"Escrito por\" \/>\n\t<meta name=\"twitter:data1\" content=\"NBCS Noticias\" \/>\n\t<meta name=\"twitter:label2\" content=\"Tiempo de lectura\" \/>\n\t<meta name=\"twitter:data2\" content=\"2 minutos\" \/>\n<script type=\"application\/ld+json\" class=\"yoast-schema-graph\">{\"@context\":\"https:\\\/\\\/schema.org\",\"@graph\":[{\"@type\":\"Article\",\"@id\":\"https:\\\/\\\/nbcs.mx\\\/?p=153930#article\",\"isPartOf\":{\"@id\":\"https:\\\/\\\/nbcs.mx\\\/?p=153930\"},\"author\":{\"name\":\"NBCS Noticias\",\"@id\":\"https:\\\/\\\/nbcs.mx\\\/#\\\/schema\\\/person\\\/ece58bab9a7c1e87a4d28ec9ecd79ff4\"},\"headline\":\"Invierte Gobierno del Estado m\u00e1s de 870 MDP en infraestructura educativa en BCS\",\"datePublished\":\"2025-08-13T21:38:04+00:00\",\"mainEntityOfPage\":{\"@id\":\"https:\\\/\\\/nbcs.mx\\\/?p=153930\"},\"wordCount\":234,\"commentCount\":0,\"publisher\":{\"@id\":\"https:\\\/\\\/nbcs.mx\\\/#organization\"},\"image\":{\"@id\":\"https:\\\/\\\/nbcs.mx\\\/?p=153930#primaryimage\"},\"thumbnailUrl\":\"https:\\\/\\\/nbcs.mx\\\/wp-content\\\/uploads\\\/2025\\\/08\\\/FOTO-BOLETIN-SEP-INVIERTE-GOBIERNO-DE-BCS-MAS-870-MDP-EN-EDUCACION.jpg\",\"articleSection\":[\"Noticias\"],\"inLanguage\":\"es\",\"potentialAction\":[{\"@type\":\"CommentAction\",\"name\":\"Comment\",\"target\":[\"https:\\\/\\\/nbcs.mx\\\/?p=153930#respond\"]}]},{\"@type\":\"WebPage\",\"@id\":\"https:\\\/\\\/nbcs.mx\\\/?p=153930\",\"url\":\"https:\\\/\\\/nbcs.mx\\\/?p=153930\",\"name\":\"Invierte Gobierno del Estado m\u00e1s de 870 MDP en infraestructura educativa en BCS - NBCS Noticias\",\"isPartOf\":{\"@id\":\"https:\\\/\\\/nbcs.mx\\\/#website\"},\"primaryImageOfPage\":{\"@id\":\"https:\\\/\\\/nbcs.mx\\\/?p=153930#primaryimage\"},\"image\":{\"@id\":\"https:\\\/\\\/nbcs.mx\\\/?p=153930#primaryimage\"},\"thumbnailUrl\":\"https:\\\/\\\/nbcs.mx\\\/wp-content\\\/uploads\\\/2025\\\/08\\\/FOTO-BOLETIN-SEP-INVIERTE-GOBIERNO-DE-BCS-MAS-870-MDP-EN-EDUCACION.jpg\",\"datePublished\":\"2025-08-13T21:38:04+00:00\",\"breadcrumb\":{\"@id\":\"https:\\\/\\\/nbcs.mx\\\/?p=153930#breadcrumb\"},\"inLanguage\":\"es\",\"potentialAction\":[{\"@type\":\"ReadAction\",\"target\":[\"https:\\\/\\\/nbcs.mx\\\/?p=153930\"]}]},{\"@type\":\"ImageObject\",\"inLanguage\":\"es\",\"@id\":\"https:\\\/\\\/nbcs.mx\\\/?p=153930#primaryimage\",\"url\":\"https:\\\/\\\/nbcs.mx\\\/wp-content\\\/uploads\\\/2025\\\/08\\\/FOTO-BOLETIN-SEP-INVIERTE-GOBIERNO-DE-BCS-MAS-870-MDP-EN-EDUCACION.jpg\",\"contentUrl\":\"https:\\\/\\\/nbcs.mx\\\/wp-content\\\/uploads\\\/2025\\\/08\\\/FOTO-BOLETIN-SEP-INVIERTE-GOBIERNO-DE-BCS-MAS-870-MDP-EN-EDUCACION.jpg\",\"width\":1024,\"height\":542},{\"@type\":\"BreadcrumbList\",\"@id\":\"https:\\\/\\\/nbcs.mx\\\/?p=153930#breadcrumb\",\"itemListElement\":[{\"@type\":\"ListItem\",\"position\":1,\"name\":\"Portada\",\"item\":\"https:\\\/\\\/nbcs.mx\\\/\"},{\"@type\":\"ListItem\",\"position\":2,\"name\":\"Invierte Gobierno del Estado m\u00e1s de 870 MDP en infraestructura educativa en BCS\"}]},{\"@type\":\"WebSite\",\"@id\":\"https:\\\/\\\/nbcs.mx\\\/#website\",\"url\":\"https:\\\/\\\/nbcs.mx\\\/\",\"name\":\"NBCS Noticias\",\"description\":\"Sitio web de noticias en Baja California Sur\",\"publisher\":{\"@id\":\"https:\\\/\\\/nbcs.mx\\\/#organization\"},\"potentialAction\":[{\"@type\":\"SearchAction\",\"target\":{\"@type\":\"EntryPoint\",\"urlTemplate\":\"https:\\\/\\\/nbcs.mx\\\/?s={search_term_string}\"},\"query-input\":{\"@type\":\"PropertyValueSpecification\",\"valueRequired\":true,\"valueName\":\"search_term_string\"}}],\"inLanguage\":\"es\"},{\"@type\":\"Organization\",\"@id\":\"https:\\\/\\\/nbcs.mx\\\/#organization\",\"name\":\"NBCS Noticias\",\"url\":\"https:\\\/\\\/nbcs.mx\\\/\",\"logo\":{\"@type\":\"ImageObject\",\"inLanguage\":\"es\",\"@id\":\"https:\\\/\\\/nbcs.mx\\\/#\\\/schema\\\/logo\\\/image\\\/\",\"url\":\"https:\\\/\\\/nbcs.mx\\\/wp-content\\\/uploads\\\/2018\\\/09\\\/057b69485e93575a5c2b1c1dde2dd297.jpeg\",\"contentUrl\":\"https:\\\/\\\/nbcs.mx\\\/wp-content\\\/uploads\\\/2018\\\/09\\\/057b69485e93575a5c2b1c1dde2dd297.jpeg\",\"width\":64,\"height\":64,\"caption\":\"NBCS Noticias\"},\"image\":{\"@id\":\"https:\\\/\\\/nbcs.mx\\\/#\\\/schema\\\/logo\\\/image\\\/\"},\"sameAs\":[\"https:\\\/\\\/www.facebook.com\\\/NBCSnoticias\",\"https:\\\/\\\/x.com\\\/NBCSnoticias\"]},{\"@type\":\"Person\",\"@id\":\"https:\\\/\\\/nbcs.mx\\\/#\\\/schema\\\/person\\\/ece58bab9a7c1e87a4d28ec9ecd79ff4\",\"name\":\"NBCS Noticias\",\"image\":{\"@type\":\"ImageObject\",\"inLanguage\":\"es\",\"@id\":\"https:\\\/\\\/secure.gravatar.com\\\/avatar\\\/4e52110cad1c4054b43271a0d14bbe9e2ea76aecd0e1097edfc670798d9ca1d4?s=96&d=blank&r=g\",\"url\":\"https:\\\/\\\/secure.gravatar.com\\\/avatar\\\/4e52110cad1c4054b43271a0d14bbe9e2ea76aecd0e1097edfc670798d9ca1d4?s=96&d=blank&r=g\",\"contentUrl\":\"https:\\\/\\\/secure.gravatar.com\\\/avatar\\\/4e52110cad1c4054b43271a0d14bbe9e2ea76aecd0e1097edfc670798d9ca1d4?s=96&d=blank&r=g\",\"caption\":\"NBCS Noticias\"},\"description\":\"\u00bfTienes fotos o video de alg\u00fan acto de posible negligencia, corrupci\u00f3n y abuso de autoridad? M\u00e1ndalo al WhatsApp de NBCS Noticias: 612 141 98 08\",\"sameAs\":[\"https:\\\/\\\/www.nbcs.mx\",\"https:\\\/\\\/www.facebook.com\\\/NBCSnoticias\",\"https:\\\/\\\/www.instagram.com\\\/nbcsnoticias\\\/\",\"https:\\\/\\\/x.com\\\/https:\\\/\\\/twitter.com\\\/NBCSnoticias\"]}]}<\/script>\n<!-- \/ Yoast SEO plugin. -->","yoast_head_json":{"title":"Invierte Gobierno del Estado m\u00e1s de 870 MDP en infraestructura educativa en BCS - NBCS Noticias","robots":{"index":"index","follow":"follow","max-snippet":"max-snippet:-1","max-image-preview":"max-image-preview:large","max-video-preview":"max-video-preview:-1"},"canonical":"https:\/\/nbcs.mx\/?p=153930","og_locale":"es_ES","og_type":"article","og_title":"Invierte Gobierno del Estado m\u00e1s de 870 MDP en infraestructura educativa en BCS - NBCS Noticias","og_description":"Como parte de la gesti\u00f3n y compromiso de la administrci\u00f3n del Gobernador V\u00edctor Manuel Castro Cos\u00edo se han invertido m\u00e1s","og_url":"https:\/\/nbcs.mx\/?p=153930","og_site_name":"NBCS Noticias","article_publisher":"https:\/\/www.facebook.com\/NBCSnoticias","article_author":"https:\/\/www.facebook.com\/NBCSnoticias","article_published_time":"2025-08-13T21:38:04+00:00","og_image":[{"width":1024,"height":542,"url":"https:\/\/nbcs.mx\/wp-content\/uploads\/2025\/08\/FOTO-BOLETIN-SEP-INVIERTE-GOBIERNO-DE-BCS-MAS-870-MDP-EN-EDUCACION.jpg","type":"image\/jpeg"}],"author":"NBCS Noticias","twitter_card":"summary_large_image","twitter_creator":"@https:\/\/twitter.com\/NBCSnoticias","twitter_site":"@NBCSnoticias","twitter_misc":{"Escrito por":"NBCS Noticias","Tiempo de lectura":"2 minutos"},"schema":{"@context":"https:\/\/schema.org","@graph":[{"@type":"Article","@id":"https:\/\/nbcs.mx\/?p=153930#article","isPartOf":{"@id":"https:\/\/nbcs.mx\/?p=153930"},"author":{"name":"NBCS Noticias","@id":"https:\/\/nbcs.mx\/#\/schema\/person\/ece58bab9a7c1e87a4d28ec9ecd79ff4"},"headline":"Invierte Gobierno del Estado m\u00e1s de 870 MDP en infraestructura educativa en BCS","datePublished":"2025-08-13T21:38:04+00:00","mainEntityOfPage":{"@id":"https:\/\/nbcs.mx\/?p=153930"},"wordCount":234,"commentCount":0,"publisher":{"@id":"https:\/\/nbcs.mx\/#organization"},"image":{"@id":"https:\/\/nbcs.mx\/?p=153930#primaryimage"},"thumbnailUrl":"https:\/\/nbcs.mx\/wp-content\/uploads\/2025\/08\/FOTO-BOLETIN-SEP-INVIERTE-GOBIERNO-DE-BCS-MAS-870-MDP-EN-EDUCACION.jpg","articleSection":["Noticias"],"inLanguage":"es","potentialAction":[{"@type":"CommentAction","name":"Comment","target":["https:\/\/nbcs.mx\/?p=153930#respond"]}]},{"@type":"WebPage","@id":"https:\/\/nbcs.mx\/?p=153930","url":"https:\/\/nbcs.mx\/?p=153930","name":"Invierte Gobierno del Estado m\u00e1s de 870 MDP en infraestructura educativa en BCS - NBCS Noticias","isPartOf":{"@id":"https:\/\/nbcs.mx\/#website"},"primaryImageOfPage":{"@id":"https:\/\/nbcs.mx\/?p=153930#primaryimage"},"image":{"@id":"https:\/\/nbcs.mx\/?p=153930#primaryimage"},"thumbnailUrl":"https:\/\/nbcs.mx\/wp-content\/uploads\/2025\/08\/FOTO-BOLETIN-SEP-INVIERTE-GOBIERNO-DE-BCS-MAS-870-MDP-EN-EDUCACION.jpg","datePublished":"2025-08-13T21:38:04+00:00","breadcrumb":{"@id":"https:\/\/nbcs.mx\/?p=153930#breadcrumb"},"inLanguage":"es","potentialAction":[{"@type":"ReadAction","target":["https:\/\/nbcs.mx\/?p=153930"]}]},{"@type":"ImageObject","inLanguage":"es","@id":"https:\/\/nbcs.mx\/?p=153930#primaryimage","url":"https:\/\/nbcs.mx\/wp-content\/uploads\/2025\/08\/FOTO-BOLETIN-SEP-INVIERTE-GOBIERNO-DE-BCS-MAS-870-MDP-EN-EDUCACION.jpg","contentUrl":"https:\/\/nbcs.mx\/wp-content\/uploads\/2025\/08\/FOTO-BOLETIN-SEP-INVIERTE-GOBIERNO-DE-BCS-MAS-870-MDP-EN-EDUCACION.jpg","width":1024,"height":542},{"@type":"BreadcrumbList","@id":"https:\/\/nbcs.mx\/?p=153930#breadcrumb","itemListElement":[{"@type":"ListItem","position":1,"name":"Portada","item":"https:\/\/nbcs.mx\/"},{"@type":"ListItem","position":2,"name":"Invierte Gobierno del Estado m\u00e1s de 870 MDP en infraestructura educativa en BCS"}]},{"@type":"WebSite","@id":"https:\/\/nbcs.mx\/#website","url":"https:\/\/nbcs.mx\/","name":"NBCS Noticias","description":"Sitio web de noticias en Baja California Sur","publisher":{"@id":"https:\/\/nbcs.mx\/#organization"},"potentialAction":[{"@type":"SearchAction","target":{"@type":"EntryPoint","urlTemplate":"https:\/\/nbcs.mx\/?s={search_term_string}"},"query-input":{"@type":"PropertyValueSpecification","valueRequired":true,"valueName":"search_term_string"}}],"inLanguage":"es"},{"@type":"Organization","@id":"https:\/\/nbcs.mx\/#organization","name":"NBCS Noticias","url":"https:\/\/nbcs.mx\/","logo":{"@type":"ImageObject","inLanguage":"es","@id":"https:\/\/nbcs.mx\/#\/schema\/logo\/image\/","url":"https:\/\/nbcs.mx\/wp-content\/uploads\/2018\/09\/057b69485e93575a5c2b1c1dde2dd297.jpeg","contentUrl":"https:\/\/nbcs.mx\/wp-content\/uploads\/2018\/09\/057b69485e93575a5c2b1c1dde2dd297.jpeg","width":64,"height":64,"caption":"NBCS Noticias"},"image":{"@id":"https:\/\/nbcs.mx\/#\/schema\/logo\/image\/"},"sameAs":["https:\/\/www.facebook.com\/NBCSnoticias","https:\/\/x.com\/NBCSnoticias"]},{"@type":"Person","@id":"https:\/\/nbcs.mx\/#\/schema\/person\/ece58bab9a7c1e87a4d28ec9ecd79ff4","name":"NBCS Noticias","image":{"@type":"ImageObject","inLanguage":"es","@id":"https:\/\/secure.gravatar.com\/avatar\/4e52110cad1c4054b43271a0d14bbe9e2ea76aecd0e1097edfc670798d9ca1d4?s=96&d=blank&r=g","url":"https:\/\/secure.gravatar.com\/avatar\/4e52110cad1c4054b43271a0d14bbe9e2ea76aecd0e1097edfc670798d9ca1d4?s=96&d=blank&r=g","contentUrl":"https:\/\/secure.gravatar.com\/avatar\/4e52110cad1c4054b43271a0d14bbe9e2ea76aecd0e1097edfc670798d9ca1d4?s=96&d=blank&r=g","caption":"NBCS Noticias"},"description":"\u00bfTienes fotos o video de alg\u00fan acto de posible negligencia, corrupci\u00f3n y abuso de autoridad? M\u00e1ndalo al WhatsApp de NBCS Noticias: 612 141 98 08","sameAs":["https:\/\/www.nbcs.mx","https:\/\/www.facebook.com\/NBCSnoticias","https:\/\/www.instagram.com\/nbcsnoticias\/","https:\/\/x.com\/https:\/\/twitter.com\/NBCSnoticias"]}]}},"jetpack_publicize_connections":[],"jetpack_sharing_enabled":true,"jetpack_featured_media_url":"https:\/\/nbcs.mx\/wp-content\/uploads\/2025\/08\/FOTO-BOLETIN-SEP-INVIERTE-GOBIERNO-DE-BCS-MAS-870-MDP-EN-EDUCACION.jpg","_links":{"self":[{"href":"https:\/\/nbcs.mx\/index.php?rest_route=\/wp\/v2\/posts\/153930","targetHints":{"allow":["GET"]}}],"collection":[{"href":"https:\/\/nbcs.mx\/index.php?rest_route=\/wp\/v2\/posts"}],"about":[{"href":"https:\/\/nbcs.mx\/index.php?rest_route=\/wp\/v2\/types\/post"}],"author":[{"embeddable":true,"href":"https:\/\/nbcs.mx\/index.php?rest_route=\/wp\/v2\/users\/1"}],"replies":[{"embeddable":true,"href":"https:\/\/nbcs.mx\/index.php?rest_route=%2Fwp%2Fv2%2Fcomments&post=153930"}],"version-history":[{"count":1,"href":"https:\/\/nbcs.mx\/index.php?rest_route=\/wp\/v2\/posts\/153930\/revisions"}],"predecessor-version":[{"id":153932,"href":"https:\/\/nbcs.mx\/index.php?rest_route=\/wp\/v2\/posts\/153930\/revisions\/153932"}],"wp:featuredmedia":[{"embeddable":true,"href":"https:\/\/nbcs.mx\/index.php?rest_route=\/wp\/v2\/media\/153931"}],"wp:attachment":[{"href":"https:\/\/nbcs.mx\/index.php?rest_route=%2Fwp%2Fv2%2Fmedia&parent=153930"}],"wp:term":[{"taxonomy":"category","embeddable":true,"href":"https:\/\/nbcs.mx\/index.php?rest_route=%2Fwp%2Fv2%2Fcategories&post=153930"},{"taxonomy":"post_tag","embeddable":true,"href":"https:\/\/nbcs.mx\/index.php?rest_route=%2Fwp%2Fv2%2Ftags&post=153930"}],"curies":[{"name":"wp","href":"https:\/\/api.w.org\/{rel}","templated":true}]}}