{"id":154245,"date":"2025-08-20T15:01:24","date_gmt":"2025-08-20T21:01:24","guid":{"rendered":"https:\/\/nbcs.mx\/?p=154245"},"modified":"2025-08-20T15:01:24","modified_gmt":"2025-08-20T21:01:24","slug":"culmina-etapa-estatal-de-paratletismo-2025-en-baja-california-sur","status":"publish","type":"post","link":"https:\/\/nbcs.mx\/?p=154245","title":{"rendered":"Culmina Etapa Estatal de Paratletismo 2025 en Baja California Sur"},"content":{"rendered":"<p style=\"font-weight: 400; text-align: justify;\"><img loading=\"lazy\" decoding=\"async\" class=\" wp-image-154246 alignleft\" src=\"https:\/\/nbcs.mx\/wp-content\/uploads\/2025\/08\/IMG_0275-739x492.jpg\" alt=\"\" width=\"392\" height=\"261\" srcset=\"https:\/\/nbcs.mx\/wp-content\/uploads\/2025\/08\/IMG_0275-739x492.jpg 739w, https:\/\/nbcs.mx\/wp-content\/uploads\/2025\/08\/IMG_0275-150x100.jpg 150w, https:\/\/nbcs.mx\/wp-content\/uploads\/2025\/08\/IMG_0275-768x512.jpg 768w, https:\/\/nbcs.mx\/wp-content\/uploads\/2025\/08\/IMG_0275.jpg 1024w\" sizes=\"auto, (max-width: 392px) 100vw, 392px\" \/>Baja California Sur concluy\u00f3 con \u00e9xito la etapa estatal de Paratletismo, como parte del proceso clasificatorio rumbo a la Paralimpiada Nacional 2025. La competencia se llev\u00f3 a cabo en la pista del Complejo Deportivo del Instituto Sudcaliforniano del Deporte (INSUDE).<\/p>\n<p style=\"font-weight: 400; text-align: justify;\">El evento reuni\u00f3 a atletas provenientes de los municipios de La Paz, Los Cabos y Loreto, quienes participaron en diversas pruebas de pista y campo, con el objetivo de registrar sus mejores marcas. Con base en los resultados obtenidos, se realizar\u00e1 un an\u00e1lisis t\u00e9cnico para definir a los deportistas que integrar\u00e1n la selecci\u00f3n estatal que representar\u00e1 a la entidad en la justa nacional, programada para el mes de noviembre en Aguascalientes.<\/p>\n<p style=\"font-weight: 400; text-align: justify;\">En las distintas disciplinas del paratletismo destac\u00f3 la participaci\u00f3n de Sophia Miranda, Dannia Pacheco, Dannia Rosales, Ra\u00fal Cota, Christopher Camarena, Diego Falc\u00f3n, \u00c1ngel Reyes, Manuel S\u00e1nchez, Diego Gonz\u00e1lez, Santiago Ayala, Rosa Reinecke, Jazm\u00edn Mackliz, Nicole Pineda, Sergio Oca\u00f1a, Jes\u00fas Rivera, Miguel L\u00f3pez, Jos\u00e9 Guzm\u00e1n, Gian Geraldo, Jennifer P\u00e9rez, Luis S\u00e1nchez, Andr\u00e9s Jared, Estrella Rodr\u00edguez, Jos\u00e9 Miguel Madrid, Zahid Garc\u00eda, Mar\u00eda de Jes\u00fas Madero, Adriana Hurtado, \u00c1ngel Murillo, Mat\u00edas Hern\u00e1ndez, Jos\u00e9 Luis Orantes, Edward Flores, Diego Torres, Jos\u00e9 Manuel Guzm\u00e1n y Kinnaird Rowan, quienes lograron posicionarse entre los primeros lugares de sus respectivas pruebas y podr\u00edan formar parte del selectivo estatal rumbo a la Paralimpiada Nacional.<\/p>\n<p style=\"font-weight: 400; text-align: justify;\">Con esta competencia, se da un paso clave en la preparaci\u00f3n de los deportistas sudcalifornianos, reafirmando el compromiso del INSUDE con el impulso al deporte adaptado y la inclusi\u00f3n.<\/p>\n","protected":false},"excerpt":{"rendered":"<p>Baja California Sur concluy\u00f3 con \u00e9xito la etapa estatal de Paratletismo, como parte del proceso clasificatorio rumbo a la Paralimpiada<\/p>\n","protected":false},"author":1,"featured_media":154246,"comment_status":"open","ping_status":"closed","sticky":false,"template":"","format":"standard","meta":{"colormag_page_container_layout":"default_layout","colormag_page_sidebar_layout":"default_layout","_jetpack_memberships_contains_paid_content":false,"footnotes":"","jetpack_publicize_message":"","jetpack_publicize_feature_enabled":true,"jetpack_social_post_already_shared":true,"jetpack_social_options":{"image_generator_settings":{"template":"highway","default_image_id":0,"font":"","enabled":false},"version":2}},"categories":[23],"tags":[],"class_list":["post-154245","post","type-post","status-publish","format-standard","has-post-thumbnail","hentry","category-deportes"],"yoast_head":"<!-- This site is optimized with the Yoast SEO plugin v27.5 - https:\/\/yoast.com\/product\/yoast-seo-wordpress\/ -->\n<title>Culmina Etapa Estatal de Paratletismo 2025 en Baja California Sur - NBCS Noticias<\/title>\n<meta name=\"robots\" content=\"index, follow, max-snippet:-1, max-image-preview:large, max-video-preview:-1\" \/>\n<link rel=\"canonical\" href=\"https:\/\/nbcs.mx\/?p=154245\" \/>\n<meta property=\"og:locale\" content=\"es_ES\" \/>\n<meta property=\"og:type\" content=\"article\" \/>\n<meta property=\"og:title\" content=\"Culmina Etapa Estatal de Paratletismo 2025 en Baja California Sur - NBCS Noticias\" \/>\n<meta property=\"og:description\" content=\"Baja California Sur concluy\u00f3 con \u00e9xito la etapa estatal de Paratletismo, como parte del proceso clasificatorio rumbo a la Paralimpiada\" \/>\n<meta property=\"og:url\" content=\"https:\/\/nbcs.mx\/?p=154245\" \/>\n<meta property=\"og:site_name\" content=\"NBCS Noticias\" \/>\n<meta property=\"article:publisher\" content=\"https:\/\/www.facebook.com\/NBCSnoticias\" \/>\n<meta property=\"article:author\" content=\"https:\/\/www.facebook.com\/NBCSnoticias\" \/>\n<meta property=\"article:published_time\" content=\"2025-08-20T21:01:24+00:00\" \/>\n<meta property=\"og:image\" content=\"https:\/\/nbcs.mx\/wp-content\/uploads\/2025\/08\/IMG_0275.jpg\" \/>\n\t<meta property=\"og:image:width\" content=\"1024\" \/>\n\t<meta property=\"og:image:height\" content=\"682\" \/>\n\t<meta property=\"og:image:type\" content=\"image\/jpeg\" \/>\n<meta name=\"author\" content=\"NBCS Noticias\" \/>\n<meta name=\"twitter:card\" content=\"summary_large_image\" \/>\n<meta name=\"twitter:creator\" content=\"@https:\/\/twitter.com\/NBCSnoticias\" \/>\n<meta name=\"twitter:site\" content=\"@NBCSnoticias\" \/>\n<meta name=\"twitter:label1\" content=\"Escrito por\" \/>\n\t<meta name=\"twitter:data1\" content=\"NBCS Noticias\" \/>\n\t<meta name=\"twitter:label2\" content=\"Tiempo de lectura\" \/>\n\t<meta name=\"twitter:data2\" content=\"2 minutos\" \/>\n<script type=\"application\/ld+json\" class=\"yoast-schema-graph\">{\"@context\":\"https:\\\/\\\/schema.org\",\"@graph\":[{\"@type\":\"Article\",\"@id\":\"https:\\\/\\\/nbcs.mx\\\/?p=154245#article\",\"isPartOf\":{\"@id\":\"https:\\\/\\\/nbcs.mx\\\/?p=154245\"},\"author\":{\"name\":\"NBCS Noticias\",\"@id\":\"https:\\\/\\\/nbcs.mx\\\/#\\\/schema\\\/person\\\/ece58bab9a7c1e87a4d28ec9ecd79ff4\"},\"headline\":\"Culmina Etapa Estatal de Paratletismo 2025 en Baja California Sur\",\"datePublished\":\"2025-08-20T21:01:24+00:00\",\"mainEntityOfPage\":{\"@id\":\"https:\\\/\\\/nbcs.mx\\\/?p=154245\"},\"wordCount\":280,\"commentCount\":0,\"publisher\":{\"@id\":\"https:\\\/\\\/nbcs.mx\\\/#organization\"},\"image\":{\"@id\":\"https:\\\/\\\/nbcs.mx\\\/?p=154245#primaryimage\"},\"thumbnailUrl\":\"https:\\\/\\\/nbcs.mx\\\/wp-content\\\/uploads\\\/2025\\\/08\\\/IMG_0275.jpg\",\"articleSection\":[\"Deportes\"],\"inLanguage\":\"es\",\"potentialAction\":[{\"@type\":\"CommentAction\",\"name\":\"Comment\",\"target\":[\"https:\\\/\\\/nbcs.mx\\\/?p=154245#respond\"]}]},{\"@type\":\"WebPage\",\"@id\":\"https:\\\/\\\/nbcs.mx\\\/?p=154245\",\"url\":\"https:\\\/\\\/nbcs.mx\\\/?p=154245\",\"name\":\"Culmina Etapa Estatal de Paratletismo 2025 en Baja California Sur - NBCS Noticias\",\"isPartOf\":{\"@id\":\"https:\\\/\\\/nbcs.mx\\\/#website\"},\"primaryImageOfPage\":{\"@id\":\"https:\\\/\\\/nbcs.mx\\\/?p=154245#primaryimage\"},\"image\":{\"@id\":\"https:\\\/\\\/nbcs.mx\\\/?p=154245#primaryimage\"},\"thumbnailUrl\":\"https:\\\/\\\/nbcs.mx\\\/wp-content\\\/uploads\\\/2025\\\/08\\\/IMG_0275.jpg\",\"datePublished\":\"2025-08-20T21:01:24+00:00\",\"breadcrumb\":{\"@id\":\"https:\\\/\\\/nbcs.mx\\\/?p=154245#breadcrumb\"},\"inLanguage\":\"es\",\"potentialAction\":[{\"@type\":\"ReadAction\",\"target\":[\"https:\\\/\\\/nbcs.mx\\\/?p=154245\"]}]},{\"@type\":\"ImageObject\",\"inLanguage\":\"es\",\"@id\":\"https:\\\/\\\/nbcs.mx\\\/?p=154245#primaryimage\",\"url\":\"https:\\\/\\\/nbcs.mx\\\/wp-content\\\/uploads\\\/2025\\\/08\\\/IMG_0275.jpg\",\"contentUrl\":\"https:\\\/\\\/nbcs.mx\\\/wp-content\\\/uploads\\\/2025\\\/08\\\/IMG_0275.jpg\",\"width\":1024,\"height\":682},{\"@type\":\"BreadcrumbList\",\"@id\":\"https:\\\/\\\/nbcs.mx\\\/?p=154245#breadcrumb\",\"itemListElement\":[{\"@type\":\"ListItem\",\"position\":1,\"name\":\"Portada\",\"item\":\"https:\\\/\\\/nbcs.mx\\\/\"},{\"@type\":\"ListItem\",\"position\":2,\"name\":\"Culmina Etapa Estatal de Paratletismo 2025 en Baja California Sur\"}]},{\"@type\":\"WebSite\",\"@id\":\"https:\\\/\\\/nbcs.mx\\\/#website\",\"url\":\"https:\\\/\\\/nbcs.mx\\\/\",\"name\":\"NBCS Noticias\",\"description\":\"Sitio web de noticias en Baja California Sur\",\"publisher\":{\"@id\":\"https:\\\/\\\/nbcs.mx\\\/#organization\"},\"potentialAction\":[{\"@type\":\"SearchAction\",\"target\":{\"@type\":\"EntryPoint\",\"urlTemplate\":\"https:\\\/\\\/nbcs.mx\\\/?s={search_term_string}\"},\"query-input\":{\"@type\":\"PropertyValueSpecification\",\"valueRequired\":true,\"valueName\":\"search_term_string\"}}],\"inLanguage\":\"es\"},{\"@type\":\"Organization\",\"@id\":\"https:\\\/\\\/nbcs.mx\\\/#organization\",\"name\":\"NBCS Noticias\",\"url\":\"https:\\\/\\\/nbcs.mx\\\/\",\"logo\":{\"@type\":\"ImageObject\",\"inLanguage\":\"es\",\"@id\":\"https:\\\/\\\/nbcs.mx\\\/#\\\/schema\\\/logo\\\/image\\\/\",\"url\":\"https:\\\/\\\/nbcs.mx\\\/wp-content\\\/uploads\\\/2018\\\/09\\\/057b69485e93575a5c2b1c1dde2dd297.jpeg\",\"contentUrl\":\"https:\\\/\\\/nbcs.mx\\\/wp-content\\\/uploads\\\/2018\\\/09\\\/057b69485e93575a5c2b1c1dde2dd297.jpeg\",\"width\":64,\"height\":64,\"caption\":\"NBCS Noticias\"},\"image\":{\"@id\":\"https:\\\/\\\/nbcs.mx\\\/#\\\/schema\\\/logo\\\/image\\\/\"},\"sameAs\":[\"https:\\\/\\\/www.facebook.com\\\/NBCSnoticias\",\"https:\\\/\\\/x.com\\\/NBCSnoticias\"]},{\"@type\":\"Person\",\"@id\":\"https:\\\/\\\/nbcs.mx\\\/#\\\/schema\\\/person\\\/ece58bab9a7c1e87a4d28ec9ecd79ff4\",\"name\":\"NBCS Noticias\",\"image\":{\"@type\":\"ImageObject\",\"inLanguage\":\"es\",\"@id\":\"https:\\\/\\\/secure.gravatar.com\\\/avatar\\\/4e52110cad1c4054b43271a0d14bbe9e2ea76aecd0e1097edfc670798d9ca1d4?s=96&d=blank&r=g\",\"url\":\"https:\\\/\\\/secure.gravatar.com\\\/avatar\\\/4e52110cad1c4054b43271a0d14bbe9e2ea76aecd0e1097edfc670798d9ca1d4?s=96&d=blank&r=g\",\"contentUrl\":\"https:\\\/\\\/secure.gravatar.com\\\/avatar\\\/4e52110cad1c4054b43271a0d14bbe9e2ea76aecd0e1097edfc670798d9ca1d4?s=96&d=blank&r=g\",\"caption\":\"NBCS Noticias\"},\"description\":\"\u00bfTienes fotos o video de alg\u00fan acto de posible negligencia, corrupci\u00f3n y abuso de autoridad? M\u00e1ndalo al WhatsApp de NBCS Noticias: 612 141 98 08\",\"sameAs\":[\"https:\\\/\\\/www.nbcs.mx\",\"https:\\\/\\\/www.facebook.com\\\/NBCSnoticias\",\"https:\\\/\\\/www.instagram.com\\\/nbcsnoticias\\\/\",\"https:\\\/\\\/x.com\\\/https:\\\/\\\/twitter.com\\\/NBCSnoticias\"]}]}<\/script>\n<!-- \/ Yoast SEO plugin. -->","yoast_head_json":{"title":"Culmina Etapa Estatal de Paratletismo 2025 en Baja California Sur - NBCS Noticias","robots":{"index":"index","follow":"follow","max-snippet":"max-snippet:-1","max-image-preview":"max-image-preview:large","max-video-preview":"max-video-preview:-1"},"canonical":"https:\/\/nbcs.mx\/?p=154245","og_locale":"es_ES","og_type":"article","og_title":"Culmina Etapa Estatal de Paratletismo 2025 en Baja California Sur - NBCS Noticias","og_description":"Baja California Sur concluy\u00f3 con \u00e9xito la etapa estatal de Paratletismo, como parte del proceso clasificatorio rumbo a la Paralimpiada","og_url":"https:\/\/nbcs.mx\/?p=154245","og_site_name":"NBCS Noticias","article_publisher":"https:\/\/www.facebook.com\/NBCSnoticias","article_author":"https:\/\/www.facebook.com\/NBCSnoticias","article_published_time":"2025-08-20T21:01:24+00:00","og_image":[{"width":1024,"height":682,"url":"https:\/\/nbcs.mx\/wp-content\/uploads\/2025\/08\/IMG_0275.jpg","type":"image\/jpeg"}],"author":"NBCS Noticias","twitter_card":"summary_large_image","twitter_creator":"@https:\/\/twitter.com\/NBCSnoticias","twitter_site":"@NBCSnoticias","twitter_misc":{"Escrito por":"NBCS Noticias","Tiempo de lectura":"2 minutos"},"schema":{"@context":"https:\/\/schema.org","@graph":[{"@type":"Article","@id":"https:\/\/nbcs.mx\/?p=154245#article","isPartOf":{"@id":"https:\/\/nbcs.mx\/?p=154245"},"author":{"name":"NBCS Noticias","@id":"https:\/\/nbcs.mx\/#\/schema\/person\/ece58bab9a7c1e87a4d28ec9ecd79ff4"},"headline":"Culmina Etapa Estatal de Paratletismo 2025 en Baja California Sur","datePublished":"2025-08-20T21:01:24+00:00","mainEntityOfPage":{"@id":"https:\/\/nbcs.mx\/?p=154245"},"wordCount":280,"commentCount":0,"publisher":{"@id":"https:\/\/nbcs.mx\/#organization"},"image":{"@id":"https:\/\/nbcs.mx\/?p=154245#primaryimage"},"thumbnailUrl":"https:\/\/nbcs.mx\/wp-content\/uploads\/2025\/08\/IMG_0275.jpg","articleSection":["Deportes"],"inLanguage":"es","potentialAction":[{"@type":"CommentAction","name":"Comment","target":["https:\/\/nbcs.mx\/?p=154245#respond"]}]},{"@type":"WebPage","@id":"https:\/\/nbcs.mx\/?p=154245","url":"https:\/\/nbcs.mx\/?p=154245","name":"Culmina Etapa Estatal de Paratletismo 2025 en Baja California Sur - NBCS Noticias","isPartOf":{"@id":"https:\/\/nbcs.mx\/#website"},"primaryImageOfPage":{"@id":"https:\/\/nbcs.mx\/?p=154245#primaryimage"},"image":{"@id":"https:\/\/nbcs.mx\/?p=154245#primaryimage"},"thumbnailUrl":"https:\/\/nbcs.mx\/wp-content\/uploads\/2025\/08\/IMG_0275.jpg","datePublished":"2025-08-20T21:01:24+00:00","breadcrumb":{"@id":"https:\/\/nbcs.mx\/?p=154245#breadcrumb"},"inLanguage":"es","potentialAction":[{"@type":"ReadAction","target":["https:\/\/nbcs.mx\/?p=154245"]}]},{"@type":"ImageObject","inLanguage":"es","@id":"https:\/\/nbcs.mx\/?p=154245#primaryimage","url":"https:\/\/nbcs.mx\/wp-content\/uploads\/2025\/08\/IMG_0275.jpg","contentUrl":"https:\/\/nbcs.mx\/wp-content\/uploads\/2025\/08\/IMG_0275.jpg","width":1024,"height":682},{"@type":"BreadcrumbList","@id":"https:\/\/nbcs.mx\/?p=154245#breadcrumb","itemListElement":[{"@type":"ListItem","position":1,"name":"Portada","item":"https:\/\/nbcs.mx\/"},{"@type":"ListItem","position":2,"name":"Culmina Etapa Estatal de Paratletismo 2025 en Baja California Sur"}]},{"@type":"WebSite","@id":"https:\/\/nbcs.mx\/#website","url":"https:\/\/nbcs.mx\/","name":"NBCS Noticias","description":"Sitio web de noticias en Baja California Sur","publisher":{"@id":"https:\/\/nbcs.mx\/#organization"},"potentialAction":[{"@type":"SearchAction","target":{"@type":"EntryPoint","urlTemplate":"https:\/\/nbcs.mx\/?s={search_term_string}"},"query-input":{"@type":"PropertyValueSpecification","valueRequired":true,"valueName":"search_term_string"}}],"inLanguage":"es"},{"@type":"Organization","@id":"https:\/\/nbcs.mx\/#organization","name":"NBCS Noticias","url":"https:\/\/nbcs.mx\/","logo":{"@type":"ImageObject","inLanguage":"es","@id":"https:\/\/nbcs.mx\/#\/schema\/logo\/image\/","url":"https:\/\/nbcs.mx\/wp-content\/uploads\/2018\/09\/057b69485e93575a5c2b1c1dde2dd297.jpeg","contentUrl":"https:\/\/nbcs.mx\/wp-content\/uploads\/2018\/09\/057b69485e93575a5c2b1c1dde2dd297.jpeg","width":64,"height":64,"caption":"NBCS Noticias"},"image":{"@id":"https:\/\/nbcs.mx\/#\/schema\/logo\/image\/"},"sameAs":["https:\/\/www.facebook.com\/NBCSnoticias","https:\/\/x.com\/NBCSnoticias"]},{"@type":"Person","@id":"https:\/\/nbcs.mx\/#\/schema\/person\/ece58bab9a7c1e87a4d28ec9ecd79ff4","name":"NBCS Noticias","image":{"@type":"ImageObject","inLanguage":"es","@id":"https:\/\/secure.gravatar.com\/avatar\/4e52110cad1c4054b43271a0d14bbe9e2ea76aecd0e1097edfc670798d9ca1d4?s=96&d=blank&r=g","url":"https:\/\/secure.gravatar.com\/avatar\/4e52110cad1c4054b43271a0d14bbe9e2ea76aecd0e1097edfc670798d9ca1d4?s=96&d=blank&r=g","contentUrl":"https:\/\/secure.gravatar.com\/avatar\/4e52110cad1c4054b43271a0d14bbe9e2ea76aecd0e1097edfc670798d9ca1d4?s=96&d=blank&r=g","caption":"NBCS Noticias"},"description":"\u00bfTienes fotos o video de alg\u00fan acto de posible negligencia, corrupci\u00f3n y abuso de autoridad? M\u00e1ndalo al WhatsApp de NBCS Noticias: 612 141 98 08","sameAs":["https:\/\/www.nbcs.mx","https:\/\/www.facebook.com\/NBCSnoticias","https:\/\/www.instagram.com\/nbcsnoticias\/","https:\/\/x.com\/https:\/\/twitter.com\/NBCSnoticias"]}]}},"jetpack_publicize_connections":[],"jetpack_featured_media_url":"https:\/\/nbcs.mx\/wp-content\/uploads\/2025\/08\/IMG_0275.jpg","jetpack_sharing_enabled":true,"_links":{"self":[{"href":"https:\/\/nbcs.mx\/index.php?rest_route=\/wp\/v2\/posts\/154245","targetHints":{"allow":["GET"]}}],"collection":[{"href":"https:\/\/nbcs.mx\/index.php?rest_route=\/wp\/v2\/posts"}],"about":[{"href":"https:\/\/nbcs.mx\/index.php?rest_route=\/wp\/v2\/types\/post"}],"author":[{"embeddable":true,"href":"https:\/\/nbcs.mx\/index.php?rest_route=\/wp\/v2\/users\/1"}],"replies":[{"embeddable":true,"href":"https:\/\/nbcs.mx\/index.php?rest_route=%2Fwp%2Fv2%2Fcomments&post=154245"}],"version-history":[{"count":1,"href":"https:\/\/nbcs.mx\/index.php?rest_route=\/wp\/v2\/posts\/154245\/revisions"}],"predecessor-version":[{"id":154247,"href":"https:\/\/nbcs.mx\/index.php?rest_route=\/wp\/v2\/posts\/154245\/revisions\/154247"}],"wp:featuredmedia":[{"embeddable":true,"href":"https:\/\/nbcs.mx\/index.php?rest_route=\/wp\/v2\/media\/154246"}],"wp:attachment":[{"href":"https:\/\/nbcs.mx\/index.php?rest_route=%2Fwp%2Fv2%2Fmedia&parent=154245"}],"wp:term":[{"taxonomy":"category","embeddable":true,"href":"https:\/\/nbcs.mx\/index.php?rest_route=%2Fwp%2Fv2%2Fcategories&post=154245"},{"taxonomy":"post_tag","embeddable":true,"href":"https:\/\/nbcs.mx\/index.php?rest_route=%2Fwp%2Fv2%2Ftags&post=154245"}],"curies":[{"name":"wp","href":"https:\/\/api.w.org\/{rel}","templated":true}]}}