{"id":154252,"date":"2025-08-20T15:19:03","date_gmt":"2025-08-20T21:19:03","guid":{"rendered":"https:\/\/nbcs.mx\/?p=154252"},"modified":"2025-08-20T15:19:03","modified_gmt":"2025-08-20T21:19:03","slug":"impulsa-sedif-el-bienestar-de-grupos-prioritarios-con-entrega-de-apoyos-asistenciales","status":"publish","type":"post","link":"https:\/\/nbcs.mx\/?p=154252","title":{"rendered":"Impulsa SEDIF el bienestar de grupos prioritarios con entrega de apoyos asistenciales"},"content":{"rendered":"<p style=\"font-weight: 400; text-align: justify;\"><img loading=\"lazy\" decoding=\"async\" class=\" wp-image-154253 alignleft\" src=\"https:\/\/nbcs.mx\/wp-content\/uploads\/2025\/08\/FOTO-ENTREGA-SEDIF-APOYOS-755x454.jpg\" alt=\"\" width=\"382\" height=\"230\" srcset=\"https:\/\/nbcs.mx\/wp-content\/uploads\/2025\/08\/FOTO-ENTREGA-SEDIF-APOYOS-755x454.jpg 755w, https:\/\/nbcs.mx\/wp-content\/uploads\/2025\/08\/FOTO-ENTREGA-SEDIF-APOYOS-1024x615.jpg 1024w, https:\/\/nbcs.mx\/wp-content\/uploads\/2025\/08\/FOTO-ENTREGA-SEDIF-APOYOS-150x90.jpg 150w, https:\/\/nbcs.mx\/wp-content\/uploads\/2025\/08\/FOTO-ENTREGA-SEDIF-APOYOS-768x462.jpg 768w, https:\/\/nbcs.mx\/wp-content\/uploads\/2025\/08\/FOTO-ENTREGA-SEDIF-APOYOS-1536x923.jpg 1536w, https:\/\/nbcs.mx\/wp-content\/uploads\/2025\/08\/FOTO-ENTREGA-SEDIF-APOYOS.jpg 1712w\" sizes=\"auto, (max-width: 382px) 100vw, 382px\" \/>Con el objetivo de que la poblaci\u00f3n prioritaria acceda a los programas destinados a su bienestar, el Sistema Estatal para el Desarroll Integral de la Familia (SEDIF), a trav\u00e9s de la Direcci\u00f3n de Asistencia, Gesti\u00f3n e Integraci\u00f3n Social (DAGIS), llev\u00f3 a cabo la entrega de apoyos asistenciales, encabezada por la presidenta honoraria, Patricia L\u00f3pez Navarro.<\/p>\n<p style=\"font-weight: 400; text-align: justify;\">Destac\u00f3 que brindar atenci\u00f3n y dar respuesta a las y los ciudadanos que requieren mayor respaldo institucional forma parte de las acciones que se promueven desde el SEDIF, como parte del fortalecimiento del Sistema de Cuidados en favor de los grupos prioritarios.<\/p>\n<p style=\"font-weight: 400; text-align: justify;\">En esta ocasi\u00f3n, se distribuyeron 2 mil 400 paquetes de pa\u00f1ales, entregados en dos periodos durante el a\u00f1o, beneficiando a 200 personas de entre 0 y 65 a\u00f1os, pertenecientes a los sectores de ni\u00f1as y ni\u00f1os, personas con discapacidad y personas adultas mayores en situaci\u00f3n de vulnerabilidad.<\/p>\n<p style=\"font-weight: 400; text-align: justify;\">Asimismo, mencion\u00f3 que quienes deseen incorporarse a este programa pueden solicitar informaci\u00f3n al tel\u00e9fono 612 124 29 22, de lunes a viernes en un horario de 8:00 a 15:00 horas, o acudir al Sistema DIF m\u00e1s cercano.<\/p>\n<p style=\"font-weight: 400; text-align: justify;\">Finalmente, L\u00f3pez Navarro reafirm\u00f3 que el SEDIF y el Gobierno del Estado mantienen el compromiso de ofrecer atenci\u00f3n, apoyos y servicios a todas las poblaciones, con el prop\u00f3sito de garantizar entornos de igualdad y seguridad, bajo el principio de que\u00a0<em>nadie se quede atr\u00e1s, ni afuera<\/em><em>.<\/em><\/p>\n<p style=\"font-weight: 400; text-align: justify;\">\n<p style=\"font-weight: 400; text-align: justify;\">\n","protected":false},"excerpt":{"rendered":"<p>Con el objetivo de que la poblaci\u00f3n prioritaria acceda a los programas destinados a su bienestar, el Sistema Estatal para<\/p>\n","protected":false},"author":1,"featured_media":154253,"comment_status":"open","ping_status":"closed","sticky":false,"template":"","format":"standard","meta":{"colormag_page_container_layout":"default_layout","colormag_page_sidebar_layout":"default_layout","_jetpack_memberships_contains_paid_content":false,"footnotes":"","jetpack_publicize_message":"","jetpack_publicize_feature_enabled":true,"jetpack_social_post_already_shared":true,"jetpack_social_options":{"image_generator_settings":{"template":"highway","default_image_id":0,"font":"","enabled":false},"version":2}},"categories":[1],"tags":[],"class_list":["post-154252","post","type-post","status-publish","format-standard","has-post-thumbnail","hentry","category-noticias"],"yoast_head":"<!-- This site is optimized with the Yoast SEO plugin v27.5 - https:\/\/yoast.com\/product\/yoast-seo-wordpress\/ -->\n<title>Impulsa SEDIF el bienestar de grupos prioritarios con entrega de apoyos asistenciales - NBCS Noticias<\/title>\n<meta name=\"robots\" content=\"index, follow, max-snippet:-1, max-image-preview:large, max-video-preview:-1\" \/>\n<link rel=\"canonical\" href=\"https:\/\/nbcs.mx\/?p=154252\" \/>\n<meta property=\"og:locale\" content=\"es_ES\" \/>\n<meta property=\"og:type\" content=\"article\" \/>\n<meta property=\"og:title\" content=\"Impulsa SEDIF el bienestar de grupos prioritarios con entrega de apoyos asistenciales - NBCS Noticias\" \/>\n<meta property=\"og:description\" content=\"Con el objetivo de que la poblaci\u00f3n prioritaria acceda a los programas destinados a su bienestar, el Sistema Estatal para\" \/>\n<meta property=\"og:url\" content=\"https:\/\/nbcs.mx\/?p=154252\" \/>\n<meta property=\"og:site_name\" content=\"NBCS Noticias\" \/>\n<meta property=\"article:publisher\" content=\"https:\/\/www.facebook.com\/NBCSnoticias\" \/>\n<meta property=\"article:author\" content=\"https:\/\/www.facebook.com\/NBCSnoticias\" \/>\n<meta property=\"article:published_time\" content=\"2025-08-20T21:19:03+00:00\" \/>\n<meta property=\"og:image\" content=\"https:\/\/nbcs.mx\/wp-content\/uploads\/2025\/08\/FOTO-ENTREGA-SEDIF-APOYOS.jpg\" \/>\n\t<meta property=\"og:image:width\" content=\"1712\" \/>\n\t<meta property=\"og:image:height\" content=\"1029\" \/>\n\t<meta property=\"og:image:type\" content=\"image\/jpeg\" \/>\n<meta name=\"author\" content=\"NBCS Noticias\" \/>\n<meta name=\"twitter:card\" content=\"summary_large_image\" \/>\n<meta name=\"twitter:creator\" content=\"@https:\/\/twitter.com\/NBCSnoticias\" \/>\n<meta name=\"twitter:site\" content=\"@NBCSnoticias\" \/>\n<meta name=\"twitter:label1\" content=\"Escrito por\" \/>\n\t<meta name=\"twitter:data1\" content=\"NBCS Noticias\" \/>\n\t<meta name=\"twitter:label2\" content=\"Tiempo de lectura\" \/>\n\t<meta name=\"twitter:data2\" content=\"2 minutos\" \/>\n<script type=\"application\/ld+json\" class=\"yoast-schema-graph\">{\"@context\":\"https:\\\/\\\/schema.org\",\"@graph\":[{\"@type\":\"Article\",\"@id\":\"https:\\\/\\\/nbcs.mx\\\/?p=154252#article\",\"isPartOf\":{\"@id\":\"https:\\\/\\\/nbcs.mx\\\/?p=154252\"},\"author\":{\"name\":\"NBCS Noticias\",\"@id\":\"https:\\\/\\\/nbcs.mx\\\/#\\\/schema\\\/person\\\/ece58bab9a7c1e87a4d28ec9ecd79ff4\"},\"headline\":\"Impulsa SEDIF el bienestar de grupos prioritarios con entrega de apoyos asistenciales\",\"datePublished\":\"2025-08-20T21:19:03+00:00\",\"mainEntityOfPage\":{\"@id\":\"https:\\\/\\\/nbcs.mx\\\/?p=154252\"},\"wordCount\":249,\"commentCount\":0,\"publisher\":{\"@id\":\"https:\\\/\\\/nbcs.mx\\\/#organization\"},\"image\":{\"@id\":\"https:\\\/\\\/nbcs.mx\\\/?p=154252#primaryimage\"},\"thumbnailUrl\":\"https:\\\/\\\/nbcs.mx\\\/wp-content\\\/uploads\\\/2025\\\/08\\\/FOTO-ENTREGA-SEDIF-APOYOS.jpg\",\"articleSection\":[\"Noticias\"],\"inLanguage\":\"es\",\"potentialAction\":[{\"@type\":\"CommentAction\",\"name\":\"Comment\",\"target\":[\"https:\\\/\\\/nbcs.mx\\\/?p=154252#respond\"]}]},{\"@type\":\"WebPage\",\"@id\":\"https:\\\/\\\/nbcs.mx\\\/?p=154252\",\"url\":\"https:\\\/\\\/nbcs.mx\\\/?p=154252\",\"name\":\"Impulsa SEDIF el bienestar de grupos prioritarios con entrega de apoyos asistenciales - NBCS Noticias\",\"isPartOf\":{\"@id\":\"https:\\\/\\\/nbcs.mx\\\/#website\"},\"primaryImageOfPage\":{\"@id\":\"https:\\\/\\\/nbcs.mx\\\/?p=154252#primaryimage\"},\"image\":{\"@id\":\"https:\\\/\\\/nbcs.mx\\\/?p=154252#primaryimage\"},\"thumbnailUrl\":\"https:\\\/\\\/nbcs.mx\\\/wp-content\\\/uploads\\\/2025\\\/08\\\/FOTO-ENTREGA-SEDIF-APOYOS.jpg\",\"datePublished\":\"2025-08-20T21:19:03+00:00\",\"breadcrumb\":{\"@id\":\"https:\\\/\\\/nbcs.mx\\\/?p=154252#breadcrumb\"},\"inLanguage\":\"es\",\"potentialAction\":[{\"@type\":\"ReadAction\",\"target\":[\"https:\\\/\\\/nbcs.mx\\\/?p=154252\"]}]},{\"@type\":\"ImageObject\",\"inLanguage\":\"es\",\"@id\":\"https:\\\/\\\/nbcs.mx\\\/?p=154252#primaryimage\",\"url\":\"https:\\\/\\\/nbcs.mx\\\/wp-content\\\/uploads\\\/2025\\\/08\\\/FOTO-ENTREGA-SEDIF-APOYOS.jpg\",\"contentUrl\":\"https:\\\/\\\/nbcs.mx\\\/wp-content\\\/uploads\\\/2025\\\/08\\\/FOTO-ENTREGA-SEDIF-APOYOS.jpg\",\"width\":1712,\"height\":1029},{\"@type\":\"BreadcrumbList\",\"@id\":\"https:\\\/\\\/nbcs.mx\\\/?p=154252#breadcrumb\",\"itemListElement\":[{\"@type\":\"ListItem\",\"position\":1,\"name\":\"Portada\",\"item\":\"https:\\\/\\\/nbcs.mx\\\/\"},{\"@type\":\"ListItem\",\"position\":2,\"name\":\"Impulsa SEDIF el bienestar de grupos prioritarios con entrega de apoyos asistenciales\"}]},{\"@type\":\"WebSite\",\"@id\":\"https:\\\/\\\/nbcs.mx\\\/#website\",\"url\":\"https:\\\/\\\/nbcs.mx\\\/\",\"name\":\"NBCS Noticias\",\"description\":\"Sitio web de noticias en Baja California Sur\",\"publisher\":{\"@id\":\"https:\\\/\\\/nbcs.mx\\\/#organization\"},\"potentialAction\":[{\"@type\":\"SearchAction\",\"target\":{\"@type\":\"EntryPoint\",\"urlTemplate\":\"https:\\\/\\\/nbcs.mx\\\/?s={search_term_string}\"},\"query-input\":{\"@type\":\"PropertyValueSpecification\",\"valueRequired\":true,\"valueName\":\"search_term_string\"}}],\"inLanguage\":\"es\"},{\"@type\":\"Organization\",\"@id\":\"https:\\\/\\\/nbcs.mx\\\/#organization\",\"name\":\"NBCS Noticias\",\"url\":\"https:\\\/\\\/nbcs.mx\\\/\",\"logo\":{\"@type\":\"ImageObject\",\"inLanguage\":\"es\",\"@id\":\"https:\\\/\\\/nbcs.mx\\\/#\\\/schema\\\/logo\\\/image\\\/\",\"url\":\"https:\\\/\\\/nbcs.mx\\\/wp-content\\\/uploads\\\/2018\\\/09\\\/057b69485e93575a5c2b1c1dde2dd297.jpeg\",\"contentUrl\":\"https:\\\/\\\/nbcs.mx\\\/wp-content\\\/uploads\\\/2018\\\/09\\\/057b69485e93575a5c2b1c1dde2dd297.jpeg\",\"width\":64,\"height\":64,\"caption\":\"NBCS Noticias\"},\"image\":{\"@id\":\"https:\\\/\\\/nbcs.mx\\\/#\\\/schema\\\/logo\\\/image\\\/\"},\"sameAs\":[\"https:\\\/\\\/www.facebook.com\\\/NBCSnoticias\",\"https:\\\/\\\/x.com\\\/NBCSnoticias\"]},{\"@type\":\"Person\",\"@id\":\"https:\\\/\\\/nbcs.mx\\\/#\\\/schema\\\/person\\\/ece58bab9a7c1e87a4d28ec9ecd79ff4\",\"name\":\"NBCS Noticias\",\"image\":{\"@type\":\"ImageObject\",\"inLanguage\":\"es\",\"@id\":\"https:\\\/\\\/secure.gravatar.com\\\/avatar\\\/4e52110cad1c4054b43271a0d14bbe9e2ea76aecd0e1097edfc670798d9ca1d4?s=96&d=blank&r=g\",\"url\":\"https:\\\/\\\/secure.gravatar.com\\\/avatar\\\/4e52110cad1c4054b43271a0d14bbe9e2ea76aecd0e1097edfc670798d9ca1d4?s=96&d=blank&r=g\",\"contentUrl\":\"https:\\\/\\\/secure.gravatar.com\\\/avatar\\\/4e52110cad1c4054b43271a0d14bbe9e2ea76aecd0e1097edfc670798d9ca1d4?s=96&d=blank&r=g\",\"caption\":\"NBCS Noticias\"},\"description\":\"\u00bfTienes fotos o video de alg\u00fan acto de posible negligencia, corrupci\u00f3n y abuso de autoridad? M\u00e1ndalo al WhatsApp de NBCS Noticias: 612 141 98 08\",\"sameAs\":[\"https:\\\/\\\/www.nbcs.mx\",\"https:\\\/\\\/www.facebook.com\\\/NBCSnoticias\",\"https:\\\/\\\/www.instagram.com\\\/nbcsnoticias\\\/\",\"https:\\\/\\\/x.com\\\/https:\\\/\\\/twitter.com\\\/NBCSnoticias\"]}]}<\/script>\n<!-- \/ Yoast SEO plugin. -->","yoast_head_json":{"title":"Impulsa SEDIF el bienestar de grupos prioritarios con entrega de apoyos asistenciales - NBCS Noticias","robots":{"index":"index","follow":"follow","max-snippet":"max-snippet:-1","max-image-preview":"max-image-preview:large","max-video-preview":"max-video-preview:-1"},"canonical":"https:\/\/nbcs.mx\/?p=154252","og_locale":"es_ES","og_type":"article","og_title":"Impulsa SEDIF el bienestar de grupos prioritarios con entrega de apoyos asistenciales - NBCS Noticias","og_description":"Con el objetivo de que la poblaci\u00f3n prioritaria acceda a los programas destinados a su bienestar, el Sistema Estatal para","og_url":"https:\/\/nbcs.mx\/?p=154252","og_site_name":"NBCS Noticias","article_publisher":"https:\/\/www.facebook.com\/NBCSnoticias","article_author":"https:\/\/www.facebook.com\/NBCSnoticias","article_published_time":"2025-08-20T21:19:03+00:00","og_image":[{"width":1712,"height":1029,"url":"https:\/\/nbcs.mx\/wp-content\/uploads\/2025\/08\/FOTO-ENTREGA-SEDIF-APOYOS.jpg","type":"image\/jpeg"}],"author":"NBCS Noticias","twitter_card":"summary_large_image","twitter_creator":"@https:\/\/twitter.com\/NBCSnoticias","twitter_site":"@NBCSnoticias","twitter_misc":{"Escrito por":"NBCS Noticias","Tiempo de lectura":"2 minutos"},"schema":{"@context":"https:\/\/schema.org","@graph":[{"@type":"Article","@id":"https:\/\/nbcs.mx\/?p=154252#article","isPartOf":{"@id":"https:\/\/nbcs.mx\/?p=154252"},"author":{"name":"NBCS Noticias","@id":"https:\/\/nbcs.mx\/#\/schema\/person\/ece58bab9a7c1e87a4d28ec9ecd79ff4"},"headline":"Impulsa SEDIF el bienestar de grupos prioritarios con entrega de apoyos asistenciales","datePublished":"2025-08-20T21:19:03+00:00","mainEntityOfPage":{"@id":"https:\/\/nbcs.mx\/?p=154252"},"wordCount":249,"commentCount":0,"publisher":{"@id":"https:\/\/nbcs.mx\/#organization"},"image":{"@id":"https:\/\/nbcs.mx\/?p=154252#primaryimage"},"thumbnailUrl":"https:\/\/nbcs.mx\/wp-content\/uploads\/2025\/08\/FOTO-ENTREGA-SEDIF-APOYOS.jpg","articleSection":["Noticias"],"inLanguage":"es","potentialAction":[{"@type":"CommentAction","name":"Comment","target":["https:\/\/nbcs.mx\/?p=154252#respond"]}]},{"@type":"WebPage","@id":"https:\/\/nbcs.mx\/?p=154252","url":"https:\/\/nbcs.mx\/?p=154252","name":"Impulsa SEDIF el bienestar de grupos prioritarios con entrega de apoyos asistenciales - NBCS Noticias","isPartOf":{"@id":"https:\/\/nbcs.mx\/#website"},"primaryImageOfPage":{"@id":"https:\/\/nbcs.mx\/?p=154252#primaryimage"},"image":{"@id":"https:\/\/nbcs.mx\/?p=154252#primaryimage"},"thumbnailUrl":"https:\/\/nbcs.mx\/wp-content\/uploads\/2025\/08\/FOTO-ENTREGA-SEDIF-APOYOS.jpg","datePublished":"2025-08-20T21:19:03+00:00","breadcrumb":{"@id":"https:\/\/nbcs.mx\/?p=154252#breadcrumb"},"inLanguage":"es","potentialAction":[{"@type":"ReadAction","target":["https:\/\/nbcs.mx\/?p=154252"]}]},{"@type":"ImageObject","inLanguage":"es","@id":"https:\/\/nbcs.mx\/?p=154252#primaryimage","url":"https:\/\/nbcs.mx\/wp-content\/uploads\/2025\/08\/FOTO-ENTREGA-SEDIF-APOYOS.jpg","contentUrl":"https:\/\/nbcs.mx\/wp-content\/uploads\/2025\/08\/FOTO-ENTREGA-SEDIF-APOYOS.jpg","width":1712,"height":1029},{"@type":"BreadcrumbList","@id":"https:\/\/nbcs.mx\/?p=154252#breadcrumb","itemListElement":[{"@type":"ListItem","position":1,"name":"Portada","item":"https:\/\/nbcs.mx\/"},{"@type":"ListItem","position":2,"name":"Impulsa SEDIF el bienestar de grupos prioritarios con entrega de apoyos asistenciales"}]},{"@type":"WebSite","@id":"https:\/\/nbcs.mx\/#website","url":"https:\/\/nbcs.mx\/","name":"NBCS Noticias","description":"Sitio web de noticias en Baja California Sur","publisher":{"@id":"https:\/\/nbcs.mx\/#organization"},"potentialAction":[{"@type":"SearchAction","target":{"@type":"EntryPoint","urlTemplate":"https:\/\/nbcs.mx\/?s={search_term_string}"},"query-input":{"@type":"PropertyValueSpecification","valueRequired":true,"valueName":"search_term_string"}}],"inLanguage":"es"},{"@type":"Organization","@id":"https:\/\/nbcs.mx\/#organization","name":"NBCS Noticias","url":"https:\/\/nbcs.mx\/","logo":{"@type":"ImageObject","inLanguage":"es","@id":"https:\/\/nbcs.mx\/#\/schema\/logo\/image\/","url":"https:\/\/nbcs.mx\/wp-content\/uploads\/2018\/09\/057b69485e93575a5c2b1c1dde2dd297.jpeg","contentUrl":"https:\/\/nbcs.mx\/wp-content\/uploads\/2018\/09\/057b69485e93575a5c2b1c1dde2dd297.jpeg","width":64,"height":64,"caption":"NBCS Noticias"},"image":{"@id":"https:\/\/nbcs.mx\/#\/schema\/logo\/image\/"},"sameAs":["https:\/\/www.facebook.com\/NBCSnoticias","https:\/\/x.com\/NBCSnoticias"]},{"@type":"Person","@id":"https:\/\/nbcs.mx\/#\/schema\/person\/ece58bab9a7c1e87a4d28ec9ecd79ff4","name":"NBCS Noticias","image":{"@type":"ImageObject","inLanguage":"es","@id":"https:\/\/secure.gravatar.com\/avatar\/4e52110cad1c4054b43271a0d14bbe9e2ea76aecd0e1097edfc670798d9ca1d4?s=96&d=blank&r=g","url":"https:\/\/secure.gravatar.com\/avatar\/4e52110cad1c4054b43271a0d14bbe9e2ea76aecd0e1097edfc670798d9ca1d4?s=96&d=blank&r=g","contentUrl":"https:\/\/secure.gravatar.com\/avatar\/4e52110cad1c4054b43271a0d14bbe9e2ea76aecd0e1097edfc670798d9ca1d4?s=96&d=blank&r=g","caption":"NBCS Noticias"},"description":"\u00bfTienes fotos o video de alg\u00fan acto de posible negligencia, corrupci\u00f3n y abuso de autoridad? M\u00e1ndalo al WhatsApp de NBCS Noticias: 612 141 98 08","sameAs":["https:\/\/www.nbcs.mx","https:\/\/www.facebook.com\/NBCSnoticias","https:\/\/www.instagram.com\/nbcsnoticias\/","https:\/\/x.com\/https:\/\/twitter.com\/NBCSnoticias"]}]}},"jetpack_publicize_connections":[],"jetpack_featured_media_url":"https:\/\/nbcs.mx\/wp-content\/uploads\/2025\/08\/FOTO-ENTREGA-SEDIF-APOYOS.jpg","jetpack_sharing_enabled":true,"_links":{"self":[{"href":"https:\/\/nbcs.mx\/index.php?rest_route=\/wp\/v2\/posts\/154252","targetHints":{"allow":["GET"]}}],"collection":[{"href":"https:\/\/nbcs.mx\/index.php?rest_route=\/wp\/v2\/posts"}],"about":[{"href":"https:\/\/nbcs.mx\/index.php?rest_route=\/wp\/v2\/types\/post"}],"author":[{"embeddable":true,"href":"https:\/\/nbcs.mx\/index.php?rest_route=\/wp\/v2\/users\/1"}],"replies":[{"embeddable":true,"href":"https:\/\/nbcs.mx\/index.php?rest_route=%2Fwp%2Fv2%2Fcomments&post=154252"}],"version-history":[{"count":1,"href":"https:\/\/nbcs.mx\/index.php?rest_route=\/wp\/v2\/posts\/154252\/revisions"}],"predecessor-version":[{"id":154254,"href":"https:\/\/nbcs.mx\/index.php?rest_route=\/wp\/v2\/posts\/154252\/revisions\/154254"}],"wp:featuredmedia":[{"embeddable":true,"href":"https:\/\/nbcs.mx\/index.php?rest_route=\/wp\/v2\/media\/154253"}],"wp:attachment":[{"href":"https:\/\/nbcs.mx\/index.php?rest_route=%2Fwp%2Fv2%2Fmedia&parent=154252"}],"wp:term":[{"taxonomy":"category","embeddable":true,"href":"https:\/\/nbcs.mx\/index.php?rest_route=%2Fwp%2Fv2%2Fcategories&post=154252"},{"taxonomy":"post_tag","embeddable":true,"href":"https:\/\/nbcs.mx\/index.php?rest_route=%2Fwp%2Fv2%2Ftags&post=154252"}],"curies":[{"name":"wp","href":"https:\/\/api.w.org\/{rel}","templated":true}]}}