{"id":154269,"date":"2025-08-21T09:24:34","date_gmt":"2025-08-21T15:24:34","guid":{"rendered":"https:\/\/nbcs.mx\/?p=154269"},"modified":"2025-08-21T09:24:34","modified_gmt":"2025-08-21T15:24:34","slug":"que-transportadoras-no-abusen-concesion-federal-tiene-limites-expresa-el-gobernador","status":"publish","type":"post","link":"https:\/\/nbcs.mx\/?p=154269","title":{"rendered":"\u201cQue transportadoras no abusen; concesi\u00f3n federal tiene l\u00edmites\u201d, expresa el Gobernador"},"content":{"rendered":"<p style=\"text-align: justify;\"><img loading=\"lazy\" decoding=\"async\" class=\" wp-image-154270 alignleft\" src=\"https:\/\/nbcs.mx\/wp-content\/uploads\/2025\/08\/Transportadoras-1.jpg\" alt=\"\" width=\"388\" height=\"214\" srcset=\"https:\/\/nbcs.mx\/wp-content\/uploads\/2025\/08\/Transportadoras-1.jpg 725w, https:\/\/nbcs.mx\/wp-content\/uploads\/2025\/08\/Transportadoras-1-150x83.jpg 150w\" sizes=\"auto, (max-width: 388px) 100vw, 388px\" \/>Luego de la manifestaci\u00f3n que transportadores tur\u00edsticos de Los Cabos hicieron en la Ciudad de M\u00e9xico, el gobernador, V\u00edctor Manuel Castro Cos\u00edo, asegur\u00f3 que con las medidas implementadas en materia de transporte, solo de busca que haya orden en el sector y que nadie abuse quit\u00e1ndole el trabajo a otros.<\/p>\n<p style=\"text-align: justify;\">\u201cY las transportadoras les digo y les repito, no tenemos nada en contra de nadie, que sea nada m\u00e1s el orden, que no abusen de su condici\u00f3n de tener una concesi\u00f3n federal, y ya sentirse como que van a pasar por encima del derecho de todos nosotros, y eso no se vale\u201d, apunt\u00f3 el Mandatario estatal ante medios de comunicaci\u00f3n.<\/p>\n<p style=\"text-align: justify;\">Sostuvo que si se ha actuado en la regulaci\u00f3n del servicio a trav\u00e9s de la plataforma del Sistema de Informaci\u00f3n de Servicios de Transporte Previamente Contratados (Sistpc), es debido a que existe mucha \u201cpirater\u00eda\u201d en el sector, y con lo cual se viene desplazando a quienes llevan a\u00f1os brindando el servicio.<\/p>\n<p style=\"text-align: justify;\">\u201cLo \u00fanico que queremos es que trabajen en paz todos\u201d, apunt\u00f3, por lo cual record\u00f3 que as\u00ed como cuentan con una concesi\u00f3n federal, tambi\u00e9n hay l\u00edmites para la cobertura de su servicio.<\/p>\n<p style=\"text-align: justify;\">Coment\u00f3 que hasta ahora se desconoce de d\u00f3nde salieron esas concesiones federales, qui\u00e9nes son los due\u00f1os y d\u00f3nde consiguen las placas, pero asegur\u00f3 que hay empresas que tienen hasta 100 veh\u00edculos para proporcionar el servicio en ese sector.<\/p>\n<p style=\"text-align: justify;\">El gobernante sudcaliforniano manifest\u00f3 que las transportadoras no quisieron que se les regulara por parte del Estado, por lo cual se determin\u00f3 que sea la Secretar\u00eda de Infraestructura, Comunicaciones y Transportes (SICT), la que se encargue de ello, y en esa plataforma se publicar\u00e1n los viajes que, de acuerdo con la ley, les corresponden.<\/p>\n<p style=\"text-align: justify;\">Al respecto, explic\u00f3 que ah\u00ed se fijar\u00e1 que a las transportadoras les corresponder\u00e1 el traslado del aeropuerto al hotel, y tendr\u00e1n determinado tiempo para hacer una recontrataci\u00f3n a otro destino, \u201cpero no pueden andar llevando al turismo como si fueran taxis\u201d.<\/p>\n<p style=\"text-align: justify;\">Expres\u00f3 que respeta la libertad que tienen de manifestarse, pero que exist\u00eda un acuerdo con un grupo de las transportadoras, pero hay otra parte que no est\u00e1 de acuerdo, y por eso bloquearon el aeropuerto y ahora llevaron su inconformidad a la Ciudad de M\u00e9xico.<\/p>\n<p style=\"text-align: justify;\">Castro Cos\u00edo, advirti\u00f3 que continuar\u00e1n los operativos de detenci\u00f3n de unidades que no se encuentren respetando lo establecido en la plataforma, porque la intenci\u00f3n es combatir la \u201cpirater\u00eda\u201d. (Por: Arturo Nieves).<\/p>\n","protected":false},"excerpt":{"rendered":"<p>Luego de la manifestaci\u00f3n que transportadores tur\u00edsticos de Los Cabos hicieron en la Ciudad de M\u00e9xico, el gobernador, V\u00edctor Manuel<\/p>\n","protected":false},"author":1,"featured_media":154270,"comment_status":"open","ping_status":"closed","sticky":false,"template":"","format":"standard","meta":{"colormag_page_container_layout":"default_layout","colormag_page_sidebar_layout":"default_layout","_jetpack_memberships_contains_paid_content":false,"footnotes":"","jetpack_publicize_message":"","jetpack_publicize_feature_enabled":true,"jetpack_social_post_already_shared":true,"jetpack_social_options":{"image_generator_settings":{"template":"highway","default_image_id":0,"font":"","enabled":false},"version":2}},"categories":[1],"tags":[],"class_list":["post-154269","post","type-post","status-publish","format-standard","has-post-thumbnail","hentry","category-noticias"],"yoast_head":"<!-- This site is optimized with the Yoast SEO plugin v27.5 - https:\/\/yoast.com\/product\/yoast-seo-wordpress\/ -->\n<title>\u201cQue transportadoras no abusen; concesi\u00f3n federal tiene l\u00edmites\u201d, expresa el Gobernador - NBCS Noticias<\/title>\n<meta name=\"robots\" content=\"index, follow, max-snippet:-1, max-image-preview:large, max-video-preview:-1\" \/>\n<link rel=\"canonical\" href=\"https:\/\/nbcs.mx\/?p=154269\" \/>\n<meta property=\"og:locale\" content=\"es_ES\" \/>\n<meta property=\"og:type\" content=\"article\" \/>\n<meta property=\"og:title\" content=\"\u201cQue transportadoras no abusen; concesi\u00f3n federal tiene l\u00edmites\u201d, expresa el Gobernador - NBCS Noticias\" \/>\n<meta property=\"og:description\" content=\"Luego de la manifestaci\u00f3n que transportadores tur\u00edsticos de Los Cabos hicieron en la Ciudad de M\u00e9xico, el gobernador, V\u00edctor Manuel\" \/>\n<meta property=\"og:url\" content=\"https:\/\/nbcs.mx\/?p=154269\" \/>\n<meta property=\"og:site_name\" content=\"NBCS Noticias\" \/>\n<meta property=\"article:publisher\" content=\"https:\/\/www.facebook.com\/NBCSnoticias\" \/>\n<meta property=\"article:author\" content=\"https:\/\/www.facebook.com\/NBCSnoticias\" \/>\n<meta property=\"article:published_time\" content=\"2025-08-21T15:24:34+00:00\" \/>\n<meta property=\"og:image\" content=\"https:\/\/nbcs.mx\/wp-content\/uploads\/2025\/08\/Transportadoras-1.jpg\" \/>\n\t<meta property=\"og:image:width\" content=\"725\" \/>\n\t<meta property=\"og:image:height\" content=\"400\" \/>\n\t<meta property=\"og:image:type\" content=\"image\/jpeg\" \/>\n<meta name=\"author\" content=\"NBCS Noticias\" \/>\n<meta name=\"twitter:card\" content=\"summary_large_image\" \/>\n<meta name=\"twitter:creator\" content=\"@https:\/\/twitter.com\/NBCSnoticias\" \/>\n<meta name=\"twitter:site\" content=\"@NBCSnoticias\" \/>\n<meta name=\"twitter:label1\" content=\"Escrito por\" \/>\n\t<meta name=\"twitter:data1\" content=\"NBCS Noticias\" \/>\n\t<meta name=\"twitter:label2\" content=\"Tiempo de lectura\" \/>\n\t<meta name=\"twitter:data2\" content=\"3 minutos\" \/>\n<script type=\"application\/ld+json\" class=\"yoast-schema-graph\">{\"@context\":\"https:\\\/\\\/schema.org\",\"@graph\":[{\"@type\":\"Article\",\"@id\":\"https:\\\/\\\/nbcs.mx\\\/?p=154269#article\",\"isPartOf\":{\"@id\":\"https:\\\/\\\/nbcs.mx\\\/?p=154269\"},\"author\":{\"name\":\"NBCS Noticias\",\"@id\":\"https:\\\/\\\/nbcs.mx\\\/#\\\/schema\\\/person\\\/ece58bab9a7c1e87a4d28ec9ecd79ff4\"},\"headline\":\"\u201cQue transportadoras no abusen; concesi\u00f3n federal tiene l\u00edmites\u201d, expresa el Gobernador\",\"datePublished\":\"2025-08-21T15:24:34+00:00\",\"mainEntityOfPage\":{\"@id\":\"https:\\\/\\\/nbcs.mx\\\/?p=154269\"},\"wordCount\":448,\"commentCount\":0,\"publisher\":{\"@id\":\"https:\\\/\\\/nbcs.mx\\\/#organization\"},\"image\":{\"@id\":\"https:\\\/\\\/nbcs.mx\\\/?p=154269#primaryimage\"},\"thumbnailUrl\":\"https:\\\/\\\/nbcs.mx\\\/wp-content\\\/uploads\\\/2025\\\/08\\\/Transportadoras-1.jpg\",\"articleSection\":[\"Noticias\"],\"inLanguage\":\"es\",\"potentialAction\":[{\"@type\":\"CommentAction\",\"name\":\"Comment\",\"target\":[\"https:\\\/\\\/nbcs.mx\\\/?p=154269#respond\"]}]},{\"@type\":\"WebPage\",\"@id\":\"https:\\\/\\\/nbcs.mx\\\/?p=154269\",\"url\":\"https:\\\/\\\/nbcs.mx\\\/?p=154269\",\"name\":\"\u201cQue transportadoras no abusen; concesi\u00f3n federal tiene l\u00edmites\u201d, expresa el Gobernador - NBCS Noticias\",\"isPartOf\":{\"@id\":\"https:\\\/\\\/nbcs.mx\\\/#website\"},\"primaryImageOfPage\":{\"@id\":\"https:\\\/\\\/nbcs.mx\\\/?p=154269#primaryimage\"},\"image\":{\"@id\":\"https:\\\/\\\/nbcs.mx\\\/?p=154269#primaryimage\"},\"thumbnailUrl\":\"https:\\\/\\\/nbcs.mx\\\/wp-content\\\/uploads\\\/2025\\\/08\\\/Transportadoras-1.jpg\",\"datePublished\":\"2025-08-21T15:24:34+00:00\",\"breadcrumb\":{\"@id\":\"https:\\\/\\\/nbcs.mx\\\/?p=154269#breadcrumb\"},\"inLanguage\":\"es\",\"potentialAction\":[{\"@type\":\"ReadAction\",\"target\":[\"https:\\\/\\\/nbcs.mx\\\/?p=154269\"]}]},{\"@type\":\"ImageObject\",\"inLanguage\":\"es\",\"@id\":\"https:\\\/\\\/nbcs.mx\\\/?p=154269#primaryimage\",\"url\":\"https:\\\/\\\/nbcs.mx\\\/wp-content\\\/uploads\\\/2025\\\/08\\\/Transportadoras-1.jpg\",\"contentUrl\":\"https:\\\/\\\/nbcs.mx\\\/wp-content\\\/uploads\\\/2025\\\/08\\\/Transportadoras-1.jpg\",\"width\":725,\"height\":400},{\"@type\":\"BreadcrumbList\",\"@id\":\"https:\\\/\\\/nbcs.mx\\\/?p=154269#breadcrumb\",\"itemListElement\":[{\"@type\":\"ListItem\",\"position\":1,\"name\":\"Portada\",\"item\":\"https:\\\/\\\/nbcs.mx\\\/\"},{\"@type\":\"ListItem\",\"position\":2,\"name\":\"\u201cQue transportadoras no abusen; concesi\u00f3n federal tiene l\u00edmites\u201d, expresa el Gobernador\"}]},{\"@type\":\"WebSite\",\"@id\":\"https:\\\/\\\/nbcs.mx\\\/#website\",\"url\":\"https:\\\/\\\/nbcs.mx\\\/\",\"name\":\"NBCS Noticias\",\"description\":\"Sitio web de noticias en Baja California Sur\",\"publisher\":{\"@id\":\"https:\\\/\\\/nbcs.mx\\\/#organization\"},\"potentialAction\":[{\"@type\":\"SearchAction\",\"target\":{\"@type\":\"EntryPoint\",\"urlTemplate\":\"https:\\\/\\\/nbcs.mx\\\/?s={search_term_string}\"},\"query-input\":{\"@type\":\"PropertyValueSpecification\",\"valueRequired\":true,\"valueName\":\"search_term_string\"}}],\"inLanguage\":\"es\"},{\"@type\":\"Organization\",\"@id\":\"https:\\\/\\\/nbcs.mx\\\/#organization\",\"name\":\"NBCS Noticias\",\"url\":\"https:\\\/\\\/nbcs.mx\\\/\",\"logo\":{\"@type\":\"ImageObject\",\"inLanguage\":\"es\",\"@id\":\"https:\\\/\\\/nbcs.mx\\\/#\\\/schema\\\/logo\\\/image\\\/\",\"url\":\"https:\\\/\\\/nbcs.mx\\\/wp-content\\\/uploads\\\/2018\\\/09\\\/057b69485e93575a5c2b1c1dde2dd297.jpeg\",\"contentUrl\":\"https:\\\/\\\/nbcs.mx\\\/wp-content\\\/uploads\\\/2018\\\/09\\\/057b69485e93575a5c2b1c1dde2dd297.jpeg\",\"width\":64,\"height\":64,\"caption\":\"NBCS Noticias\"},\"image\":{\"@id\":\"https:\\\/\\\/nbcs.mx\\\/#\\\/schema\\\/logo\\\/image\\\/\"},\"sameAs\":[\"https:\\\/\\\/www.facebook.com\\\/NBCSnoticias\",\"https:\\\/\\\/x.com\\\/NBCSnoticias\"]},{\"@type\":\"Person\",\"@id\":\"https:\\\/\\\/nbcs.mx\\\/#\\\/schema\\\/person\\\/ece58bab9a7c1e87a4d28ec9ecd79ff4\",\"name\":\"NBCS Noticias\",\"image\":{\"@type\":\"ImageObject\",\"inLanguage\":\"es\",\"@id\":\"https:\\\/\\\/secure.gravatar.com\\\/avatar\\\/4e52110cad1c4054b43271a0d14bbe9e2ea76aecd0e1097edfc670798d9ca1d4?s=96&d=blank&r=g\",\"url\":\"https:\\\/\\\/secure.gravatar.com\\\/avatar\\\/4e52110cad1c4054b43271a0d14bbe9e2ea76aecd0e1097edfc670798d9ca1d4?s=96&d=blank&r=g\",\"contentUrl\":\"https:\\\/\\\/secure.gravatar.com\\\/avatar\\\/4e52110cad1c4054b43271a0d14bbe9e2ea76aecd0e1097edfc670798d9ca1d4?s=96&d=blank&r=g\",\"caption\":\"NBCS Noticias\"},\"description\":\"\u00bfTienes fotos o video de alg\u00fan acto de posible negligencia, corrupci\u00f3n y abuso de autoridad? M\u00e1ndalo al WhatsApp de NBCS Noticias: 612 141 98 08\",\"sameAs\":[\"https:\\\/\\\/www.nbcs.mx\",\"https:\\\/\\\/www.facebook.com\\\/NBCSnoticias\",\"https:\\\/\\\/www.instagram.com\\\/nbcsnoticias\\\/\",\"https:\\\/\\\/x.com\\\/https:\\\/\\\/twitter.com\\\/NBCSnoticias\"]}]}<\/script>\n<!-- \/ Yoast SEO plugin. -->","yoast_head_json":{"title":"\u201cQue transportadoras no abusen; concesi\u00f3n federal tiene l\u00edmites\u201d, expresa el Gobernador - NBCS Noticias","robots":{"index":"index","follow":"follow","max-snippet":"max-snippet:-1","max-image-preview":"max-image-preview:large","max-video-preview":"max-video-preview:-1"},"canonical":"https:\/\/nbcs.mx\/?p=154269","og_locale":"es_ES","og_type":"article","og_title":"\u201cQue transportadoras no abusen; concesi\u00f3n federal tiene l\u00edmites\u201d, expresa el Gobernador - NBCS Noticias","og_description":"Luego de la manifestaci\u00f3n que transportadores tur\u00edsticos de Los Cabos hicieron en la Ciudad de M\u00e9xico, el gobernador, V\u00edctor Manuel","og_url":"https:\/\/nbcs.mx\/?p=154269","og_site_name":"NBCS Noticias","article_publisher":"https:\/\/www.facebook.com\/NBCSnoticias","article_author":"https:\/\/www.facebook.com\/NBCSnoticias","article_published_time":"2025-08-21T15:24:34+00:00","og_image":[{"width":725,"height":400,"url":"https:\/\/nbcs.mx\/wp-content\/uploads\/2025\/08\/Transportadoras-1.jpg","type":"image\/jpeg"}],"author":"NBCS Noticias","twitter_card":"summary_large_image","twitter_creator":"@https:\/\/twitter.com\/NBCSnoticias","twitter_site":"@NBCSnoticias","twitter_misc":{"Escrito por":"NBCS Noticias","Tiempo de lectura":"3 minutos"},"schema":{"@context":"https:\/\/schema.org","@graph":[{"@type":"Article","@id":"https:\/\/nbcs.mx\/?p=154269#article","isPartOf":{"@id":"https:\/\/nbcs.mx\/?p=154269"},"author":{"name":"NBCS Noticias","@id":"https:\/\/nbcs.mx\/#\/schema\/person\/ece58bab9a7c1e87a4d28ec9ecd79ff4"},"headline":"\u201cQue transportadoras no abusen; concesi\u00f3n federal tiene l\u00edmites\u201d, expresa el Gobernador","datePublished":"2025-08-21T15:24:34+00:00","mainEntityOfPage":{"@id":"https:\/\/nbcs.mx\/?p=154269"},"wordCount":448,"commentCount":0,"publisher":{"@id":"https:\/\/nbcs.mx\/#organization"},"image":{"@id":"https:\/\/nbcs.mx\/?p=154269#primaryimage"},"thumbnailUrl":"https:\/\/nbcs.mx\/wp-content\/uploads\/2025\/08\/Transportadoras-1.jpg","articleSection":["Noticias"],"inLanguage":"es","potentialAction":[{"@type":"CommentAction","name":"Comment","target":["https:\/\/nbcs.mx\/?p=154269#respond"]}]},{"@type":"WebPage","@id":"https:\/\/nbcs.mx\/?p=154269","url":"https:\/\/nbcs.mx\/?p=154269","name":"\u201cQue transportadoras no abusen; concesi\u00f3n federal tiene l\u00edmites\u201d, expresa el Gobernador - NBCS Noticias","isPartOf":{"@id":"https:\/\/nbcs.mx\/#website"},"primaryImageOfPage":{"@id":"https:\/\/nbcs.mx\/?p=154269#primaryimage"},"image":{"@id":"https:\/\/nbcs.mx\/?p=154269#primaryimage"},"thumbnailUrl":"https:\/\/nbcs.mx\/wp-content\/uploads\/2025\/08\/Transportadoras-1.jpg","datePublished":"2025-08-21T15:24:34+00:00","breadcrumb":{"@id":"https:\/\/nbcs.mx\/?p=154269#breadcrumb"},"inLanguage":"es","potentialAction":[{"@type":"ReadAction","target":["https:\/\/nbcs.mx\/?p=154269"]}]},{"@type":"ImageObject","inLanguage":"es","@id":"https:\/\/nbcs.mx\/?p=154269#primaryimage","url":"https:\/\/nbcs.mx\/wp-content\/uploads\/2025\/08\/Transportadoras-1.jpg","contentUrl":"https:\/\/nbcs.mx\/wp-content\/uploads\/2025\/08\/Transportadoras-1.jpg","width":725,"height":400},{"@type":"BreadcrumbList","@id":"https:\/\/nbcs.mx\/?p=154269#breadcrumb","itemListElement":[{"@type":"ListItem","position":1,"name":"Portada","item":"https:\/\/nbcs.mx\/"},{"@type":"ListItem","position":2,"name":"\u201cQue transportadoras no abusen; concesi\u00f3n federal tiene l\u00edmites\u201d, expresa el Gobernador"}]},{"@type":"WebSite","@id":"https:\/\/nbcs.mx\/#website","url":"https:\/\/nbcs.mx\/","name":"NBCS Noticias","description":"Sitio web de noticias en Baja California Sur","publisher":{"@id":"https:\/\/nbcs.mx\/#organization"},"potentialAction":[{"@type":"SearchAction","target":{"@type":"EntryPoint","urlTemplate":"https:\/\/nbcs.mx\/?s={search_term_string}"},"query-input":{"@type":"PropertyValueSpecification","valueRequired":true,"valueName":"search_term_string"}}],"inLanguage":"es"},{"@type":"Organization","@id":"https:\/\/nbcs.mx\/#organization","name":"NBCS Noticias","url":"https:\/\/nbcs.mx\/","logo":{"@type":"ImageObject","inLanguage":"es","@id":"https:\/\/nbcs.mx\/#\/schema\/logo\/image\/","url":"https:\/\/nbcs.mx\/wp-content\/uploads\/2018\/09\/057b69485e93575a5c2b1c1dde2dd297.jpeg","contentUrl":"https:\/\/nbcs.mx\/wp-content\/uploads\/2018\/09\/057b69485e93575a5c2b1c1dde2dd297.jpeg","width":64,"height":64,"caption":"NBCS Noticias"},"image":{"@id":"https:\/\/nbcs.mx\/#\/schema\/logo\/image\/"},"sameAs":["https:\/\/www.facebook.com\/NBCSnoticias","https:\/\/x.com\/NBCSnoticias"]},{"@type":"Person","@id":"https:\/\/nbcs.mx\/#\/schema\/person\/ece58bab9a7c1e87a4d28ec9ecd79ff4","name":"NBCS Noticias","image":{"@type":"ImageObject","inLanguage":"es","@id":"https:\/\/secure.gravatar.com\/avatar\/4e52110cad1c4054b43271a0d14bbe9e2ea76aecd0e1097edfc670798d9ca1d4?s=96&d=blank&r=g","url":"https:\/\/secure.gravatar.com\/avatar\/4e52110cad1c4054b43271a0d14bbe9e2ea76aecd0e1097edfc670798d9ca1d4?s=96&d=blank&r=g","contentUrl":"https:\/\/secure.gravatar.com\/avatar\/4e52110cad1c4054b43271a0d14bbe9e2ea76aecd0e1097edfc670798d9ca1d4?s=96&d=blank&r=g","caption":"NBCS Noticias"},"description":"\u00bfTienes fotos o video de alg\u00fan acto de posible negligencia, corrupci\u00f3n y abuso de autoridad? M\u00e1ndalo al WhatsApp de NBCS Noticias: 612 141 98 08","sameAs":["https:\/\/www.nbcs.mx","https:\/\/www.facebook.com\/NBCSnoticias","https:\/\/www.instagram.com\/nbcsnoticias\/","https:\/\/x.com\/https:\/\/twitter.com\/NBCSnoticias"]}]}},"jetpack_publicize_connections":[],"jetpack_featured_media_url":"https:\/\/nbcs.mx\/wp-content\/uploads\/2025\/08\/Transportadoras-1.jpg","jetpack_sharing_enabled":true,"_links":{"self":[{"href":"https:\/\/nbcs.mx\/index.php?rest_route=\/wp\/v2\/posts\/154269","targetHints":{"allow":["GET"]}}],"collection":[{"href":"https:\/\/nbcs.mx\/index.php?rest_route=\/wp\/v2\/posts"}],"about":[{"href":"https:\/\/nbcs.mx\/index.php?rest_route=\/wp\/v2\/types\/post"}],"author":[{"embeddable":true,"href":"https:\/\/nbcs.mx\/index.php?rest_route=\/wp\/v2\/users\/1"}],"replies":[{"embeddable":true,"href":"https:\/\/nbcs.mx\/index.php?rest_route=%2Fwp%2Fv2%2Fcomments&post=154269"}],"version-history":[{"count":1,"href":"https:\/\/nbcs.mx\/index.php?rest_route=\/wp\/v2\/posts\/154269\/revisions"}],"predecessor-version":[{"id":154271,"href":"https:\/\/nbcs.mx\/index.php?rest_route=\/wp\/v2\/posts\/154269\/revisions\/154271"}],"wp:featuredmedia":[{"embeddable":true,"href":"https:\/\/nbcs.mx\/index.php?rest_route=\/wp\/v2\/media\/154270"}],"wp:attachment":[{"href":"https:\/\/nbcs.mx\/index.php?rest_route=%2Fwp%2Fv2%2Fmedia&parent=154269"}],"wp:term":[{"taxonomy":"category","embeddable":true,"href":"https:\/\/nbcs.mx\/index.php?rest_route=%2Fwp%2Fv2%2Fcategories&post=154269"},{"taxonomy":"post_tag","embeddable":true,"href":"https:\/\/nbcs.mx\/index.php?rest_route=%2Fwp%2Fv2%2Ftags&post=154269"}],"curies":[{"name":"wp","href":"https:\/\/api.w.org\/{rel}","templated":true}]}}