{"id":154321,"date":"2025-08-22T11:23:31","date_gmt":"2025-08-22T17:23:31","guid":{"rendered":"https:\/\/nbcs.mx\/?p=154321"},"modified":"2025-08-22T11:23:31","modified_gmt":"2025-08-22T17:23:31","slug":"pronostican-lluvias-fuertes-en-el-sur-de-bcs-temperaturas-de-hasta-42-en-algunas-regiones","status":"publish","type":"post","link":"https:\/\/nbcs.mx\/?p=154321","title":{"rendered":"Pronostican lluvias fuertes en el sur de BCS; temperaturas de hasta 42\u00b0 en algunas regiones"},"content":{"rendered":"<p style=\"text-align: justify;\"><img loading=\"lazy\" decoding=\"async\" class=\" wp-image-154322 alignleft\" src=\"https:\/\/nbcs.mx\/wp-content\/uploads\/2025\/08\/Lluvia-1.jpg\" alt=\"\" width=\"377\" height=\"208\" srcset=\"https:\/\/nbcs.mx\/wp-content\/uploads\/2025\/08\/Lluvia-1.jpg 725w, https:\/\/nbcs.mx\/wp-content\/uploads\/2025\/08\/Lluvia-1-150x83.jpg 150w\" sizes=\"auto, (max-width: 377px) 100vw, 377px\" \/>Con temperaturas de hasta 42 grados, el Vizca\u00edno y el Valle de Santo Domingo ser\u00edan las zonas m\u00e1s calientes de Baja California Sur durante el presente fin de semana, en tanto que en Loreto se pronostican lluvias con tormentas el\u00e9ctricas, al igual que en Los Cabos y Todos Santos.<\/p>\n<p style=\"text-align: justify;\">Por lo pronto, este jueves le toc\u00f3 a la zona sur del municipio de La Paz recibir algo de lluvia, lo que permiti\u00f3 que corriera agua en algunos arroyos de comunidades rurales, lo que continuar\u00e1 aliviando la complicada situaci\u00f3n que se hab\u00eda vivido con motivo de casi dos a\u00f1os de sequ\u00eda.<\/p>\n<p style=\"text-align: justify;\">De acuerdo a las estimaciones de las autoridades meteorol\u00f3gicas del pa\u00eds, el viernes solo habr\u00eda algunos chubascos en la entidad, pero el s\u00e1bado el monz\u00f3n mexicano en combinaci\u00f3n con divergencia, propiciar\u00e1n lluvias fuertes a muy fuertes acompa\u00f1adas con descargas el\u00e9ctricas en Sonora, Chihuahua, Nayarit y Baja California Sur.<\/p>\n<p style=\"text-align: justify;\">Estas lluvias fuertes podr\u00edan ocurrir en el municipio de Los Cabos, en tanto que el domingo alcanzar\u00edan a La Paz.<\/p>\n<p style=\"text-align: justify;\">Asimismo, se informa que prevalecer\u00e1 la onda de calor en Baja California, Baja California Sur y Oaxaca, por lo cual en el Estado los registros para este viernes ser\u00edan de hasta 42 grados en El Vizca\u00edno y el Valle de Santo Domingo, con m\u00ednimas de 20 y 22, respectivamente, en tanto que La Paz llegar\u00eda a los 38-24, Heroica Muleg\u00e9 37-28, Los Cabos, Loreto y Santa Rosal\u00eda, 35 con nocturnas de 25, 27 y 28.<\/p>\n<p style=\"text-align: justify;\">Todos Santos estar\u00eda en 32, junto con San Juanico, y durante la noche en 25 y 24, y el resto de la entidad, en tanto que regiones como Guerrero Negro, la Pac\u00edfico Norte y San Carlos, inusitadamente se pondr\u00edan apenas por encima de los 30 grados, con m\u00ednimas de 19 a 23.<\/p>\n<p style=\"text-align: justify;\">El viernes ocurrir\u00edan las lluvias en Loreto, Todos Santos y Los Cabos, y el s\u00e1bado llover\u00eda con mayor intensidad solamente en Los Cabos, en tanto que las temperaturas se mantendr\u00edan de manera similar al d\u00eda previo, lo mismo que el domingo, cuando las precipitaciones se dar\u00edan en La Paz y Los Cabos.<\/p>\n<p style=\"text-align: justify;\">El domingo podr\u00eda darse la formaci\u00f3n de una baja presi\u00f3n con posibilidad de desarrollo cicl\u00f3nico muy alejada al sur de la pen\u00ednsula de Baja California, con la posibilidad de que siga una trayectoria hacia el oeste; es decir, que no se acerque a costas mexicanas. (Por: Arturo Nieves).<\/p>\n","protected":false},"excerpt":{"rendered":"<p>Con temperaturas de hasta 42 grados, el Vizca\u00edno y el Valle de Santo Domingo ser\u00edan las zonas m\u00e1s calientes de<\/p>\n","protected":false},"author":1,"featured_media":154322,"comment_status":"open","ping_status":"closed","sticky":false,"template":"","format":"standard","meta":{"colormag_page_container_layout":"default_layout","colormag_page_sidebar_layout":"default_layout","_jetpack_memberships_contains_paid_content":false,"footnotes":"","jetpack_publicize_message":"","jetpack_publicize_feature_enabled":true,"jetpack_social_post_already_shared":true,"jetpack_social_options":{"image_generator_settings":{"template":"highway","default_image_id":0,"font":"","enabled":false},"version":2}},"categories":[30],"tags":[],"class_list":["post-154321","post","type-post","status-publish","format-standard","has-post-thumbnail","hentry","category-clima"],"yoast_head":"<!-- This site is optimized with the Yoast SEO plugin v27.4 - https:\/\/yoast.com\/product\/yoast-seo-wordpress\/ -->\n<title>Pronostican lluvias fuertes en el sur de BCS; temperaturas de hasta 42\u00b0 en algunas regiones - NBCS Noticias<\/title>\n<meta name=\"robots\" content=\"index, follow, max-snippet:-1, max-image-preview:large, max-video-preview:-1\" \/>\n<link rel=\"canonical\" href=\"https:\/\/nbcs.mx\/?p=154321\" \/>\n<meta property=\"og:locale\" content=\"es_ES\" \/>\n<meta property=\"og:type\" content=\"article\" \/>\n<meta property=\"og:title\" content=\"Pronostican lluvias fuertes en el sur de BCS; temperaturas de hasta 42\u00b0 en algunas regiones - NBCS Noticias\" \/>\n<meta property=\"og:description\" content=\"Con temperaturas de hasta 42 grados, el Vizca\u00edno y el Valle de Santo Domingo ser\u00edan las zonas m\u00e1s calientes de\" \/>\n<meta property=\"og:url\" content=\"https:\/\/nbcs.mx\/?p=154321\" \/>\n<meta property=\"og:site_name\" content=\"NBCS Noticias\" \/>\n<meta property=\"article:publisher\" content=\"https:\/\/www.facebook.com\/NBCSnoticias\" \/>\n<meta property=\"article:author\" content=\"https:\/\/www.facebook.com\/NBCSnoticias\" \/>\n<meta property=\"article:published_time\" content=\"2025-08-22T17:23:31+00:00\" \/>\n<meta property=\"og:image\" content=\"https:\/\/nbcs.mx\/wp-content\/uploads\/2025\/08\/Lluvia-1.jpg\" \/>\n\t<meta property=\"og:image:width\" content=\"725\" \/>\n\t<meta property=\"og:image:height\" content=\"400\" \/>\n\t<meta property=\"og:image:type\" content=\"image\/jpeg\" \/>\n<meta name=\"author\" content=\"NBCS Noticias\" \/>\n<meta name=\"twitter:card\" content=\"summary_large_image\" \/>\n<meta name=\"twitter:creator\" content=\"@https:\/\/twitter.com\/NBCSnoticias\" \/>\n<meta name=\"twitter:site\" content=\"@NBCSnoticias\" \/>\n<meta name=\"twitter:label1\" content=\"Escrito por\" \/>\n\t<meta name=\"twitter:data1\" content=\"NBCS Noticias\" \/>\n\t<meta name=\"twitter:label2\" content=\"Tiempo de lectura\" \/>\n\t<meta name=\"twitter:data2\" content=\"3 minutos\" \/>\n<script type=\"application\/ld+json\" class=\"yoast-schema-graph\">{\"@context\":\"https:\\\/\\\/schema.org\",\"@graph\":[{\"@type\":\"Article\",\"@id\":\"https:\\\/\\\/nbcs.mx\\\/?p=154321#article\",\"isPartOf\":{\"@id\":\"https:\\\/\\\/nbcs.mx\\\/?p=154321\"},\"author\":{\"name\":\"NBCS Noticias\",\"@id\":\"https:\\\/\\\/nbcs.mx\\\/#\\\/schema\\\/person\\\/ece58bab9a7c1e87a4d28ec9ecd79ff4\"},\"headline\":\"Pronostican lluvias fuertes en el sur de BCS; temperaturas de hasta 42\u00b0 en algunas regiones\",\"datePublished\":\"2025-08-22T17:23:31+00:00\",\"mainEntityOfPage\":{\"@id\":\"https:\\\/\\\/nbcs.mx\\\/?p=154321\"},\"wordCount\":434,\"commentCount\":0,\"publisher\":{\"@id\":\"https:\\\/\\\/nbcs.mx\\\/#organization\"},\"image\":{\"@id\":\"https:\\\/\\\/nbcs.mx\\\/?p=154321#primaryimage\"},\"thumbnailUrl\":\"https:\\\/\\\/nbcs.mx\\\/wp-content\\\/uploads\\\/2025\\\/08\\\/Lluvia-1.jpg\",\"articleSection\":[\"Clima\"],\"inLanguage\":\"es\",\"potentialAction\":[{\"@type\":\"CommentAction\",\"name\":\"Comment\",\"target\":[\"https:\\\/\\\/nbcs.mx\\\/?p=154321#respond\"]}]},{\"@type\":\"WebPage\",\"@id\":\"https:\\\/\\\/nbcs.mx\\\/?p=154321\",\"url\":\"https:\\\/\\\/nbcs.mx\\\/?p=154321\",\"name\":\"Pronostican lluvias fuertes en el sur de BCS; temperaturas de hasta 42\u00b0 en algunas regiones - NBCS Noticias\",\"isPartOf\":{\"@id\":\"https:\\\/\\\/nbcs.mx\\\/#website\"},\"primaryImageOfPage\":{\"@id\":\"https:\\\/\\\/nbcs.mx\\\/?p=154321#primaryimage\"},\"image\":{\"@id\":\"https:\\\/\\\/nbcs.mx\\\/?p=154321#primaryimage\"},\"thumbnailUrl\":\"https:\\\/\\\/nbcs.mx\\\/wp-content\\\/uploads\\\/2025\\\/08\\\/Lluvia-1.jpg\",\"datePublished\":\"2025-08-22T17:23:31+00:00\",\"breadcrumb\":{\"@id\":\"https:\\\/\\\/nbcs.mx\\\/?p=154321#breadcrumb\"},\"inLanguage\":\"es\",\"potentialAction\":[{\"@type\":\"ReadAction\",\"target\":[\"https:\\\/\\\/nbcs.mx\\\/?p=154321\"]}]},{\"@type\":\"ImageObject\",\"inLanguage\":\"es\",\"@id\":\"https:\\\/\\\/nbcs.mx\\\/?p=154321#primaryimage\",\"url\":\"https:\\\/\\\/nbcs.mx\\\/wp-content\\\/uploads\\\/2025\\\/08\\\/Lluvia-1.jpg\",\"contentUrl\":\"https:\\\/\\\/nbcs.mx\\\/wp-content\\\/uploads\\\/2025\\\/08\\\/Lluvia-1.jpg\",\"width\":725,\"height\":400},{\"@type\":\"BreadcrumbList\",\"@id\":\"https:\\\/\\\/nbcs.mx\\\/?p=154321#breadcrumb\",\"itemListElement\":[{\"@type\":\"ListItem\",\"position\":1,\"name\":\"Portada\",\"item\":\"https:\\\/\\\/nbcs.mx\\\/\"},{\"@type\":\"ListItem\",\"position\":2,\"name\":\"Pronostican lluvias fuertes en el sur de BCS; temperaturas de hasta 42\u00b0 en algunas regiones\"}]},{\"@type\":\"WebSite\",\"@id\":\"https:\\\/\\\/nbcs.mx\\\/#website\",\"url\":\"https:\\\/\\\/nbcs.mx\\\/\",\"name\":\"NBCS Noticias\",\"description\":\"Sitio web de noticias en Baja California Sur\",\"publisher\":{\"@id\":\"https:\\\/\\\/nbcs.mx\\\/#organization\"},\"potentialAction\":[{\"@type\":\"SearchAction\",\"target\":{\"@type\":\"EntryPoint\",\"urlTemplate\":\"https:\\\/\\\/nbcs.mx\\\/?s={search_term_string}\"},\"query-input\":{\"@type\":\"PropertyValueSpecification\",\"valueRequired\":true,\"valueName\":\"search_term_string\"}}],\"inLanguage\":\"es\"},{\"@type\":\"Organization\",\"@id\":\"https:\\\/\\\/nbcs.mx\\\/#organization\",\"name\":\"NBCS Noticias\",\"url\":\"https:\\\/\\\/nbcs.mx\\\/\",\"logo\":{\"@type\":\"ImageObject\",\"inLanguage\":\"es\",\"@id\":\"https:\\\/\\\/nbcs.mx\\\/#\\\/schema\\\/logo\\\/image\\\/\",\"url\":\"https:\\\/\\\/nbcs.mx\\\/wp-content\\\/uploads\\\/2018\\\/09\\\/057b69485e93575a5c2b1c1dde2dd297.jpeg\",\"contentUrl\":\"https:\\\/\\\/nbcs.mx\\\/wp-content\\\/uploads\\\/2018\\\/09\\\/057b69485e93575a5c2b1c1dde2dd297.jpeg\",\"width\":64,\"height\":64,\"caption\":\"NBCS Noticias\"},\"image\":{\"@id\":\"https:\\\/\\\/nbcs.mx\\\/#\\\/schema\\\/logo\\\/image\\\/\"},\"sameAs\":[\"https:\\\/\\\/www.facebook.com\\\/NBCSnoticias\",\"https:\\\/\\\/x.com\\\/NBCSnoticias\"]},{\"@type\":\"Person\",\"@id\":\"https:\\\/\\\/nbcs.mx\\\/#\\\/schema\\\/person\\\/ece58bab9a7c1e87a4d28ec9ecd79ff4\",\"name\":\"NBCS Noticias\",\"image\":{\"@type\":\"ImageObject\",\"inLanguage\":\"es\",\"@id\":\"https:\\\/\\\/secure.gravatar.com\\\/avatar\\\/4e52110cad1c4054b43271a0d14bbe9e2ea76aecd0e1097edfc670798d9ca1d4?s=96&d=blank&r=g\",\"url\":\"https:\\\/\\\/secure.gravatar.com\\\/avatar\\\/4e52110cad1c4054b43271a0d14bbe9e2ea76aecd0e1097edfc670798d9ca1d4?s=96&d=blank&r=g\",\"contentUrl\":\"https:\\\/\\\/secure.gravatar.com\\\/avatar\\\/4e52110cad1c4054b43271a0d14bbe9e2ea76aecd0e1097edfc670798d9ca1d4?s=96&d=blank&r=g\",\"caption\":\"NBCS Noticias\"},\"description\":\"\u00bfTienes fotos o video de alg\u00fan acto de posible negligencia, corrupci\u00f3n y abuso de autoridad? M\u00e1ndalo al WhatsApp de NBCS Noticias: 612 141 98 08\",\"sameAs\":[\"https:\\\/\\\/www.nbcs.mx\",\"https:\\\/\\\/www.facebook.com\\\/NBCSnoticias\",\"https:\\\/\\\/www.instagram.com\\\/nbcsnoticias\\\/\",\"https:\\\/\\\/x.com\\\/https:\\\/\\\/twitter.com\\\/NBCSnoticias\"]}]}<\/script>\n<!-- \/ Yoast SEO plugin. -->","yoast_head_json":{"title":"Pronostican lluvias fuertes en el sur de BCS; temperaturas de hasta 42\u00b0 en algunas regiones - NBCS Noticias","robots":{"index":"index","follow":"follow","max-snippet":"max-snippet:-1","max-image-preview":"max-image-preview:large","max-video-preview":"max-video-preview:-1"},"canonical":"https:\/\/nbcs.mx\/?p=154321","og_locale":"es_ES","og_type":"article","og_title":"Pronostican lluvias fuertes en el sur de BCS; temperaturas de hasta 42\u00b0 en algunas regiones - NBCS Noticias","og_description":"Con temperaturas de hasta 42 grados, el Vizca\u00edno y el Valle de Santo Domingo ser\u00edan las zonas m\u00e1s calientes de","og_url":"https:\/\/nbcs.mx\/?p=154321","og_site_name":"NBCS Noticias","article_publisher":"https:\/\/www.facebook.com\/NBCSnoticias","article_author":"https:\/\/www.facebook.com\/NBCSnoticias","article_published_time":"2025-08-22T17:23:31+00:00","og_image":[{"width":725,"height":400,"url":"https:\/\/nbcs.mx\/wp-content\/uploads\/2025\/08\/Lluvia-1.jpg","type":"image\/jpeg"}],"author":"NBCS Noticias","twitter_card":"summary_large_image","twitter_creator":"@https:\/\/twitter.com\/NBCSnoticias","twitter_site":"@NBCSnoticias","twitter_misc":{"Escrito por":"NBCS Noticias","Tiempo de lectura":"3 minutos"},"schema":{"@context":"https:\/\/schema.org","@graph":[{"@type":"Article","@id":"https:\/\/nbcs.mx\/?p=154321#article","isPartOf":{"@id":"https:\/\/nbcs.mx\/?p=154321"},"author":{"name":"NBCS Noticias","@id":"https:\/\/nbcs.mx\/#\/schema\/person\/ece58bab9a7c1e87a4d28ec9ecd79ff4"},"headline":"Pronostican lluvias fuertes en el sur de BCS; temperaturas de hasta 42\u00b0 en algunas regiones","datePublished":"2025-08-22T17:23:31+00:00","mainEntityOfPage":{"@id":"https:\/\/nbcs.mx\/?p=154321"},"wordCount":434,"commentCount":0,"publisher":{"@id":"https:\/\/nbcs.mx\/#organization"},"image":{"@id":"https:\/\/nbcs.mx\/?p=154321#primaryimage"},"thumbnailUrl":"https:\/\/nbcs.mx\/wp-content\/uploads\/2025\/08\/Lluvia-1.jpg","articleSection":["Clima"],"inLanguage":"es","potentialAction":[{"@type":"CommentAction","name":"Comment","target":["https:\/\/nbcs.mx\/?p=154321#respond"]}]},{"@type":"WebPage","@id":"https:\/\/nbcs.mx\/?p=154321","url":"https:\/\/nbcs.mx\/?p=154321","name":"Pronostican lluvias fuertes en el sur de BCS; temperaturas de hasta 42\u00b0 en algunas regiones - NBCS Noticias","isPartOf":{"@id":"https:\/\/nbcs.mx\/#website"},"primaryImageOfPage":{"@id":"https:\/\/nbcs.mx\/?p=154321#primaryimage"},"image":{"@id":"https:\/\/nbcs.mx\/?p=154321#primaryimage"},"thumbnailUrl":"https:\/\/nbcs.mx\/wp-content\/uploads\/2025\/08\/Lluvia-1.jpg","datePublished":"2025-08-22T17:23:31+00:00","breadcrumb":{"@id":"https:\/\/nbcs.mx\/?p=154321#breadcrumb"},"inLanguage":"es","potentialAction":[{"@type":"ReadAction","target":["https:\/\/nbcs.mx\/?p=154321"]}]},{"@type":"ImageObject","inLanguage":"es","@id":"https:\/\/nbcs.mx\/?p=154321#primaryimage","url":"https:\/\/nbcs.mx\/wp-content\/uploads\/2025\/08\/Lluvia-1.jpg","contentUrl":"https:\/\/nbcs.mx\/wp-content\/uploads\/2025\/08\/Lluvia-1.jpg","width":725,"height":400},{"@type":"BreadcrumbList","@id":"https:\/\/nbcs.mx\/?p=154321#breadcrumb","itemListElement":[{"@type":"ListItem","position":1,"name":"Portada","item":"https:\/\/nbcs.mx\/"},{"@type":"ListItem","position":2,"name":"Pronostican lluvias fuertes en el sur de BCS; temperaturas de hasta 42\u00b0 en algunas regiones"}]},{"@type":"WebSite","@id":"https:\/\/nbcs.mx\/#website","url":"https:\/\/nbcs.mx\/","name":"NBCS Noticias","description":"Sitio web de noticias en Baja California Sur","publisher":{"@id":"https:\/\/nbcs.mx\/#organization"},"potentialAction":[{"@type":"SearchAction","target":{"@type":"EntryPoint","urlTemplate":"https:\/\/nbcs.mx\/?s={search_term_string}"},"query-input":{"@type":"PropertyValueSpecification","valueRequired":true,"valueName":"search_term_string"}}],"inLanguage":"es"},{"@type":"Organization","@id":"https:\/\/nbcs.mx\/#organization","name":"NBCS Noticias","url":"https:\/\/nbcs.mx\/","logo":{"@type":"ImageObject","inLanguage":"es","@id":"https:\/\/nbcs.mx\/#\/schema\/logo\/image\/","url":"https:\/\/nbcs.mx\/wp-content\/uploads\/2018\/09\/057b69485e93575a5c2b1c1dde2dd297.jpeg","contentUrl":"https:\/\/nbcs.mx\/wp-content\/uploads\/2018\/09\/057b69485e93575a5c2b1c1dde2dd297.jpeg","width":64,"height":64,"caption":"NBCS Noticias"},"image":{"@id":"https:\/\/nbcs.mx\/#\/schema\/logo\/image\/"},"sameAs":["https:\/\/www.facebook.com\/NBCSnoticias","https:\/\/x.com\/NBCSnoticias"]},{"@type":"Person","@id":"https:\/\/nbcs.mx\/#\/schema\/person\/ece58bab9a7c1e87a4d28ec9ecd79ff4","name":"NBCS Noticias","image":{"@type":"ImageObject","inLanguage":"es","@id":"https:\/\/secure.gravatar.com\/avatar\/4e52110cad1c4054b43271a0d14bbe9e2ea76aecd0e1097edfc670798d9ca1d4?s=96&d=blank&r=g","url":"https:\/\/secure.gravatar.com\/avatar\/4e52110cad1c4054b43271a0d14bbe9e2ea76aecd0e1097edfc670798d9ca1d4?s=96&d=blank&r=g","contentUrl":"https:\/\/secure.gravatar.com\/avatar\/4e52110cad1c4054b43271a0d14bbe9e2ea76aecd0e1097edfc670798d9ca1d4?s=96&d=blank&r=g","caption":"NBCS Noticias"},"description":"\u00bfTienes fotos o video de alg\u00fan acto de posible negligencia, corrupci\u00f3n y abuso de autoridad? M\u00e1ndalo al WhatsApp de NBCS Noticias: 612 141 98 08","sameAs":["https:\/\/www.nbcs.mx","https:\/\/www.facebook.com\/NBCSnoticias","https:\/\/www.instagram.com\/nbcsnoticias\/","https:\/\/x.com\/https:\/\/twitter.com\/NBCSnoticias"]}]}},"jetpack_publicize_connections":[],"jetpack_featured_media_url":"https:\/\/nbcs.mx\/wp-content\/uploads\/2025\/08\/Lluvia-1.jpg","jetpack_sharing_enabled":true,"_links":{"self":[{"href":"https:\/\/nbcs.mx\/index.php?rest_route=\/wp\/v2\/posts\/154321","targetHints":{"allow":["GET"]}}],"collection":[{"href":"https:\/\/nbcs.mx\/index.php?rest_route=\/wp\/v2\/posts"}],"about":[{"href":"https:\/\/nbcs.mx\/index.php?rest_route=\/wp\/v2\/types\/post"}],"author":[{"embeddable":true,"href":"https:\/\/nbcs.mx\/index.php?rest_route=\/wp\/v2\/users\/1"}],"replies":[{"embeddable":true,"href":"https:\/\/nbcs.mx\/index.php?rest_route=%2Fwp%2Fv2%2Fcomments&post=154321"}],"version-history":[{"count":1,"href":"https:\/\/nbcs.mx\/index.php?rest_route=\/wp\/v2\/posts\/154321\/revisions"}],"predecessor-version":[{"id":154323,"href":"https:\/\/nbcs.mx\/index.php?rest_route=\/wp\/v2\/posts\/154321\/revisions\/154323"}],"wp:featuredmedia":[{"embeddable":true,"href":"https:\/\/nbcs.mx\/index.php?rest_route=\/wp\/v2\/media\/154322"}],"wp:attachment":[{"href":"https:\/\/nbcs.mx\/index.php?rest_route=%2Fwp%2Fv2%2Fmedia&parent=154321"}],"wp:term":[{"taxonomy":"category","embeddable":true,"href":"https:\/\/nbcs.mx\/index.php?rest_route=%2Fwp%2Fv2%2Fcategories&post=154321"},{"taxonomy":"post_tag","embeddable":true,"href":"https:\/\/nbcs.mx\/index.php?rest_route=%2Fwp%2Fv2%2Ftags&post=154321"}],"curies":[{"name":"wp","href":"https:\/\/api.w.org\/{rel}","templated":true}]}}