{"id":154349,"date":"2025-08-22T22:05:47","date_gmt":"2025-08-23T04:05:47","guid":{"rendered":"https:\/\/nbcs.mx\/?p=154349"},"modified":"2025-08-22T22:22:20","modified_gmt":"2025-08-23T04:22:20","slug":"ayuntamiento-de-la-paz-refrenda-su-compromiso-con-los-bomberos-en-su-dia","status":"publish","type":"post","link":"https:\/\/nbcs.mx\/?p=154349","title":{"rendered":"Ayuntamiento de La Paz refrenda su compromiso con los bomberos en su d\u00eda"},"content":{"rendered":"<p style=\"font-weight: 400; text-align: justify;\"><img loading=\"lazy\" decoding=\"async\" class=\" wp-image-154350 alignleft\" src=\"https:\/\/nbcs.mx\/wp-content\/uploads\/2025\/08\/Imagen-Boletin-973-749x492.jpg\" alt=\"\" width=\"356\" height=\"234\" srcset=\"https:\/\/nbcs.mx\/wp-content\/uploads\/2025\/08\/Imagen-Boletin-973-749x492.jpg 749w, https:\/\/nbcs.mx\/wp-content\/uploads\/2025\/08\/Imagen-Boletin-973-1024x673.jpg 1024w, https:\/\/nbcs.mx\/wp-content\/uploads\/2025\/08\/Imagen-Boletin-973-150x99.jpg 150w, https:\/\/nbcs.mx\/wp-content\/uploads\/2025\/08\/Imagen-Boletin-973-768x505.jpg 768w, https:\/\/nbcs.mx\/wp-content\/uploads\/2025\/08\/Imagen-Boletin-973.jpg 1082w\" sizes=\"auto, (max-width: 356px) 100vw, 356px\" \/>En el marco del D\u00eda del Bombero, el Ayuntamiento de La Paz reconoci\u00f3 la loable labor del H. Cuerpo de Bomberos y reafirm\u00f3 su respaldo a quienes d\u00eda a d\u00eda entregan su esfuerzo y valent\u00eda para salvaguardar la seguridad de la ciudadan\u00eda.<\/p>\n<p style=\"font-weight: 400; text-align: justify;\">\n<p style=\"font-weight: 400; text-align: justify;\">Durante las administraciones encabezadas por la alcaldesa Milena Quiroga Romero se han impulsado acciones concretas para el fortalecimiento de la instituci\u00f3n y respaldo a su personal, entre ellas, mejoras en la comandancia central, la construcci\u00f3n y puesta en operaci\u00f3n de la estaci\u00f3n en Camino Real, as\u00ed como la adquisici\u00f3n de tres nuevas unidades, una de rescate y dos extintoras, as\u00ed como la rehabilitaci\u00f3n del parque vehicular con la reparaci\u00f3n de unidades que se encontraban fuera de servicio.<\/p>\n<p style=\"font-weight: 400; text-align: justify;\">\n<p style=\"font-weight: 400; text-align: justify;\">En apoyo a las y los elementos se llev\u00f3 a cabo la homologaci\u00f3n salarial y la entrega de un bono de riesgo para personal operativo, y la entrega anual de uniformes nuevos para las y los bomberos de La Paz. Tambi\u00e9n se ampli\u00f3 la plantilla del \u00e1rea administrativa, lo que ha permitido un funcionamiento m\u00e1s eficiente.<\/p>\n<p style=\"font-weight: 400; text-align: justify;\">\n<p style=\"font-weight: 400; text-align: justify;\">Otro logro fue la rehabilitaci\u00f3n de la sala de capacitaciones y la instalaci\u00f3n de un taller dentro de la estaci\u00f3n para realizar mantenimiento preventivo y reparaciones mayores al parque vehicular.<\/p>\n<p style=\"font-weight: 400; text-align: justify;\">\n<p style=\"font-weight: 400; text-align: justify;\">Con estas acciones, el Gobierno Municipal refrenda su compromiso de fortalecer a los bomberos de La Paz, reconociendo que su entrega y valent\u00eda son fundamentales para la protecci\u00f3n y tranquilidad de las familias pace\u00f1as.<\/p>\n","protected":false},"excerpt":{"rendered":"<p>En el marco del D\u00eda del Bombero, el Ayuntamiento de La Paz reconoci\u00f3 la loable labor del H. Cuerpo de<\/p>\n","protected":false},"author":1,"featured_media":154350,"comment_status":"open","ping_status":"closed","sticky":false,"template":"","format":"standard","meta":{"colormag_page_container_layout":"default_layout","colormag_page_sidebar_layout":"default_layout","_jetpack_memberships_contains_paid_content":false,"footnotes":"","jetpack_publicize_message":"","jetpack_publicize_feature_enabled":true,"jetpack_social_post_already_shared":true,"jetpack_social_options":{"image_generator_settings":{"template":"highway","default_image_id":0,"font":"","enabled":false},"version":2}},"categories":[40],"tags":[],"class_list":["post-154349","post","type-post","status-publish","format-standard","has-post-thumbnail","hentry","category-municipios"],"yoast_head":"<!-- This site is optimized with the Yoast SEO plugin v27.5 - https:\/\/yoast.com\/product\/yoast-seo-wordpress\/ -->\n<title>Ayuntamiento de La Paz refrenda su compromiso con los bomberos en su d\u00eda - NBCS Noticias<\/title>\n<meta name=\"robots\" content=\"index, follow, max-snippet:-1, max-image-preview:large, max-video-preview:-1\" \/>\n<link rel=\"canonical\" href=\"https:\/\/nbcs.mx\/?p=154349\" \/>\n<meta property=\"og:locale\" content=\"es_ES\" \/>\n<meta property=\"og:type\" content=\"article\" \/>\n<meta property=\"og:title\" content=\"Ayuntamiento de La Paz refrenda su compromiso con los bomberos en su d\u00eda - NBCS Noticias\" \/>\n<meta property=\"og:description\" content=\"En el marco del D\u00eda del Bombero, el Ayuntamiento de La Paz reconoci\u00f3 la loable labor del H. Cuerpo de\" \/>\n<meta property=\"og:url\" content=\"https:\/\/nbcs.mx\/?p=154349\" \/>\n<meta property=\"og:site_name\" content=\"NBCS Noticias\" \/>\n<meta property=\"article:publisher\" content=\"https:\/\/www.facebook.com\/NBCSnoticias\" \/>\n<meta property=\"article:author\" content=\"https:\/\/www.facebook.com\/NBCSnoticias\" \/>\n<meta property=\"article:published_time\" content=\"2025-08-23T04:05:47+00:00\" \/>\n<meta property=\"article:modified_time\" content=\"2025-08-23T04:22:20+00:00\" \/>\n<meta property=\"og:image\" content=\"https:\/\/nbcs.mx\/wp-content\/uploads\/2025\/08\/Imagen-Boletin-973.jpg\" \/>\n\t<meta property=\"og:image:width\" content=\"1082\" \/>\n\t<meta property=\"og:image:height\" content=\"711\" \/>\n\t<meta property=\"og:image:type\" content=\"image\/jpeg\" \/>\n<meta name=\"author\" content=\"NBCS Noticias\" \/>\n<meta name=\"twitter:card\" content=\"summary_large_image\" \/>\n<meta name=\"twitter:creator\" content=\"@https:\/\/twitter.com\/NBCSnoticias\" \/>\n<meta name=\"twitter:site\" content=\"@NBCSnoticias\" \/>\n<meta name=\"twitter:label1\" content=\"Escrito por\" \/>\n\t<meta name=\"twitter:data1\" content=\"NBCS Noticias\" \/>\n\t<meta name=\"twitter:label2\" content=\"Tiempo de lectura\" \/>\n\t<meta name=\"twitter:data2\" content=\"2 minutos\" \/>\n<script type=\"application\/ld+json\" class=\"yoast-schema-graph\">{\"@context\":\"https:\\\/\\\/schema.org\",\"@graph\":[{\"@type\":\"Article\",\"@id\":\"https:\\\/\\\/nbcs.mx\\\/?p=154349#article\",\"isPartOf\":{\"@id\":\"https:\\\/\\\/nbcs.mx\\\/?p=154349\"},\"author\":{\"name\":\"NBCS Noticias\",\"@id\":\"https:\\\/\\\/nbcs.mx\\\/#\\\/schema\\\/person\\\/ece58bab9a7c1e87a4d28ec9ecd79ff4\"},\"headline\":\"Ayuntamiento de La Paz refrenda su compromiso con los bomberos en su d\u00eda\",\"datePublished\":\"2025-08-23T04:05:47+00:00\",\"dateModified\":\"2025-08-23T04:22:20+00:00\",\"mainEntityOfPage\":{\"@id\":\"https:\\\/\\\/nbcs.mx\\\/?p=154349\"},\"wordCount\":274,\"commentCount\":0,\"publisher\":{\"@id\":\"https:\\\/\\\/nbcs.mx\\\/#organization\"},\"image\":{\"@id\":\"https:\\\/\\\/nbcs.mx\\\/?p=154349#primaryimage\"},\"thumbnailUrl\":\"https:\\\/\\\/nbcs.mx\\\/wp-content\\\/uploads\\\/2025\\\/08\\\/Imagen-Boletin-973.jpg\",\"articleSection\":[\"Municipios\"],\"inLanguage\":\"es\",\"potentialAction\":[{\"@type\":\"CommentAction\",\"name\":\"Comment\",\"target\":[\"https:\\\/\\\/nbcs.mx\\\/?p=154349#respond\"]}]},{\"@type\":\"WebPage\",\"@id\":\"https:\\\/\\\/nbcs.mx\\\/?p=154349\",\"url\":\"https:\\\/\\\/nbcs.mx\\\/?p=154349\",\"name\":\"Ayuntamiento de La Paz refrenda su compromiso con los bomberos en su d\u00eda - NBCS Noticias\",\"isPartOf\":{\"@id\":\"https:\\\/\\\/nbcs.mx\\\/#website\"},\"primaryImageOfPage\":{\"@id\":\"https:\\\/\\\/nbcs.mx\\\/?p=154349#primaryimage\"},\"image\":{\"@id\":\"https:\\\/\\\/nbcs.mx\\\/?p=154349#primaryimage\"},\"thumbnailUrl\":\"https:\\\/\\\/nbcs.mx\\\/wp-content\\\/uploads\\\/2025\\\/08\\\/Imagen-Boletin-973.jpg\",\"datePublished\":\"2025-08-23T04:05:47+00:00\",\"dateModified\":\"2025-08-23T04:22:20+00:00\",\"breadcrumb\":{\"@id\":\"https:\\\/\\\/nbcs.mx\\\/?p=154349#breadcrumb\"},\"inLanguage\":\"es\",\"potentialAction\":[{\"@type\":\"ReadAction\",\"target\":[\"https:\\\/\\\/nbcs.mx\\\/?p=154349\"]}]},{\"@type\":\"ImageObject\",\"inLanguage\":\"es\",\"@id\":\"https:\\\/\\\/nbcs.mx\\\/?p=154349#primaryimage\",\"url\":\"https:\\\/\\\/nbcs.mx\\\/wp-content\\\/uploads\\\/2025\\\/08\\\/Imagen-Boletin-973.jpg\",\"contentUrl\":\"https:\\\/\\\/nbcs.mx\\\/wp-content\\\/uploads\\\/2025\\\/08\\\/Imagen-Boletin-973.jpg\",\"width\":1082,\"height\":711},{\"@type\":\"BreadcrumbList\",\"@id\":\"https:\\\/\\\/nbcs.mx\\\/?p=154349#breadcrumb\",\"itemListElement\":[{\"@type\":\"ListItem\",\"position\":1,\"name\":\"Portada\",\"item\":\"https:\\\/\\\/nbcs.mx\\\/\"},{\"@type\":\"ListItem\",\"position\":2,\"name\":\"Ayuntamiento de La Paz refrenda su compromiso con los bomberos en su d\u00eda\"}]},{\"@type\":\"WebSite\",\"@id\":\"https:\\\/\\\/nbcs.mx\\\/#website\",\"url\":\"https:\\\/\\\/nbcs.mx\\\/\",\"name\":\"NBCS Noticias\",\"description\":\"Sitio web de noticias en Baja California Sur\",\"publisher\":{\"@id\":\"https:\\\/\\\/nbcs.mx\\\/#organization\"},\"potentialAction\":[{\"@type\":\"SearchAction\",\"target\":{\"@type\":\"EntryPoint\",\"urlTemplate\":\"https:\\\/\\\/nbcs.mx\\\/?s={search_term_string}\"},\"query-input\":{\"@type\":\"PropertyValueSpecification\",\"valueRequired\":true,\"valueName\":\"search_term_string\"}}],\"inLanguage\":\"es\"},{\"@type\":\"Organization\",\"@id\":\"https:\\\/\\\/nbcs.mx\\\/#organization\",\"name\":\"NBCS Noticias\",\"url\":\"https:\\\/\\\/nbcs.mx\\\/\",\"logo\":{\"@type\":\"ImageObject\",\"inLanguage\":\"es\",\"@id\":\"https:\\\/\\\/nbcs.mx\\\/#\\\/schema\\\/logo\\\/image\\\/\",\"url\":\"https:\\\/\\\/nbcs.mx\\\/wp-content\\\/uploads\\\/2018\\\/09\\\/057b69485e93575a5c2b1c1dde2dd297.jpeg\",\"contentUrl\":\"https:\\\/\\\/nbcs.mx\\\/wp-content\\\/uploads\\\/2018\\\/09\\\/057b69485e93575a5c2b1c1dde2dd297.jpeg\",\"width\":64,\"height\":64,\"caption\":\"NBCS Noticias\"},\"image\":{\"@id\":\"https:\\\/\\\/nbcs.mx\\\/#\\\/schema\\\/logo\\\/image\\\/\"},\"sameAs\":[\"https:\\\/\\\/www.facebook.com\\\/NBCSnoticias\",\"https:\\\/\\\/x.com\\\/NBCSnoticias\"]},{\"@type\":\"Person\",\"@id\":\"https:\\\/\\\/nbcs.mx\\\/#\\\/schema\\\/person\\\/ece58bab9a7c1e87a4d28ec9ecd79ff4\",\"name\":\"NBCS Noticias\",\"image\":{\"@type\":\"ImageObject\",\"inLanguage\":\"es\",\"@id\":\"https:\\\/\\\/secure.gravatar.com\\\/avatar\\\/4e52110cad1c4054b43271a0d14bbe9e2ea76aecd0e1097edfc670798d9ca1d4?s=96&d=blank&r=g\",\"url\":\"https:\\\/\\\/secure.gravatar.com\\\/avatar\\\/4e52110cad1c4054b43271a0d14bbe9e2ea76aecd0e1097edfc670798d9ca1d4?s=96&d=blank&r=g\",\"contentUrl\":\"https:\\\/\\\/secure.gravatar.com\\\/avatar\\\/4e52110cad1c4054b43271a0d14bbe9e2ea76aecd0e1097edfc670798d9ca1d4?s=96&d=blank&r=g\",\"caption\":\"NBCS Noticias\"},\"description\":\"\u00bfTienes fotos o video de alg\u00fan acto de posible negligencia, corrupci\u00f3n y abuso de autoridad? M\u00e1ndalo al WhatsApp de NBCS Noticias: 612 141 98 08\",\"sameAs\":[\"https:\\\/\\\/www.nbcs.mx\",\"https:\\\/\\\/www.facebook.com\\\/NBCSnoticias\",\"https:\\\/\\\/www.instagram.com\\\/nbcsnoticias\\\/\",\"https:\\\/\\\/x.com\\\/https:\\\/\\\/twitter.com\\\/NBCSnoticias\"]}]}<\/script>\n<!-- \/ Yoast SEO plugin. -->","yoast_head_json":{"title":"Ayuntamiento de La Paz refrenda su compromiso con los bomberos en su d\u00eda - NBCS Noticias","robots":{"index":"index","follow":"follow","max-snippet":"max-snippet:-1","max-image-preview":"max-image-preview:large","max-video-preview":"max-video-preview:-1"},"canonical":"https:\/\/nbcs.mx\/?p=154349","og_locale":"es_ES","og_type":"article","og_title":"Ayuntamiento de La Paz refrenda su compromiso con los bomberos en su d\u00eda - NBCS Noticias","og_description":"En el marco del D\u00eda del Bombero, el Ayuntamiento de La Paz reconoci\u00f3 la loable labor del H. Cuerpo de","og_url":"https:\/\/nbcs.mx\/?p=154349","og_site_name":"NBCS Noticias","article_publisher":"https:\/\/www.facebook.com\/NBCSnoticias","article_author":"https:\/\/www.facebook.com\/NBCSnoticias","article_published_time":"2025-08-23T04:05:47+00:00","article_modified_time":"2025-08-23T04:22:20+00:00","og_image":[{"width":1082,"height":711,"url":"https:\/\/nbcs.mx\/wp-content\/uploads\/2025\/08\/Imagen-Boletin-973.jpg","type":"image\/jpeg"}],"author":"NBCS Noticias","twitter_card":"summary_large_image","twitter_creator":"@https:\/\/twitter.com\/NBCSnoticias","twitter_site":"@NBCSnoticias","twitter_misc":{"Escrito por":"NBCS Noticias","Tiempo de lectura":"2 minutos"},"schema":{"@context":"https:\/\/schema.org","@graph":[{"@type":"Article","@id":"https:\/\/nbcs.mx\/?p=154349#article","isPartOf":{"@id":"https:\/\/nbcs.mx\/?p=154349"},"author":{"name":"NBCS Noticias","@id":"https:\/\/nbcs.mx\/#\/schema\/person\/ece58bab9a7c1e87a4d28ec9ecd79ff4"},"headline":"Ayuntamiento de La Paz refrenda su compromiso con los bomberos en su d\u00eda","datePublished":"2025-08-23T04:05:47+00:00","dateModified":"2025-08-23T04:22:20+00:00","mainEntityOfPage":{"@id":"https:\/\/nbcs.mx\/?p=154349"},"wordCount":274,"commentCount":0,"publisher":{"@id":"https:\/\/nbcs.mx\/#organization"},"image":{"@id":"https:\/\/nbcs.mx\/?p=154349#primaryimage"},"thumbnailUrl":"https:\/\/nbcs.mx\/wp-content\/uploads\/2025\/08\/Imagen-Boletin-973.jpg","articleSection":["Municipios"],"inLanguage":"es","potentialAction":[{"@type":"CommentAction","name":"Comment","target":["https:\/\/nbcs.mx\/?p=154349#respond"]}]},{"@type":"WebPage","@id":"https:\/\/nbcs.mx\/?p=154349","url":"https:\/\/nbcs.mx\/?p=154349","name":"Ayuntamiento de La Paz refrenda su compromiso con los bomberos en su d\u00eda - NBCS Noticias","isPartOf":{"@id":"https:\/\/nbcs.mx\/#website"},"primaryImageOfPage":{"@id":"https:\/\/nbcs.mx\/?p=154349#primaryimage"},"image":{"@id":"https:\/\/nbcs.mx\/?p=154349#primaryimage"},"thumbnailUrl":"https:\/\/nbcs.mx\/wp-content\/uploads\/2025\/08\/Imagen-Boletin-973.jpg","datePublished":"2025-08-23T04:05:47+00:00","dateModified":"2025-08-23T04:22:20+00:00","breadcrumb":{"@id":"https:\/\/nbcs.mx\/?p=154349#breadcrumb"},"inLanguage":"es","potentialAction":[{"@type":"ReadAction","target":["https:\/\/nbcs.mx\/?p=154349"]}]},{"@type":"ImageObject","inLanguage":"es","@id":"https:\/\/nbcs.mx\/?p=154349#primaryimage","url":"https:\/\/nbcs.mx\/wp-content\/uploads\/2025\/08\/Imagen-Boletin-973.jpg","contentUrl":"https:\/\/nbcs.mx\/wp-content\/uploads\/2025\/08\/Imagen-Boletin-973.jpg","width":1082,"height":711},{"@type":"BreadcrumbList","@id":"https:\/\/nbcs.mx\/?p=154349#breadcrumb","itemListElement":[{"@type":"ListItem","position":1,"name":"Portada","item":"https:\/\/nbcs.mx\/"},{"@type":"ListItem","position":2,"name":"Ayuntamiento de La Paz refrenda su compromiso con los bomberos en su d\u00eda"}]},{"@type":"WebSite","@id":"https:\/\/nbcs.mx\/#website","url":"https:\/\/nbcs.mx\/","name":"NBCS Noticias","description":"Sitio web de noticias en Baja California Sur","publisher":{"@id":"https:\/\/nbcs.mx\/#organization"},"potentialAction":[{"@type":"SearchAction","target":{"@type":"EntryPoint","urlTemplate":"https:\/\/nbcs.mx\/?s={search_term_string}"},"query-input":{"@type":"PropertyValueSpecification","valueRequired":true,"valueName":"search_term_string"}}],"inLanguage":"es"},{"@type":"Organization","@id":"https:\/\/nbcs.mx\/#organization","name":"NBCS Noticias","url":"https:\/\/nbcs.mx\/","logo":{"@type":"ImageObject","inLanguage":"es","@id":"https:\/\/nbcs.mx\/#\/schema\/logo\/image\/","url":"https:\/\/nbcs.mx\/wp-content\/uploads\/2018\/09\/057b69485e93575a5c2b1c1dde2dd297.jpeg","contentUrl":"https:\/\/nbcs.mx\/wp-content\/uploads\/2018\/09\/057b69485e93575a5c2b1c1dde2dd297.jpeg","width":64,"height":64,"caption":"NBCS Noticias"},"image":{"@id":"https:\/\/nbcs.mx\/#\/schema\/logo\/image\/"},"sameAs":["https:\/\/www.facebook.com\/NBCSnoticias","https:\/\/x.com\/NBCSnoticias"]},{"@type":"Person","@id":"https:\/\/nbcs.mx\/#\/schema\/person\/ece58bab9a7c1e87a4d28ec9ecd79ff4","name":"NBCS Noticias","image":{"@type":"ImageObject","inLanguage":"es","@id":"https:\/\/secure.gravatar.com\/avatar\/4e52110cad1c4054b43271a0d14bbe9e2ea76aecd0e1097edfc670798d9ca1d4?s=96&d=blank&r=g","url":"https:\/\/secure.gravatar.com\/avatar\/4e52110cad1c4054b43271a0d14bbe9e2ea76aecd0e1097edfc670798d9ca1d4?s=96&d=blank&r=g","contentUrl":"https:\/\/secure.gravatar.com\/avatar\/4e52110cad1c4054b43271a0d14bbe9e2ea76aecd0e1097edfc670798d9ca1d4?s=96&d=blank&r=g","caption":"NBCS Noticias"},"description":"\u00bfTienes fotos o video de alg\u00fan acto de posible negligencia, corrupci\u00f3n y abuso de autoridad? M\u00e1ndalo al WhatsApp de NBCS Noticias: 612 141 98 08","sameAs":["https:\/\/www.nbcs.mx","https:\/\/www.facebook.com\/NBCSnoticias","https:\/\/www.instagram.com\/nbcsnoticias\/","https:\/\/x.com\/https:\/\/twitter.com\/NBCSnoticias"]}]}},"jetpack_publicize_connections":[],"jetpack_featured_media_url":"https:\/\/nbcs.mx\/wp-content\/uploads\/2025\/08\/Imagen-Boletin-973.jpg","jetpack_sharing_enabled":true,"_links":{"self":[{"href":"https:\/\/nbcs.mx\/index.php?rest_route=\/wp\/v2\/posts\/154349","targetHints":{"allow":["GET"]}}],"collection":[{"href":"https:\/\/nbcs.mx\/index.php?rest_route=\/wp\/v2\/posts"}],"about":[{"href":"https:\/\/nbcs.mx\/index.php?rest_route=\/wp\/v2\/types\/post"}],"author":[{"embeddable":true,"href":"https:\/\/nbcs.mx\/index.php?rest_route=\/wp\/v2\/users\/1"}],"replies":[{"embeddable":true,"href":"https:\/\/nbcs.mx\/index.php?rest_route=%2Fwp%2Fv2%2Fcomments&post=154349"}],"version-history":[{"count":1,"href":"https:\/\/nbcs.mx\/index.php?rest_route=\/wp\/v2\/posts\/154349\/revisions"}],"predecessor-version":[{"id":154351,"href":"https:\/\/nbcs.mx\/index.php?rest_route=\/wp\/v2\/posts\/154349\/revisions\/154351"}],"wp:featuredmedia":[{"embeddable":true,"href":"https:\/\/nbcs.mx\/index.php?rest_route=\/wp\/v2\/media\/154350"}],"wp:attachment":[{"href":"https:\/\/nbcs.mx\/index.php?rest_route=%2Fwp%2Fv2%2Fmedia&parent=154349"}],"wp:term":[{"taxonomy":"category","embeddable":true,"href":"https:\/\/nbcs.mx\/index.php?rest_route=%2Fwp%2Fv2%2Fcategories&post=154349"},{"taxonomy":"post_tag","embeddable":true,"href":"https:\/\/nbcs.mx\/index.php?rest_route=%2Fwp%2Fv2%2Ftags&post=154349"}],"curies":[{"name":"wp","href":"https:\/\/api.w.org\/{rel}","templated":true}]}}