{"id":154424,"date":"2025-08-25T21:50:03","date_gmt":"2025-08-26T03:50:03","guid":{"rendered":"https:\/\/nbcs.mx\/?p=154424"},"modified":"2025-08-25T21:50:03","modified_gmt":"2025-08-26T03:50:03","slug":"en-un-mes-mas-iniciaria-en-la-paz-distribucion-a-la-poblacion-del-agua-de-la-presa-la-buena-mujer","status":"publish","type":"post","link":"https:\/\/nbcs.mx\/?p=154424","title":{"rendered":"En un mes m\u00e1s iniciar\u00eda en La Paz distribuci\u00f3n a la poblaci\u00f3n del agua de la presa La Buena Mujer"},"content":{"rendered":"<p style=\"text-align: justify;\"><img loading=\"lazy\" decoding=\"async\" class=\" wp-image-154449 alignleft\" src=\"https:\/\/nbcs.mx\/wp-content\/uploads\/2025\/08\/Potabilizadora.jpg\" alt=\"\" width=\"363\" height=\"200\" srcset=\"https:\/\/nbcs.mx\/wp-content\/uploads\/2025\/08\/Potabilizadora.jpg 725w, https:\/\/nbcs.mx\/wp-content\/uploads\/2025\/08\/Potabilizadora-150x83.jpg 150w\" sizes=\"auto, (max-width: 363px) 100vw, 363px\" \/>En un mes m\u00e1s iniciar\u00eda la dotaci\u00f3n a la poblaci\u00f3n del agua potabilizada de la presa La Buena Mujer, inform\u00f3 la presidenta municipal de La Paz, Milena Quiroga Romero.<\/p>\n<p style=\"text-align: justify;\">Coment\u00f3 que esto se debe a que en esta semana se espera concluir con la instalaci\u00f3n de los dos filtros, a m\u00e1s de un mes de que llegaron a La Paz procedentes de Alemania.<\/p>\n<p style=\"text-align: justify;\">Dijo que posteriormente se realizar\u00e1n las pruebas para la estabilizaci\u00f3n del agua, esto es, los niveles de minerales que debe contener para que sea apta al consumo humano, lo cual se llevar\u00eda de dos a tres semanas<\/p>\n<p style=\"text-align: justify;\">Asegur\u00f3 que una vez que se inyecte el agua a la red, la poblaci\u00f3n puede estar tranquila en cuanto a su calidad, ya que esta arena tratada para filtrar el vital l\u00edquido, tiene par\u00e1metros m\u00e1s elevados a los requeridos para estabilizar sus componentes.<\/p>\n<p style=\"text-align: justify;\">Cabe recordar que a casi un a\u00f1o de su inauguraci\u00f3n, la planta potabilizadora del agua de la presa no ha podido dotar a la poblaci\u00f3n debido a esta deficiencia t\u00e9cnica que no fue prevista en su momento.<\/p>\n<p style=\"text-align: justify;\">Fue despu\u00e9s de las primeras pruebas que se detect\u00f3 una alta concentraci\u00f3n de manganeso; es decir, arriba de los l\u00edmites permitidos para el cuerpo humano, por lo cual el Organismo Operador Municipal del Sistema de Agua Potable y Alcantarillado (Oomsapas) se dio a la tarea de conseguir el filtro para liberarla de ese elemento.<\/p>\n<p style=\"text-align: justify;\">La arena que funciona como filtro, fue adquirida en Alemania, y luego de pagar su costo, que es muy alto, y tras una larga traves\u00eda por barco, finalmente lleg\u00f3 a La Paz a mediados de julio.<\/p>\n<p style=\"text-align: justify;\">Milena Quiroga, detall\u00f3 que actualmente est\u00e1 por concluirse la red de tuber\u00edas de los filtros, as\u00ed como algunas obras de soldadura, por lo cual pr\u00e1cticamente es un hecho que en la segunda quincena de septiembre ya se pueda distribuir el agua a la poblaci\u00f3n del nororiente de la ciudad. (Por: Arturo Nieves).<\/p>\n","protected":false},"excerpt":{"rendered":"<p>En un mes m\u00e1s iniciar\u00eda la dotaci\u00f3n a la poblaci\u00f3n del agua potabilizada de la presa La Buena Mujer, inform\u00f3<\/p>\n","protected":false},"author":1,"featured_media":154449,"comment_status":"open","ping_status":"closed","sticky":false,"template":"","format":"standard","meta":{"colormag_page_container_layout":"default_layout","colormag_page_sidebar_layout":"default_layout","_jetpack_memberships_contains_paid_content":false,"footnotes":"","jetpack_publicize_message":"","jetpack_publicize_feature_enabled":true,"jetpack_social_post_already_shared":true,"jetpack_social_options":{"image_generator_settings":{"template":"highway","default_image_id":0,"font":"","enabled":false},"version":2}},"categories":[40],"tags":[],"class_list":["post-154424","post","type-post","status-publish","format-standard","has-post-thumbnail","hentry","category-municipios"],"yoast_head":"<!-- This site is optimized with the Yoast SEO plugin v27.4 - https:\/\/yoast.com\/product\/yoast-seo-wordpress\/ -->\n<title>En un mes m\u00e1s iniciar\u00eda en La Paz distribuci\u00f3n a la poblaci\u00f3n del agua de la presa La Buena Mujer - NBCS Noticias<\/title>\n<meta name=\"robots\" content=\"index, follow, max-snippet:-1, max-image-preview:large, max-video-preview:-1\" \/>\n<link rel=\"canonical\" href=\"https:\/\/nbcs.mx\/?p=154424\" \/>\n<meta property=\"og:locale\" content=\"es_ES\" \/>\n<meta property=\"og:type\" content=\"article\" \/>\n<meta property=\"og:title\" content=\"En un mes m\u00e1s iniciar\u00eda en La Paz distribuci\u00f3n a la poblaci\u00f3n del agua de la presa La Buena Mujer - NBCS Noticias\" \/>\n<meta property=\"og:description\" content=\"En un mes m\u00e1s iniciar\u00eda la dotaci\u00f3n a la poblaci\u00f3n del agua potabilizada de la presa La Buena Mujer, inform\u00f3\" \/>\n<meta property=\"og:url\" content=\"https:\/\/nbcs.mx\/?p=154424\" \/>\n<meta property=\"og:site_name\" content=\"NBCS Noticias\" \/>\n<meta property=\"article:publisher\" content=\"https:\/\/www.facebook.com\/NBCSnoticias\" \/>\n<meta property=\"article:author\" content=\"https:\/\/www.facebook.com\/NBCSnoticias\" \/>\n<meta property=\"article:published_time\" content=\"2025-08-26T03:50:03+00:00\" \/>\n<meta property=\"og:image\" content=\"https:\/\/nbcs.mx\/wp-content\/uploads\/2025\/08\/Potabilizadora.jpg\" \/>\n\t<meta property=\"og:image:width\" content=\"725\" \/>\n\t<meta property=\"og:image:height\" content=\"400\" \/>\n\t<meta property=\"og:image:type\" content=\"image\/jpeg\" \/>\n<meta name=\"author\" content=\"NBCS Noticias\" \/>\n<meta name=\"twitter:card\" content=\"summary_large_image\" \/>\n<meta name=\"twitter:creator\" content=\"@https:\/\/twitter.com\/NBCSnoticias\" \/>\n<meta name=\"twitter:site\" content=\"@NBCSnoticias\" \/>\n<meta name=\"twitter:label1\" content=\"Escrito por\" \/>\n\t<meta name=\"twitter:data1\" content=\"NBCS Noticias\" \/>\n\t<meta name=\"twitter:label2\" content=\"Tiempo de lectura\" \/>\n\t<meta name=\"twitter:data2\" content=\"2 minutos\" \/>\n<script type=\"application\/ld+json\" class=\"yoast-schema-graph\">{\"@context\":\"https:\\\/\\\/schema.org\",\"@graph\":[{\"@type\":\"Article\",\"@id\":\"https:\\\/\\\/nbcs.mx\\\/?p=154424#article\",\"isPartOf\":{\"@id\":\"https:\\\/\\\/nbcs.mx\\\/?p=154424\"},\"author\":{\"name\":\"NBCS Noticias\",\"@id\":\"https:\\\/\\\/nbcs.mx\\\/#\\\/schema\\\/person\\\/ece58bab9a7c1e87a4d28ec9ecd79ff4\"},\"headline\":\"En un mes m\u00e1s iniciar\u00eda en La Paz distribuci\u00f3n a la poblaci\u00f3n del agua de la presa La Buena Mujer\",\"datePublished\":\"2025-08-26T03:50:03+00:00\",\"mainEntityOfPage\":{\"@id\":\"https:\\\/\\\/nbcs.mx\\\/?p=154424\"},\"wordCount\":370,\"commentCount\":0,\"publisher\":{\"@id\":\"https:\\\/\\\/nbcs.mx\\\/#organization\"},\"image\":{\"@id\":\"https:\\\/\\\/nbcs.mx\\\/?p=154424#primaryimage\"},\"thumbnailUrl\":\"https:\\\/\\\/nbcs.mx\\\/wp-content\\\/uploads\\\/2025\\\/08\\\/Potabilizadora.jpg\",\"articleSection\":[\"Municipios\"],\"inLanguage\":\"es\",\"potentialAction\":[{\"@type\":\"CommentAction\",\"name\":\"Comment\",\"target\":[\"https:\\\/\\\/nbcs.mx\\\/?p=154424#respond\"]}]},{\"@type\":\"WebPage\",\"@id\":\"https:\\\/\\\/nbcs.mx\\\/?p=154424\",\"url\":\"https:\\\/\\\/nbcs.mx\\\/?p=154424\",\"name\":\"En un mes m\u00e1s iniciar\u00eda en La Paz distribuci\u00f3n a la poblaci\u00f3n del agua de la presa La Buena Mujer - NBCS Noticias\",\"isPartOf\":{\"@id\":\"https:\\\/\\\/nbcs.mx\\\/#website\"},\"primaryImageOfPage\":{\"@id\":\"https:\\\/\\\/nbcs.mx\\\/?p=154424#primaryimage\"},\"image\":{\"@id\":\"https:\\\/\\\/nbcs.mx\\\/?p=154424#primaryimage\"},\"thumbnailUrl\":\"https:\\\/\\\/nbcs.mx\\\/wp-content\\\/uploads\\\/2025\\\/08\\\/Potabilizadora.jpg\",\"datePublished\":\"2025-08-26T03:50:03+00:00\",\"breadcrumb\":{\"@id\":\"https:\\\/\\\/nbcs.mx\\\/?p=154424#breadcrumb\"},\"inLanguage\":\"es\",\"potentialAction\":[{\"@type\":\"ReadAction\",\"target\":[\"https:\\\/\\\/nbcs.mx\\\/?p=154424\"]}]},{\"@type\":\"ImageObject\",\"inLanguage\":\"es\",\"@id\":\"https:\\\/\\\/nbcs.mx\\\/?p=154424#primaryimage\",\"url\":\"https:\\\/\\\/nbcs.mx\\\/wp-content\\\/uploads\\\/2025\\\/08\\\/Potabilizadora.jpg\",\"contentUrl\":\"https:\\\/\\\/nbcs.mx\\\/wp-content\\\/uploads\\\/2025\\\/08\\\/Potabilizadora.jpg\",\"width\":725,\"height\":400},{\"@type\":\"BreadcrumbList\",\"@id\":\"https:\\\/\\\/nbcs.mx\\\/?p=154424#breadcrumb\",\"itemListElement\":[{\"@type\":\"ListItem\",\"position\":1,\"name\":\"Portada\",\"item\":\"https:\\\/\\\/nbcs.mx\\\/\"},{\"@type\":\"ListItem\",\"position\":2,\"name\":\"En un mes m\u00e1s iniciar\u00eda en La Paz distribuci\u00f3n a la poblaci\u00f3n del agua de la presa La Buena Mujer\"}]},{\"@type\":\"WebSite\",\"@id\":\"https:\\\/\\\/nbcs.mx\\\/#website\",\"url\":\"https:\\\/\\\/nbcs.mx\\\/\",\"name\":\"NBCS Noticias\",\"description\":\"Sitio web de noticias en Baja California Sur\",\"publisher\":{\"@id\":\"https:\\\/\\\/nbcs.mx\\\/#organization\"},\"potentialAction\":[{\"@type\":\"SearchAction\",\"target\":{\"@type\":\"EntryPoint\",\"urlTemplate\":\"https:\\\/\\\/nbcs.mx\\\/?s={search_term_string}\"},\"query-input\":{\"@type\":\"PropertyValueSpecification\",\"valueRequired\":true,\"valueName\":\"search_term_string\"}}],\"inLanguage\":\"es\"},{\"@type\":\"Organization\",\"@id\":\"https:\\\/\\\/nbcs.mx\\\/#organization\",\"name\":\"NBCS Noticias\",\"url\":\"https:\\\/\\\/nbcs.mx\\\/\",\"logo\":{\"@type\":\"ImageObject\",\"inLanguage\":\"es\",\"@id\":\"https:\\\/\\\/nbcs.mx\\\/#\\\/schema\\\/logo\\\/image\\\/\",\"url\":\"https:\\\/\\\/nbcs.mx\\\/wp-content\\\/uploads\\\/2018\\\/09\\\/057b69485e93575a5c2b1c1dde2dd297.jpeg\",\"contentUrl\":\"https:\\\/\\\/nbcs.mx\\\/wp-content\\\/uploads\\\/2018\\\/09\\\/057b69485e93575a5c2b1c1dde2dd297.jpeg\",\"width\":64,\"height\":64,\"caption\":\"NBCS Noticias\"},\"image\":{\"@id\":\"https:\\\/\\\/nbcs.mx\\\/#\\\/schema\\\/logo\\\/image\\\/\"},\"sameAs\":[\"https:\\\/\\\/www.facebook.com\\\/NBCSnoticias\",\"https:\\\/\\\/x.com\\\/NBCSnoticias\"]},{\"@type\":\"Person\",\"@id\":\"https:\\\/\\\/nbcs.mx\\\/#\\\/schema\\\/person\\\/ece58bab9a7c1e87a4d28ec9ecd79ff4\",\"name\":\"NBCS Noticias\",\"image\":{\"@type\":\"ImageObject\",\"inLanguage\":\"es\",\"@id\":\"https:\\\/\\\/secure.gravatar.com\\\/avatar\\\/4e52110cad1c4054b43271a0d14bbe9e2ea76aecd0e1097edfc670798d9ca1d4?s=96&d=blank&r=g\",\"url\":\"https:\\\/\\\/secure.gravatar.com\\\/avatar\\\/4e52110cad1c4054b43271a0d14bbe9e2ea76aecd0e1097edfc670798d9ca1d4?s=96&d=blank&r=g\",\"contentUrl\":\"https:\\\/\\\/secure.gravatar.com\\\/avatar\\\/4e52110cad1c4054b43271a0d14bbe9e2ea76aecd0e1097edfc670798d9ca1d4?s=96&d=blank&r=g\",\"caption\":\"NBCS Noticias\"},\"description\":\"\u00bfTienes fotos o video de alg\u00fan acto de posible negligencia, corrupci\u00f3n y abuso de autoridad? M\u00e1ndalo al WhatsApp de NBCS Noticias: 612 141 98 08\",\"sameAs\":[\"https:\\\/\\\/www.nbcs.mx\",\"https:\\\/\\\/www.facebook.com\\\/NBCSnoticias\",\"https:\\\/\\\/www.instagram.com\\\/nbcsnoticias\\\/\",\"https:\\\/\\\/x.com\\\/https:\\\/\\\/twitter.com\\\/NBCSnoticias\"]}]}<\/script>\n<!-- \/ Yoast SEO plugin. -->","yoast_head_json":{"title":"En un mes m\u00e1s iniciar\u00eda en La Paz distribuci\u00f3n a la poblaci\u00f3n del agua de la presa La Buena Mujer - NBCS Noticias","robots":{"index":"index","follow":"follow","max-snippet":"max-snippet:-1","max-image-preview":"max-image-preview:large","max-video-preview":"max-video-preview:-1"},"canonical":"https:\/\/nbcs.mx\/?p=154424","og_locale":"es_ES","og_type":"article","og_title":"En un mes m\u00e1s iniciar\u00eda en La Paz distribuci\u00f3n a la poblaci\u00f3n del agua de la presa La Buena Mujer - NBCS Noticias","og_description":"En un mes m\u00e1s iniciar\u00eda la dotaci\u00f3n a la poblaci\u00f3n del agua potabilizada de la presa La Buena Mujer, inform\u00f3","og_url":"https:\/\/nbcs.mx\/?p=154424","og_site_name":"NBCS Noticias","article_publisher":"https:\/\/www.facebook.com\/NBCSnoticias","article_author":"https:\/\/www.facebook.com\/NBCSnoticias","article_published_time":"2025-08-26T03:50:03+00:00","og_image":[{"width":725,"height":400,"url":"https:\/\/nbcs.mx\/wp-content\/uploads\/2025\/08\/Potabilizadora.jpg","type":"image\/jpeg"}],"author":"NBCS Noticias","twitter_card":"summary_large_image","twitter_creator":"@https:\/\/twitter.com\/NBCSnoticias","twitter_site":"@NBCSnoticias","twitter_misc":{"Escrito por":"NBCS Noticias","Tiempo de lectura":"2 minutos"},"schema":{"@context":"https:\/\/schema.org","@graph":[{"@type":"Article","@id":"https:\/\/nbcs.mx\/?p=154424#article","isPartOf":{"@id":"https:\/\/nbcs.mx\/?p=154424"},"author":{"name":"NBCS Noticias","@id":"https:\/\/nbcs.mx\/#\/schema\/person\/ece58bab9a7c1e87a4d28ec9ecd79ff4"},"headline":"En un mes m\u00e1s iniciar\u00eda en La Paz distribuci\u00f3n a la poblaci\u00f3n del agua de la presa La Buena Mujer","datePublished":"2025-08-26T03:50:03+00:00","mainEntityOfPage":{"@id":"https:\/\/nbcs.mx\/?p=154424"},"wordCount":370,"commentCount":0,"publisher":{"@id":"https:\/\/nbcs.mx\/#organization"},"image":{"@id":"https:\/\/nbcs.mx\/?p=154424#primaryimage"},"thumbnailUrl":"https:\/\/nbcs.mx\/wp-content\/uploads\/2025\/08\/Potabilizadora.jpg","articleSection":["Municipios"],"inLanguage":"es","potentialAction":[{"@type":"CommentAction","name":"Comment","target":["https:\/\/nbcs.mx\/?p=154424#respond"]}]},{"@type":"WebPage","@id":"https:\/\/nbcs.mx\/?p=154424","url":"https:\/\/nbcs.mx\/?p=154424","name":"En un mes m\u00e1s iniciar\u00eda en La Paz distribuci\u00f3n a la poblaci\u00f3n del agua de la presa La Buena Mujer - NBCS Noticias","isPartOf":{"@id":"https:\/\/nbcs.mx\/#website"},"primaryImageOfPage":{"@id":"https:\/\/nbcs.mx\/?p=154424#primaryimage"},"image":{"@id":"https:\/\/nbcs.mx\/?p=154424#primaryimage"},"thumbnailUrl":"https:\/\/nbcs.mx\/wp-content\/uploads\/2025\/08\/Potabilizadora.jpg","datePublished":"2025-08-26T03:50:03+00:00","breadcrumb":{"@id":"https:\/\/nbcs.mx\/?p=154424#breadcrumb"},"inLanguage":"es","potentialAction":[{"@type":"ReadAction","target":["https:\/\/nbcs.mx\/?p=154424"]}]},{"@type":"ImageObject","inLanguage":"es","@id":"https:\/\/nbcs.mx\/?p=154424#primaryimage","url":"https:\/\/nbcs.mx\/wp-content\/uploads\/2025\/08\/Potabilizadora.jpg","contentUrl":"https:\/\/nbcs.mx\/wp-content\/uploads\/2025\/08\/Potabilizadora.jpg","width":725,"height":400},{"@type":"BreadcrumbList","@id":"https:\/\/nbcs.mx\/?p=154424#breadcrumb","itemListElement":[{"@type":"ListItem","position":1,"name":"Portada","item":"https:\/\/nbcs.mx\/"},{"@type":"ListItem","position":2,"name":"En un mes m\u00e1s iniciar\u00eda en La Paz distribuci\u00f3n a la poblaci\u00f3n del agua de la presa La Buena Mujer"}]},{"@type":"WebSite","@id":"https:\/\/nbcs.mx\/#website","url":"https:\/\/nbcs.mx\/","name":"NBCS Noticias","description":"Sitio web de noticias en Baja California Sur","publisher":{"@id":"https:\/\/nbcs.mx\/#organization"},"potentialAction":[{"@type":"SearchAction","target":{"@type":"EntryPoint","urlTemplate":"https:\/\/nbcs.mx\/?s={search_term_string}"},"query-input":{"@type":"PropertyValueSpecification","valueRequired":true,"valueName":"search_term_string"}}],"inLanguage":"es"},{"@type":"Organization","@id":"https:\/\/nbcs.mx\/#organization","name":"NBCS Noticias","url":"https:\/\/nbcs.mx\/","logo":{"@type":"ImageObject","inLanguage":"es","@id":"https:\/\/nbcs.mx\/#\/schema\/logo\/image\/","url":"https:\/\/nbcs.mx\/wp-content\/uploads\/2018\/09\/057b69485e93575a5c2b1c1dde2dd297.jpeg","contentUrl":"https:\/\/nbcs.mx\/wp-content\/uploads\/2018\/09\/057b69485e93575a5c2b1c1dde2dd297.jpeg","width":64,"height":64,"caption":"NBCS Noticias"},"image":{"@id":"https:\/\/nbcs.mx\/#\/schema\/logo\/image\/"},"sameAs":["https:\/\/www.facebook.com\/NBCSnoticias","https:\/\/x.com\/NBCSnoticias"]},{"@type":"Person","@id":"https:\/\/nbcs.mx\/#\/schema\/person\/ece58bab9a7c1e87a4d28ec9ecd79ff4","name":"NBCS Noticias","image":{"@type":"ImageObject","inLanguage":"es","@id":"https:\/\/secure.gravatar.com\/avatar\/4e52110cad1c4054b43271a0d14bbe9e2ea76aecd0e1097edfc670798d9ca1d4?s=96&d=blank&r=g","url":"https:\/\/secure.gravatar.com\/avatar\/4e52110cad1c4054b43271a0d14bbe9e2ea76aecd0e1097edfc670798d9ca1d4?s=96&d=blank&r=g","contentUrl":"https:\/\/secure.gravatar.com\/avatar\/4e52110cad1c4054b43271a0d14bbe9e2ea76aecd0e1097edfc670798d9ca1d4?s=96&d=blank&r=g","caption":"NBCS Noticias"},"description":"\u00bfTienes fotos o video de alg\u00fan acto de posible negligencia, corrupci\u00f3n y abuso de autoridad? M\u00e1ndalo al WhatsApp de NBCS Noticias: 612 141 98 08","sameAs":["https:\/\/www.nbcs.mx","https:\/\/www.facebook.com\/NBCSnoticias","https:\/\/www.instagram.com\/nbcsnoticias\/","https:\/\/x.com\/https:\/\/twitter.com\/NBCSnoticias"]}]}},"jetpack_publicize_connections":[],"jetpack_featured_media_url":"https:\/\/nbcs.mx\/wp-content\/uploads\/2025\/08\/Potabilizadora.jpg","jetpack_sharing_enabled":true,"_links":{"self":[{"href":"https:\/\/nbcs.mx\/index.php?rest_route=\/wp\/v2\/posts\/154424","targetHints":{"allow":["GET"]}}],"collection":[{"href":"https:\/\/nbcs.mx\/index.php?rest_route=\/wp\/v2\/posts"}],"about":[{"href":"https:\/\/nbcs.mx\/index.php?rest_route=\/wp\/v2\/types\/post"}],"author":[{"embeddable":true,"href":"https:\/\/nbcs.mx\/index.php?rest_route=\/wp\/v2\/users\/1"}],"replies":[{"embeddable":true,"href":"https:\/\/nbcs.mx\/index.php?rest_route=%2Fwp%2Fv2%2Fcomments&post=154424"}],"version-history":[{"count":1,"href":"https:\/\/nbcs.mx\/index.php?rest_route=\/wp\/v2\/posts\/154424\/revisions"}],"predecessor-version":[{"id":154450,"href":"https:\/\/nbcs.mx\/index.php?rest_route=\/wp\/v2\/posts\/154424\/revisions\/154450"}],"wp:featuredmedia":[{"embeddable":true,"href":"https:\/\/nbcs.mx\/index.php?rest_route=\/wp\/v2\/media\/154449"}],"wp:attachment":[{"href":"https:\/\/nbcs.mx\/index.php?rest_route=%2Fwp%2Fv2%2Fmedia&parent=154424"}],"wp:term":[{"taxonomy":"category","embeddable":true,"href":"https:\/\/nbcs.mx\/index.php?rest_route=%2Fwp%2Fv2%2Fcategories&post=154424"},{"taxonomy":"post_tag","embeddable":true,"href":"https:\/\/nbcs.mx\/index.php?rest_route=%2Fwp%2Fv2%2Ftags&post=154424"}],"curies":[{"name":"wp","href":"https:\/\/api.w.org\/{rel}","templated":true}]}}