{"id":154514,"date":"2025-08-26T20:16:38","date_gmt":"2025-08-27T02:16:38","guid":{"rendered":"https:\/\/nbcs.mx\/?p=154514"},"modified":"2025-08-26T20:16:38","modified_gmt":"2025-08-27T02:16:38","slug":"sospechoso-despido-de-personal-en-cedh-si-congreso-aprobo-presupuesto-para-nomina","status":"publish","type":"post","link":"https:\/\/nbcs.mx\/?p=154514","title":{"rendered":"Sospechoso despido de personal en CEDH si Congreso aprob\u00f3 presupuesto para n\u00f3mina"},"content":{"rendered":"<p style=\"text-align: justify;\"><img loading=\"lazy\" decoding=\"async\" class=\" wp-image-154515 alignleft\" src=\"https:\/\/nbcs.mx\/wp-content\/uploads\/2025\/08\/CEDH.jpg\" alt=\"\" width=\"384\" height=\"212\" srcset=\"https:\/\/nbcs.mx\/wp-content\/uploads\/2025\/08\/CEDH.jpg 725w, https:\/\/nbcs.mx\/wp-content\/uploads\/2025\/08\/CEDH-150x83.jpg 150w\" sizes=\"auto, (max-width: 384px) 100vw, 384px\" \/>Debido al despido de personal, el cierre de oficinas y la falta de informaci\u00f3n al respecto, la diputada Guadalupe V\u00e1zquez Jacinto, solicit\u00f3 la comparecencia ante el Congreso del Estado de la presidenta de la Comisi\u00f3n Estatal de Derechos Humanos (CEDH), Charlene Ramos Hern\u00e1ndez.<\/p>\n<p style=\"text-align: justify;\">Luego de que a trav\u00e9s de algunos medios digitales se diera a conocer el cierre de la Visitadur\u00eda de Comond\u00fa, as\u00ed como el despido injustificado de personal, la legisladora de Morena consider\u00f3 que tales medidas son violatorias de la legislaci\u00f3n que rige a ese organismo.<\/p>\n<p style=\"text-align: justify;\">\u201cLa supresi\u00f3n de las Visitadur\u00edas atenta directamente contra el derecho de los ciudadanos a acceder a los recursos legales y a la protecci\u00f3n de los derechos humanos\u201d, estableci\u00f3 en un pronunciamiento emitido en la sesi\u00f3n ordinaria de la Comisi\u00f3n Permanente del actual per\u00edodo de receso del Poder Legislativo local.<\/p>\n<p style=\"text-align: justify;\">Agreg\u00f3 que los despidos del personal sin justificaci\u00f3n legal y el debido proceso, violan los derechos laborales de los trabajadores, adem\u00e1s de que se deja a las familias sin sustento, y afecta la misi\u00f3n de la CEDH de proteger los derechos humanos de los sudcalifornianos.<\/p>\n<p style=\"text-align: justify;\">La Diputada tambi\u00e9n sac\u00f3 a relucir el conflicto que se ha suscitado en ese organismo desde la llegada de la actual Presidenta, por presuntos malos manejos de los recursos de la Comisi\u00f3n, lo cual calific\u00f3 de inaceptable, puesto que el dinero para el pago de n\u00f3mina del personal de ese organismo en el a\u00f1o 2025, fue aprobado por el Congreso del Estado dentro del presupuesto de egresos del Estado, que es de observancia obligatoria.<\/p>\n<p style=\"text-align: justify;\">\u201cAnte esa realidad, es incomprensible y sospechoso que se hayan realizado despidos masivos bajo el argumento de una supuesta falta de presupuesto\u201d, agreg\u00f3 la legisladora, y por lo cual exigi\u00f3 una explicaci\u00f3n clara y transparente sobre el destino de los recursos destinados al pago de n\u00f3mina en la CEDH.<\/p>\n<p style=\"text-align: justify;\">V\u00e1zquez Jacinto, advirti\u00f3 sobre esta Comisi\u00f3n, que \u201cal seguir actuando de manera arbitraria pudiera estar configurando faltas administrativas graves e incluso la Comisi\u00f3n de algunos delitos\u201d, por lo cual pidi\u00f3 la reapertura de oficinas, reinstalaci\u00f3n de trabajadores despedidos, respeto a los derechos humanos del personal, y que Charlene Ramos comparezca ante el Poder Legislativo.<\/p>\n<p style=\"text-align: justify;\">Adem\u00e1s, convoc\u00f3 a la sociedad sudcaliforniana y a las autoridades, para que exijan una Comisi\u00f3n Estatal de Derechos Humanos que cumpla con su mandato de manera \u00e9tica y justa, ya que la defensa de los derechos humanos debe ser una responsabilidad de todos, propuesta a la que se sum\u00f3 la presidenta de Mesa Directiva, diputada Alondra Torres Garc\u00eda. (Por: Arturo Nieves).<\/p>\n","protected":false},"excerpt":{"rendered":"<p>Debido al despido de personal, el cierre de oficinas y la falta de informaci\u00f3n al respecto, la diputada Guadalupe V\u00e1zquez<\/p>\n","protected":false},"author":1,"featured_media":154515,"comment_status":"open","ping_status":"closed","sticky":false,"template":"","format":"standard","meta":{"colormag_page_container_layout":"default_layout","colormag_page_sidebar_layout":"default_layout","_jetpack_memberships_contains_paid_content":false,"footnotes":"","jetpack_publicize_message":"","jetpack_publicize_feature_enabled":true,"jetpack_social_post_already_shared":true,"jetpack_social_options":{"image_generator_settings":{"template":"highway","default_image_id":0,"font":"","enabled":false},"version":2}},"categories":[1],"tags":[],"class_list":["post-154514","post","type-post","status-publish","format-standard","has-post-thumbnail","hentry","category-noticias"],"yoast_head":"<!-- This site is optimized with the Yoast SEO plugin v27.5 - https:\/\/yoast.com\/product\/yoast-seo-wordpress\/ -->\n<title>Sospechoso despido de personal en CEDH si Congreso aprob\u00f3 presupuesto para n\u00f3mina - NBCS Noticias<\/title>\n<meta name=\"robots\" content=\"index, follow, max-snippet:-1, max-image-preview:large, max-video-preview:-1\" \/>\n<link rel=\"canonical\" href=\"https:\/\/nbcs.mx\/?p=154514\" \/>\n<meta property=\"og:locale\" content=\"es_ES\" \/>\n<meta property=\"og:type\" content=\"article\" \/>\n<meta property=\"og:title\" content=\"Sospechoso despido de personal en CEDH si Congreso aprob\u00f3 presupuesto para n\u00f3mina - NBCS Noticias\" \/>\n<meta property=\"og:description\" content=\"Debido al despido de personal, el cierre de oficinas y la falta de informaci\u00f3n al respecto, la diputada Guadalupe V\u00e1zquez\" \/>\n<meta property=\"og:url\" content=\"https:\/\/nbcs.mx\/?p=154514\" \/>\n<meta property=\"og:site_name\" content=\"NBCS Noticias\" \/>\n<meta property=\"article:publisher\" content=\"https:\/\/www.facebook.com\/NBCSnoticias\" \/>\n<meta property=\"article:author\" content=\"https:\/\/www.facebook.com\/NBCSnoticias\" \/>\n<meta property=\"article:published_time\" content=\"2025-08-27T02:16:38+00:00\" \/>\n<meta property=\"og:image\" content=\"https:\/\/nbcs.mx\/wp-content\/uploads\/2025\/08\/CEDH.jpg\" \/>\n\t<meta property=\"og:image:width\" content=\"725\" \/>\n\t<meta property=\"og:image:height\" content=\"400\" \/>\n\t<meta property=\"og:image:type\" content=\"image\/jpeg\" \/>\n<meta name=\"author\" content=\"NBCS Noticias\" \/>\n<meta name=\"twitter:card\" content=\"summary_large_image\" \/>\n<meta name=\"twitter:creator\" content=\"@https:\/\/twitter.com\/NBCSnoticias\" \/>\n<meta name=\"twitter:site\" content=\"@NBCSnoticias\" \/>\n<meta name=\"twitter:label1\" content=\"Escrito por\" \/>\n\t<meta name=\"twitter:data1\" content=\"NBCS Noticias\" \/>\n\t<meta name=\"twitter:label2\" content=\"Tiempo de lectura\" \/>\n\t<meta name=\"twitter:data2\" content=\"3 minutos\" \/>\n<script type=\"application\/ld+json\" class=\"yoast-schema-graph\">{\"@context\":\"https:\\\/\\\/schema.org\",\"@graph\":[{\"@type\":\"Article\",\"@id\":\"https:\\\/\\\/nbcs.mx\\\/?p=154514#article\",\"isPartOf\":{\"@id\":\"https:\\\/\\\/nbcs.mx\\\/?p=154514\"},\"author\":{\"name\":\"NBCS Noticias\",\"@id\":\"https:\\\/\\\/nbcs.mx\\\/#\\\/schema\\\/person\\\/ece58bab9a7c1e87a4d28ec9ecd79ff4\"},\"headline\":\"Sospechoso despido de personal en CEDH si Congreso aprob\u00f3 presupuesto para n\u00f3mina\",\"datePublished\":\"2025-08-27T02:16:38+00:00\",\"mainEntityOfPage\":{\"@id\":\"https:\\\/\\\/nbcs.mx\\\/?p=154514\"},\"wordCount\":461,\"commentCount\":0,\"publisher\":{\"@id\":\"https:\\\/\\\/nbcs.mx\\\/#organization\"},\"image\":{\"@id\":\"https:\\\/\\\/nbcs.mx\\\/?p=154514#primaryimage\"},\"thumbnailUrl\":\"https:\\\/\\\/nbcs.mx\\\/wp-content\\\/uploads\\\/2025\\\/08\\\/CEDH.jpg\",\"articleSection\":[\"Noticias\"],\"inLanguage\":\"es\",\"potentialAction\":[{\"@type\":\"CommentAction\",\"name\":\"Comment\",\"target\":[\"https:\\\/\\\/nbcs.mx\\\/?p=154514#respond\"]}]},{\"@type\":\"WebPage\",\"@id\":\"https:\\\/\\\/nbcs.mx\\\/?p=154514\",\"url\":\"https:\\\/\\\/nbcs.mx\\\/?p=154514\",\"name\":\"Sospechoso despido de personal en CEDH si Congreso aprob\u00f3 presupuesto para n\u00f3mina - NBCS Noticias\",\"isPartOf\":{\"@id\":\"https:\\\/\\\/nbcs.mx\\\/#website\"},\"primaryImageOfPage\":{\"@id\":\"https:\\\/\\\/nbcs.mx\\\/?p=154514#primaryimage\"},\"image\":{\"@id\":\"https:\\\/\\\/nbcs.mx\\\/?p=154514#primaryimage\"},\"thumbnailUrl\":\"https:\\\/\\\/nbcs.mx\\\/wp-content\\\/uploads\\\/2025\\\/08\\\/CEDH.jpg\",\"datePublished\":\"2025-08-27T02:16:38+00:00\",\"breadcrumb\":{\"@id\":\"https:\\\/\\\/nbcs.mx\\\/?p=154514#breadcrumb\"},\"inLanguage\":\"es\",\"potentialAction\":[{\"@type\":\"ReadAction\",\"target\":[\"https:\\\/\\\/nbcs.mx\\\/?p=154514\"]}]},{\"@type\":\"ImageObject\",\"inLanguage\":\"es\",\"@id\":\"https:\\\/\\\/nbcs.mx\\\/?p=154514#primaryimage\",\"url\":\"https:\\\/\\\/nbcs.mx\\\/wp-content\\\/uploads\\\/2025\\\/08\\\/CEDH.jpg\",\"contentUrl\":\"https:\\\/\\\/nbcs.mx\\\/wp-content\\\/uploads\\\/2025\\\/08\\\/CEDH.jpg\",\"width\":725,\"height\":400},{\"@type\":\"BreadcrumbList\",\"@id\":\"https:\\\/\\\/nbcs.mx\\\/?p=154514#breadcrumb\",\"itemListElement\":[{\"@type\":\"ListItem\",\"position\":1,\"name\":\"Portada\",\"item\":\"https:\\\/\\\/nbcs.mx\\\/\"},{\"@type\":\"ListItem\",\"position\":2,\"name\":\"Sospechoso despido de personal en CEDH si Congreso aprob\u00f3 presupuesto para n\u00f3mina\"}]},{\"@type\":\"WebSite\",\"@id\":\"https:\\\/\\\/nbcs.mx\\\/#website\",\"url\":\"https:\\\/\\\/nbcs.mx\\\/\",\"name\":\"NBCS Noticias\",\"description\":\"Sitio web de noticias en Baja California Sur\",\"publisher\":{\"@id\":\"https:\\\/\\\/nbcs.mx\\\/#organization\"},\"potentialAction\":[{\"@type\":\"SearchAction\",\"target\":{\"@type\":\"EntryPoint\",\"urlTemplate\":\"https:\\\/\\\/nbcs.mx\\\/?s={search_term_string}\"},\"query-input\":{\"@type\":\"PropertyValueSpecification\",\"valueRequired\":true,\"valueName\":\"search_term_string\"}}],\"inLanguage\":\"es\"},{\"@type\":\"Organization\",\"@id\":\"https:\\\/\\\/nbcs.mx\\\/#organization\",\"name\":\"NBCS Noticias\",\"url\":\"https:\\\/\\\/nbcs.mx\\\/\",\"logo\":{\"@type\":\"ImageObject\",\"inLanguage\":\"es\",\"@id\":\"https:\\\/\\\/nbcs.mx\\\/#\\\/schema\\\/logo\\\/image\\\/\",\"url\":\"https:\\\/\\\/nbcs.mx\\\/wp-content\\\/uploads\\\/2018\\\/09\\\/057b69485e93575a5c2b1c1dde2dd297.jpeg\",\"contentUrl\":\"https:\\\/\\\/nbcs.mx\\\/wp-content\\\/uploads\\\/2018\\\/09\\\/057b69485e93575a5c2b1c1dde2dd297.jpeg\",\"width\":64,\"height\":64,\"caption\":\"NBCS Noticias\"},\"image\":{\"@id\":\"https:\\\/\\\/nbcs.mx\\\/#\\\/schema\\\/logo\\\/image\\\/\"},\"sameAs\":[\"https:\\\/\\\/www.facebook.com\\\/NBCSnoticias\",\"https:\\\/\\\/x.com\\\/NBCSnoticias\"]},{\"@type\":\"Person\",\"@id\":\"https:\\\/\\\/nbcs.mx\\\/#\\\/schema\\\/person\\\/ece58bab9a7c1e87a4d28ec9ecd79ff4\",\"name\":\"NBCS Noticias\",\"image\":{\"@type\":\"ImageObject\",\"inLanguage\":\"es\",\"@id\":\"https:\\\/\\\/secure.gravatar.com\\\/avatar\\\/4e52110cad1c4054b43271a0d14bbe9e2ea76aecd0e1097edfc670798d9ca1d4?s=96&d=blank&r=g\",\"url\":\"https:\\\/\\\/secure.gravatar.com\\\/avatar\\\/4e52110cad1c4054b43271a0d14bbe9e2ea76aecd0e1097edfc670798d9ca1d4?s=96&d=blank&r=g\",\"contentUrl\":\"https:\\\/\\\/secure.gravatar.com\\\/avatar\\\/4e52110cad1c4054b43271a0d14bbe9e2ea76aecd0e1097edfc670798d9ca1d4?s=96&d=blank&r=g\",\"caption\":\"NBCS Noticias\"},\"description\":\"\u00bfTienes fotos o video de alg\u00fan acto de posible negligencia, corrupci\u00f3n y abuso de autoridad? M\u00e1ndalo al WhatsApp de NBCS Noticias: 612 141 98 08\",\"sameAs\":[\"https:\\\/\\\/www.nbcs.mx\",\"https:\\\/\\\/www.facebook.com\\\/NBCSnoticias\",\"https:\\\/\\\/www.instagram.com\\\/nbcsnoticias\\\/\",\"https:\\\/\\\/x.com\\\/https:\\\/\\\/twitter.com\\\/NBCSnoticias\"]}]}<\/script>\n<!-- \/ Yoast SEO plugin. -->","yoast_head_json":{"title":"Sospechoso despido de personal en CEDH si Congreso aprob\u00f3 presupuesto para n\u00f3mina - NBCS Noticias","robots":{"index":"index","follow":"follow","max-snippet":"max-snippet:-1","max-image-preview":"max-image-preview:large","max-video-preview":"max-video-preview:-1"},"canonical":"https:\/\/nbcs.mx\/?p=154514","og_locale":"es_ES","og_type":"article","og_title":"Sospechoso despido de personal en CEDH si Congreso aprob\u00f3 presupuesto para n\u00f3mina - NBCS Noticias","og_description":"Debido al despido de personal, el cierre de oficinas y la falta de informaci\u00f3n al respecto, la diputada Guadalupe V\u00e1zquez","og_url":"https:\/\/nbcs.mx\/?p=154514","og_site_name":"NBCS Noticias","article_publisher":"https:\/\/www.facebook.com\/NBCSnoticias","article_author":"https:\/\/www.facebook.com\/NBCSnoticias","article_published_time":"2025-08-27T02:16:38+00:00","og_image":[{"width":725,"height":400,"url":"https:\/\/nbcs.mx\/wp-content\/uploads\/2025\/08\/CEDH.jpg","type":"image\/jpeg"}],"author":"NBCS Noticias","twitter_card":"summary_large_image","twitter_creator":"@https:\/\/twitter.com\/NBCSnoticias","twitter_site":"@NBCSnoticias","twitter_misc":{"Escrito por":"NBCS Noticias","Tiempo de lectura":"3 minutos"},"schema":{"@context":"https:\/\/schema.org","@graph":[{"@type":"Article","@id":"https:\/\/nbcs.mx\/?p=154514#article","isPartOf":{"@id":"https:\/\/nbcs.mx\/?p=154514"},"author":{"name":"NBCS Noticias","@id":"https:\/\/nbcs.mx\/#\/schema\/person\/ece58bab9a7c1e87a4d28ec9ecd79ff4"},"headline":"Sospechoso despido de personal en CEDH si Congreso aprob\u00f3 presupuesto para n\u00f3mina","datePublished":"2025-08-27T02:16:38+00:00","mainEntityOfPage":{"@id":"https:\/\/nbcs.mx\/?p=154514"},"wordCount":461,"commentCount":0,"publisher":{"@id":"https:\/\/nbcs.mx\/#organization"},"image":{"@id":"https:\/\/nbcs.mx\/?p=154514#primaryimage"},"thumbnailUrl":"https:\/\/nbcs.mx\/wp-content\/uploads\/2025\/08\/CEDH.jpg","articleSection":["Noticias"],"inLanguage":"es","potentialAction":[{"@type":"CommentAction","name":"Comment","target":["https:\/\/nbcs.mx\/?p=154514#respond"]}]},{"@type":"WebPage","@id":"https:\/\/nbcs.mx\/?p=154514","url":"https:\/\/nbcs.mx\/?p=154514","name":"Sospechoso despido de personal en CEDH si Congreso aprob\u00f3 presupuesto para n\u00f3mina - NBCS Noticias","isPartOf":{"@id":"https:\/\/nbcs.mx\/#website"},"primaryImageOfPage":{"@id":"https:\/\/nbcs.mx\/?p=154514#primaryimage"},"image":{"@id":"https:\/\/nbcs.mx\/?p=154514#primaryimage"},"thumbnailUrl":"https:\/\/nbcs.mx\/wp-content\/uploads\/2025\/08\/CEDH.jpg","datePublished":"2025-08-27T02:16:38+00:00","breadcrumb":{"@id":"https:\/\/nbcs.mx\/?p=154514#breadcrumb"},"inLanguage":"es","potentialAction":[{"@type":"ReadAction","target":["https:\/\/nbcs.mx\/?p=154514"]}]},{"@type":"ImageObject","inLanguage":"es","@id":"https:\/\/nbcs.mx\/?p=154514#primaryimage","url":"https:\/\/nbcs.mx\/wp-content\/uploads\/2025\/08\/CEDH.jpg","contentUrl":"https:\/\/nbcs.mx\/wp-content\/uploads\/2025\/08\/CEDH.jpg","width":725,"height":400},{"@type":"BreadcrumbList","@id":"https:\/\/nbcs.mx\/?p=154514#breadcrumb","itemListElement":[{"@type":"ListItem","position":1,"name":"Portada","item":"https:\/\/nbcs.mx\/"},{"@type":"ListItem","position":2,"name":"Sospechoso despido de personal en CEDH si Congreso aprob\u00f3 presupuesto para n\u00f3mina"}]},{"@type":"WebSite","@id":"https:\/\/nbcs.mx\/#website","url":"https:\/\/nbcs.mx\/","name":"NBCS Noticias","description":"Sitio web de noticias en Baja California Sur","publisher":{"@id":"https:\/\/nbcs.mx\/#organization"},"potentialAction":[{"@type":"SearchAction","target":{"@type":"EntryPoint","urlTemplate":"https:\/\/nbcs.mx\/?s={search_term_string}"},"query-input":{"@type":"PropertyValueSpecification","valueRequired":true,"valueName":"search_term_string"}}],"inLanguage":"es"},{"@type":"Organization","@id":"https:\/\/nbcs.mx\/#organization","name":"NBCS Noticias","url":"https:\/\/nbcs.mx\/","logo":{"@type":"ImageObject","inLanguage":"es","@id":"https:\/\/nbcs.mx\/#\/schema\/logo\/image\/","url":"https:\/\/nbcs.mx\/wp-content\/uploads\/2018\/09\/057b69485e93575a5c2b1c1dde2dd297.jpeg","contentUrl":"https:\/\/nbcs.mx\/wp-content\/uploads\/2018\/09\/057b69485e93575a5c2b1c1dde2dd297.jpeg","width":64,"height":64,"caption":"NBCS Noticias"},"image":{"@id":"https:\/\/nbcs.mx\/#\/schema\/logo\/image\/"},"sameAs":["https:\/\/www.facebook.com\/NBCSnoticias","https:\/\/x.com\/NBCSnoticias"]},{"@type":"Person","@id":"https:\/\/nbcs.mx\/#\/schema\/person\/ece58bab9a7c1e87a4d28ec9ecd79ff4","name":"NBCS Noticias","image":{"@type":"ImageObject","inLanguage":"es","@id":"https:\/\/secure.gravatar.com\/avatar\/4e52110cad1c4054b43271a0d14bbe9e2ea76aecd0e1097edfc670798d9ca1d4?s=96&d=blank&r=g","url":"https:\/\/secure.gravatar.com\/avatar\/4e52110cad1c4054b43271a0d14bbe9e2ea76aecd0e1097edfc670798d9ca1d4?s=96&d=blank&r=g","contentUrl":"https:\/\/secure.gravatar.com\/avatar\/4e52110cad1c4054b43271a0d14bbe9e2ea76aecd0e1097edfc670798d9ca1d4?s=96&d=blank&r=g","caption":"NBCS Noticias"},"description":"\u00bfTienes fotos o video de alg\u00fan acto de posible negligencia, corrupci\u00f3n y abuso de autoridad? M\u00e1ndalo al WhatsApp de NBCS Noticias: 612 141 98 08","sameAs":["https:\/\/www.nbcs.mx","https:\/\/www.facebook.com\/NBCSnoticias","https:\/\/www.instagram.com\/nbcsnoticias\/","https:\/\/x.com\/https:\/\/twitter.com\/NBCSnoticias"]}]}},"jetpack_publicize_connections":[],"jetpack_featured_media_url":"https:\/\/nbcs.mx\/wp-content\/uploads\/2025\/08\/CEDH.jpg","jetpack_sharing_enabled":true,"_links":{"self":[{"href":"https:\/\/nbcs.mx\/index.php?rest_route=\/wp\/v2\/posts\/154514","targetHints":{"allow":["GET"]}}],"collection":[{"href":"https:\/\/nbcs.mx\/index.php?rest_route=\/wp\/v2\/posts"}],"about":[{"href":"https:\/\/nbcs.mx\/index.php?rest_route=\/wp\/v2\/types\/post"}],"author":[{"embeddable":true,"href":"https:\/\/nbcs.mx\/index.php?rest_route=\/wp\/v2\/users\/1"}],"replies":[{"embeddable":true,"href":"https:\/\/nbcs.mx\/index.php?rest_route=%2Fwp%2Fv2%2Fcomments&post=154514"}],"version-history":[{"count":1,"href":"https:\/\/nbcs.mx\/index.php?rest_route=\/wp\/v2\/posts\/154514\/revisions"}],"predecessor-version":[{"id":154516,"href":"https:\/\/nbcs.mx\/index.php?rest_route=\/wp\/v2\/posts\/154514\/revisions\/154516"}],"wp:featuredmedia":[{"embeddable":true,"href":"https:\/\/nbcs.mx\/index.php?rest_route=\/wp\/v2\/media\/154515"}],"wp:attachment":[{"href":"https:\/\/nbcs.mx\/index.php?rest_route=%2Fwp%2Fv2%2Fmedia&parent=154514"}],"wp:term":[{"taxonomy":"category","embeddable":true,"href":"https:\/\/nbcs.mx\/index.php?rest_route=%2Fwp%2Fv2%2Fcategories&post=154514"},{"taxonomy":"post_tag","embeddable":true,"href":"https:\/\/nbcs.mx\/index.php?rest_route=%2Fwp%2Fv2%2Ftags&post=154514"}],"curies":[{"name":"wp","href":"https:\/\/api.w.org\/{rel}","templated":true}]}}