{"id":154700,"date":"2025-08-30T10:01:04","date_gmt":"2025-08-30T16:01:04","guid":{"rendered":"https:\/\/nbcs.mx\/?p=154700"},"modified":"2025-08-30T10:01:04","modified_gmt":"2025-08-30T16:01:04","slug":"mas-de-152-mil-alumnos-de-educacion-basica-inician-clases-el-lunes","status":"publish","type":"post","link":"https:\/\/nbcs.mx\/?p=154700","title":{"rendered":"M\u00e1s de 152 mil alumnos de educaci\u00f3n b\u00e1sica inician clases el lunes"},"content":{"rendered":"<p style=\"text-align: justify;\"><img loading=\"lazy\" decoding=\"async\" class=\" wp-image-39144 alignleft\" src=\"https:\/\/nbcs.mx\/wp-content\/uploads\/2019\/01\/RegresoClases-755x424.jpg\" alt=\"\" width=\"401\" height=\"225\" srcset=\"https:\/\/nbcs.mx\/wp-content\/uploads\/2019\/01\/RegresoClases-755x424.jpg 755w, https:\/\/nbcs.mx\/wp-content\/uploads\/2019\/01\/RegresoClases-150x84.jpg 150w, https:\/\/nbcs.mx\/wp-content\/uploads\/2019\/01\/RegresoClases-768x431.jpg 768w, https:\/\/nbcs.mx\/wp-content\/uploads\/2019\/01\/RegresoClases.jpg 1024w, https:\/\/nbcs.mx\/wp-content\/uploads\/2019\/01\/RegresoClases-600x337.jpg 600w\" sizes=\"auto, (max-width: 401px) 100vw, 401px\" \/>El pr\u00f3ximo lunes 1\u00ba de septiembre, m\u00e1s de 152 mil alumnos de educaci\u00f3n b\u00e1sica iniciar\u00e1n clases en el ciclo escolar 2025-2026, inform\u00f3 la titular de la Secretar\u00eda de Educaci\u00f3n P\u00fablica (SEP) de Baja California Sur, Alicia Meza Osuna.<\/p>\n<p style=\"text-align: justify;\">Dijo que adem\u00e1s, tambi\u00e9n comenzar\u00e1 la actividad en el nivel medio superior, con unos 42 mil estudiantes, que junto con los 30 mil del nivel superior, que ya arrancaron actividad, en total se conformar\u00e1 una poblaci\u00f3n estudiantil de alrededor de 220 mil alumnos que estar\u00e1n en clases en la entidad.<\/p>\n<p style=\"text-align: justify;\">Se\u00f1al\u00f3 que de esta manera, cerca del 30% de la poblaci\u00f3n del Estado se encontrar\u00e1 cursando alg\u00fan nivel educativo, lo cual significa un n\u00famero importante de ni\u00f1os y j\u00f3venes.<\/p>\n<p style=\"text-align: justify;\">Record\u00f3 que la educaci\u00f3n b\u00e1sica conforma la mayor parte de la poblaci\u00f3n estudiantil de la entidad, ya que comprende educaci\u00f3n inicial, preescolar, primaria y secundaria.<\/p>\n<p style=\"text-align: justify;\">Mencion\u00f3 que para este sector ya empez\u00f3 la la distribuci\u00f3n de m\u00e1s de un mill\u00f3n de los respectivos libros de texto gratuitos, que deber\u00e1n estar en manos de los alumnos en el momento en que inicien las clases el lunes pr\u00f3ximo.<\/p>\n<p style=\"text-align: justify;\">Igualmente apunt\u00f3 que ya se entregan los 130 mil vales de \u00fatiles y uniformes escolares, que implican una derrama econ\u00f3mica de m\u00e1s de 70 millones de pesos, para preescolar, primaria y secundaria, m\u00e1s la beca \u201cRita Cetina\u201d del gobierno federal.<\/p>\n<p style=\"text-align: justify;\">De esta manera, a partir del lunes la movilidad se incrementar\u00e1 considerablemente en las calles de la ciudad, principalmente en las horas pico, por lo cual volver\u00e1n las aglomeraciones en las afueras de los planteles, y los embotellamientos en algunas avenidas. (Por: Arturo Nieves).<\/p>\n","protected":false},"excerpt":{"rendered":"<p>El pr\u00f3ximo lunes 1\u00ba de septiembre, m\u00e1s de 152 mil alumnos de educaci\u00f3n b\u00e1sica iniciar\u00e1n clases en el ciclo escolar<\/p>\n","protected":false},"author":1,"featured_media":39144,"comment_status":"open","ping_status":"closed","sticky":false,"template":"","format":"standard","meta":{"colormag_page_container_layout":"default_layout","colormag_page_sidebar_layout":"default_layout","_jetpack_memberships_contains_paid_content":false,"footnotes":"","jetpack_publicize_message":"","jetpack_publicize_feature_enabled":true,"jetpack_social_post_already_shared":true,"jetpack_social_options":{"image_generator_settings":{"template":"highway","default_image_id":0,"font":"","enabled":false},"version":2}},"categories":[1],"tags":[],"class_list":["post-154700","post","type-post","status-publish","format-standard","has-post-thumbnail","hentry","category-noticias"],"yoast_head":"<!-- This site is optimized with the Yoast SEO plugin v27.5 - https:\/\/yoast.com\/product\/yoast-seo-wordpress\/ -->\n<title>M\u00e1s de 152 mil alumnos de educaci\u00f3n b\u00e1sica inician clases el lunes - NBCS Noticias<\/title>\n<meta name=\"robots\" content=\"index, follow, max-snippet:-1, max-image-preview:large, max-video-preview:-1\" \/>\n<link rel=\"canonical\" href=\"https:\/\/nbcs.mx\/?p=154700\" \/>\n<meta property=\"og:locale\" content=\"es_ES\" \/>\n<meta property=\"og:type\" content=\"article\" \/>\n<meta property=\"og:title\" content=\"M\u00e1s de 152 mil alumnos de educaci\u00f3n b\u00e1sica inician clases el lunes - NBCS Noticias\" \/>\n<meta property=\"og:description\" content=\"El pr\u00f3ximo lunes 1\u00ba de septiembre, m\u00e1s de 152 mil alumnos de educaci\u00f3n b\u00e1sica iniciar\u00e1n clases en el ciclo escolar\" \/>\n<meta property=\"og:url\" content=\"https:\/\/nbcs.mx\/?p=154700\" \/>\n<meta property=\"og:site_name\" content=\"NBCS Noticias\" \/>\n<meta property=\"article:publisher\" content=\"https:\/\/www.facebook.com\/NBCSnoticias\" \/>\n<meta property=\"article:author\" content=\"https:\/\/www.facebook.com\/NBCSnoticias\" \/>\n<meta property=\"article:published_time\" content=\"2025-08-30T16:01:04+00:00\" \/>\n<meta property=\"og:image\" content=\"https:\/\/nbcs.mx\/wp-content\/uploads\/2019\/01\/RegresoClases.jpg\" \/>\n\t<meta property=\"og:image:width\" content=\"1024\" \/>\n\t<meta property=\"og:image:height\" content=\"575\" \/>\n\t<meta property=\"og:image:type\" content=\"image\/jpeg\" \/>\n<meta name=\"author\" content=\"NBCS Noticias\" \/>\n<meta name=\"twitter:card\" content=\"summary_large_image\" \/>\n<meta name=\"twitter:creator\" content=\"@https:\/\/twitter.com\/NBCSnoticias\" \/>\n<meta name=\"twitter:site\" content=\"@NBCSnoticias\" \/>\n<meta name=\"twitter:label1\" content=\"Escrito por\" \/>\n\t<meta name=\"twitter:data1\" content=\"NBCS Noticias\" \/>\n\t<meta name=\"twitter:label2\" content=\"Tiempo de lectura\" \/>\n\t<meta name=\"twitter:data2\" content=\"2 minutos\" \/>\n<script type=\"application\/ld+json\" class=\"yoast-schema-graph\">{\"@context\":\"https:\\\/\\\/schema.org\",\"@graph\":[{\"@type\":\"Article\",\"@id\":\"https:\\\/\\\/nbcs.mx\\\/?p=154700#article\",\"isPartOf\":{\"@id\":\"https:\\\/\\\/nbcs.mx\\\/?p=154700\"},\"author\":{\"name\":\"NBCS Noticias\",\"@id\":\"https:\\\/\\\/nbcs.mx\\\/#\\\/schema\\\/person\\\/ece58bab9a7c1e87a4d28ec9ecd79ff4\"},\"headline\":\"M\u00e1s de 152 mil alumnos de educaci\u00f3n b\u00e1sica inician clases el lunes\",\"datePublished\":\"2025-08-30T16:01:04+00:00\",\"mainEntityOfPage\":{\"@id\":\"https:\\\/\\\/nbcs.mx\\\/?p=154700\"},\"wordCount\":304,\"commentCount\":0,\"publisher\":{\"@id\":\"https:\\\/\\\/nbcs.mx\\\/#organization\"},\"image\":{\"@id\":\"https:\\\/\\\/nbcs.mx\\\/?p=154700#primaryimage\"},\"thumbnailUrl\":\"https:\\\/\\\/nbcs.mx\\\/wp-content\\\/uploads\\\/2019\\\/01\\\/RegresoClases.jpg\",\"articleSection\":[\"Noticias\"],\"inLanguage\":\"es\",\"potentialAction\":[{\"@type\":\"CommentAction\",\"name\":\"Comment\",\"target\":[\"https:\\\/\\\/nbcs.mx\\\/?p=154700#respond\"]}]},{\"@type\":\"WebPage\",\"@id\":\"https:\\\/\\\/nbcs.mx\\\/?p=154700\",\"url\":\"https:\\\/\\\/nbcs.mx\\\/?p=154700\",\"name\":\"M\u00e1s de 152 mil alumnos de educaci\u00f3n b\u00e1sica inician clases el lunes - NBCS Noticias\",\"isPartOf\":{\"@id\":\"https:\\\/\\\/nbcs.mx\\\/#website\"},\"primaryImageOfPage\":{\"@id\":\"https:\\\/\\\/nbcs.mx\\\/?p=154700#primaryimage\"},\"image\":{\"@id\":\"https:\\\/\\\/nbcs.mx\\\/?p=154700#primaryimage\"},\"thumbnailUrl\":\"https:\\\/\\\/nbcs.mx\\\/wp-content\\\/uploads\\\/2019\\\/01\\\/RegresoClases.jpg\",\"datePublished\":\"2025-08-30T16:01:04+00:00\",\"breadcrumb\":{\"@id\":\"https:\\\/\\\/nbcs.mx\\\/?p=154700#breadcrumb\"},\"inLanguage\":\"es\",\"potentialAction\":[{\"@type\":\"ReadAction\",\"target\":[\"https:\\\/\\\/nbcs.mx\\\/?p=154700\"]}]},{\"@type\":\"ImageObject\",\"inLanguage\":\"es\",\"@id\":\"https:\\\/\\\/nbcs.mx\\\/?p=154700#primaryimage\",\"url\":\"https:\\\/\\\/nbcs.mx\\\/wp-content\\\/uploads\\\/2019\\\/01\\\/RegresoClases.jpg\",\"contentUrl\":\"https:\\\/\\\/nbcs.mx\\\/wp-content\\\/uploads\\\/2019\\\/01\\\/RegresoClases.jpg\",\"width\":1024,\"height\":575},{\"@type\":\"BreadcrumbList\",\"@id\":\"https:\\\/\\\/nbcs.mx\\\/?p=154700#breadcrumb\",\"itemListElement\":[{\"@type\":\"ListItem\",\"position\":1,\"name\":\"Portada\",\"item\":\"https:\\\/\\\/nbcs.mx\\\/\"},{\"@type\":\"ListItem\",\"position\":2,\"name\":\"M\u00e1s de 152 mil alumnos de educaci\u00f3n b\u00e1sica inician clases el lunes\"}]},{\"@type\":\"WebSite\",\"@id\":\"https:\\\/\\\/nbcs.mx\\\/#website\",\"url\":\"https:\\\/\\\/nbcs.mx\\\/\",\"name\":\"NBCS Noticias\",\"description\":\"Sitio web de noticias en Baja California Sur\",\"publisher\":{\"@id\":\"https:\\\/\\\/nbcs.mx\\\/#organization\"},\"potentialAction\":[{\"@type\":\"SearchAction\",\"target\":{\"@type\":\"EntryPoint\",\"urlTemplate\":\"https:\\\/\\\/nbcs.mx\\\/?s={search_term_string}\"},\"query-input\":{\"@type\":\"PropertyValueSpecification\",\"valueRequired\":true,\"valueName\":\"search_term_string\"}}],\"inLanguage\":\"es\"},{\"@type\":\"Organization\",\"@id\":\"https:\\\/\\\/nbcs.mx\\\/#organization\",\"name\":\"NBCS Noticias\",\"url\":\"https:\\\/\\\/nbcs.mx\\\/\",\"logo\":{\"@type\":\"ImageObject\",\"inLanguage\":\"es\",\"@id\":\"https:\\\/\\\/nbcs.mx\\\/#\\\/schema\\\/logo\\\/image\\\/\",\"url\":\"https:\\\/\\\/nbcs.mx\\\/wp-content\\\/uploads\\\/2018\\\/09\\\/057b69485e93575a5c2b1c1dde2dd297.jpeg\",\"contentUrl\":\"https:\\\/\\\/nbcs.mx\\\/wp-content\\\/uploads\\\/2018\\\/09\\\/057b69485e93575a5c2b1c1dde2dd297.jpeg\",\"width\":64,\"height\":64,\"caption\":\"NBCS Noticias\"},\"image\":{\"@id\":\"https:\\\/\\\/nbcs.mx\\\/#\\\/schema\\\/logo\\\/image\\\/\"},\"sameAs\":[\"https:\\\/\\\/www.facebook.com\\\/NBCSnoticias\",\"https:\\\/\\\/x.com\\\/NBCSnoticias\"]},{\"@type\":\"Person\",\"@id\":\"https:\\\/\\\/nbcs.mx\\\/#\\\/schema\\\/person\\\/ece58bab9a7c1e87a4d28ec9ecd79ff4\",\"name\":\"NBCS Noticias\",\"image\":{\"@type\":\"ImageObject\",\"inLanguage\":\"es\",\"@id\":\"https:\\\/\\\/secure.gravatar.com\\\/avatar\\\/4e52110cad1c4054b43271a0d14bbe9e2ea76aecd0e1097edfc670798d9ca1d4?s=96&d=blank&r=g\",\"url\":\"https:\\\/\\\/secure.gravatar.com\\\/avatar\\\/4e52110cad1c4054b43271a0d14bbe9e2ea76aecd0e1097edfc670798d9ca1d4?s=96&d=blank&r=g\",\"contentUrl\":\"https:\\\/\\\/secure.gravatar.com\\\/avatar\\\/4e52110cad1c4054b43271a0d14bbe9e2ea76aecd0e1097edfc670798d9ca1d4?s=96&d=blank&r=g\",\"caption\":\"NBCS Noticias\"},\"description\":\"\u00bfTienes fotos o video de alg\u00fan acto de posible negligencia, corrupci\u00f3n y abuso de autoridad? M\u00e1ndalo al WhatsApp de NBCS Noticias: 612 141 98 08\",\"sameAs\":[\"https:\\\/\\\/www.nbcs.mx\",\"https:\\\/\\\/www.facebook.com\\\/NBCSnoticias\",\"https:\\\/\\\/www.instagram.com\\\/nbcsnoticias\\\/\",\"https:\\\/\\\/x.com\\\/https:\\\/\\\/twitter.com\\\/NBCSnoticias\"]}]}<\/script>\n<!-- \/ Yoast SEO plugin. -->","yoast_head_json":{"title":"M\u00e1s de 152 mil alumnos de educaci\u00f3n b\u00e1sica inician clases el lunes - NBCS Noticias","robots":{"index":"index","follow":"follow","max-snippet":"max-snippet:-1","max-image-preview":"max-image-preview:large","max-video-preview":"max-video-preview:-1"},"canonical":"https:\/\/nbcs.mx\/?p=154700","og_locale":"es_ES","og_type":"article","og_title":"M\u00e1s de 152 mil alumnos de educaci\u00f3n b\u00e1sica inician clases el lunes - NBCS Noticias","og_description":"El pr\u00f3ximo lunes 1\u00ba de septiembre, m\u00e1s de 152 mil alumnos de educaci\u00f3n b\u00e1sica iniciar\u00e1n clases en el ciclo escolar","og_url":"https:\/\/nbcs.mx\/?p=154700","og_site_name":"NBCS Noticias","article_publisher":"https:\/\/www.facebook.com\/NBCSnoticias","article_author":"https:\/\/www.facebook.com\/NBCSnoticias","article_published_time":"2025-08-30T16:01:04+00:00","og_image":[{"width":1024,"height":575,"url":"https:\/\/nbcs.mx\/wp-content\/uploads\/2019\/01\/RegresoClases.jpg","type":"image\/jpeg"}],"author":"NBCS Noticias","twitter_card":"summary_large_image","twitter_creator":"@https:\/\/twitter.com\/NBCSnoticias","twitter_site":"@NBCSnoticias","twitter_misc":{"Escrito por":"NBCS Noticias","Tiempo de lectura":"2 minutos"},"schema":{"@context":"https:\/\/schema.org","@graph":[{"@type":"Article","@id":"https:\/\/nbcs.mx\/?p=154700#article","isPartOf":{"@id":"https:\/\/nbcs.mx\/?p=154700"},"author":{"name":"NBCS Noticias","@id":"https:\/\/nbcs.mx\/#\/schema\/person\/ece58bab9a7c1e87a4d28ec9ecd79ff4"},"headline":"M\u00e1s de 152 mil alumnos de educaci\u00f3n b\u00e1sica inician clases el lunes","datePublished":"2025-08-30T16:01:04+00:00","mainEntityOfPage":{"@id":"https:\/\/nbcs.mx\/?p=154700"},"wordCount":304,"commentCount":0,"publisher":{"@id":"https:\/\/nbcs.mx\/#organization"},"image":{"@id":"https:\/\/nbcs.mx\/?p=154700#primaryimage"},"thumbnailUrl":"https:\/\/nbcs.mx\/wp-content\/uploads\/2019\/01\/RegresoClases.jpg","articleSection":["Noticias"],"inLanguage":"es","potentialAction":[{"@type":"CommentAction","name":"Comment","target":["https:\/\/nbcs.mx\/?p=154700#respond"]}]},{"@type":"WebPage","@id":"https:\/\/nbcs.mx\/?p=154700","url":"https:\/\/nbcs.mx\/?p=154700","name":"M\u00e1s de 152 mil alumnos de educaci\u00f3n b\u00e1sica inician clases el lunes - NBCS Noticias","isPartOf":{"@id":"https:\/\/nbcs.mx\/#website"},"primaryImageOfPage":{"@id":"https:\/\/nbcs.mx\/?p=154700#primaryimage"},"image":{"@id":"https:\/\/nbcs.mx\/?p=154700#primaryimage"},"thumbnailUrl":"https:\/\/nbcs.mx\/wp-content\/uploads\/2019\/01\/RegresoClases.jpg","datePublished":"2025-08-30T16:01:04+00:00","breadcrumb":{"@id":"https:\/\/nbcs.mx\/?p=154700#breadcrumb"},"inLanguage":"es","potentialAction":[{"@type":"ReadAction","target":["https:\/\/nbcs.mx\/?p=154700"]}]},{"@type":"ImageObject","inLanguage":"es","@id":"https:\/\/nbcs.mx\/?p=154700#primaryimage","url":"https:\/\/nbcs.mx\/wp-content\/uploads\/2019\/01\/RegresoClases.jpg","contentUrl":"https:\/\/nbcs.mx\/wp-content\/uploads\/2019\/01\/RegresoClases.jpg","width":1024,"height":575},{"@type":"BreadcrumbList","@id":"https:\/\/nbcs.mx\/?p=154700#breadcrumb","itemListElement":[{"@type":"ListItem","position":1,"name":"Portada","item":"https:\/\/nbcs.mx\/"},{"@type":"ListItem","position":2,"name":"M\u00e1s de 152 mil alumnos de educaci\u00f3n b\u00e1sica inician clases el lunes"}]},{"@type":"WebSite","@id":"https:\/\/nbcs.mx\/#website","url":"https:\/\/nbcs.mx\/","name":"NBCS Noticias","description":"Sitio web de noticias en Baja California Sur","publisher":{"@id":"https:\/\/nbcs.mx\/#organization"},"potentialAction":[{"@type":"SearchAction","target":{"@type":"EntryPoint","urlTemplate":"https:\/\/nbcs.mx\/?s={search_term_string}"},"query-input":{"@type":"PropertyValueSpecification","valueRequired":true,"valueName":"search_term_string"}}],"inLanguage":"es"},{"@type":"Organization","@id":"https:\/\/nbcs.mx\/#organization","name":"NBCS Noticias","url":"https:\/\/nbcs.mx\/","logo":{"@type":"ImageObject","inLanguage":"es","@id":"https:\/\/nbcs.mx\/#\/schema\/logo\/image\/","url":"https:\/\/nbcs.mx\/wp-content\/uploads\/2018\/09\/057b69485e93575a5c2b1c1dde2dd297.jpeg","contentUrl":"https:\/\/nbcs.mx\/wp-content\/uploads\/2018\/09\/057b69485e93575a5c2b1c1dde2dd297.jpeg","width":64,"height":64,"caption":"NBCS Noticias"},"image":{"@id":"https:\/\/nbcs.mx\/#\/schema\/logo\/image\/"},"sameAs":["https:\/\/www.facebook.com\/NBCSnoticias","https:\/\/x.com\/NBCSnoticias"]},{"@type":"Person","@id":"https:\/\/nbcs.mx\/#\/schema\/person\/ece58bab9a7c1e87a4d28ec9ecd79ff4","name":"NBCS Noticias","image":{"@type":"ImageObject","inLanguage":"es","@id":"https:\/\/secure.gravatar.com\/avatar\/4e52110cad1c4054b43271a0d14bbe9e2ea76aecd0e1097edfc670798d9ca1d4?s=96&d=blank&r=g","url":"https:\/\/secure.gravatar.com\/avatar\/4e52110cad1c4054b43271a0d14bbe9e2ea76aecd0e1097edfc670798d9ca1d4?s=96&d=blank&r=g","contentUrl":"https:\/\/secure.gravatar.com\/avatar\/4e52110cad1c4054b43271a0d14bbe9e2ea76aecd0e1097edfc670798d9ca1d4?s=96&d=blank&r=g","caption":"NBCS Noticias"},"description":"\u00bfTienes fotos o video de alg\u00fan acto de posible negligencia, corrupci\u00f3n y abuso de autoridad? M\u00e1ndalo al WhatsApp de NBCS Noticias: 612 141 98 08","sameAs":["https:\/\/www.nbcs.mx","https:\/\/www.facebook.com\/NBCSnoticias","https:\/\/www.instagram.com\/nbcsnoticias\/","https:\/\/x.com\/https:\/\/twitter.com\/NBCSnoticias"]}]}},"jetpack_publicize_connections":[],"jetpack_featured_media_url":"https:\/\/nbcs.mx\/wp-content\/uploads\/2019\/01\/RegresoClases.jpg","jetpack_sharing_enabled":true,"_links":{"self":[{"href":"https:\/\/nbcs.mx\/index.php?rest_route=\/wp\/v2\/posts\/154700","targetHints":{"allow":["GET"]}}],"collection":[{"href":"https:\/\/nbcs.mx\/index.php?rest_route=\/wp\/v2\/posts"}],"about":[{"href":"https:\/\/nbcs.mx\/index.php?rest_route=\/wp\/v2\/types\/post"}],"author":[{"embeddable":true,"href":"https:\/\/nbcs.mx\/index.php?rest_route=\/wp\/v2\/users\/1"}],"replies":[{"embeddable":true,"href":"https:\/\/nbcs.mx\/index.php?rest_route=%2Fwp%2Fv2%2Fcomments&post=154700"}],"version-history":[{"count":1,"href":"https:\/\/nbcs.mx\/index.php?rest_route=\/wp\/v2\/posts\/154700\/revisions"}],"predecessor-version":[{"id":154701,"href":"https:\/\/nbcs.mx\/index.php?rest_route=\/wp\/v2\/posts\/154700\/revisions\/154701"}],"wp:featuredmedia":[{"embeddable":true,"href":"https:\/\/nbcs.mx\/index.php?rest_route=\/wp\/v2\/media\/39144"}],"wp:attachment":[{"href":"https:\/\/nbcs.mx\/index.php?rest_route=%2Fwp%2Fv2%2Fmedia&parent=154700"}],"wp:term":[{"taxonomy":"category","embeddable":true,"href":"https:\/\/nbcs.mx\/index.php?rest_route=%2Fwp%2Fv2%2Fcategories&post=154700"},{"taxonomy":"post_tag","embeddable":true,"href":"https:\/\/nbcs.mx\/index.php?rest_route=%2Fwp%2Fv2%2Ftags&post=154700"}],"curies":[{"name":"wp","href":"https:\/\/api.w.org\/{rel}","templated":true}]}}