{"id":154801,"date":"2025-09-01T15:41:35","date_gmt":"2025-09-01T21:41:35","guid":{"rendered":"https:\/\/nbcs.mx\/?p=154801"},"modified":"2025-09-01T15:41:35","modified_gmt":"2025-09-01T21:41:35","slug":"reitero-nuestra-gratitud-por-la-confianza-que-me-fue-depositada-suscribiendonos-a-sus-ordenes-y-deseando-exito-a-la-mesa-directiva-alondra-torres-garcia","status":"publish","type":"post","link":"https:\/\/nbcs.mx\/?p=154801","title":{"rendered":"\u201cReitero nuestra gratitud por la confianza que me fue depositada, suscribi\u00e9ndonos a sus \u00f3rdenes y deseando \u00e9xito a la Mesa Directiva\u201d, Alondra Torres Garc\u00eda"},"content":{"rendered":"<div>\n<p class=\"LO-normal\" style=\"text-align: justify;\"><span lang=\"ES\"><img loading=\"lazy\" decoding=\"async\" class=\" wp-image-154802 alignleft\" src=\"https:\/\/nbcs.mx\/wp-content\/uploads\/2025\/09\/CLAUSURA-DIP-PERMANENTE-250901-1-739x492.jpg\" alt=\"\" width=\"394\" height=\"262\" srcset=\"https:\/\/nbcs.mx\/wp-content\/uploads\/2025\/09\/CLAUSURA-DIP-PERMANENTE-250901-1-739x492.jpg 739w, https:\/\/nbcs.mx\/wp-content\/uploads\/2025\/09\/CLAUSURA-DIP-PERMANENTE-250901-1-1024x681.jpg 1024w, https:\/\/nbcs.mx\/wp-content\/uploads\/2025\/09\/CLAUSURA-DIP-PERMANENTE-250901-1-150x100.jpg 150w, https:\/\/nbcs.mx\/wp-content\/uploads\/2025\/09\/CLAUSURA-DIP-PERMANENTE-250901-1-768x511.jpg 768w, https:\/\/nbcs.mx\/wp-content\/uploads\/2025\/09\/CLAUSURA-DIP-PERMANENTE-250901-1-1536x1022.jpg 1536w, https:\/\/nbcs.mx\/wp-content\/uploads\/2025\/09\/CLAUSURA-DIP-PERMANENTE-250901-1-2048x1363.jpg 2048w\" sizes=\"auto, (max-width: 394px) 100vw, 394px\" \/>Teniendo como sede la Sala de Comisiones Lic. Armando Aguilar Paniagua, este lunes 1 de septiembre se llev\u00f3 a cabo la Sesi\u00f3n P\u00fablica Solemne de Clausura de la Diputaci\u00f3n Permanente, bajo la presidencia de la Diputada Alondra Torres Garc\u00eda, as\u00ed como de la Diputada Gabriela Montoya Terrazas, secretaria y del \u00a0Diputado Sergio Polanco Salaices, secretario.<\/span><\/p>\n<\/div>\n<div style=\"text-align: justify;\">\n<p class=\"LO-normal\"><span lang=\"ES\">\u00a0<\/span><\/p>\n<\/div>\n<div style=\"text-align: justify;\">\n<p class=\"LO-normal\"><span lang=\"ES\">Posteriormente la Mesa Directiva de la Diputaci\u00f3n Permanente a nombre de su presidenta, diputada Alondra Torres Garc\u00eda, present\u00f3 al pleno el informe de los trabajos legislativos realizados durante la Diputaci\u00f3n Permanente del Segundo Periodo de Receso; siendo un total de cinco comunicaciones oficiales, una solicitud de particulares, quince pronunciamientos, cuatro proposiciones con punto de acuerdo, catorce iniciativas con proyecto de decreto, dos iniciativas del poder ejecutivo del estado, dos iniciativas de los ayuntamientos, todas turnadas a las\u00a0 comisiones correspondientes para los efectos de tr\u00e1mite parlamentario. As\u00ed mismo se emiti\u00f3 una convocatoria a periodo extraordinario de sesiones, y se\u00a0 emitieron tres decretos con los siguientes temas: Reforma a diversos tabuladores del Presupuesto de Egresos del Ejercicio 2025; Reforma y adici\u00f3n a la Constituci\u00f3n Pol\u00edtica del Estado Libre y Soberano de Baja California Sur en materia de nepotismo electoral y no reelecci\u00f3n, y convocatoria a Primer Periodo Extraordinario\u00a0 de Sesiones.<\/span><\/p>\n<\/div>\n<div style=\"text-align: justify;\">\n<p class=\"LO-normal\"><span lang=\"ES\">\u00a0 <\/span><\/p>\n<\/div>\n<div style=\"text-align: justify;\">\n<p class=\"LO-normal\"><span lang=\"ES\">Siendo as\u00ed que, durante el periodo de ejercicio de la diputaci\u00f3n permanente se celebr\u00f3 un total de ocho sesiones ordinarias; dos extraordinaria y dos sesiones solemnes, el 30 de julio de 2025, para llevar a cabo la instalaci\u00f3n de la diputaci\u00f3n permanente, y la propia de este 01 de septiembre del a\u00f1o en curso correspondiente a la Clausura del Periodo; celebrando adem\u00e1s dos sesiones extraordinarias, para un total de doce sesiones.<\/span><\/p>\n<\/div>\n<div style=\"text-align: justify;\">\n<p class=\"LO-normal\"><span lang=\"ES\">\u00a0<\/span><\/p>\n<\/div>\n<div>\n<p class=\"LO-normal\" style=\"text-align: justify;\"><span lang=\"ES\">Concluy\u00f3 al manifestar que en su calidad de Presidenta del Congreso del Estado, atendi\u00f3 eventos convocados por el Ejecutivo Estatal, los y las presidentas de los municipios de la entidad, autoridades militares, sectores sociales y acad\u00e9micos, funcionarios federales y secretarios de estado de los diversos ramos.<\/span><\/p>\n<\/div>\n","protected":false},"excerpt":{"rendered":"<p>Teniendo como sede la Sala de Comisiones Lic. Armando Aguilar Paniagua, este lunes 1 de septiembre se llev\u00f3 a cabo<\/p>\n","protected":false},"author":1,"featured_media":154802,"comment_status":"open","ping_status":"closed","sticky":false,"template":"","format":"standard","meta":{"colormag_page_container_layout":"default_layout","colormag_page_sidebar_layout":"default_layout","_jetpack_memberships_contains_paid_content":false,"footnotes":"","jetpack_publicize_message":"","jetpack_publicize_feature_enabled":true,"jetpack_social_post_already_shared":true,"jetpack_social_options":{"image_generator_settings":{"template":"highway","default_image_id":0,"font":"","enabled":false},"version":2}},"categories":[48],"tags":[],"class_list":["post-154801","post","type-post","status-publish","format-standard","has-post-thumbnail","hentry","category-congreso-de-bcs"],"yoast_head":"<!-- This site is optimized with the Yoast SEO plugin v27.5 - https:\/\/yoast.com\/product\/yoast-seo-wordpress\/ -->\n<title>\u201cReitero nuestra gratitud por la confianza que me fue depositada, suscribi\u00e9ndonos a sus \u00f3rdenes y deseando \u00e9xito a la Mesa Directiva\u201d, Alondra Torres Garc\u00eda - NBCS Noticias<\/title>\n<meta name=\"robots\" content=\"index, follow, max-snippet:-1, max-image-preview:large, max-video-preview:-1\" \/>\n<link rel=\"canonical\" href=\"https:\/\/nbcs.mx\/?p=154801\" \/>\n<meta property=\"og:locale\" content=\"es_ES\" \/>\n<meta property=\"og:type\" content=\"article\" \/>\n<meta property=\"og:title\" content=\"\u201cReitero nuestra gratitud por la confianza que me fue depositada, suscribi\u00e9ndonos a sus \u00f3rdenes y deseando \u00e9xito a la Mesa Directiva\u201d, Alondra Torres Garc\u00eda - NBCS Noticias\" \/>\n<meta property=\"og:description\" content=\"Teniendo como sede la Sala de Comisiones Lic. Armando Aguilar Paniagua, este lunes 1 de septiembre se llev\u00f3 a cabo\" \/>\n<meta property=\"og:url\" content=\"https:\/\/nbcs.mx\/?p=154801\" \/>\n<meta property=\"og:site_name\" content=\"NBCS Noticias\" \/>\n<meta property=\"article:publisher\" content=\"https:\/\/www.facebook.com\/NBCSnoticias\" \/>\n<meta property=\"article:author\" content=\"https:\/\/www.facebook.com\/NBCSnoticias\" \/>\n<meta property=\"article:published_time\" content=\"2025-09-01T21:41:35+00:00\" \/>\n<meta property=\"og:image\" content=\"https:\/\/nbcs.mx\/wp-content\/uploads\/2025\/09\/CLAUSURA-DIP-PERMANENTE-250901-1-scaled.jpg\" \/>\n\t<meta property=\"og:image:width\" content=\"2560\" \/>\n\t<meta property=\"og:image:height\" content=\"1703\" \/>\n\t<meta property=\"og:image:type\" content=\"image\/jpeg\" \/>\n<meta name=\"author\" content=\"NBCS Noticias\" \/>\n<meta name=\"twitter:card\" content=\"summary_large_image\" \/>\n<meta name=\"twitter:creator\" content=\"@https:\/\/twitter.com\/NBCSnoticias\" \/>\n<meta name=\"twitter:site\" content=\"@NBCSnoticias\" \/>\n<meta name=\"twitter:label1\" content=\"Escrito por\" \/>\n\t<meta name=\"twitter:data1\" content=\"NBCS Noticias\" \/>\n\t<meta name=\"twitter:label2\" content=\"Tiempo de lectura\" \/>\n\t<meta name=\"twitter:data2\" content=\"2 minutos\" \/>\n<script type=\"application\/ld+json\" class=\"yoast-schema-graph\">{\"@context\":\"https:\\\/\\\/schema.org\",\"@graph\":[{\"@type\":\"Article\",\"@id\":\"https:\\\/\\\/nbcs.mx\\\/?p=154801#article\",\"isPartOf\":{\"@id\":\"https:\\\/\\\/nbcs.mx\\\/?p=154801\"},\"author\":{\"name\":\"NBCS Noticias\",\"@id\":\"https:\\\/\\\/nbcs.mx\\\/#\\\/schema\\\/person\\\/ece58bab9a7c1e87a4d28ec9ecd79ff4\"},\"headline\":\"\u201cReitero nuestra gratitud por la confianza que me fue depositada, suscribi\u00e9ndonos a sus \u00f3rdenes y deseando \u00e9xito a la Mesa Directiva\u201d, Alondra Torres Garc\u00eda\",\"datePublished\":\"2025-09-01T21:41:35+00:00\",\"mainEntityOfPage\":{\"@id\":\"https:\\\/\\\/nbcs.mx\\\/?p=154801\"},\"wordCount\":359,\"commentCount\":0,\"publisher\":{\"@id\":\"https:\\\/\\\/nbcs.mx\\\/#organization\"},\"image\":{\"@id\":\"https:\\\/\\\/nbcs.mx\\\/?p=154801#primaryimage\"},\"thumbnailUrl\":\"https:\\\/\\\/nbcs.mx\\\/wp-content\\\/uploads\\\/2025\\\/09\\\/CLAUSURA-DIP-PERMANENTE-250901-1-scaled.jpg\",\"articleSection\":[\"Congreso de BCS\"],\"inLanguage\":\"es\",\"potentialAction\":[{\"@type\":\"CommentAction\",\"name\":\"Comment\",\"target\":[\"https:\\\/\\\/nbcs.mx\\\/?p=154801#respond\"]}]},{\"@type\":\"WebPage\",\"@id\":\"https:\\\/\\\/nbcs.mx\\\/?p=154801\",\"url\":\"https:\\\/\\\/nbcs.mx\\\/?p=154801\",\"name\":\"\u201cReitero nuestra gratitud por la confianza que me fue depositada, suscribi\u00e9ndonos a sus \u00f3rdenes y deseando \u00e9xito a la Mesa Directiva\u201d, Alondra Torres Garc\u00eda - NBCS Noticias\",\"isPartOf\":{\"@id\":\"https:\\\/\\\/nbcs.mx\\\/#website\"},\"primaryImageOfPage\":{\"@id\":\"https:\\\/\\\/nbcs.mx\\\/?p=154801#primaryimage\"},\"image\":{\"@id\":\"https:\\\/\\\/nbcs.mx\\\/?p=154801#primaryimage\"},\"thumbnailUrl\":\"https:\\\/\\\/nbcs.mx\\\/wp-content\\\/uploads\\\/2025\\\/09\\\/CLAUSURA-DIP-PERMANENTE-250901-1-scaled.jpg\",\"datePublished\":\"2025-09-01T21:41:35+00:00\",\"breadcrumb\":{\"@id\":\"https:\\\/\\\/nbcs.mx\\\/?p=154801#breadcrumb\"},\"inLanguage\":\"es\",\"potentialAction\":[{\"@type\":\"ReadAction\",\"target\":[\"https:\\\/\\\/nbcs.mx\\\/?p=154801\"]}]},{\"@type\":\"ImageObject\",\"inLanguage\":\"es\",\"@id\":\"https:\\\/\\\/nbcs.mx\\\/?p=154801#primaryimage\",\"url\":\"https:\\\/\\\/nbcs.mx\\\/wp-content\\\/uploads\\\/2025\\\/09\\\/CLAUSURA-DIP-PERMANENTE-250901-1-scaled.jpg\",\"contentUrl\":\"https:\\\/\\\/nbcs.mx\\\/wp-content\\\/uploads\\\/2025\\\/09\\\/CLAUSURA-DIP-PERMANENTE-250901-1-scaled.jpg\",\"width\":2560,\"height\":1703},{\"@type\":\"BreadcrumbList\",\"@id\":\"https:\\\/\\\/nbcs.mx\\\/?p=154801#breadcrumb\",\"itemListElement\":[{\"@type\":\"ListItem\",\"position\":1,\"name\":\"Portada\",\"item\":\"https:\\\/\\\/nbcs.mx\\\/\"},{\"@type\":\"ListItem\",\"position\":2,\"name\":\"\u201cReitero nuestra gratitud por la confianza que me fue depositada, suscribi\u00e9ndonos a sus \u00f3rdenes y deseando \u00e9xito a la Mesa Directiva\u201d, Alondra Torres Garc\u00eda\"}]},{\"@type\":\"WebSite\",\"@id\":\"https:\\\/\\\/nbcs.mx\\\/#website\",\"url\":\"https:\\\/\\\/nbcs.mx\\\/\",\"name\":\"NBCS Noticias\",\"description\":\"Sitio web de noticias en Baja California Sur\",\"publisher\":{\"@id\":\"https:\\\/\\\/nbcs.mx\\\/#organization\"},\"potentialAction\":[{\"@type\":\"SearchAction\",\"target\":{\"@type\":\"EntryPoint\",\"urlTemplate\":\"https:\\\/\\\/nbcs.mx\\\/?s={search_term_string}\"},\"query-input\":{\"@type\":\"PropertyValueSpecification\",\"valueRequired\":true,\"valueName\":\"search_term_string\"}}],\"inLanguage\":\"es\"},{\"@type\":\"Organization\",\"@id\":\"https:\\\/\\\/nbcs.mx\\\/#organization\",\"name\":\"NBCS Noticias\",\"url\":\"https:\\\/\\\/nbcs.mx\\\/\",\"logo\":{\"@type\":\"ImageObject\",\"inLanguage\":\"es\",\"@id\":\"https:\\\/\\\/nbcs.mx\\\/#\\\/schema\\\/logo\\\/image\\\/\",\"url\":\"https:\\\/\\\/nbcs.mx\\\/wp-content\\\/uploads\\\/2018\\\/09\\\/057b69485e93575a5c2b1c1dde2dd297.jpeg\",\"contentUrl\":\"https:\\\/\\\/nbcs.mx\\\/wp-content\\\/uploads\\\/2018\\\/09\\\/057b69485e93575a5c2b1c1dde2dd297.jpeg\",\"width\":64,\"height\":64,\"caption\":\"NBCS Noticias\"},\"image\":{\"@id\":\"https:\\\/\\\/nbcs.mx\\\/#\\\/schema\\\/logo\\\/image\\\/\"},\"sameAs\":[\"https:\\\/\\\/www.facebook.com\\\/NBCSnoticias\",\"https:\\\/\\\/x.com\\\/NBCSnoticias\"]},{\"@type\":\"Person\",\"@id\":\"https:\\\/\\\/nbcs.mx\\\/#\\\/schema\\\/person\\\/ece58bab9a7c1e87a4d28ec9ecd79ff4\",\"name\":\"NBCS Noticias\",\"image\":{\"@type\":\"ImageObject\",\"inLanguage\":\"es\",\"@id\":\"https:\\\/\\\/secure.gravatar.com\\\/avatar\\\/4e52110cad1c4054b43271a0d14bbe9e2ea76aecd0e1097edfc670798d9ca1d4?s=96&d=blank&r=g\",\"url\":\"https:\\\/\\\/secure.gravatar.com\\\/avatar\\\/4e52110cad1c4054b43271a0d14bbe9e2ea76aecd0e1097edfc670798d9ca1d4?s=96&d=blank&r=g\",\"contentUrl\":\"https:\\\/\\\/secure.gravatar.com\\\/avatar\\\/4e52110cad1c4054b43271a0d14bbe9e2ea76aecd0e1097edfc670798d9ca1d4?s=96&d=blank&r=g\",\"caption\":\"NBCS Noticias\"},\"description\":\"\u00bfTienes fotos o video de alg\u00fan acto de posible negligencia, corrupci\u00f3n y abuso de autoridad? M\u00e1ndalo al WhatsApp de NBCS Noticias: 612 141 98 08\",\"sameAs\":[\"https:\\\/\\\/www.nbcs.mx\",\"https:\\\/\\\/www.facebook.com\\\/NBCSnoticias\",\"https:\\\/\\\/www.instagram.com\\\/nbcsnoticias\\\/\",\"https:\\\/\\\/x.com\\\/https:\\\/\\\/twitter.com\\\/NBCSnoticias\"]}]}<\/script>\n<!-- \/ Yoast SEO plugin. -->","yoast_head_json":{"title":"\u201cReitero nuestra gratitud por la confianza que me fue depositada, suscribi\u00e9ndonos a sus \u00f3rdenes y deseando \u00e9xito a la Mesa Directiva\u201d, Alondra Torres Garc\u00eda - NBCS Noticias","robots":{"index":"index","follow":"follow","max-snippet":"max-snippet:-1","max-image-preview":"max-image-preview:large","max-video-preview":"max-video-preview:-1"},"canonical":"https:\/\/nbcs.mx\/?p=154801","og_locale":"es_ES","og_type":"article","og_title":"\u201cReitero nuestra gratitud por la confianza que me fue depositada, suscribi\u00e9ndonos a sus \u00f3rdenes y deseando \u00e9xito a la Mesa Directiva\u201d, Alondra Torres Garc\u00eda - NBCS Noticias","og_description":"Teniendo como sede la Sala de Comisiones Lic. Armando Aguilar Paniagua, este lunes 1 de septiembre se llev\u00f3 a cabo","og_url":"https:\/\/nbcs.mx\/?p=154801","og_site_name":"NBCS Noticias","article_publisher":"https:\/\/www.facebook.com\/NBCSnoticias","article_author":"https:\/\/www.facebook.com\/NBCSnoticias","article_published_time":"2025-09-01T21:41:35+00:00","og_image":[{"width":2560,"height":1703,"url":"https:\/\/nbcs.mx\/wp-content\/uploads\/2025\/09\/CLAUSURA-DIP-PERMANENTE-250901-1-scaled.jpg","type":"image\/jpeg"}],"author":"NBCS Noticias","twitter_card":"summary_large_image","twitter_creator":"@https:\/\/twitter.com\/NBCSnoticias","twitter_site":"@NBCSnoticias","twitter_misc":{"Escrito por":"NBCS Noticias","Tiempo de lectura":"2 minutos"},"schema":{"@context":"https:\/\/schema.org","@graph":[{"@type":"Article","@id":"https:\/\/nbcs.mx\/?p=154801#article","isPartOf":{"@id":"https:\/\/nbcs.mx\/?p=154801"},"author":{"name":"NBCS Noticias","@id":"https:\/\/nbcs.mx\/#\/schema\/person\/ece58bab9a7c1e87a4d28ec9ecd79ff4"},"headline":"\u201cReitero nuestra gratitud por la confianza que me fue depositada, suscribi\u00e9ndonos a sus \u00f3rdenes y deseando \u00e9xito a la Mesa Directiva\u201d, Alondra Torres Garc\u00eda","datePublished":"2025-09-01T21:41:35+00:00","mainEntityOfPage":{"@id":"https:\/\/nbcs.mx\/?p=154801"},"wordCount":359,"commentCount":0,"publisher":{"@id":"https:\/\/nbcs.mx\/#organization"},"image":{"@id":"https:\/\/nbcs.mx\/?p=154801#primaryimage"},"thumbnailUrl":"https:\/\/nbcs.mx\/wp-content\/uploads\/2025\/09\/CLAUSURA-DIP-PERMANENTE-250901-1-scaled.jpg","articleSection":["Congreso de BCS"],"inLanguage":"es","potentialAction":[{"@type":"CommentAction","name":"Comment","target":["https:\/\/nbcs.mx\/?p=154801#respond"]}]},{"@type":"WebPage","@id":"https:\/\/nbcs.mx\/?p=154801","url":"https:\/\/nbcs.mx\/?p=154801","name":"\u201cReitero nuestra gratitud por la confianza que me fue depositada, suscribi\u00e9ndonos a sus \u00f3rdenes y deseando \u00e9xito a la Mesa Directiva\u201d, Alondra Torres Garc\u00eda - NBCS Noticias","isPartOf":{"@id":"https:\/\/nbcs.mx\/#website"},"primaryImageOfPage":{"@id":"https:\/\/nbcs.mx\/?p=154801#primaryimage"},"image":{"@id":"https:\/\/nbcs.mx\/?p=154801#primaryimage"},"thumbnailUrl":"https:\/\/nbcs.mx\/wp-content\/uploads\/2025\/09\/CLAUSURA-DIP-PERMANENTE-250901-1-scaled.jpg","datePublished":"2025-09-01T21:41:35+00:00","breadcrumb":{"@id":"https:\/\/nbcs.mx\/?p=154801#breadcrumb"},"inLanguage":"es","potentialAction":[{"@type":"ReadAction","target":["https:\/\/nbcs.mx\/?p=154801"]}]},{"@type":"ImageObject","inLanguage":"es","@id":"https:\/\/nbcs.mx\/?p=154801#primaryimage","url":"https:\/\/nbcs.mx\/wp-content\/uploads\/2025\/09\/CLAUSURA-DIP-PERMANENTE-250901-1-scaled.jpg","contentUrl":"https:\/\/nbcs.mx\/wp-content\/uploads\/2025\/09\/CLAUSURA-DIP-PERMANENTE-250901-1-scaled.jpg","width":2560,"height":1703},{"@type":"BreadcrumbList","@id":"https:\/\/nbcs.mx\/?p=154801#breadcrumb","itemListElement":[{"@type":"ListItem","position":1,"name":"Portada","item":"https:\/\/nbcs.mx\/"},{"@type":"ListItem","position":2,"name":"\u201cReitero nuestra gratitud por la confianza que me fue depositada, suscribi\u00e9ndonos a sus \u00f3rdenes y deseando \u00e9xito a la Mesa Directiva\u201d, Alondra Torres Garc\u00eda"}]},{"@type":"WebSite","@id":"https:\/\/nbcs.mx\/#website","url":"https:\/\/nbcs.mx\/","name":"NBCS Noticias","description":"Sitio web de noticias en Baja California Sur","publisher":{"@id":"https:\/\/nbcs.mx\/#organization"},"potentialAction":[{"@type":"SearchAction","target":{"@type":"EntryPoint","urlTemplate":"https:\/\/nbcs.mx\/?s={search_term_string}"},"query-input":{"@type":"PropertyValueSpecification","valueRequired":true,"valueName":"search_term_string"}}],"inLanguage":"es"},{"@type":"Organization","@id":"https:\/\/nbcs.mx\/#organization","name":"NBCS Noticias","url":"https:\/\/nbcs.mx\/","logo":{"@type":"ImageObject","inLanguage":"es","@id":"https:\/\/nbcs.mx\/#\/schema\/logo\/image\/","url":"https:\/\/nbcs.mx\/wp-content\/uploads\/2018\/09\/057b69485e93575a5c2b1c1dde2dd297.jpeg","contentUrl":"https:\/\/nbcs.mx\/wp-content\/uploads\/2018\/09\/057b69485e93575a5c2b1c1dde2dd297.jpeg","width":64,"height":64,"caption":"NBCS Noticias"},"image":{"@id":"https:\/\/nbcs.mx\/#\/schema\/logo\/image\/"},"sameAs":["https:\/\/www.facebook.com\/NBCSnoticias","https:\/\/x.com\/NBCSnoticias"]},{"@type":"Person","@id":"https:\/\/nbcs.mx\/#\/schema\/person\/ece58bab9a7c1e87a4d28ec9ecd79ff4","name":"NBCS Noticias","image":{"@type":"ImageObject","inLanguage":"es","@id":"https:\/\/secure.gravatar.com\/avatar\/4e52110cad1c4054b43271a0d14bbe9e2ea76aecd0e1097edfc670798d9ca1d4?s=96&d=blank&r=g","url":"https:\/\/secure.gravatar.com\/avatar\/4e52110cad1c4054b43271a0d14bbe9e2ea76aecd0e1097edfc670798d9ca1d4?s=96&d=blank&r=g","contentUrl":"https:\/\/secure.gravatar.com\/avatar\/4e52110cad1c4054b43271a0d14bbe9e2ea76aecd0e1097edfc670798d9ca1d4?s=96&d=blank&r=g","caption":"NBCS Noticias"},"description":"\u00bfTienes fotos o video de alg\u00fan acto de posible negligencia, corrupci\u00f3n y abuso de autoridad? M\u00e1ndalo al WhatsApp de NBCS Noticias: 612 141 98 08","sameAs":["https:\/\/www.nbcs.mx","https:\/\/www.facebook.com\/NBCSnoticias","https:\/\/www.instagram.com\/nbcsnoticias\/","https:\/\/x.com\/https:\/\/twitter.com\/NBCSnoticias"]}]}},"jetpack_publicize_connections":[],"jetpack_featured_media_url":"https:\/\/nbcs.mx\/wp-content\/uploads\/2025\/09\/CLAUSURA-DIP-PERMANENTE-250901-1-scaled.jpg","jetpack_sharing_enabled":true,"_links":{"self":[{"href":"https:\/\/nbcs.mx\/index.php?rest_route=\/wp\/v2\/posts\/154801","targetHints":{"allow":["GET"]}}],"collection":[{"href":"https:\/\/nbcs.mx\/index.php?rest_route=\/wp\/v2\/posts"}],"about":[{"href":"https:\/\/nbcs.mx\/index.php?rest_route=\/wp\/v2\/types\/post"}],"author":[{"embeddable":true,"href":"https:\/\/nbcs.mx\/index.php?rest_route=\/wp\/v2\/users\/1"}],"replies":[{"embeddable":true,"href":"https:\/\/nbcs.mx\/index.php?rest_route=%2Fwp%2Fv2%2Fcomments&post=154801"}],"version-history":[{"count":1,"href":"https:\/\/nbcs.mx\/index.php?rest_route=\/wp\/v2\/posts\/154801\/revisions"}],"predecessor-version":[{"id":154803,"href":"https:\/\/nbcs.mx\/index.php?rest_route=\/wp\/v2\/posts\/154801\/revisions\/154803"}],"wp:featuredmedia":[{"embeddable":true,"href":"https:\/\/nbcs.mx\/index.php?rest_route=\/wp\/v2\/media\/154802"}],"wp:attachment":[{"href":"https:\/\/nbcs.mx\/index.php?rest_route=%2Fwp%2Fv2%2Fmedia&parent=154801"}],"wp:term":[{"taxonomy":"category","embeddable":true,"href":"https:\/\/nbcs.mx\/index.php?rest_route=%2Fwp%2Fv2%2Fcategories&post=154801"},{"taxonomy":"post_tag","embeddable":true,"href":"https:\/\/nbcs.mx\/index.php?rest_route=%2Fwp%2Fv2%2Ftags&post=154801"}],"curies":[{"name":"wp","href":"https:\/\/api.w.org\/{rel}","templated":true}]}}