{"id":154816,"date":"2025-09-01T19:07:50","date_gmt":"2025-09-02T01:07:50","guid":{"rendered":"https:\/\/nbcs.mx\/?p=154816"},"modified":"2025-09-01T19:07:50","modified_gmt":"2025-09-02T01:07:50","slug":"brinda-secretario-general-de-gobierno-atencion-en-territorio-por-lluvias-en-mulege","status":"publish","type":"post","link":"https:\/\/nbcs.mx\/?p=154816","title":{"rendered":"Brinda secretario General de Gobierno atenci\u00f3n en territorio por lluvias en Muleg\u00e9"},"content":{"rendered":"<p style=\"font-weight: 400; text-align: justify;\"><img loading=\"lazy\" decoding=\"async\" class=\" wp-image-154817 alignleft\" src=\"https:\/\/nbcs.mx\/wp-content\/uploads\/2025\/09\/FOTO2-BOLETIN-SGG-BRINDA-641x492.jpeg\" alt=\"\" width=\"365\" height=\"280\" srcset=\"https:\/\/nbcs.mx\/wp-content\/uploads\/2025\/09\/FOTO2-BOLETIN-SGG-BRINDA-641x492.jpeg 641w, https:\/\/nbcs.mx\/wp-content\/uploads\/2025\/09\/FOTO2-BOLETIN-SGG-BRINDA-150x115.jpeg 150w, https:\/\/nbcs.mx\/wp-content\/uploads\/2025\/09\/FOTO2-BOLETIN-SGG-BRINDA-768x590.jpeg 768w, https:\/\/nbcs.mx\/wp-content\/uploads\/2025\/09\/FOTO2-BOLETIN-SGG-BRINDA.jpeg 1024w\" sizes=\"auto, (max-width: 365px) 100vw, 365px\" \/>En atenci\u00f3n al acuerdo del Consejo Estatal de Protecci\u00f3n Civil, el secretario General de Gobierno, Jos\u00e9 Sa\u00fal Gonz\u00e1lez N\u00fa\u00f1ez, realiz\u00f3 un recorrido por la Delegaci\u00f3n de San Ignacio, municipio de Muleg\u00e9, para evaluar las afectaciones en materia de infraestructura urbana, principalmente la educativa, derivado de los intensos vientos y lluvia registrada el domingo 31 de agosto, en esa zona del estado.<\/p>\n<p style=\"font-weight: 400; text-align: justify;\">\n<p style=\"font-weight: 400; text-align: justify;\">Acompa\u00f1ado de la alcaldesa Edith Aguilar Villavicencio, del Subsecretario de Protecci\u00f3n Civil, H\u00e9ctor Amparano Herrera y autoridades de los tres \u00f3rdenes de gobierno, Gonz\u00e1lez N\u00fa\u00f1ez, refrend\u00f3 el compromiso de la administraci\u00f3n estatal, de trabajar en conjunto para brindar soluci\u00f3n a estos temas, sobre todo, en el rubro de educaci\u00f3n, con el objetivo de que estudiantes inicien clases de manera segura.<\/p>\n<p style=\"font-weight: 400; text-align: justify;\">\n<p style=\"font-weight: 400; text-align: justify;\">En este sentido, Gonz\u00e1lez N\u00fa\u00f1ez inform\u00f3 que en dicha comunidad se reportaron siete techos desprendidos, cuatro de ellos completos, el resto con da\u00f1os menores, as\u00ed como el derrumbe de \u00e1rboles y afectaciones en el suministro de energ\u00eda el\u00e9ctrica.<\/p>\n<p style=\"font-weight: 400; text-align: justify;\">\n<p style=\"font-weight: 400; text-align: justify;\">De igual forma, durante su visita a las instalaciones de la escuela Vicente Guerrero, se corrobor\u00f3 el da\u00f1o que sufri\u00f3 la techumbre de la cancha deportiva, situaci\u00f3n que fue canalizada a las \u00e1reas correspondientes para su atenci\u00f3n y seguimiento.<\/p>\n<p style=\"font-weight: 400; text-align: justify;\">\n<p style=\"font-weight: 400; text-align: justify;\">Asimismo, dio a conocer que la Secretar\u00eda de Infraestructura, Comunicaciones y Transportes (SICT), pondr\u00e1 en marcha esta semana los trabajos de renivelaci\u00f3n en el tramo carretero Santa Rosal\u00eda hasta Paralelo 28, as\u00ed como labores de limpieza en toda la carretera transpeninsular.<\/p>\n<p style=\"font-weight: 400; text-align: justify;\">\n<p style=\"font-weight: 400; text-align: justify;\">Sa\u00fal Gonz\u00e1lez reiter\u00f3 el llamado a atender las recomendaciones para prevenir y disminuir riesgos ante esta temporada de lluvias y ciclones, ya que, de acuerdo al pron\u00f3stico de la Comisi\u00f3n Nacional del Agua, las lluvias persistir\u00e1n en el estado, durante los primeros d\u00edas de septiembre.<\/p>\n","protected":false},"excerpt":{"rendered":"<p>En atenci\u00f3n al acuerdo del Consejo Estatal de Protecci\u00f3n Civil, el secretario General de Gobierno, Jos\u00e9 Sa\u00fal Gonz\u00e1lez N\u00fa\u00f1ez, realiz\u00f3<\/p>\n","protected":false},"author":1,"featured_media":154817,"comment_status":"open","ping_status":"closed","sticky":false,"template":"","format":"standard","meta":{"colormag_page_container_layout":"default_layout","colormag_page_sidebar_layout":"default_layout","_jetpack_memberships_contains_paid_content":false,"footnotes":"","jetpack_publicize_message":"","jetpack_publicize_feature_enabled":true,"jetpack_social_post_already_shared":true,"jetpack_social_options":{"image_generator_settings":{"template":"highway","default_image_id":0,"font":"","enabled":false},"version":2}},"categories":[1],"tags":[],"class_list":["post-154816","post","type-post","status-publish","format-standard","has-post-thumbnail","hentry","category-noticias"],"yoast_head":"<!-- This site is optimized with the Yoast SEO plugin v27.4 - https:\/\/yoast.com\/product\/yoast-seo-wordpress\/ -->\n<title>Brinda secretario General de Gobierno atenci\u00f3n en territorio por lluvias en Muleg\u00e9 - NBCS Noticias<\/title>\n<meta name=\"robots\" content=\"index, follow, max-snippet:-1, max-image-preview:large, max-video-preview:-1\" \/>\n<link rel=\"canonical\" href=\"https:\/\/nbcs.mx\/?p=154816\" \/>\n<meta property=\"og:locale\" content=\"es_ES\" \/>\n<meta property=\"og:type\" content=\"article\" \/>\n<meta property=\"og:title\" content=\"Brinda secretario General de Gobierno atenci\u00f3n en territorio por lluvias en Muleg\u00e9 - NBCS Noticias\" \/>\n<meta property=\"og:description\" content=\"En atenci\u00f3n al acuerdo del Consejo Estatal de Protecci\u00f3n Civil, el secretario General de Gobierno, Jos\u00e9 Sa\u00fal Gonz\u00e1lez N\u00fa\u00f1ez, realiz\u00f3\" \/>\n<meta property=\"og:url\" content=\"https:\/\/nbcs.mx\/?p=154816\" \/>\n<meta property=\"og:site_name\" content=\"NBCS Noticias\" \/>\n<meta property=\"article:publisher\" content=\"https:\/\/www.facebook.com\/NBCSnoticias\" \/>\n<meta property=\"article:author\" content=\"https:\/\/www.facebook.com\/NBCSnoticias\" \/>\n<meta property=\"article:published_time\" content=\"2025-09-02T01:07:50+00:00\" \/>\n<meta property=\"og:image\" content=\"https:\/\/nbcs.mx\/wp-content\/uploads\/2025\/09\/FOTO2-BOLETIN-SGG-BRINDA.jpeg\" \/>\n\t<meta property=\"og:image:width\" content=\"1024\" \/>\n\t<meta property=\"og:image:height\" content=\"786\" \/>\n\t<meta property=\"og:image:type\" content=\"image\/jpeg\" \/>\n<meta name=\"author\" content=\"NBCS Noticias\" \/>\n<meta name=\"twitter:card\" content=\"summary_large_image\" \/>\n<meta name=\"twitter:creator\" content=\"@https:\/\/twitter.com\/NBCSnoticias\" \/>\n<meta name=\"twitter:site\" content=\"@NBCSnoticias\" \/>\n<meta name=\"twitter:label1\" content=\"Escrito por\" \/>\n\t<meta name=\"twitter:data1\" content=\"NBCS Noticias\" \/>\n\t<meta name=\"twitter:label2\" content=\"Tiempo de lectura\" \/>\n\t<meta name=\"twitter:data2\" content=\"2 minutos\" \/>\n<script type=\"application\/ld+json\" class=\"yoast-schema-graph\">{\"@context\":\"https:\\\/\\\/schema.org\",\"@graph\":[{\"@type\":\"Article\",\"@id\":\"https:\\\/\\\/nbcs.mx\\\/?p=154816#article\",\"isPartOf\":{\"@id\":\"https:\\\/\\\/nbcs.mx\\\/?p=154816\"},\"author\":{\"name\":\"NBCS Noticias\",\"@id\":\"https:\\\/\\\/nbcs.mx\\\/#\\\/schema\\\/person\\\/ece58bab9a7c1e87a4d28ec9ecd79ff4\"},\"headline\":\"Brinda secretario General de Gobierno atenci\u00f3n en territorio por lluvias en Muleg\u00e9\",\"datePublished\":\"2025-09-02T01:07:50+00:00\",\"mainEntityOfPage\":{\"@id\":\"https:\\\/\\\/nbcs.mx\\\/?p=154816\"},\"wordCount\":326,\"commentCount\":0,\"publisher\":{\"@id\":\"https:\\\/\\\/nbcs.mx\\\/#organization\"},\"image\":{\"@id\":\"https:\\\/\\\/nbcs.mx\\\/?p=154816#primaryimage\"},\"thumbnailUrl\":\"https:\\\/\\\/nbcs.mx\\\/wp-content\\\/uploads\\\/2025\\\/09\\\/FOTO2-BOLETIN-SGG-BRINDA.jpeg\",\"articleSection\":[\"Noticias\"],\"inLanguage\":\"es\",\"potentialAction\":[{\"@type\":\"CommentAction\",\"name\":\"Comment\",\"target\":[\"https:\\\/\\\/nbcs.mx\\\/?p=154816#respond\"]}]},{\"@type\":\"WebPage\",\"@id\":\"https:\\\/\\\/nbcs.mx\\\/?p=154816\",\"url\":\"https:\\\/\\\/nbcs.mx\\\/?p=154816\",\"name\":\"Brinda secretario General de Gobierno atenci\u00f3n en territorio por lluvias en Muleg\u00e9 - NBCS Noticias\",\"isPartOf\":{\"@id\":\"https:\\\/\\\/nbcs.mx\\\/#website\"},\"primaryImageOfPage\":{\"@id\":\"https:\\\/\\\/nbcs.mx\\\/?p=154816#primaryimage\"},\"image\":{\"@id\":\"https:\\\/\\\/nbcs.mx\\\/?p=154816#primaryimage\"},\"thumbnailUrl\":\"https:\\\/\\\/nbcs.mx\\\/wp-content\\\/uploads\\\/2025\\\/09\\\/FOTO2-BOLETIN-SGG-BRINDA.jpeg\",\"datePublished\":\"2025-09-02T01:07:50+00:00\",\"breadcrumb\":{\"@id\":\"https:\\\/\\\/nbcs.mx\\\/?p=154816#breadcrumb\"},\"inLanguage\":\"es\",\"potentialAction\":[{\"@type\":\"ReadAction\",\"target\":[\"https:\\\/\\\/nbcs.mx\\\/?p=154816\"]}]},{\"@type\":\"ImageObject\",\"inLanguage\":\"es\",\"@id\":\"https:\\\/\\\/nbcs.mx\\\/?p=154816#primaryimage\",\"url\":\"https:\\\/\\\/nbcs.mx\\\/wp-content\\\/uploads\\\/2025\\\/09\\\/FOTO2-BOLETIN-SGG-BRINDA.jpeg\",\"contentUrl\":\"https:\\\/\\\/nbcs.mx\\\/wp-content\\\/uploads\\\/2025\\\/09\\\/FOTO2-BOLETIN-SGG-BRINDA.jpeg\",\"width\":1024,\"height\":786},{\"@type\":\"BreadcrumbList\",\"@id\":\"https:\\\/\\\/nbcs.mx\\\/?p=154816#breadcrumb\",\"itemListElement\":[{\"@type\":\"ListItem\",\"position\":1,\"name\":\"Portada\",\"item\":\"https:\\\/\\\/nbcs.mx\\\/\"},{\"@type\":\"ListItem\",\"position\":2,\"name\":\"Brinda secretario General de Gobierno atenci\u00f3n en territorio por lluvias en Muleg\u00e9\"}]},{\"@type\":\"WebSite\",\"@id\":\"https:\\\/\\\/nbcs.mx\\\/#website\",\"url\":\"https:\\\/\\\/nbcs.mx\\\/\",\"name\":\"NBCS Noticias\",\"description\":\"Sitio web de noticias en Baja California Sur\",\"publisher\":{\"@id\":\"https:\\\/\\\/nbcs.mx\\\/#organization\"},\"potentialAction\":[{\"@type\":\"SearchAction\",\"target\":{\"@type\":\"EntryPoint\",\"urlTemplate\":\"https:\\\/\\\/nbcs.mx\\\/?s={search_term_string}\"},\"query-input\":{\"@type\":\"PropertyValueSpecification\",\"valueRequired\":true,\"valueName\":\"search_term_string\"}}],\"inLanguage\":\"es\"},{\"@type\":\"Organization\",\"@id\":\"https:\\\/\\\/nbcs.mx\\\/#organization\",\"name\":\"NBCS Noticias\",\"url\":\"https:\\\/\\\/nbcs.mx\\\/\",\"logo\":{\"@type\":\"ImageObject\",\"inLanguage\":\"es\",\"@id\":\"https:\\\/\\\/nbcs.mx\\\/#\\\/schema\\\/logo\\\/image\\\/\",\"url\":\"https:\\\/\\\/nbcs.mx\\\/wp-content\\\/uploads\\\/2018\\\/09\\\/057b69485e93575a5c2b1c1dde2dd297.jpeg\",\"contentUrl\":\"https:\\\/\\\/nbcs.mx\\\/wp-content\\\/uploads\\\/2018\\\/09\\\/057b69485e93575a5c2b1c1dde2dd297.jpeg\",\"width\":64,\"height\":64,\"caption\":\"NBCS Noticias\"},\"image\":{\"@id\":\"https:\\\/\\\/nbcs.mx\\\/#\\\/schema\\\/logo\\\/image\\\/\"},\"sameAs\":[\"https:\\\/\\\/www.facebook.com\\\/NBCSnoticias\",\"https:\\\/\\\/x.com\\\/NBCSnoticias\"]},{\"@type\":\"Person\",\"@id\":\"https:\\\/\\\/nbcs.mx\\\/#\\\/schema\\\/person\\\/ece58bab9a7c1e87a4d28ec9ecd79ff4\",\"name\":\"NBCS Noticias\",\"image\":{\"@type\":\"ImageObject\",\"inLanguage\":\"es\",\"@id\":\"https:\\\/\\\/secure.gravatar.com\\\/avatar\\\/4e52110cad1c4054b43271a0d14bbe9e2ea76aecd0e1097edfc670798d9ca1d4?s=96&d=blank&r=g\",\"url\":\"https:\\\/\\\/secure.gravatar.com\\\/avatar\\\/4e52110cad1c4054b43271a0d14bbe9e2ea76aecd0e1097edfc670798d9ca1d4?s=96&d=blank&r=g\",\"contentUrl\":\"https:\\\/\\\/secure.gravatar.com\\\/avatar\\\/4e52110cad1c4054b43271a0d14bbe9e2ea76aecd0e1097edfc670798d9ca1d4?s=96&d=blank&r=g\",\"caption\":\"NBCS Noticias\"},\"description\":\"\u00bfTienes fotos o video de alg\u00fan acto de posible negligencia, corrupci\u00f3n y abuso de autoridad? M\u00e1ndalo al WhatsApp de NBCS Noticias: 612 141 98 08\",\"sameAs\":[\"https:\\\/\\\/www.nbcs.mx\",\"https:\\\/\\\/www.facebook.com\\\/NBCSnoticias\",\"https:\\\/\\\/www.instagram.com\\\/nbcsnoticias\\\/\",\"https:\\\/\\\/x.com\\\/https:\\\/\\\/twitter.com\\\/NBCSnoticias\"]}]}<\/script>\n<!-- \/ Yoast SEO plugin. -->","yoast_head_json":{"title":"Brinda secretario General de Gobierno atenci\u00f3n en territorio por lluvias en Muleg\u00e9 - NBCS Noticias","robots":{"index":"index","follow":"follow","max-snippet":"max-snippet:-1","max-image-preview":"max-image-preview:large","max-video-preview":"max-video-preview:-1"},"canonical":"https:\/\/nbcs.mx\/?p=154816","og_locale":"es_ES","og_type":"article","og_title":"Brinda secretario General de Gobierno atenci\u00f3n en territorio por lluvias en Muleg\u00e9 - NBCS Noticias","og_description":"En atenci\u00f3n al acuerdo del Consejo Estatal de Protecci\u00f3n Civil, el secretario General de Gobierno, Jos\u00e9 Sa\u00fal Gonz\u00e1lez N\u00fa\u00f1ez, realiz\u00f3","og_url":"https:\/\/nbcs.mx\/?p=154816","og_site_name":"NBCS Noticias","article_publisher":"https:\/\/www.facebook.com\/NBCSnoticias","article_author":"https:\/\/www.facebook.com\/NBCSnoticias","article_published_time":"2025-09-02T01:07:50+00:00","og_image":[{"width":1024,"height":786,"url":"https:\/\/nbcs.mx\/wp-content\/uploads\/2025\/09\/FOTO2-BOLETIN-SGG-BRINDA.jpeg","type":"image\/jpeg"}],"author":"NBCS Noticias","twitter_card":"summary_large_image","twitter_creator":"@https:\/\/twitter.com\/NBCSnoticias","twitter_site":"@NBCSnoticias","twitter_misc":{"Escrito por":"NBCS Noticias","Tiempo de lectura":"2 minutos"},"schema":{"@context":"https:\/\/schema.org","@graph":[{"@type":"Article","@id":"https:\/\/nbcs.mx\/?p=154816#article","isPartOf":{"@id":"https:\/\/nbcs.mx\/?p=154816"},"author":{"name":"NBCS Noticias","@id":"https:\/\/nbcs.mx\/#\/schema\/person\/ece58bab9a7c1e87a4d28ec9ecd79ff4"},"headline":"Brinda secretario General de Gobierno atenci\u00f3n en territorio por lluvias en Muleg\u00e9","datePublished":"2025-09-02T01:07:50+00:00","mainEntityOfPage":{"@id":"https:\/\/nbcs.mx\/?p=154816"},"wordCount":326,"commentCount":0,"publisher":{"@id":"https:\/\/nbcs.mx\/#organization"},"image":{"@id":"https:\/\/nbcs.mx\/?p=154816#primaryimage"},"thumbnailUrl":"https:\/\/nbcs.mx\/wp-content\/uploads\/2025\/09\/FOTO2-BOLETIN-SGG-BRINDA.jpeg","articleSection":["Noticias"],"inLanguage":"es","potentialAction":[{"@type":"CommentAction","name":"Comment","target":["https:\/\/nbcs.mx\/?p=154816#respond"]}]},{"@type":"WebPage","@id":"https:\/\/nbcs.mx\/?p=154816","url":"https:\/\/nbcs.mx\/?p=154816","name":"Brinda secretario General de Gobierno atenci\u00f3n en territorio por lluvias en Muleg\u00e9 - NBCS Noticias","isPartOf":{"@id":"https:\/\/nbcs.mx\/#website"},"primaryImageOfPage":{"@id":"https:\/\/nbcs.mx\/?p=154816#primaryimage"},"image":{"@id":"https:\/\/nbcs.mx\/?p=154816#primaryimage"},"thumbnailUrl":"https:\/\/nbcs.mx\/wp-content\/uploads\/2025\/09\/FOTO2-BOLETIN-SGG-BRINDA.jpeg","datePublished":"2025-09-02T01:07:50+00:00","breadcrumb":{"@id":"https:\/\/nbcs.mx\/?p=154816#breadcrumb"},"inLanguage":"es","potentialAction":[{"@type":"ReadAction","target":["https:\/\/nbcs.mx\/?p=154816"]}]},{"@type":"ImageObject","inLanguage":"es","@id":"https:\/\/nbcs.mx\/?p=154816#primaryimage","url":"https:\/\/nbcs.mx\/wp-content\/uploads\/2025\/09\/FOTO2-BOLETIN-SGG-BRINDA.jpeg","contentUrl":"https:\/\/nbcs.mx\/wp-content\/uploads\/2025\/09\/FOTO2-BOLETIN-SGG-BRINDA.jpeg","width":1024,"height":786},{"@type":"BreadcrumbList","@id":"https:\/\/nbcs.mx\/?p=154816#breadcrumb","itemListElement":[{"@type":"ListItem","position":1,"name":"Portada","item":"https:\/\/nbcs.mx\/"},{"@type":"ListItem","position":2,"name":"Brinda secretario General de Gobierno atenci\u00f3n en territorio por lluvias en Muleg\u00e9"}]},{"@type":"WebSite","@id":"https:\/\/nbcs.mx\/#website","url":"https:\/\/nbcs.mx\/","name":"NBCS Noticias","description":"Sitio web de noticias en Baja California Sur","publisher":{"@id":"https:\/\/nbcs.mx\/#organization"},"potentialAction":[{"@type":"SearchAction","target":{"@type":"EntryPoint","urlTemplate":"https:\/\/nbcs.mx\/?s={search_term_string}"},"query-input":{"@type":"PropertyValueSpecification","valueRequired":true,"valueName":"search_term_string"}}],"inLanguage":"es"},{"@type":"Organization","@id":"https:\/\/nbcs.mx\/#organization","name":"NBCS Noticias","url":"https:\/\/nbcs.mx\/","logo":{"@type":"ImageObject","inLanguage":"es","@id":"https:\/\/nbcs.mx\/#\/schema\/logo\/image\/","url":"https:\/\/nbcs.mx\/wp-content\/uploads\/2018\/09\/057b69485e93575a5c2b1c1dde2dd297.jpeg","contentUrl":"https:\/\/nbcs.mx\/wp-content\/uploads\/2018\/09\/057b69485e93575a5c2b1c1dde2dd297.jpeg","width":64,"height":64,"caption":"NBCS Noticias"},"image":{"@id":"https:\/\/nbcs.mx\/#\/schema\/logo\/image\/"},"sameAs":["https:\/\/www.facebook.com\/NBCSnoticias","https:\/\/x.com\/NBCSnoticias"]},{"@type":"Person","@id":"https:\/\/nbcs.mx\/#\/schema\/person\/ece58bab9a7c1e87a4d28ec9ecd79ff4","name":"NBCS Noticias","image":{"@type":"ImageObject","inLanguage":"es","@id":"https:\/\/secure.gravatar.com\/avatar\/4e52110cad1c4054b43271a0d14bbe9e2ea76aecd0e1097edfc670798d9ca1d4?s=96&d=blank&r=g","url":"https:\/\/secure.gravatar.com\/avatar\/4e52110cad1c4054b43271a0d14bbe9e2ea76aecd0e1097edfc670798d9ca1d4?s=96&d=blank&r=g","contentUrl":"https:\/\/secure.gravatar.com\/avatar\/4e52110cad1c4054b43271a0d14bbe9e2ea76aecd0e1097edfc670798d9ca1d4?s=96&d=blank&r=g","caption":"NBCS Noticias"},"description":"\u00bfTienes fotos o video de alg\u00fan acto de posible negligencia, corrupci\u00f3n y abuso de autoridad? M\u00e1ndalo al WhatsApp de NBCS Noticias: 612 141 98 08","sameAs":["https:\/\/www.nbcs.mx","https:\/\/www.facebook.com\/NBCSnoticias","https:\/\/www.instagram.com\/nbcsnoticias\/","https:\/\/x.com\/https:\/\/twitter.com\/NBCSnoticias"]}]}},"jetpack_publicize_connections":[],"jetpack_featured_media_url":"https:\/\/nbcs.mx\/wp-content\/uploads\/2025\/09\/FOTO2-BOLETIN-SGG-BRINDA.jpeg","jetpack_sharing_enabled":true,"_links":{"self":[{"href":"https:\/\/nbcs.mx\/index.php?rest_route=\/wp\/v2\/posts\/154816","targetHints":{"allow":["GET"]}}],"collection":[{"href":"https:\/\/nbcs.mx\/index.php?rest_route=\/wp\/v2\/posts"}],"about":[{"href":"https:\/\/nbcs.mx\/index.php?rest_route=\/wp\/v2\/types\/post"}],"author":[{"embeddable":true,"href":"https:\/\/nbcs.mx\/index.php?rest_route=\/wp\/v2\/users\/1"}],"replies":[{"embeddable":true,"href":"https:\/\/nbcs.mx\/index.php?rest_route=%2Fwp%2Fv2%2Fcomments&post=154816"}],"version-history":[{"count":1,"href":"https:\/\/nbcs.mx\/index.php?rest_route=\/wp\/v2\/posts\/154816\/revisions"}],"predecessor-version":[{"id":154818,"href":"https:\/\/nbcs.mx\/index.php?rest_route=\/wp\/v2\/posts\/154816\/revisions\/154818"}],"wp:featuredmedia":[{"embeddable":true,"href":"https:\/\/nbcs.mx\/index.php?rest_route=\/wp\/v2\/media\/154817"}],"wp:attachment":[{"href":"https:\/\/nbcs.mx\/index.php?rest_route=%2Fwp%2Fv2%2Fmedia&parent=154816"}],"wp:term":[{"taxonomy":"category","embeddable":true,"href":"https:\/\/nbcs.mx\/index.php?rest_route=%2Fwp%2Fv2%2Fcategories&post=154816"},{"taxonomy":"post_tag","embeddable":true,"href":"https:\/\/nbcs.mx\/index.php?rest_route=%2Fwp%2Fv2%2Ftags&post=154816"}],"curies":[{"name":"wp","href":"https:\/\/api.w.org\/{rel}","templated":true}]}}