{"id":154822,"date":"2025-09-01T22:18:54","date_gmt":"2025-09-02T04:18:54","guid":{"rendered":"https:\/\/nbcs.mx\/?p=154822"},"modified":"2025-09-01T22:18:54","modified_gmt":"2025-09-02T04:18:54","slug":"ciclon-en-formacion-al-sur-de-los-cabos-ingresaria-a-tierra-por-el-centro-de-bcs","status":"publish","type":"post","link":"https:\/\/nbcs.mx\/?p=154822","title":{"rendered":"Cicl\u00f3n en formaci\u00f3n al sur de Los Cabos; ingresar\u00eda a tierra por el centro de BCS"},"content":{"rendered":"<p style=\"text-align: justify;\"><img loading=\"lazy\" decoding=\"async\" class=\" wp-image-154823 alignleft\" src=\"https:\/\/nbcs.mx\/wp-content\/uploads\/2025\/09\/Huracan-Olaf-755x419.jpg\" alt=\"\" width=\"429\" height=\"238\" srcset=\"https:\/\/nbcs.mx\/wp-content\/uploads\/2025\/09\/Huracan-Olaf-755x419.jpg 755w, https:\/\/nbcs.mx\/wp-content\/uploads\/2025\/09\/Huracan-Olaf-1024x568.jpg 1024w, https:\/\/nbcs.mx\/wp-content\/uploads\/2025\/09\/Huracan-Olaf-150x83.jpg 150w, https:\/\/nbcs.mx\/wp-content\/uploads\/2025\/09\/Huracan-Olaf-768x426.jpg 768w, https:\/\/nbcs.mx\/wp-content\/uploads\/2025\/09\/Huracan-Olaf-800x445.jpg 800w, https:\/\/nbcs.mx\/wp-content\/uploads\/2025\/09\/Huracan-Olaf.jpg 1200w\" sizes=\"auto, (max-width: 429px) 100vw, 429px\" \/>Fuertes lluvias y vientos se pronostican para esta semana en Baja California Sur, debido a un cicl\u00f3n tropical que podr\u00eda ingresar a tierra en el transcurso del jueves, aunque sus efectos se empezar\u00edan a sentir desde el mi\u00e9rcoles, de acuerdo al reporte del Servicio Meteorol\u00f3gico Nacional (SMN).<\/p>\n<p style=\"text-align: justify;\">Se indica que el hurac\u00e1n, sobre el cual por ahora no se podr\u00eda precisar categor\u00eda, ya que se encuentra en etapa de formaci\u00f3n, se ubica como zona de baja presi\u00f3n al sur de Los Cabos, y el mi\u00e9rcoles se intensificar\u00eda alcanzando de inmediato la categor\u00eda de cicl\u00f3n por la velocidad de sus vientos.<\/p>\n<p style=\"text-align: justify;\">El modelo de desplazamiento previsto hasta el momento, indica que el mi\u00e9rcoles avanzar\u00eda paralelo a la costa sur del Estado, por el lado del Pac\u00edfico, e ingresar\u00eda a tierra en el transcurso del jueves en alg\u00fan punto entre los municipios de la Paz y Comond\u00fa, aunque ser\u00e1 en las siguientes horas cuando se puedan precisar mayores detalles.<\/p>\n<p style=\"text-align: justify;\">El pron\u00f3stico oficial menciona que su circulaci\u00f3n y bandas nubosas, en combinaci\u00f3n con el monz\u00f3n mexicano, originar\u00e1n lluvias intensas en Baja California Sur, de 150 a 250 mil\u00edmetros, as\u00ed como rachas de viento de hasta 90 kil\u00f3metros por hora y oleaje de 6.5 metros de altura.<\/p>\n<p style=\"text-align: justify;\">Agrega el reporte que durante el jueves y viernes, el cicl\u00f3n tropical ingresar\u00eda y se desplazar\u00eda sobre Baja California Sur, el Golfo de California y Sonora, ocasionando en su recorrido lluvias intensas a torrenciales en la pen\u00ednsula de Baja California, Sonora, Chihuahua y Sinaloa.<\/p>\n<p style=\"text-align: justify;\">Los efectos en la entidad se dejar\u00edan sentir en todo Estado, incluyendo regiones donde esta temporada no ha llovido copiosamente, como Guerrero Negro y la Pac\u00edfico Norte.<\/p>\n<p style=\"text-align: justify;\">Aunque el sistema se encuentra en formaci\u00f3n, este martes las lluvias continuar\u00edan gran diversas regiones de Baja California Sur, como resultado del monz\u00f3n mexicano, en combinaci\u00f3n con una divergencia y vaguada de altura, esper\u00e1ndose precipitaciones en la zona de Los Cabos, La Paz, Todos Santos, Ciudad Constituci\u00f3n, Loreto y Heroica Muleg\u00e9.<\/p>\n<p style=\"text-align: justify;\">Mientras tanto, la temperatura descender\u00eda notablemente durante esta semana, aunque el valle de El Vizca\u00edno y Ciudad Constituci\u00f3n alcanzar\u00edan los 40 grados o un poco m\u00e1s hasta el mi\u00e9rcoles, pero ya a partir del jueves y hasta el s\u00e1bado, las m\u00e1ximas se presentar\u00edan en La Paz, Ciudad Constituci\u00f3n y El Vizca\u00edno con 33. (Por: Arturo Nieves).<\/p>\n","protected":false},"excerpt":{"rendered":"<p>Fuertes lluvias y vientos se pronostican para esta semana en Baja California Sur, debido a un cicl\u00f3n tropical que podr\u00eda<\/p>\n","protected":false},"author":1,"featured_media":154823,"comment_status":"open","ping_status":"closed","sticky":false,"template":"","format":"standard","meta":{"colormag_page_container_layout":"default_layout","colormag_page_sidebar_layout":"default_layout","_jetpack_memberships_contains_paid_content":false,"footnotes":"","jetpack_publicize_message":"","jetpack_publicize_feature_enabled":true,"jetpack_social_post_already_shared":true,"jetpack_social_options":{"image_generator_settings":{"template":"highway","default_image_id":0,"font":"","enabled":false},"version":2}},"categories":[1],"tags":[],"class_list":["post-154822","post","type-post","status-publish","format-standard","has-post-thumbnail","hentry","category-noticias"],"yoast_head":"<!-- This site is optimized with the Yoast SEO plugin v27.5 - https:\/\/yoast.com\/product\/yoast-seo-wordpress\/ -->\n<title>Cicl\u00f3n en formaci\u00f3n al sur de Los Cabos; ingresar\u00eda a tierra por el centro de BCS - NBCS Noticias<\/title>\n<meta name=\"robots\" content=\"index, follow, max-snippet:-1, max-image-preview:large, max-video-preview:-1\" \/>\n<link rel=\"canonical\" href=\"https:\/\/nbcs.mx\/?p=154822\" \/>\n<meta property=\"og:locale\" content=\"es_ES\" \/>\n<meta property=\"og:type\" content=\"article\" \/>\n<meta property=\"og:title\" content=\"Cicl\u00f3n en formaci\u00f3n al sur de Los Cabos; ingresar\u00eda a tierra por el centro de BCS - NBCS Noticias\" \/>\n<meta property=\"og:description\" content=\"Fuertes lluvias y vientos se pronostican para esta semana en Baja California Sur, debido a un cicl\u00f3n tropical que podr\u00eda\" \/>\n<meta property=\"og:url\" content=\"https:\/\/nbcs.mx\/?p=154822\" \/>\n<meta property=\"og:site_name\" content=\"NBCS Noticias\" \/>\n<meta property=\"article:publisher\" content=\"https:\/\/www.facebook.com\/NBCSnoticias\" \/>\n<meta property=\"article:author\" content=\"https:\/\/www.facebook.com\/NBCSnoticias\" \/>\n<meta property=\"article:published_time\" content=\"2025-09-02T04:18:54+00:00\" \/>\n<meta property=\"og:image\" content=\"https:\/\/nbcs.mx\/wp-content\/uploads\/2025\/09\/Huracan-Olaf.jpg\" \/>\n\t<meta property=\"og:image:width\" content=\"1200\" \/>\n\t<meta property=\"og:image:height\" content=\"666\" \/>\n\t<meta property=\"og:image:type\" content=\"image\/jpeg\" \/>\n<meta name=\"author\" content=\"NBCS Noticias\" \/>\n<meta name=\"twitter:card\" content=\"summary_large_image\" \/>\n<meta name=\"twitter:creator\" content=\"@https:\/\/twitter.com\/NBCSnoticias\" \/>\n<meta name=\"twitter:site\" content=\"@NBCSnoticias\" \/>\n<meta name=\"twitter:label1\" content=\"Escrito por\" \/>\n\t<meta name=\"twitter:data1\" content=\"NBCS Noticias\" \/>\n\t<meta name=\"twitter:label2\" content=\"Tiempo de lectura\" \/>\n\t<meta name=\"twitter:data2\" content=\"2 minutos\" \/>\n<script type=\"application\/ld+json\" class=\"yoast-schema-graph\">{\"@context\":\"https:\\\/\\\/schema.org\",\"@graph\":[{\"@type\":\"Article\",\"@id\":\"https:\\\/\\\/nbcs.mx\\\/?p=154822#article\",\"isPartOf\":{\"@id\":\"https:\\\/\\\/nbcs.mx\\\/?p=154822\"},\"author\":{\"name\":\"NBCS Noticias\",\"@id\":\"https:\\\/\\\/nbcs.mx\\\/#\\\/schema\\\/person\\\/ece58bab9a7c1e87a4d28ec9ecd79ff4\"},\"headline\":\"Cicl\u00f3n en formaci\u00f3n al sur de Los Cabos; ingresar\u00eda a tierra por el centro de BCS\",\"datePublished\":\"2025-09-02T04:18:54+00:00\",\"mainEntityOfPage\":{\"@id\":\"https:\\\/\\\/nbcs.mx\\\/?p=154822\"},\"wordCount\":443,\"commentCount\":0,\"publisher\":{\"@id\":\"https:\\\/\\\/nbcs.mx\\\/#organization\"},\"image\":{\"@id\":\"https:\\\/\\\/nbcs.mx\\\/?p=154822#primaryimage\"},\"thumbnailUrl\":\"https:\\\/\\\/nbcs.mx\\\/wp-content\\\/uploads\\\/2025\\\/09\\\/Huracan-Olaf.jpg\",\"articleSection\":[\"Noticias\"],\"inLanguage\":\"es\",\"potentialAction\":[{\"@type\":\"CommentAction\",\"name\":\"Comment\",\"target\":[\"https:\\\/\\\/nbcs.mx\\\/?p=154822#respond\"]}]},{\"@type\":\"WebPage\",\"@id\":\"https:\\\/\\\/nbcs.mx\\\/?p=154822\",\"url\":\"https:\\\/\\\/nbcs.mx\\\/?p=154822\",\"name\":\"Cicl\u00f3n en formaci\u00f3n al sur de Los Cabos; ingresar\u00eda a tierra por el centro de BCS - NBCS Noticias\",\"isPartOf\":{\"@id\":\"https:\\\/\\\/nbcs.mx\\\/#website\"},\"primaryImageOfPage\":{\"@id\":\"https:\\\/\\\/nbcs.mx\\\/?p=154822#primaryimage\"},\"image\":{\"@id\":\"https:\\\/\\\/nbcs.mx\\\/?p=154822#primaryimage\"},\"thumbnailUrl\":\"https:\\\/\\\/nbcs.mx\\\/wp-content\\\/uploads\\\/2025\\\/09\\\/Huracan-Olaf.jpg\",\"datePublished\":\"2025-09-02T04:18:54+00:00\",\"breadcrumb\":{\"@id\":\"https:\\\/\\\/nbcs.mx\\\/?p=154822#breadcrumb\"},\"inLanguage\":\"es\",\"potentialAction\":[{\"@type\":\"ReadAction\",\"target\":[\"https:\\\/\\\/nbcs.mx\\\/?p=154822\"]}]},{\"@type\":\"ImageObject\",\"inLanguage\":\"es\",\"@id\":\"https:\\\/\\\/nbcs.mx\\\/?p=154822#primaryimage\",\"url\":\"https:\\\/\\\/nbcs.mx\\\/wp-content\\\/uploads\\\/2025\\\/09\\\/Huracan-Olaf.jpg\",\"contentUrl\":\"https:\\\/\\\/nbcs.mx\\\/wp-content\\\/uploads\\\/2025\\\/09\\\/Huracan-Olaf.jpg\",\"width\":1200,\"height\":666},{\"@type\":\"BreadcrumbList\",\"@id\":\"https:\\\/\\\/nbcs.mx\\\/?p=154822#breadcrumb\",\"itemListElement\":[{\"@type\":\"ListItem\",\"position\":1,\"name\":\"Portada\",\"item\":\"https:\\\/\\\/nbcs.mx\\\/\"},{\"@type\":\"ListItem\",\"position\":2,\"name\":\"Cicl\u00f3n en formaci\u00f3n al sur de Los Cabos; ingresar\u00eda a tierra por el centro de BCS\"}]},{\"@type\":\"WebSite\",\"@id\":\"https:\\\/\\\/nbcs.mx\\\/#website\",\"url\":\"https:\\\/\\\/nbcs.mx\\\/\",\"name\":\"NBCS Noticias\",\"description\":\"Sitio web de noticias en Baja California Sur\",\"publisher\":{\"@id\":\"https:\\\/\\\/nbcs.mx\\\/#organization\"},\"potentialAction\":[{\"@type\":\"SearchAction\",\"target\":{\"@type\":\"EntryPoint\",\"urlTemplate\":\"https:\\\/\\\/nbcs.mx\\\/?s={search_term_string}\"},\"query-input\":{\"@type\":\"PropertyValueSpecification\",\"valueRequired\":true,\"valueName\":\"search_term_string\"}}],\"inLanguage\":\"es\"},{\"@type\":\"Organization\",\"@id\":\"https:\\\/\\\/nbcs.mx\\\/#organization\",\"name\":\"NBCS Noticias\",\"url\":\"https:\\\/\\\/nbcs.mx\\\/\",\"logo\":{\"@type\":\"ImageObject\",\"inLanguage\":\"es\",\"@id\":\"https:\\\/\\\/nbcs.mx\\\/#\\\/schema\\\/logo\\\/image\\\/\",\"url\":\"https:\\\/\\\/nbcs.mx\\\/wp-content\\\/uploads\\\/2018\\\/09\\\/057b69485e93575a5c2b1c1dde2dd297.jpeg\",\"contentUrl\":\"https:\\\/\\\/nbcs.mx\\\/wp-content\\\/uploads\\\/2018\\\/09\\\/057b69485e93575a5c2b1c1dde2dd297.jpeg\",\"width\":64,\"height\":64,\"caption\":\"NBCS Noticias\"},\"image\":{\"@id\":\"https:\\\/\\\/nbcs.mx\\\/#\\\/schema\\\/logo\\\/image\\\/\"},\"sameAs\":[\"https:\\\/\\\/www.facebook.com\\\/NBCSnoticias\",\"https:\\\/\\\/x.com\\\/NBCSnoticias\"]},{\"@type\":\"Person\",\"@id\":\"https:\\\/\\\/nbcs.mx\\\/#\\\/schema\\\/person\\\/ece58bab9a7c1e87a4d28ec9ecd79ff4\",\"name\":\"NBCS Noticias\",\"image\":{\"@type\":\"ImageObject\",\"inLanguage\":\"es\",\"@id\":\"https:\\\/\\\/secure.gravatar.com\\\/avatar\\\/4e52110cad1c4054b43271a0d14bbe9e2ea76aecd0e1097edfc670798d9ca1d4?s=96&d=blank&r=g\",\"url\":\"https:\\\/\\\/secure.gravatar.com\\\/avatar\\\/4e52110cad1c4054b43271a0d14bbe9e2ea76aecd0e1097edfc670798d9ca1d4?s=96&d=blank&r=g\",\"contentUrl\":\"https:\\\/\\\/secure.gravatar.com\\\/avatar\\\/4e52110cad1c4054b43271a0d14bbe9e2ea76aecd0e1097edfc670798d9ca1d4?s=96&d=blank&r=g\",\"caption\":\"NBCS Noticias\"},\"description\":\"\u00bfTienes fotos o video de alg\u00fan acto de posible negligencia, corrupci\u00f3n y abuso de autoridad? M\u00e1ndalo al WhatsApp de NBCS Noticias: 612 141 98 08\",\"sameAs\":[\"https:\\\/\\\/www.nbcs.mx\",\"https:\\\/\\\/www.facebook.com\\\/NBCSnoticias\",\"https:\\\/\\\/www.instagram.com\\\/nbcsnoticias\\\/\",\"https:\\\/\\\/x.com\\\/https:\\\/\\\/twitter.com\\\/NBCSnoticias\"]}]}<\/script>\n<!-- \/ Yoast SEO plugin. -->","yoast_head_json":{"title":"Cicl\u00f3n en formaci\u00f3n al sur de Los Cabos; ingresar\u00eda a tierra por el centro de BCS - NBCS Noticias","robots":{"index":"index","follow":"follow","max-snippet":"max-snippet:-1","max-image-preview":"max-image-preview:large","max-video-preview":"max-video-preview:-1"},"canonical":"https:\/\/nbcs.mx\/?p=154822","og_locale":"es_ES","og_type":"article","og_title":"Cicl\u00f3n en formaci\u00f3n al sur de Los Cabos; ingresar\u00eda a tierra por el centro de BCS - NBCS Noticias","og_description":"Fuertes lluvias y vientos se pronostican para esta semana en Baja California Sur, debido a un cicl\u00f3n tropical que podr\u00eda","og_url":"https:\/\/nbcs.mx\/?p=154822","og_site_name":"NBCS Noticias","article_publisher":"https:\/\/www.facebook.com\/NBCSnoticias","article_author":"https:\/\/www.facebook.com\/NBCSnoticias","article_published_time":"2025-09-02T04:18:54+00:00","og_image":[{"width":1200,"height":666,"url":"https:\/\/nbcs.mx\/wp-content\/uploads\/2025\/09\/Huracan-Olaf.jpg","type":"image\/jpeg"}],"author":"NBCS Noticias","twitter_card":"summary_large_image","twitter_creator":"@https:\/\/twitter.com\/NBCSnoticias","twitter_site":"@NBCSnoticias","twitter_misc":{"Escrito por":"NBCS Noticias","Tiempo de lectura":"2 minutos"},"schema":{"@context":"https:\/\/schema.org","@graph":[{"@type":"Article","@id":"https:\/\/nbcs.mx\/?p=154822#article","isPartOf":{"@id":"https:\/\/nbcs.mx\/?p=154822"},"author":{"name":"NBCS Noticias","@id":"https:\/\/nbcs.mx\/#\/schema\/person\/ece58bab9a7c1e87a4d28ec9ecd79ff4"},"headline":"Cicl\u00f3n en formaci\u00f3n al sur de Los Cabos; ingresar\u00eda a tierra por el centro de BCS","datePublished":"2025-09-02T04:18:54+00:00","mainEntityOfPage":{"@id":"https:\/\/nbcs.mx\/?p=154822"},"wordCount":443,"commentCount":0,"publisher":{"@id":"https:\/\/nbcs.mx\/#organization"},"image":{"@id":"https:\/\/nbcs.mx\/?p=154822#primaryimage"},"thumbnailUrl":"https:\/\/nbcs.mx\/wp-content\/uploads\/2025\/09\/Huracan-Olaf.jpg","articleSection":["Noticias"],"inLanguage":"es","potentialAction":[{"@type":"CommentAction","name":"Comment","target":["https:\/\/nbcs.mx\/?p=154822#respond"]}]},{"@type":"WebPage","@id":"https:\/\/nbcs.mx\/?p=154822","url":"https:\/\/nbcs.mx\/?p=154822","name":"Cicl\u00f3n en formaci\u00f3n al sur de Los Cabos; ingresar\u00eda a tierra por el centro de BCS - NBCS Noticias","isPartOf":{"@id":"https:\/\/nbcs.mx\/#website"},"primaryImageOfPage":{"@id":"https:\/\/nbcs.mx\/?p=154822#primaryimage"},"image":{"@id":"https:\/\/nbcs.mx\/?p=154822#primaryimage"},"thumbnailUrl":"https:\/\/nbcs.mx\/wp-content\/uploads\/2025\/09\/Huracan-Olaf.jpg","datePublished":"2025-09-02T04:18:54+00:00","breadcrumb":{"@id":"https:\/\/nbcs.mx\/?p=154822#breadcrumb"},"inLanguage":"es","potentialAction":[{"@type":"ReadAction","target":["https:\/\/nbcs.mx\/?p=154822"]}]},{"@type":"ImageObject","inLanguage":"es","@id":"https:\/\/nbcs.mx\/?p=154822#primaryimage","url":"https:\/\/nbcs.mx\/wp-content\/uploads\/2025\/09\/Huracan-Olaf.jpg","contentUrl":"https:\/\/nbcs.mx\/wp-content\/uploads\/2025\/09\/Huracan-Olaf.jpg","width":1200,"height":666},{"@type":"BreadcrumbList","@id":"https:\/\/nbcs.mx\/?p=154822#breadcrumb","itemListElement":[{"@type":"ListItem","position":1,"name":"Portada","item":"https:\/\/nbcs.mx\/"},{"@type":"ListItem","position":2,"name":"Cicl\u00f3n en formaci\u00f3n al sur de Los Cabos; ingresar\u00eda a tierra por el centro de BCS"}]},{"@type":"WebSite","@id":"https:\/\/nbcs.mx\/#website","url":"https:\/\/nbcs.mx\/","name":"NBCS Noticias","description":"Sitio web de noticias en Baja California Sur","publisher":{"@id":"https:\/\/nbcs.mx\/#organization"},"potentialAction":[{"@type":"SearchAction","target":{"@type":"EntryPoint","urlTemplate":"https:\/\/nbcs.mx\/?s={search_term_string}"},"query-input":{"@type":"PropertyValueSpecification","valueRequired":true,"valueName":"search_term_string"}}],"inLanguage":"es"},{"@type":"Organization","@id":"https:\/\/nbcs.mx\/#organization","name":"NBCS Noticias","url":"https:\/\/nbcs.mx\/","logo":{"@type":"ImageObject","inLanguage":"es","@id":"https:\/\/nbcs.mx\/#\/schema\/logo\/image\/","url":"https:\/\/nbcs.mx\/wp-content\/uploads\/2018\/09\/057b69485e93575a5c2b1c1dde2dd297.jpeg","contentUrl":"https:\/\/nbcs.mx\/wp-content\/uploads\/2018\/09\/057b69485e93575a5c2b1c1dde2dd297.jpeg","width":64,"height":64,"caption":"NBCS Noticias"},"image":{"@id":"https:\/\/nbcs.mx\/#\/schema\/logo\/image\/"},"sameAs":["https:\/\/www.facebook.com\/NBCSnoticias","https:\/\/x.com\/NBCSnoticias"]},{"@type":"Person","@id":"https:\/\/nbcs.mx\/#\/schema\/person\/ece58bab9a7c1e87a4d28ec9ecd79ff4","name":"NBCS Noticias","image":{"@type":"ImageObject","inLanguage":"es","@id":"https:\/\/secure.gravatar.com\/avatar\/4e52110cad1c4054b43271a0d14bbe9e2ea76aecd0e1097edfc670798d9ca1d4?s=96&d=blank&r=g","url":"https:\/\/secure.gravatar.com\/avatar\/4e52110cad1c4054b43271a0d14bbe9e2ea76aecd0e1097edfc670798d9ca1d4?s=96&d=blank&r=g","contentUrl":"https:\/\/secure.gravatar.com\/avatar\/4e52110cad1c4054b43271a0d14bbe9e2ea76aecd0e1097edfc670798d9ca1d4?s=96&d=blank&r=g","caption":"NBCS Noticias"},"description":"\u00bfTienes fotos o video de alg\u00fan acto de posible negligencia, corrupci\u00f3n y abuso de autoridad? M\u00e1ndalo al WhatsApp de NBCS Noticias: 612 141 98 08","sameAs":["https:\/\/www.nbcs.mx","https:\/\/www.facebook.com\/NBCSnoticias","https:\/\/www.instagram.com\/nbcsnoticias\/","https:\/\/x.com\/https:\/\/twitter.com\/NBCSnoticias"]}]}},"jetpack_publicize_connections":[],"jetpack_featured_media_url":"https:\/\/nbcs.mx\/wp-content\/uploads\/2025\/09\/Huracan-Olaf.jpg","jetpack_sharing_enabled":true,"_links":{"self":[{"href":"https:\/\/nbcs.mx\/index.php?rest_route=\/wp\/v2\/posts\/154822","targetHints":{"allow":["GET"]}}],"collection":[{"href":"https:\/\/nbcs.mx\/index.php?rest_route=\/wp\/v2\/posts"}],"about":[{"href":"https:\/\/nbcs.mx\/index.php?rest_route=\/wp\/v2\/types\/post"}],"author":[{"embeddable":true,"href":"https:\/\/nbcs.mx\/index.php?rest_route=\/wp\/v2\/users\/1"}],"replies":[{"embeddable":true,"href":"https:\/\/nbcs.mx\/index.php?rest_route=%2Fwp%2Fv2%2Fcomments&post=154822"}],"version-history":[{"count":1,"href":"https:\/\/nbcs.mx\/index.php?rest_route=\/wp\/v2\/posts\/154822\/revisions"}],"predecessor-version":[{"id":154824,"href":"https:\/\/nbcs.mx\/index.php?rest_route=\/wp\/v2\/posts\/154822\/revisions\/154824"}],"wp:featuredmedia":[{"embeddable":true,"href":"https:\/\/nbcs.mx\/index.php?rest_route=\/wp\/v2\/media\/154823"}],"wp:attachment":[{"href":"https:\/\/nbcs.mx\/index.php?rest_route=%2Fwp%2Fv2%2Fmedia&parent=154822"}],"wp:term":[{"taxonomy":"category","embeddable":true,"href":"https:\/\/nbcs.mx\/index.php?rest_route=%2Fwp%2Fv2%2Fcategories&post=154822"},{"taxonomy":"post_tag","embeddable":true,"href":"https:\/\/nbcs.mx\/index.php?rest_route=%2Fwp%2Fv2%2Ftags&post=154822"}],"curies":[{"name":"wp","href":"https:\/\/api.w.org\/{rel}","templated":true}]}}