{"id":155126,"date":"2025-09-09T12:17:20","date_gmt":"2025-09-09T18:17:20","guid":{"rendered":"https:\/\/nbcs.mx\/?p=155126"},"modified":"2025-09-09T12:17:20","modified_gmt":"2025-09-09T18:17:20","slug":"sesiona-subcomite-sectorial-de-desarrollo-social-y-energia-estatal","status":"publish","type":"post","link":"https:\/\/nbcs.mx\/?p=155126","title":{"rendered":"Sesiona Subcomit\u00e9 Sectorial de Desarrollo Social y Energ\u00eda Estatal"},"content":{"rendered":"<div>\n<p class=\"Predeterminado\" style=\"text-align: justify;\"><span lang=\"ES-TRAD\"><img loading=\"lazy\" decoding=\"async\" class=\" wp-image-155127 alignleft\" src=\"https:\/\/nbcs.mx\/wp-content\/uploads\/2025\/09\/FOTO-BOLETIN-STByDS-SESIONA-738x492.png\" alt=\"\" width=\"381\" height=\"254\" srcset=\"https:\/\/nbcs.mx\/wp-content\/uploads\/2025\/09\/FOTO-BOLETIN-STByDS-SESIONA-738x492.png 738w, https:\/\/nbcs.mx\/wp-content\/uploads\/2025\/09\/FOTO-BOLETIN-STByDS-SESIONA-1024x682.png 1024w, https:\/\/nbcs.mx\/wp-content\/uploads\/2025\/09\/FOTO-BOLETIN-STByDS-SESIONA-150x100.png 150w, https:\/\/nbcs.mx\/wp-content\/uploads\/2025\/09\/FOTO-BOLETIN-STByDS-SESIONA-768x512.png 768w, https:\/\/nbcs.mx\/wp-content\/uploads\/2025\/09\/FOTO-BOLETIN-STByDS-SESIONA-1536x1024.png 1536w, https:\/\/nbcs.mx\/wp-content\/uploads\/2025\/09\/FOTO-BOLETIN-STByDS-SESIONA.png 1700w\" sizes=\"auto, (max-width: 381px) 100vw, 381px\" \/>Con el objetivo de conformar los trabajos que se incluir\u00e1n en el cuarto Informe de Gobierno, se realiz\u00f3 una reuni\u00f3n ordinaria del Subcomit\u00e9 Sectorial de Desarrollo Social y Energ\u00eda, donde se validaron las l\u00edneas de acci\u00f3n del Eje I, Bienestar e Inclusi\u00f3n, del Plan Estatal de Desarrollo (PED).<\/span><\/p>\n<\/div>\n<div style=\"text-align: justify;\">\n<p class=\"Predeterminado\"><span lang=\"ES-TRAD\">El encuentro fue encabezado por el Subsecretario de Bienestar de la Secretar\u00eda del Trabajo, Bienestar y Desarrollo Social (STByDS) y Coordinador del Subcomit\u00e9, Juan Enrique Ramos R\u00edos, acompa\u00f1ado del director del Comit\u00e9 de Planeaci\u00f3n para el Desarrollo del Estado (COPLADE), Jes\u00fas Javier Jim\u00e9nez Izabal, quien expuso los lineamientos de la convocatoria y destac\u00f3 la importancia de brindar seguimiento a los compromisos establecidos en dicho rubro.<\/span><\/p>\n<\/div>\n<div style=\"text-align: justify;\">\n<p class=\"Predeterminado\"><span lang=\"ES-TRAD\">Entre los temas abordados se incluy\u00f3 la distribuci\u00f3n de los recursos del Fondo de Aportaciones para la Infraestructura Social Municipal (FAISMUN) 2025 para los cinco municipios, as\u00ed como la aprobaci\u00f3n de acciones en materia de desarrollo social y humano, eventos de difusi\u00f3n, capacitaciones, bazares comunitarios, censos, jornadas de limpieza y mantenimiento de \u00e1reas p\u00fablicas.<\/span><\/p>\n<\/div>\n<div style=\"text-align: justify;\">\n<p class=\"Predeterminado\"><span lang=\"ES-TRAD\">De igual manera, expusieron avances en materia de electrificaci\u00f3n de colonias y comunidades, donde se han llevado a cabo obras de energ\u00eda convencional y no convencional, beneficiando a las familias sudcalifornianas.<\/span><\/p>\n<\/div>\n<div>\n<p class=\"Predeterminado\" style=\"text-align: justify;\"><span lang=\"ES-TRAD\">Dicho encuentro reuni\u00f3 a representantes de las dependencias federales, estatales y municipales, quienes refrendaron su disposici\u00f3n para trabajar de manera coordinada en beneficio del bienestar y la inclusi\u00f3n social en Baja California Sur.<\/span><\/p>\n<\/div>\n","protected":false},"excerpt":{"rendered":"<p>Con el objetivo de conformar los trabajos que se incluir\u00e1n en el cuarto Informe de Gobierno, se realiz\u00f3 una reuni\u00f3n<\/p>\n","protected":false},"author":1,"featured_media":155127,"comment_status":"open","ping_status":"closed","sticky":false,"template":"","format":"standard","meta":{"colormag_page_container_layout":"default_layout","colormag_page_sidebar_layout":"default_layout","_jetpack_newsletter_access":"","_jetpack_dont_email_post_to_subs":false,"_jetpack_newsletter_tier_id":0,"_jetpack_memberships_contains_paywalled_content":false,"_jetpack_feature_clip_id":0,"_jetpack_memberships_contains_paid_content":false,"footnotes":"","jetpack_publicize_message":"","jetpack_publicize_feature_enabled":true,"jetpack_social_post_already_shared":true,"jetpack_social_options":{"image_generator_settings":{"template":"highway","default_image_id":0,"font":"","enabled":false},"version":2},"jetpack_post_was_ever_published":false},"categories":[1],"tags":[],"class_list":["post-155126","post","type-post","status-publish","format-standard","has-post-thumbnail","hentry","category-noticias"],"yoast_head":"<!-- This site is optimized with the Yoast SEO plugin v28.4 - https:\/\/yoast.com\/product\/yoast-seo-wordpress\/ -->\n<title>Sesiona Subcomit\u00e9 Sectorial de Desarrollo Social y Energ\u00eda Estatal - NBCS Noticias<\/title>\n<meta name=\"robots\" content=\"index, follow, max-snippet:-1, max-image-preview:large, max-video-preview:-1\" \/>\n<link rel=\"canonical\" href=\"https:\/\/nbcs.mx\/?p=155126\" \/>\n<meta property=\"og:locale\" content=\"es_ES\" \/>\n<meta property=\"og:type\" content=\"article\" \/>\n<meta property=\"og:title\" content=\"Sesiona Subcomit\u00e9 Sectorial de Desarrollo Social y Energ\u00eda Estatal - NBCS Noticias\" \/>\n<meta property=\"og:description\" content=\"Con el objetivo de conformar los trabajos que se incluir\u00e1n en el cuarto Informe de Gobierno, se realiz\u00f3 una reuni\u00f3n\" \/>\n<meta property=\"og:url\" content=\"https:\/\/nbcs.mx\/?p=155126\" \/>\n<meta property=\"og:site_name\" content=\"NBCS Noticias\" \/>\n<meta property=\"article:publisher\" content=\"https:\/\/www.facebook.com\/NBCSnoticias\" \/>\n<meta property=\"article:author\" content=\"https:\/\/www.facebook.com\/NBCSnoticias\" \/>\n<meta property=\"article:published_time\" content=\"2025-09-09T18:17:20+00:00\" \/>\n<meta property=\"og:image\" content=\"https:\/\/nbcs.mx\/wp-content\/uploads\/2025\/09\/FOTO-BOLETIN-STByDS-SESIONA.png\" \/>\n\t<meta property=\"og:image:width\" content=\"1700\" \/>\n\t<meta property=\"og:image:height\" content=\"1133\" \/>\n\t<meta property=\"og:image:type\" content=\"image\/png\" \/>\n<meta name=\"author\" content=\"NBCS Noticias\" \/>\n<meta name=\"twitter:card\" content=\"summary_large_image\" \/>\n<meta name=\"twitter:creator\" content=\"@https:\/\/twitter.com\/NBCSnoticias\" \/>\n<meta name=\"twitter:site\" content=\"@NBCSnoticias\" \/>\n<meta name=\"twitter:label1\" content=\"Escrito por\" \/>\n\t<meta name=\"twitter:data1\" content=\"NBCS Noticias\" \/>\n\t<meta name=\"twitter:label2\" content=\"Tiempo de lectura\" \/>\n\t<meta name=\"twitter:data2\" content=\"2 minutos\" \/>\n<script type=\"application\/ld+json\" class=\"yoast-schema-graph\">{\"@context\":\"https:\\\/\\\/schema.org\",\"@graph\":[{\"@type\":\"Article\",\"@id\":\"https:\\\/\\\/nbcs.mx\\\/?p=155126#article\",\"isPartOf\":{\"@id\":\"https:\\\/\\\/nbcs.mx\\\/?p=155126\"},\"author\":{\"name\":\"NBCS Noticias\",\"@id\":\"https:\\\/\\\/nbcs.mx\\\/#\\\/schema\\\/person\\\/ece58bab9a7c1e87a4d28ec9ecd79ff4\"},\"headline\":\"Sesiona Subcomit\u00e9 Sectorial de Desarrollo Social y Energ\u00eda Estatal\",\"datePublished\":\"2025-09-09T18:17:20+00:00\",\"mainEntityOfPage\":{\"@id\":\"https:\\\/\\\/nbcs.mx\\\/?p=155126\"},\"wordCount\":260,\"commentCount\":0,\"publisher\":{\"@id\":\"https:\\\/\\\/nbcs.mx\\\/#organization\"},\"image\":{\"@id\":\"https:\\\/\\\/nbcs.mx\\\/?p=155126#primaryimage\"},\"thumbnailUrl\":\"https:\\\/\\\/nbcs.mx\\\/wp-content\\\/uploads\\\/2025\\\/09\\\/FOTO-BOLETIN-STByDS-SESIONA.png\",\"articleSection\":[\"Noticias\"],\"inLanguage\":\"es\",\"potentialAction\":[{\"@type\":\"CommentAction\",\"name\":\"Comment\",\"target\":[\"https:\\\/\\\/nbcs.mx\\\/?p=155126#respond\"]}]},{\"@type\":\"WebPage\",\"@id\":\"https:\\\/\\\/nbcs.mx\\\/?p=155126\",\"url\":\"https:\\\/\\\/nbcs.mx\\\/?p=155126\",\"name\":\"Sesiona Subcomit\u00e9 Sectorial de Desarrollo Social y Energ\u00eda Estatal - NBCS Noticias\",\"isPartOf\":{\"@id\":\"https:\\\/\\\/nbcs.mx\\\/#website\"},\"primaryImageOfPage\":{\"@id\":\"https:\\\/\\\/nbcs.mx\\\/?p=155126#primaryimage\"},\"image\":{\"@id\":\"https:\\\/\\\/nbcs.mx\\\/?p=155126#primaryimage\"},\"thumbnailUrl\":\"https:\\\/\\\/nbcs.mx\\\/wp-content\\\/uploads\\\/2025\\\/09\\\/FOTO-BOLETIN-STByDS-SESIONA.png\",\"datePublished\":\"2025-09-09T18:17:20+00:00\",\"breadcrumb\":{\"@id\":\"https:\\\/\\\/nbcs.mx\\\/?p=155126#breadcrumb\"},\"inLanguage\":\"es\",\"potentialAction\":[{\"@type\":\"ReadAction\",\"target\":[\"https:\\\/\\\/nbcs.mx\\\/?p=155126\"]}]},{\"@type\":\"ImageObject\",\"inLanguage\":\"es\",\"@id\":\"https:\\\/\\\/nbcs.mx\\\/?p=155126#primaryimage\",\"url\":\"https:\\\/\\\/nbcs.mx\\\/wp-content\\\/uploads\\\/2025\\\/09\\\/FOTO-BOLETIN-STByDS-SESIONA.png\",\"contentUrl\":\"https:\\\/\\\/nbcs.mx\\\/wp-content\\\/uploads\\\/2025\\\/09\\\/FOTO-BOLETIN-STByDS-SESIONA.png\",\"width\":1700,\"height\":1133},{\"@type\":\"BreadcrumbList\",\"@id\":\"https:\\\/\\\/nbcs.mx\\\/?p=155126#breadcrumb\",\"itemListElement\":[{\"@type\":\"ListItem\",\"position\":1,\"name\":\"Portada\",\"item\":\"https:\\\/\\\/nbcs.mx\\\/\"},{\"@type\":\"ListItem\",\"position\":2,\"name\":\"Sesiona Subcomit\u00e9 Sectorial de Desarrollo Social y Energ\u00eda Estatal\"}]},{\"@type\":\"WebSite\",\"@id\":\"https:\\\/\\\/nbcs.mx\\\/#website\",\"url\":\"https:\\\/\\\/nbcs.mx\\\/\",\"name\":\"NBCS Noticias\",\"description\":\"Sitio web de noticias en Baja California Sur\",\"publisher\":{\"@id\":\"https:\\\/\\\/nbcs.mx\\\/#organization\"},\"potentialAction\":[{\"@type\":\"SearchAction\",\"target\":{\"@type\":\"EntryPoint\",\"urlTemplate\":\"https:\\\/\\\/nbcs.mx\\\/?s={search_term_string}\"},\"query-input\":{\"@type\":\"PropertyValueSpecification\",\"valueRequired\":true,\"valueName\":\"search_term_string\"}}],\"inLanguage\":\"es\"},{\"@type\":\"Organization\",\"@id\":\"https:\\\/\\\/nbcs.mx\\\/#organization\",\"name\":\"NBCS Noticias\",\"url\":\"https:\\\/\\\/nbcs.mx\\\/\",\"logo\":{\"@type\":\"ImageObject\",\"inLanguage\":\"es\",\"@id\":\"https:\\\/\\\/nbcs.mx\\\/#\\\/schema\\\/logo\\\/image\\\/\",\"url\":\"https:\\\/\\\/nbcs.mx\\\/wp-content\\\/uploads\\\/2018\\\/09\\\/057b69485e93575a5c2b1c1dde2dd297.jpeg\",\"contentUrl\":\"https:\\\/\\\/nbcs.mx\\\/wp-content\\\/uploads\\\/2018\\\/09\\\/057b69485e93575a5c2b1c1dde2dd297.jpeg\",\"width\":64,\"height\":64,\"caption\":\"NBCS Noticias\"},\"image\":{\"@id\":\"https:\\\/\\\/nbcs.mx\\\/#\\\/schema\\\/logo\\\/image\\\/\"},\"sameAs\":[\"https:\\\/\\\/www.facebook.com\\\/NBCSnoticias\",\"https:\\\/\\\/x.com\\\/NBCSnoticias\"]},{\"@type\":\"Person\",\"@id\":\"https:\\\/\\\/nbcs.mx\\\/#\\\/schema\\\/person\\\/ece58bab9a7c1e87a4d28ec9ecd79ff4\",\"name\":\"NBCS Noticias\",\"image\":{\"@type\":\"ImageObject\",\"inLanguage\":\"es\",\"@id\":\"https:\\\/\\\/secure.gravatar.com\\\/avatar\\\/4e52110cad1c4054b43271a0d14bbe9e2ea76aecd0e1097edfc670798d9ca1d4?s=96&d=blank&r=g\",\"url\":\"https:\\\/\\\/secure.gravatar.com\\\/avatar\\\/4e52110cad1c4054b43271a0d14bbe9e2ea76aecd0e1097edfc670798d9ca1d4?s=96&d=blank&r=g\",\"contentUrl\":\"https:\\\/\\\/secure.gravatar.com\\\/avatar\\\/4e52110cad1c4054b43271a0d14bbe9e2ea76aecd0e1097edfc670798d9ca1d4?s=96&d=blank&r=g\",\"caption\":\"NBCS Noticias\"},\"description\":\"\u00bfTienes fotos o video de alg\u00fan acto de posible negligencia, corrupci\u00f3n y abuso de autoridad? M\u00e1ndalo al WhatsApp de NBCS Noticias: 612 141 98 08\",\"sameAs\":[\"https:\\\/\\\/www.nbcs.mx\",\"https:\\\/\\\/www.facebook.com\\\/NBCSnoticias\",\"https:\\\/\\\/www.instagram.com\\\/nbcsnoticias\\\/\",\"https:\\\/\\\/x.com\\\/https:\\\/\\\/twitter.com\\\/NBCSnoticias\"]}]}<\/script>\n<!-- \/ Yoast SEO plugin. -->","yoast_head_json":{"title":"Sesiona Subcomit\u00e9 Sectorial de Desarrollo Social y Energ\u00eda Estatal - NBCS Noticias","robots":{"index":"index","follow":"follow","max-snippet":"max-snippet:-1","max-image-preview":"max-image-preview:large","max-video-preview":"max-video-preview:-1"},"canonical":"https:\/\/nbcs.mx\/?p=155126","og_locale":"es_ES","og_type":"article","og_title":"Sesiona Subcomit\u00e9 Sectorial de Desarrollo Social y Energ\u00eda Estatal - NBCS Noticias","og_description":"Con el objetivo de conformar los trabajos que se incluir\u00e1n en el cuarto Informe de Gobierno, se realiz\u00f3 una reuni\u00f3n","og_url":"https:\/\/nbcs.mx\/?p=155126","og_site_name":"NBCS Noticias","article_publisher":"https:\/\/www.facebook.com\/NBCSnoticias","article_author":"https:\/\/www.facebook.com\/NBCSnoticias","article_published_time":"2025-09-09T18:17:20+00:00","og_image":[{"width":1700,"height":1133,"url":"https:\/\/nbcs.mx\/wp-content\/uploads\/2025\/09\/FOTO-BOLETIN-STByDS-SESIONA.png","type":"image\/png"}],"author":"NBCS Noticias","twitter_card":"summary_large_image","twitter_creator":"@https:\/\/twitter.com\/NBCSnoticias","twitter_site":"@NBCSnoticias","twitter_misc":{"Escrito por":"NBCS Noticias","Tiempo de lectura":"2 minutos"},"schema":{"@context":"https:\/\/schema.org","@graph":[{"@type":"Article","@id":"https:\/\/nbcs.mx\/?p=155126#article","isPartOf":{"@id":"https:\/\/nbcs.mx\/?p=155126"},"author":{"name":"NBCS Noticias","@id":"https:\/\/nbcs.mx\/#\/schema\/person\/ece58bab9a7c1e87a4d28ec9ecd79ff4"},"headline":"Sesiona Subcomit\u00e9 Sectorial de Desarrollo Social y Energ\u00eda Estatal","datePublished":"2025-09-09T18:17:20+00:00","mainEntityOfPage":{"@id":"https:\/\/nbcs.mx\/?p=155126"},"wordCount":260,"commentCount":0,"publisher":{"@id":"https:\/\/nbcs.mx\/#organization"},"image":{"@id":"https:\/\/nbcs.mx\/?p=155126#primaryimage"},"thumbnailUrl":"https:\/\/nbcs.mx\/wp-content\/uploads\/2025\/09\/FOTO-BOLETIN-STByDS-SESIONA.png","articleSection":["Noticias"],"inLanguage":"es","potentialAction":[{"@type":"CommentAction","name":"Comment","target":["https:\/\/nbcs.mx\/?p=155126#respond"]}]},{"@type":"WebPage","@id":"https:\/\/nbcs.mx\/?p=155126","url":"https:\/\/nbcs.mx\/?p=155126","name":"Sesiona Subcomit\u00e9 Sectorial de Desarrollo Social y Energ\u00eda Estatal - NBCS Noticias","isPartOf":{"@id":"https:\/\/nbcs.mx\/#website"},"primaryImageOfPage":{"@id":"https:\/\/nbcs.mx\/?p=155126#primaryimage"},"image":{"@id":"https:\/\/nbcs.mx\/?p=155126#primaryimage"},"thumbnailUrl":"https:\/\/nbcs.mx\/wp-content\/uploads\/2025\/09\/FOTO-BOLETIN-STByDS-SESIONA.png","datePublished":"2025-09-09T18:17:20+00:00","breadcrumb":{"@id":"https:\/\/nbcs.mx\/?p=155126#breadcrumb"},"inLanguage":"es","potentialAction":[{"@type":"ReadAction","target":["https:\/\/nbcs.mx\/?p=155126"]}]},{"@type":"ImageObject","inLanguage":"es","@id":"https:\/\/nbcs.mx\/?p=155126#primaryimage","url":"https:\/\/nbcs.mx\/wp-content\/uploads\/2025\/09\/FOTO-BOLETIN-STByDS-SESIONA.png","contentUrl":"https:\/\/nbcs.mx\/wp-content\/uploads\/2025\/09\/FOTO-BOLETIN-STByDS-SESIONA.png","width":1700,"height":1133},{"@type":"BreadcrumbList","@id":"https:\/\/nbcs.mx\/?p=155126#breadcrumb","itemListElement":[{"@type":"ListItem","position":1,"name":"Portada","item":"https:\/\/nbcs.mx\/"},{"@type":"ListItem","position":2,"name":"Sesiona Subcomit\u00e9 Sectorial de Desarrollo Social y Energ\u00eda Estatal"}]},{"@type":"WebSite","@id":"https:\/\/nbcs.mx\/#website","url":"https:\/\/nbcs.mx\/","name":"NBCS Noticias","description":"Sitio web de noticias en Baja California Sur","publisher":{"@id":"https:\/\/nbcs.mx\/#organization"},"potentialAction":[{"@type":"SearchAction","target":{"@type":"EntryPoint","urlTemplate":"https:\/\/nbcs.mx\/?s={search_term_string}"},"query-input":{"@type":"PropertyValueSpecification","valueRequired":true,"valueName":"search_term_string"}}],"inLanguage":"es"},{"@type":"Organization","@id":"https:\/\/nbcs.mx\/#organization","name":"NBCS Noticias","url":"https:\/\/nbcs.mx\/","logo":{"@type":"ImageObject","inLanguage":"es","@id":"https:\/\/nbcs.mx\/#\/schema\/logo\/image\/","url":"https:\/\/nbcs.mx\/wp-content\/uploads\/2018\/09\/057b69485e93575a5c2b1c1dde2dd297.jpeg","contentUrl":"https:\/\/nbcs.mx\/wp-content\/uploads\/2018\/09\/057b69485e93575a5c2b1c1dde2dd297.jpeg","width":64,"height":64,"caption":"NBCS Noticias"},"image":{"@id":"https:\/\/nbcs.mx\/#\/schema\/logo\/image\/"},"sameAs":["https:\/\/www.facebook.com\/NBCSnoticias","https:\/\/x.com\/NBCSnoticias"]},{"@type":"Person","@id":"https:\/\/nbcs.mx\/#\/schema\/person\/ece58bab9a7c1e87a4d28ec9ecd79ff4","name":"NBCS Noticias","image":{"@type":"ImageObject","inLanguage":"es","@id":"https:\/\/secure.gravatar.com\/avatar\/4e52110cad1c4054b43271a0d14bbe9e2ea76aecd0e1097edfc670798d9ca1d4?s=96&d=blank&r=g","url":"https:\/\/secure.gravatar.com\/avatar\/4e52110cad1c4054b43271a0d14bbe9e2ea76aecd0e1097edfc670798d9ca1d4?s=96&d=blank&r=g","contentUrl":"https:\/\/secure.gravatar.com\/avatar\/4e52110cad1c4054b43271a0d14bbe9e2ea76aecd0e1097edfc670798d9ca1d4?s=96&d=blank&r=g","caption":"NBCS Noticias"},"description":"\u00bfTienes fotos o video de alg\u00fan acto de posible negligencia, corrupci\u00f3n y abuso de autoridad? M\u00e1ndalo al WhatsApp de NBCS Noticias: 612 141 98 08","sameAs":["https:\/\/www.nbcs.mx","https:\/\/www.facebook.com\/NBCSnoticias","https:\/\/www.instagram.com\/nbcsnoticias\/","https:\/\/x.com\/https:\/\/twitter.com\/NBCSnoticias"]}]}},"jetpack_publicize_connections":[],"jetpack_sharing_enabled":true,"jetpack_featured_media_url":"https:\/\/nbcs.mx\/wp-content\/uploads\/2025\/09\/FOTO-BOLETIN-STByDS-SESIONA.png","_links":{"self":[{"href":"https:\/\/nbcs.mx\/index.php?rest_route=\/wp\/v2\/posts\/155126","targetHints":{"allow":["GET"]}}],"collection":[{"href":"https:\/\/nbcs.mx\/index.php?rest_route=\/wp\/v2\/posts"}],"about":[{"href":"https:\/\/nbcs.mx\/index.php?rest_route=\/wp\/v2\/types\/post"}],"author":[{"embeddable":true,"href":"https:\/\/nbcs.mx\/index.php?rest_route=\/wp\/v2\/users\/1"}],"replies":[{"embeddable":true,"href":"https:\/\/nbcs.mx\/index.php?rest_route=%2Fwp%2Fv2%2Fcomments&post=155126"}],"version-history":[{"count":1,"href":"https:\/\/nbcs.mx\/index.php?rest_route=\/wp\/v2\/posts\/155126\/revisions"}],"predecessor-version":[{"id":155128,"href":"https:\/\/nbcs.mx\/index.php?rest_route=\/wp\/v2\/posts\/155126\/revisions\/155128"}],"wp:featuredmedia":[{"embeddable":true,"href":"https:\/\/nbcs.mx\/index.php?rest_route=\/wp\/v2\/media\/155127"}],"wp:attachment":[{"href":"https:\/\/nbcs.mx\/index.php?rest_route=%2Fwp%2Fv2%2Fmedia&parent=155126"}],"wp:term":[{"taxonomy":"category","embeddable":true,"href":"https:\/\/nbcs.mx\/index.php?rest_route=%2Fwp%2Fv2%2Fcategories&post=155126"},{"taxonomy":"post_tag","embeddable":true,"href":"https:\/\/nbcs.mx\/index.php?rest_route=%2Fwp%2Fv2%2Ftags&post=155126"}],"curies":[{"name":"wp","href":"https:\/\/api.w.org\/{rel}","templated":true}]}}